{"id":18915,"date":"2000-04-08T12:51:20","date_gmt":"2000-04-08T12:51:20","guid":{"rendered":"https:\/\/www.rmcr.org\/?p=18915"},"modified":"2023-10-31T12:52:43","modified_gmt":"2023-10-31T12:52:43","slug":"curso-de-verano-de-equitacion-para-ninos","status":"publish","type":"post","link":"https:\/\/www.rmcr.org\/en\/2000\/04\/08\/curso-de-verano-de-equitacion-para-ninos\/","title":{"rendered":"Curso de Verano de Equitaci\u00f3n para Ni\u00f1os"},"content":{"rendered":"\t\t<div data-elementor-type=\"wp-post\" data-elementor-id=\"18915\" class=\"elementor elementor-18915\" data-elementor-post-type=\"post\">\n\t\t\t\t\t\t<section class=\"elementor-section elementor-top-section elementor-element elementor-element-8198abe elementor-section-boxed elementor-section-height-default elementor-section-height-default\" data-id=\"8198abe\" data-element_type=\"section\" data-e-type=\"section\">\n\t\t\t\t\t\t<div class=\"elementor-container elementor-column-gap-default\">\n\t\t\t\t\t<div class=\"elementor-column elementor-col-100 elementor-top-column elementor-element elementor-element-46e9420\" data-id=\"46e9420\" data-element_type=\"column\" data-e-type=\"column\">\n\t\t\t<div class=\"elementor-widget-wrap elementor-element-populated\">\n\t\t\t\t\t\t<div class=\"elementor-element elementor-element-0ccb110 elementor-widget elementor-widget-text-editor\" data-id=\"0ccb110\" data-element_type=\"widget\" data-e-type=\"widget\" data-widget_type=\"text-editor.default\">\n\t\t\t\t<div class=\"elementor-widget-container\">\n\t\t\t\t\t\t\t\t\t<p>Se ofrecen dos programas, dependiendo del nivel de equitaci\u00f3n: El programa I, dirigido a ni\u00f1os con edades comprendidas entre los 8 a 18 a\u00f1os, con niveles de iniciaci\u00f3n y avanzado. El programas II, dirigido a j\u00f3venes entre 12 y 18 a\u00f1os, con nivel de perfeccionamiento.<\/p><p>En ambos programas, se adquieren conocimientos de higiene, cuidado, mantenimiento del caballo, as\u00ed como did\u00e1ctica y pr\u00e1ctica de la equitaci\u00f3n.<\/p><p>El curso se desarrolla en las instalaciones que la Real Maestranza tiene en la ciudad de Ronda (\u201cPlaza de Toros y Ba\u00f1os \u00c1rabes\u201d)<\/p><p>El horario ser\u00e1 de lunes a viernes de 9.30-13.30 h.<\/p><div id=\"ir-ext-ui\" style=\"color: #000000; font-size: 16px; line-height: 16px; background-color: #f7f7f7; border: 1px solid #999999; border-radius: 1px; top: 1px; right: 1px;\"><div class=\"ir-ext-dimensions\"><span class=\"ir-ext-rendered\" title=\"Rendered image dimensions (after any scaling\/resizing has been applied)\"> x <\/span> <span class=\"ir-ext-natural\" title=\"Natural image dimensions (without applying any scaling\/resizing)\"> (x) <\/span><\/div><div class=\"ir-ext-filesize\">\u00a0<\/div><\/div><div id=\"simple-translate\" class=\"simple-translate-system-theme\"><div><div class=\"simple-translate-button isShow\" style=\"background-image: url('moz-extension:\/\/8a6f8b51-71c4-4cf5-a5a5-efe2679f86c3\/icons\/512.png'); height: 22px; width: 22px; top: 5px; left: -98px;\">\u00a0<\/div><div class=\"simple-translate-panel \" style=\"width: 300px; height: 200px; top: 0px; left: 0px; font-size: 13px;\"><div class=\"simple-translate-result-wrapper\" style=\"overflow: hidden;\"><div class=\"simple-translate-move\" draggable=\"true\">\u00a0<\/div><div class=\"simple-translate-result-contents\"><p class=\"simple-translate-result\" dir=\"auto\">\u00a0<\/p><p class=\"simple-translate-candidate\" dir=\"auto\">\u00a0<\/p><\/div><\/div><\/div><\/div><\/div>\t\t\t\t\t\t\t\t<\/div>\n\t\t\t\t<\/div>\n\t\t\t\t\t<\/div>\n\t\t<\/div>\n\t\t\t\t\t<\/div>\n\t\t<\/section>\n\t\t\t\t<section class=\"elementor-section elementor-top-section elementor-element elementor-element-22560b1 elementor-section-boxed elementor-section-height-default elementor-section-height-default\" data-id=\"22560b1\" data-element_type=\"section\" data-e-type=\"section\">\n\t\t\t\t\t\t<div class=\"elementor-container elementor-column-gap-default\">\n\t\t\t\t\t<div class=\"elementor-column elementor-col-100 elementor-top-column elementor-element elementor-element-2015eeb\" data-id=\"2015eeb\" data-element_type=\"column\" data-e-type=\"column\">\n\t\t\t<div class=\"elementor-widget-wrap elementor-element-populated\">\n\t\t\t\t\t\t<div class=\"elementor-element elementor-element-b0ae96b elementor-widget elementor-widget-image\" data-id=\"b0ae96b\" data-element_type=\"widget\" data-e-type=\"widget\" data-widget_type=\"image.default\">\n\t\t\t\t<div class=\"elementor-widget-container\">\n\t\t\t\t\t\t\t\t\t\t\t\t\t\t\t<img fetchpriority=\"high\" decoding=\"async\" width=\"350\" height=\"208\" src=\"https:\/\/www.rmcr.org\/wp-content\/uploads\/2023\/10\/curso-verano-equitacion-ninos.png\" class=\"attachment-large size-large wp-image-18917\" alt=\"Curso de Verano de Equitaci\u00f3n para Ni\u00f1os\" srcset=\"https:\/\/www.rmcr.org\/wp-content\/uploads\/2023\/10\/curso-verano-equitacion-ninos.png 350w, https:\/\/www.rmcr.org\/wp-content\/uploads\/2023\/10\/curso-verano-equitacion-ninos-300x178.png 300w\" sizes=\"(max-width: 350px) 100vw, 350px\" \/>\t\t\t\t\t\t\t\t\t\t\t\t\t\t\t<\/div>\n\t\t\t\t<\/div>\n\t\t\t\t\t<\/div>\n\t\t<\/div>\n\t\t\t\t\t<\/div>\n\t\t<\/section>\n\t\t\t\t<\/div>\n\t\t","protected":false},"excerpt":{"rendered":"<p>La Real Maestranza de Caballer\u00eda de Ronda convoca un Curso de Equitaci\u00f3n para el mes de julio, dirigido a ni\u00f1os en edad escolar que quieran iniciar o perfeccionar sus conocimientos y pr\u00e1ctica en este deporte. <\/p>\n","protected":false},"author":4,"featured_media":18916,"comment_status":"open","ping_status":"open","sticky":false,"template":"","format":"standard","meta":{"footnotes":""},"categories":[56],"tags":[653,96,654],"class_list":["post-18915","post","type-post","status-publish","format-standard","has-post-thumbnail","hentry","category-escuela-de-equitacion","tag-curso-verano","tag-equitacion","tag-ninos"],"yoast_head":"<!-- This site is optimized with the Yoast SEO plugin v27.5 - https:\/\/yoast.com\/product\/yoast-seo-wordpress\/ -->\n<title>Curso de Verano de Equitaci\u00f3n para Ni\u00f1os - Real Maestranza de Caballer\u00eda de Ronda<\/title>\n<meta name=\"robots\" content=\"index, follow, max-snippet:-1, max-image-preview:large, max-video-preview:-1\" \/>\n<link rel=\"canonical\" href=\"https:\/\/www.rmcr.org\/en\/2000\/04\/08\/curso-de-verano-de-equitacion-para-ninos\/\" \/>\n<meta property=\"og:locale\" content=\"en_US\" \/>\n<meta property=\"og:type\" content=\"article\" \/>\n<meta property=\"og:title\" content=\"Curso de Verano de Equitaci\u00f3n para Ni\u00f1os - Real Maestranza de Caballer\u00eda de Ronda\" \/>\n<meta property=\"og:description\" content=\"La Real Maestranza de Caballer\u00eda de Ronda convoca un Curso de Equitaci\u00f3n para el mes de julio, dirigido a ni\u00f1os en edad escolar que quieran iniciar o perfeccionar sus conocimientos y pr\u00e1ctica en este deporte.\" \/>\n<meta property=\"og:url\" content=\"https:\/\/www.rmcr.org\/en\/2000\/04\/08\/curso-de-verano-de-equitacion-para-ninos\/\" \/>\n<meta property=\"og:site_name\" content=\"Real Maestranza de Caballer\u00eda de Ronda\" \/>\n<meta property=\"article:publisher\" content=\"https:\/\/www.facebook.com\/plazadetorosronda\" \/>\n<meta property=\"article:published_time\" content=\"2000-04-08T12:51:20+00:00\" \/>\n<meta property=\"article:modified_time\" content=\"2023-10-31T12:52:43+00:00\" \/>\n<meta property=\"og:image\" content=\"https:\/\/www.rmcr.org\/wp-content\/uploads\/2023\/10\/curso-verano-equitacion-ninos.png\" \/>\n\t<meta property=\"og:image:width\" content=\"350\" \/>\n\t<meta property=\"og:image:height\" content=\"208\" \/>\n\t<meta property=\"og:image:type\" content=\"image\/png\" \/>\n<meta name=\"author\" content=\"ACTIVIDAD\" \/>\n<meta name=\"twitter:card\" content=\"summary_large_image\" \/>\n<meta name=\"twitter:creator\" content=\"@PlazatorosRMR\" \/>\n<meta name=\"twitter:site\" content=\"@PlazatorosRMR\" \/>\n<meta name=\"twitter:label1\" content=\"Written by\" \/>\n\t<meta name=\"twitter:data1\" content=\"ACTIVIDAD\" \/>\n\t<meta name=\"twitter:label2\" content=\"Est. reading time\" \/>\n\t<meta name=\"twitter:data2\" content=\"1 minute\" \/>\n<script type=\"application\/ld+json\" class=\"yoast-schema-graph\">{\"@context\":\"https:\\\/\\\/schema.org\",\"@graph\":[{\"@type\":\"Article\",\"@id\":\"https:\\\/\\\/www.rmcr.org\\\/en\\\/2000\\\/04\\\/08\\\/curso-de-verano-de-equitacion-para-ninos\\\/#article\",\"isPartOf\":{\"@id\":\"https:\\\/\\\/www.rmcr.org\\\/en\\\/2000\\\/04\\\/08\\\/curso-de-verano-de-equitacion-para-ninos\\\/\"},\"author\":{\"name\":\"ACTIVIDAD\",\"@id\":\"https:\\\/\\\/www.rmcr.org\\\/en\\\/#\\\/schema\\\/person\\\/826ea4b159de99b4731c8f519477737b\"},\"headline\":\"Curso de Verano de Equitaci\u00f3n para Ni\u00f1os\",\"datePublished\":\"2000-04-08T12:51:20+00:00\",\"dateModified\":\"2023-10-31T12:52:43+00:00\",\"mainEntityOfPage\":{\"@id\":\"https:\\\/\\\/www.rmcr.org\\\/en\\\/2000\\\/04\\\/08\\\/curso-de-verano-de-equitacion-para-ninos\\\/\"},\"wordCount\":115,\"commentCount\":0,\"publisher\":{\"@id\":\"https:\\\/\\\/www.rmcr.org\\\/en\\\/#organization\"},\"image\":{\"@id\":\"https:\\\/\\\/www.rmcr.org\\\/en\\\/2000\\\/04\\\/08\\\/curso-de-verano-de-equitacion-para-ninos\\\/#primaryimage\"},\"thumbnailUrl\":\"https:\\\/\\\/www.rmcr.org\\\/wp-content\\\/uploads\\\/2023\\\/10\\\/curso-verano-equitacion-ninos.png\",\"keywords\":[\"Curso Verano\",\"Equitaci\u00f3n\",\"Ni\u00f1os\"],\"articleSection\":[\"Escuela de Equitaci\u00f3n\"],\"inLanguage\":\"en-US\",\"potentialAction\":[{\"@type\":\"CommentAction\",\"name\":\"Comment\",\"target\":[\"https:\\\/\\\/www.rmcr.org\\\/en\\\/2000\\\/04\\\/08\\\/curso-de-verano-de-equitacion-para-ninos\\\/#respond\"]}]},{\"@type\":\"WebPage\",\"@id\":\"https:\\\/\\\/www.rmcr.org\\\/en\\\/2000\\\/04\\\/08\\\/curso-de-verano-de-equitacion-para-ninos\\\/\",\"url\":\"https:\\\/\\\/www.rmcr.org\\\/en\\\/2000\\\/04\\\/08\\\/curso-de-verano-de-equitacion-para-ninos\\\/\",\"name\":\"Curso de Verano de Equitaci\u00f3n para Ni\u00f1os - Real Maestranza de Caballer\u00eda de Ronda\",\"isPartOf\":{\"@id\":\"https:\\\/\\\/www.rmcr.org\\\/en\\\/#website\"},\"primaryImageOfPage\":{\"@id\":\"https:\\\/\\\/www.rmcr.org\\\/en\\\/2000\\\/04\\\/08\\\/curso-de-verano-de-equitacion-para-ninos\\\/#primaryimage\"},\"image\":{\"@id\":\"https:\\\/\\\/www.rmcr.org\\\/en\\\/2000\\\/04\\\/08\\\/curso-de-verano-de-equitacion-para-ninos\\\/#primaryimage\"},\"thumbnailUrl\":\"https:\\\/\\\/www.rmcr.org\\\/wp-content\\\/uploads\\\/2023\\\/10\\\/curso-verano-equitacion-ninos.png\",\"datePublished\":\"2000-04-08T12:51:20+00:00\",\"dateModified\":\"2023-10-31T12:52:43+00:00\",\"breadcrumb\":{\"@id\":\"https:\\\/\\\/www.rmcr.org\\\/en\\\/2000\\\/04\\\/08\\\/curso-de-verano-de-equitacion-para-ninos\\\/#breadcrumb\"},\"inLanguage\":\"en-US\",\"potentialAction\":[{\"@type\":\"ReadAction\",\"target\":[\"https:\\\/\\\/www.rmcr.org\\\/en\\\/2000\\\/04\\\/08\\\/curso-de-verano-de-equitacion-para-ninos\\\/\"]}]},{\"@type\":\"ImageObject\",\"inLanguage\":\"en-US\",\"@id\":\"https:\\\/\\\/www.rmcr.org\\\/en\\\/2000\\\/04\\\/08\\\/curso-de-verano-de-equitacion-para-ninos\\\/#primaryimage\",\"url\":\"https:\\\/\\\/www.rmcr.org\\\/wp-content\\\/uploads\\\/2023\\\/10\\\/curso-verano-equitacion-ninos.png\",\"contentUrl\":\"https:\\\/\\\/www.rmcr.org\\\/wp-content\\\/uploads\\\/2023\\\/10\\\/curso-verano-equitacion-ninos.png\",\"width\":350,\"height\":208,\"caption\":\"Curso de Verano de Equitaci\u00f3n para Ni\u00f1os\"},{\"@type\":\"BreadcrumbList\",\"@id\":\"https:\\\/\\\/www.rmcr.org\\\/en\\\/2000\\\/04\\\/08\\\/curso-de-verano-de-equitacion-para-ninos\\\/#breadcrumb\",\"itemListElement\":[{\"@type\":\"ListItem\",\"position\":1,\"name\":\"REAL MAESTRANZA DE CABALLER\u00cdA DE RONDA\",\"item\":\"https:\\\/\\\/www.rmcr.org\\\/en\\\/\"},{\"@type\":\"ListItem\",\"position\":2,\"name\":\"Curso de Verano de Equitaci\u00f3n para Ni\u00f1os\"}]},{\"@type\":\"WebSite\",\"@id\":\"https:\\\/\\\/www.rmcr.org\\\/en\\\/#website\",\"url\":\"https:\\\/\\\/www.rmcr.org\\\/en\\\/\",\"name\":\"Real Maestranza de Caballer\u00eda de Ronda\",\"description\":\"Real Maestranza de Caballer\u00eda de Ronda\",\"publisher\":{\"@id\":\"https:\\\/\\\/www.rmcr.org\\\/en\\\/#organization\"},\"alternateName\":\"RMCR\",\"potentialAction\":[{\"@type\":\"SearchAction\",\"target\":{\"@type\":\"EntryPoint\",\"urlTemplate\":\"https:\\\/\\\/www.rmcr.org\\\/en\\\/?s={search_term_string}\"},\"query-input\":{\"@type\":\"PropertyValueSpecification\",\"valueRequired\":true,\"valueName\":\"search_term_string\"}}],\"inLanguage\":\"en-US\"},{\"@type\":\"Organization\",\"@id\":\"https:\\\/\\\/www.rmcr.org\\\/en\\\/#organization\",\"name\":\"Real Maestranza de Caballer\u00eda de Ronda\",\"alternateName\":\"RMR\",\"url\":\"https:\\\/\\\/www.rmcr.org\\\/en\\\/\",\"logo\":{\"@type\":\"ImageObject\",\"inLanguage\":\"en-US\",\"@id\":\"https:\\\/\\\/www.rmcr.org\\\/en\\\/#\\\/schema\\\/logo\\\/image\\\/\",\"url\":\"https:\\\/\\\/www.rmcr.org\\\/wp-content\\\/uploads\\\/2022\\\/07\\\/logo-rmr-blue.svg\",\"contentUrl\":\"https:\\\/\\\/www.rmcr.org\\\/wp-content\\\/uploads\\\/2022\\\/07\\\/logo-rmr-blue.svg\",\"width\":131,\"height\":129,\"caption\":\"Real Maestranza de Caballer\u00eda de Ronda\"},\"image\":{\"@id\":\"https:\\\/\\\/www.rmcr.org\\\/en\\\/#\\\/schema\\\/logo\\\/image\\\/\"},\"sameAs\":[\"https:\\\/\\\/www.facebook.com\\\/plazadetorosronda\",\"https:\\\/\\\/x.com\\\/PlazatorosRMR\",\"https:\\\/\\\/www.instagram.com\\\/realmaestranzaderonda\\\/\",\"https:\\\/\\\/www.youtube.com\\\/channel\\\/UCrbO5IUN-8v_QML739vM4zg\\\/videos\"]},{\"@type\":\"Person\",\"@id\":\"https:\\\/\\\/www.rmcr.org\\\/en\\\/#\\\/schema\\\/person\\\/826ea4b159de99b4731c8f519477737b\",\"name\":\"ACTIVIDAD\",\"image\":{\"@type\":\"ImageObject\",\"inLanguage\":\"en-US\",\"@id\":\"https:\\\/\\\/www.rmcr.org\\\/wp-content\\\/uploads\\\/2022\\\/11\\\/avatar-rmcr-96x96.png\",\"url\":\"https:\\\/\\\/www.rmcr.org\\\/wp-content\\\/uploads\\\/2022\\\/11\\\/avatar-rmcr-96x96.png\",\"contentUrl\":\"https:\\\/\\\/www.rmcr.org\\\/wp-content\\\/uploads\\\/2022\\\/11\\\/avatar-rmcr-96x96.png\",\"caption\":\"ACTIVIDAD\"},\"url\":\"https:\\\/\\\/www.rmcr.org\\\/en\\\/author\\\/alfonso-prado\\\/\"}]}<\/script>\n<!-- \/ Yoast SEO plugin. -->","yoast_head_json":{"title":"Curso de Verano de Equitaci\u00f3n para Ni\u00f1os - Real Maestranza de Caballer\u00eda de Ronda","robots":{"index":"index","follow":"follow","max-snippet":"max-snippet:-1","max-image-preview":"max-image-preview:large","max-video-preview":"max-video-preview:-1"},"canonical":"https:\/\/www.rmcr.org\/en\/2000\/04\/08\/curso-de-verano-de-equitacion-para-ninos\/","og_locale":"en_US","og_type":"article","og_title":"Curso de Verano de Equitaci\u00f3n para Ni\u00f1os - Real Maestranza de Caballer\u00eda de Ronda","og_description":"La Real Maestranza de Caballer\u00eda de Ronda convoca un Curso de Equitaci\u00f3n para el mes de julio, dirigido a ni\u00f1os en edad escolar que quieran iniciar o perfeccionar sus conocimientos y pr\u00e1ctica en este deporte.","og_url":"https:\/\/www.rmcr.org\/en\/2000\/04\/08\/curso-de-verano-de-equitacion-para-ninos\/","og_site_name":"Real Maestranza de Caballer\u00eda de Ronda","article_publisher":"https:\/\/www.facebook.com\/plazadetorosronda","article_published_time":"2000-04-08T12:51:20+00:00","article_modified_time":"2023-10-31T12:52:43+00:00","og_image":[{"width":350,"height":208,"url":"https:\/\/www.rmcr.org\/wp-content\/uploads\/2023\/10\/curso-verano-equitacion-ninos.png","type":"image\/png"}],"author":"ACTIVIDAD","twitter_card":"summary_large_image","twitter_creator":"@PlazatorosRMR","twitter_site":"@PlazatorosRMR","twitter_misc":{"Written by":"ACTIVIDAD","Est. reading time":"1 minute"},"schema":{"@context":"https:\/\/schema.org","@graph":[{"@type":"Article","@id":"https:\/\/www.rmcr.org\/en\/2000\/04\/08\/curso-de-verano-de-equitacion-para-ninos\/#article","isPartOf":{"@id":"https:\/\/www.rmcr.org\/en\/2000\/04\/08\/curso-de-verano-de-equitacion-para-ninos\/"},"author":{"name":"ACTIVIDAD","@id":"https:\/\/www.rmcr.org\/en\/#\/schema\/person\/826ea4b159de99b4731c8f519477737b"},"headline":"Curso de Verano de Equitaci\u00f3n para Ni\u00f1os","datePublished":"2000-04-08T12:51:20+00:00","dateModified":"2023-10-31T12:52:43+00:00","mainEntityOfPage":{"@id":"https:\/\/www.rmcr.org\/en\/2000\/04\/08\/curso-de-verano-de-equitacion-para-ninos\/"},"wordCount":115,"commentCount":0,"publisher":{"@id":"https:\/\/www.rmcr.org\/en\/#organization"},"image":{"@id":"https:\/\/www.rmcr.org\/en\/2000\/04\/08\/curso-de-verano-de-equitacion-para-ninos\/#primaryimage"},"thumbnailUrl":"https:\/\/www.rmcr.org\/wp-content\/uploads\/2023\/10\/curso-verano-equitacion-ninos.png","keywords":["Curso Verano","Equitaci\u00f3n","Ni\u00f1os"],"articleSection":["Escuela de Equitaci\u00f3n"],"inLanguage":"en-US","potentialAction":[{"@type":"CommentAction","name":"Comment","target":["https:\/\/www.rmcr.org\/en\/2000\/04\/08\/curso-de-verano-de-equitacion-para-ninos\/#respond"]}]},{"@type":"WebPage","@id":"https:\/\/www.rmcr.org\/en\/2000\/04\/08\/curso-de-verano-de-equitacion-para-ninos\/","url":"https:\/\/www.rmcr.org\/en\/2000\/04\/08\/curso-de-verano-de-equitacion-para-ninos\/","name":"Curso de Verano de Equitaci\u00f3n para Ni\u00f1os - Real Maestranza de Caballer\u00eda de Ronda","isPartOf":{"@id":"https:\/\/www.rmcr.org\/en\/#website"},"primaryImageOfPage":{"@id":"https:\/\/www.rmcr.org\/en\/2000\/04\/08\/curso-de-verano-de-equitacion-para-ninos\/#primaryimage"},"image":{"@id":"https:\/\/www.rmcr.org\/en\/2000\/04\/08\/curso-de-verano-de-equitacion-para-ninos\/#primaryimage"},"thumbnailUrl":"https:\/\/www.rmcr.org\/wp-content\/uploads\/2023\/10\/curso-verano-equitacion-ninos.png","datePublished":"2000-04-08T12:51:20+00:00","dateModified":"2023-10-31T12:52:43+00:00","breadcrumb":{"@id":"https:\/\/www.rmcr.org\/en\/2000\/04\/08\/curso-de-verano-de-equitacion-para-ninos\/#breadcrumb"},"inLanguage":"en-US","potentialAction":[{"@type":"ReadAction","target":["https:\/\/www.rmcr.org\/en\/2000\/04\/08\/curso-de-verano-de-equitacion-para-ninos\/"]}]},{"@type":"ImageObject","inLanguage":"en-US","@id":"https:\/\/www.rmcr.org\/en\/2000\/04\/08\/curso-de-verano-de-equitacion-para-ninos\/#primaryimage","url":"https:\/\/www.rmcr.org\/wp-content\/uploads\/2023\/10\/curso-verano-equitacion-ninos.png","contentUrl":"https:\/\/www.rmcr.org\/wp-content\/uploads\/2023\/10\/curso-verano-equitacion-ninos.png","width":350,"height":208,"caption":"Curso de Verano de Equitaci\u00f3n para Ni\u00f1os"},{"@type":"BreadcrumbList","@id":"https:\/\/www.rmcr.org\/en\/2000\/04\/08\/curso-de-verano-de-equitacion-para-ninos\/#breadcrumb","itemListElement":[{"@type":"ListItem","position":1,"name":"REAL MAESTRANZA DE CABALLER\u00cdA DE RONDA","item":"https:\/\/www.rmcr.org\/en\/"},{"@type":"ListItem","position":2,"name":"Curso de Verano de Equitaci\u00f3n para Ni\u00f1os"}]},{"@type":"WebSite","@id":"https:\/\/www.rmcr.org\/en\/#website","url":"https:\/\/www.rmcr.org\/en\/","name":"Real Maestranza de Caballer\u00eda de Ronda","description":"Real Maestranza de Caballer\u00eda de Ronda","publisher":{"@id":"https:\/\/www.rmcr.org\/en\/#organization"},"alternateName":"RMCR","potentialAction":[{"@type":"SearchAction","target":{"@type":"EntryPoint","urlTemplate":"https:\/\/www.rmcr.org\/en\/?s={search_term_string}"},"query-input":{"@type":"PropertyValueSpecification","valueRequired":true,"valueName":"search_term_string"}}],"inLanguage":"en-US"},{"@type":"Organization","@id":"https:\/\/www.rmcr.org\/en\/#organization","name":"Real Maestranza de Caballer\u00eda de Ronda","alternateName":"RMR","url":"https:\/\/www.rmcr.org\/en\/","logo":{"@type":"ImageObject","inLanguage":"en-US","@id":"https:\/\/www.rmcr.org\/en\/#\/schema\/logo\/image\/","url":"https:\/\/www.rmcr.org\/wp-content\/uploads\/2022\/07\/logo-rmr-blue.svg","contentUrl":"https:\/\/www.rmcr.org\/wp-content\/uploads\/2022\/07\/logo-rmr-blue.svg","width":131,"height":129,"caption":"Real Maestranza de Caballer\u00eda de Ronda"},"image":{"@id":"https:\/\/www.rmcr.org\/en\/#\/schema\/logo\/image\/"},"sameAs":["https:\/\/www.facebook.com\/plazadetorosronda","https:\/\/x.com\/PlazatorosRMR","https:\/\/www.instagram.com\/realmaestranzaderonda\/","https:\/\/www.youtube.com\/channel\/UCrbO5IUN-8v_QML739vM4zg\/videos"]},{"@type":"Person","@id":"https:\/\/www.rmcr.org\/en\/#\/schema\/person\/826ea4b159de99b4731c8f519477737b","name":"ACTIVIDAD","image":{"@type":"ImageObject","inLanguage":"en-US","@id":"https:\/\/www.rmcr.org\/wp-content\/uploads\/2022\/11\/avatar-rmcr-96x96.png","url":"https:\/\/www.rmcr.org\/wp-content\/uploads\/2022\/11\/avatar-rmcr-96x96.png","contentUrl":"https:\/\/www.rmcr.org\/wp-content\/uploads\/2022\/11\/avatar-rmcr-96x96.png","caption":"ACTIVIDAD"},"url":"https:\/\/www.rmcr.org\/en\/author\/alfonso-prado\/"}]}},"_links":{"self":[{"href":"https:\/\/www.rmcr.org\/en\/wp-json\/wp\/v2\/posts\/18915","targetHints":{"allow":["GET"]}}],"collection":[{"href":"https:\/\/www.rmcr.org\/en\/wp-json\/wp\/v2\/posts"}],"about":[{"href":"https:\/\/www.rmcr.org\/en\/wp-json\/wp\/v2\/types\/post"}],"author":[{"embeddable":true,"href":"https:\/\/www.rmcr.org\/en\/wp-json\/wp\/v2\/users\/4"}],"replies":[{"embeddable":true,"href":"https:\/\/www.rmcr.org\/en\/wp-json\/wp\/v2\/comments?post=18915"}],"version-history":[{"count":4,"href":"https:\/\/www.rmcr.org\/en\/wp-json\/wp\/v2\/posts\/18915\/revisions"}],"predecessor-version":[{"id":18921,"href":"https:\/\/www.rmcr.org\/en\/wp-json\/wp\/v2\/posts\/18915\/revisions\/18921"}],"wp:featuredmedia":[{"embeddable":true,"href":"https:\/\/www.rmcr.org\/en\/wp-json\/wp\/v2\/media\/18916"}],"wp:attachment":[{"href":"https:\/\/www.rmcr.org\/en\/wp-json\/wp\/v2\/media?parent=18915"}],"wp:term":[{"taxonomy":"category","embeddable":true,"href":"https:\/\/www.rmcr.org\/en\/wp-json\/wp\/v2\/categories?post=18915"},{"taxonomy":"post_tag","embeddable":true,"href":"https:\/\/www.rmcr.org\/en\/wp-json\/wp\/v2\/tags?post=18915"}],"curies":[{"name":"wp","href":"https:\/\/api.w.org\/{rel}","templated":true}]}}