{"id":18890,"date":"2000-04-08T12:35:38","date_gmt":"2000-04-08T12:35:38","guid":{"rendered":"https:\/\/www.rmcr.org\/?p=18890"},"modified":"2023-10-31T12:45:30","modified_gmt":"2023-10-31T12:45:30","slug":"iii-curso-de-verano-de-equitacion-2","status":"publish","type":"post","link":"https:\/\/www.rmcr.org\/en\/2000\/04\/08\/iii-curso-de-verano-de-equitacion-2\/","title":{"rendered":"III Curso de Verano de Equitaci\u00f3n"},"content":{"rendered":"\t\t<div data-elementor-type=\"wp-post\" data-elementor-id=\"18890\" class=\"elementor elementor-18890\" data-elementor-post-type=\"post\">\n\t\t\t\t\t\t<section class=\"elementor-section elementor-top-section elementor-element elementor-element-4aea55d elementor-section-boxed elementor-section-height-default elementor-section-height-default\" data-id=\"4aea55d\" data-element_type=\"section\" data-e-type=\"section\">\n\t\t\t\t\t\t<div class=\"elementor-container elementor-column-gap-default\">\n\t\t\t\t\t<div class=\"elementor-column elementor-col-100 elementor-top-column elementor-element elementor-element-9917aa5\" data-id=\"9917aa5\" data-element_type=\"column\" data-e-type=\"column\">\n\t\t\t<div class=\"elementor-widget-wrap elementor-element-populated\">\n\t\t\t\t\t\t<div class=\"elementor-element elementor-element-026fad8 elementor-widget elementor-widget-text-editor\" data-id=\"026fad8\" data-element_type=\"widget\" data-e-type=\"widget\" data-widget_type=\"text-editor.default\">\n\t\t\t\t<div class=\"elementor-widget-container\">\n\t\t\t\t\t\t\t\t\t<p>La Escuela de equitaci\u00f3n de la Real Maestranza de Caballer\u00eda de Ronda, convoca el III Curso de Verano de Equitaci\u00f3n, que se celebrar\u00e1 durante el mes de julio. Este a\u00f1o incluye dentro de su programa la preparaci\u00f3n para los Ex\u00e1menes de Galope de la Real Federaci\u00f3n H\u00edpica Espa\u00f1ola.<\/p><p>Pulsa <a href=\"https:\/\/www.rmcr.org\/wp-content\/uploads\/2023\/10\/informacion-iii-curso-verano.pdf\">aqu\u00ed<\/a> para descargar la informaci\u00f3n del curo en formato PDF.<\/p><div id=\"ir-ext-ui\" style=\"color: #000000; font-size: 16px; line-height: 16px; background-color: #f7f7f7; border: 1px solid #999999; border-radius: 1px; top: 1px; right: 1px;\"><div class=\"ir-ext-dimensions\"><span class=\"ir-ext-rendered\" title=\"Rendered image dimensions (after any scaling\/resizing has been applied)\"> x <\/span> <span class=\"ir-ext-natural\" title=\"Natural image dimensions (without applying any scaling\/resizing)\"> (x) <\/span><\/div><div class=\"ir-ext-filesize\">\u00a0<\/div><\/div><div id=\"ir-ext-ui\" style=\"color: #000000; font-size: 16px; line-height: 16px; background-color: #f7f7f7; border: 1px solid #999999; border-radius: 1px; top: 1px; right: 1px;\"><div class=\"ir-ext-dimensions\"><span class=\"ir-ext-rendered\" title=\"Rendered image dimensions (after any scaling\/resizing has been applied)\"> x <\/span> <span class=\"ir-ext-natural\" title=\"Natural image dimensions (without applying any scaling\/resizing)\"> (x) <\/span><\/div><div class=\"ir-ext-filesize\">\u00a0<\/div><\/div>\t\t\t\t\t\t\t\t<\/div>\n\t\t\t\t<\/div>\n\t\t\t\t\t<\/div>\n\t\t<\/div>\n\t\t\t\t\t<\/div>\n\t\t<\/section>\n\t\t\t\t<section class=\"elementor-section elementor-top-section elementor-element elementor-element-1d64cd6 elementor-section-boxed elementor-section-height-default elementor-section-height-default\" data-id=\"1d64cd6\" data-element_type=\"section\" data-e-type=\"section\">\n\t\t\t\t\t\t<div class=\"elementor-container elementor-column-gap-default\">\n\t\t\t\t\t<div class=\"elementor-column elementor-col-100 elementor-top-column elementor-element elementor-element-69e812f\" data-id=\"69e812f\" data-element_type=\"column\" data-e-type=\"column\">\n\t\t\t<div class=\"elementor-widget-wrap elementor-element-populated\">\n\t\t\t\t\t\t<div class=\"elementor-element elementor-element-0c38111 elementor-widget elementor-widget-image\" data-id=\"0c38111\" data-element_type=\"widget\" data-e-type=\"widget\" data-widget_type=\"image.default\">\n\t\t\t\t<div class=\"elementor-widget-container\">\n\t\t\t\t\t\t\t\t\t\t\t\t\t\t\t<img fetchpriority=\"high\" decoding=\"async\" width=\"350\" height=\"202\" src=\"https:\/\/www.rmcr.org\/wp-content\/uploads\/2023\/10\/iii-curso-verano-equitacion.png\" class=\"attachment-large size-large wp-image-18892\" alt=\"III Curso de Verano de Equitaci\u00f3n\" srcset=\"https:\/\/www.rmcr.org\/wp-content\/uploads\/2023\/10\/iii-curso-verano-equitacion.png 350w, https:\/\/www.rmcr.org\/wp-content\/uploads\/2023\/10\/iii-curso-verano-equitacion-300x173.png 300w\" sizes=\"(max-width: 350px) 100vw, 350px\" \/>\t\t\t\t\t\t\t\t\t\t\t\t\t\t\t<\/div>\n\t\t\t\t<\/div>\n\t\t\t\t\t<\/div>\n\t\t<\/div>\n\t\t\t\t\t<\/div>\n\t\t<\/section>\n\t\t\t\t<\/div>\n\t\t","protected":false},"excerpt":{"rendered":"<p>Convocatoria del III Curso de Verano de Equitaci\u00f3n de la Real Maestranza de Caballer\u00eda de Ronda<\/p>\n","protected":false},"author":4,"featured_media":18891,"comment_status":"open","ping_status":"open","sticky":false,"template":"","format":"standard","meta":{"footnotes":""},"categories":[56],"tags":[471,96],"class_list":["post-18890","post","type-post","status-publish","format-standard","has-post-thumbnail","hentry","category-escuela-de-equitacion","tag-curso-de-verano","tag-equitacion"],"yoast_head":"<!-- This site is optimized with the Yoast SEO plugin v27.5 - https:\/\/yoast.com\/product\/yoast-seo-wordpress\/ -->\n<title>III Curso de Verano de Equitaci\u00f3n - Real Maestranza de Caballer\u00eda de Ronda<\/title>\n<meta name=\"robots\" content=\"index, follow, max-snippet:-1, max-image-preview:large, max-video-preview:-1\" \/>\n<link rel=\"canonical\" href=\"https:\/\/www.rmcr.org\/en\/2000\/04\/08\/iii-curso-de-verano-de-equitacion-2\/\" \/>\n<meta property=\"og:locale\" content=\"en_US\" \/>\n<meta property=\"og:type\" content=\"article\" \/>\n<meta property=\"og:title\" content=\"III Curso de Verano de Equitaci\u00f3n - Real Maestranza de Caballer\u00eda de Ronda\" \/>\n<meta property=\"og:description\" content=\"Convocatoria del III Curso de Verano de Equitaci\u00f3n de la Real Maestranza de Caballer\u00eda de Ronda\" \/>\n<meta property=\"og:url\" content=\"https:\/\/www.rmcr.org\/en\/2000\/04\/08\/iii-curso-de-verano-de-equitacion-2\/\" \/>\n<meta property=\"og:site_name\" content=\"Real Maestranza de Caballer\u00eda de Ronda\" \/>\n<meta property=\"article:publisher\" content=\"https:\/\/www.facebook.com\/plazadetorosronda\" \/>\n<meta property=\"article:published_time\" content=\"2000-04-08T12:35:38+00:00\" \/>\n<meta property=\"article:modified_time\" content=\"2023-10-31T12:45:30+00:00\" \/>\n<meta property=\"og:image\" content=\"https:\/\/www.rmcr.org\/wp-content\/uploads\/2023\/10\/iii-curso-verano-equitacion.png\" \/>\n\t<meta property=\"og:image:width\" content=\"350\" \/>\n\t<meta property=\"og:image:height\" content=\"202\" \/>\n\t<meta property=\"og:image:type\" content=\"image\/png\" \/>\n<meta name=\"author\" content=\"ACTIVIDAD\" \/>\n<meta name=\"twitter:card\" content=\"summary_large_image\" \/>\n<meta name=\"twitter:creator\" content=\"@PlazatorosRMR\" \/>\n<meta name=\"twitter:site\" content=\"@PlazatorosRMR\" \/>\n<meta name=\"twitter:label1\" content=\"Written by\" \/>\n\t<meta name=\"twitter:data1\" content=\"ACTIVIDAD\" \/>\n\t<meta name=\"twitter:label2\" content=\"Est. reading time\" \/>\n\t<meta name=\"twitter:data2\" content=\"1 minute\" \/>\n<script type=\"application\/ld+json\" class=\"yoast-schema-graph\">{\"@context\":\"https:\\\/\\\/schema.org\",\"@graph\":[{\"@type\":\"Article\",\"@id\":\"https:\\\/\\\/www.rmcr.org\\\/en\\\/2000\\\/04\\\/08\\\/iii-curso-de-verano-de-equitacion-2\\\/#article\",\"isPartOf\":{\"@id\":\"https:\\\/\\\/www.rmcr.org\\\/en\\\/2000\\\/04\\\/08\\\/iii-curso-de-verano-de-equitacion-2\\\/\"},\"author\":{\"name\":\"ACTIVIDAD\",\"@id\":\"https:\\\/\\\/www.rmcr.org\\\/en\\\/#\\\/schema\\\/person\\\/826ea4b159de99b4731c8f519477737b\"},\"headline\":\"III Curso de Verano de Equitaci\u00f3n\",\"datePublished\":\"2000-04-08T12:35:38+00:00\",\"dateModified\":\"2023-10-31T12:45:30+00:00\",\"mainEntityOfPage\":{\"@id\":\"https:\\\/\\\/www.rmcr.org\\\/en\\\/2000\\\/04\\\/08\\\/iii-curso-de-verano-de-equitacion-2\\\/\"},\"wordCount\":80,\"commentCount\":0,\"publisher\":{\"@id\":\"https:\\\/\\\/www.rmcr.org\\\/en\\\/#organization\"},\"image\":{\"@id\":\"https:\\\/\\\/www.rmcr.org\\\/en\\\/2000\\\/04\\\/08\\\/iii-curso-de-verano-de-equitacion-2\\\/#primaryimage\"},\"thumbnailUrl\":\"https:\\\/\\\/www.rmcr.org\\\/wp-content\\\/uploads\\\/2023\\\/10\\\/iii-curso-verano-equitacion.png\",\"keywords\":[\"Curso de verano\",\"Equitaci\u00f3n\"],\"articleSection\":[\"Escuela de Equitaci\u00f3n\"],\"inLanguage\":\"en-US\",\"potentialAction\":[{\"@type\":\"CommentAction\",\"name\":\"Comment\",\"target\":[\"https:\\\/\\\/www.rmcr.org\\\/en\\\/2000\\\/04\\\/08\\\/iii-curso-de-verano-de-equitacion-2\\\/#respond\"]}]},{\"@type\":\"WebPage\",\"@id\":\"https:\\\/\\\/www.rmcr.org\\\/en\\\/2000\\\/04\\\/08\\\/iii-curso-de-verano-de-equitacion-2\\\/\",\"url\":\"https:\\\/\\\/www.rmcr.org\\\/en\\\/2000\\\/04\\\/08\\\/iii-curso-de-verano-de-equitacion-2\\\/\",\"name\":\"III Curso de Verano de Equitaci\u00f3n - Real Maestranza de Caballer\u00eda de Ronda\",\"isPartOf\":{\"@id\":\"https:\\\/\\\/www.rmcr.org\\\/en\\\/#website\"},\"primaryImageOfPage\":{\"@id\":\"https:\\\/\\\/www.rmcr.org\\\/en\\\/2000\\\/04\\\/08\\\/iii-curso-de-verano-de-equitacion-2\\\/#primaryimage\"},\"image\":{\"@id\":\"https:\\\/\\\/www.rmcr.org\\\/en\\\/2000\\\/04\\\/08\\\/iii-curso-de-verano-de-equitacion-2\\\/#primaryimage\"},\"thumbnailUrl\":\"https:\\\/\\\/www.rmcr.org\\\/wp-content\\\/uploads\\\/2023\\\/10\\\/iii-curso-verano-equitacion.png\",\"datePublished\":\"2000-04-08T12:35:38+00:00\",\"dateModified\":\"2023-10-31T12:45:30+00:00\",\"breadcrumb\":{\"@id\":\"https:\\\/\\\/www.rmcr.org\\\/en\\\/2000\\\/04\\\/08\\\/iii-curso-de-verano-de-equitacion-2\\\/#breadcrumb\"},\"inLanguage\":\"en-US\",\"potentialAction\":[{\"@type\":\"ReadAction\",\"target\":[\"https:\\\/\\\/www.rmcr.org\\\/en\\\/2000\\\/04\\\/08\\\/iii-curso-de-verano-de-equitacion-2\\\/\"]}]},{\"@type\":\"ImageObject\",\"inLanguage\":\"en-US\",\"@id\":\"https:\\\/\\\/www.rmcr.org\\\/en\\\/2000\\\/04\\\/08\\\/iii-curso-de-verano-de-equitacion-2\\\/#primaryimage\",\"url\":\"https:\\\/\\\/www.rmcr.org\\\/wp-content\\\/uploads\\\/2023\\\/10\\\/iii-curso-verano-equitacion.png\",\"contentUrl\":\"https:\\\/\\\/www.rmcr.org\\\/wp-content\\\/uploads\\\/2023\\\/10\\\/iii-curso-verano-equitacion.png\",\"width\":350,\"height\":202,\"caption\":\"III Curso de Verano de Equitaci\u00f3n\"},{\"@type\":\"BreadcrumbList\",\"@id\":\"https:\\\/\\\/www.rmcr.org\\\/en\\\/2000\\\/04\\\/08\\\/iii-curso-de-verano-de-equitacion-2\\\/#breadcrumb\",\"itemListElement\":[{\"@type\":\"ListItem\",\"position\":1,\"name\":\"REAL MAESTRANZA DE CABALLER\u00cdA DE RONDA\",\"item\":\"https:\\\/\\\/www.rmcr.org\\\/en\\\/\"},{\"@type\":\"ListItem\",\"position\":2,\"name\":\"III Curso de Verano de Equitaci\u00f3n\"}]},{\"@type\":\"WebSite\",\"@id\":\"https:\\\/\\\/www.rmcr.org\\\/en\\\/#website\",\"url\":\"https:\\\/\\\/www.rmcr.org\\\/en\\\/\",\"name\":\"Real Maestranza de Caballer\u00eda de Ronda\",\"description\":\"Real Maestranza de Caballer\u00eda de Ronda\",\"publisher\":{\"@id\":\"https:\\\/\\\/www.rmcr.org\\\/en\\\/#organization\"},\"alternateName\":\"RMCR\",\"potentialAction\":[{\"@type\":\"SearchAction\",\"target\":{\"@type\":\"EntryPoint\",\"urlTemplate\":\"https:\\\/\\\/www.rmcr.org\\\/en\\\/?s={search_term_string}\"},\"query-input\":{\"@type\":\"PropertyValueSpecification\",\"valueRequired\":true,\"valueName\":\"search_term_string\"}}],\"inLanguage\":\"en-US\"},{\"@type\":\"Organization\",\"@id\":\"https:\\\/\\\/www.rmcr.org\\\/en\\\/#organization\",\"name\":\"Real Maestranza de Caballer\u00eda de Ronda\",\"alternateName\":\"RMR\",\"url\":\"https:\\\/\\\/www.rmcr.org\\\/en\\\/\",\"logo\":{\"@type\":\"ImageObject\",\"inLanguage\":\"en-US\",\"@id\":\"https:\\\/\\\/www.rmcr.org\\\/en\\\/#\\\/schema\\\/logo\\\/image\\\/\",\"url\":\"https:\\\/\\\/www.rmcr.org\\\/wp-content\\\/uploads\\\/2022\\\/07\\\/logo-rmr-blue.svg\",\"contentUrl\":\"https:\\\/\\\/www.rmcr.org\\\/wp-content\\\/uploads\\\/2022\\\/07\\\/logo-rmr-blue.svg\",\"width\":131,\"height\":129,\"caption\":\"Real Maestranza de Caballer\u00eda de Ronda\"},\"image\":{\"@id\":\"https:\\\/\\\/www.rmcr.org\\\/en\\\/#\\\/schema\\\/logo\\\/image\\\/\"},\"sameAs\":[\"https:\\\/\\\/www.facebook.com\\\/plazadetorosronda\",\"https:\\\/\\\/x.com\\\/PlazatorosRMR\",\"https:\\\/\\\/www.instagram.com\\\/realmaestranzaderonda\\\/\",\"https:\\\/\\\/www.youtube.com\\\/channel\\\/UCrbO5IUN-8v_QML739vM4zg\\\/videos\"]},{\"@type\":\"Person\",\"@id\":\"https:\\\/\\\/www.rmcr.org\\\/en\\\/#\\\/schema\\\/person\\\/826ea4b159de99b4731c8f519477737b\",\"name\":\"ACTIVIDAD\",\"image\":{\"@type\":\"ImageObject\",\"inLanguage\":\"en-US\",\"@id\":\"https:\\\/\\\/www.rmcr.org\\\/wp-content\\\/uploads\\\/2022\\\/11\\\/avatar-rmcr-96x96.png\",\"url\":\"https:\\\/\\\/www.rmcr.org\\\/wp-content\\\/uploads\\\/2022\\\/11\\\/avatar-rmcr-96x96.png\",\"contentUrl\":\"https:\\\/\\\/www.rmcr.org\\\/wp-content\\\/uploads\\\/2022\\\/11\\\/avatar-rmcr-96x96.png\",\"caption\":\"ACTIVIDAD\"},\"url\":\"https:\\\/\\\/www.rmcr.org\\\/en\\\/author\\\/alfonso-prado\\\/\"}]}<\/script>\n<!-- \/ Yoast SEO plugin. -->","yoast_head_json":{"title":"III Curso de Verano de Equitaci\u00f3n - Real Maestranza de Caballer\u00eda de Ronda","robots":{"index":"index","follow":"follow","max-snippet":"max-snippet:-1","max-image-preview":"max-image-preview:large","max-video-preview":"max-video-preview:-1"},"canonical":"https:\/\/www.rmcr.org\/en\/2000\/04\/08\/iii-curso-de-verano-de-equitacion-2\/","og_locale":"en_US","og_type":"article","og_title":"III Curso de Verano de Equitaci\u00f3n - Real Maestranza de Caballer\u00eda de Ronda","og_description":"Convocatoria del III Curso de Verano de Equitaci\u00f3n de la Real Maestranza de Caballer\u00eda de Ronda","og_url":"https:\/\/www.rmcr.org\/en\/2000\/04\/08\/iii-curso-de-verano-de-equitacion-2\/","og_site_name":"Real Maestranza de Caballer\u00eda de Ronda","article_publisher":"https:\/\/www.facebook.com\/plazadetorosronda","article_published_time":"2000-04-08T12:35:38+00:00","article_modified_time":"2023-10-31T12:45:30+00:00","og_image":[{"width":350,"height":202,"url":"https:\/\/www.rmcr.org\/wp-content\/uploads\/2023\/10\/iii-curso-verano-equitacion.png","type":"image\/png"}],"author":"ACTIVIDAD","twitter_card":"summary_large_image","twitter_creator":"@PlazatorosRMR","twitter_site":"@PlazatorosRMR","twitter_misc":{"Written by":"ACTIVIDAD","Est. reading time":"1 minute"},"schema":{"@context":"https:\/\/schema.org","@graph":[{"@type":"Article","@id":"https:\/\/www.rmcr.org\/en\/2000\/04\/08\/iii-curso-de-verano-de-equitacion-2\/#article","isPartOf":{"@id":"https:\/\/www.rmcr.org\/en\/2000\/04\/08\/iii-curso-de-verano-de-equitacion-2\/"},"author":{"name":"ACTIVIDAD","@id":"https:\/\/www.rmcr.org\/en\/#\/schema\/person\/826ea4b159de99b4731c8f519477737b"},"headline":"III Curso de Verano de Equitaci\u00f3n","datePublished":"2000-04-08T12:35:38+00:00","dateModified":"2023-10-31T12:45:30+00:00","mainEntityOfPage":{"@id":"https:\/\/www.rmcr.org\/en\/2000\/04\/08\/iii-curso-de-verano-de-equitacion-2\/"},"wordCount":80,"commentCount":0,"publisher":{"@id":"https:\/\/www.rmcr.org\/en\/#organization"},"image":{"@id":"https:\/\/www.rmcr.org\/en\/2000\/04\/08\/iii-curso-de-verano-de-equitacion-2\/#primaryimage"},"thumbnailUrl":"https:\/\/www.rmcr.org\/wp-content\/uploads\/2023\/10\/iii-curso-verano-equitacion.png","keywords":["Curso de verano","Equitaci\u00f3n"],"articleSection":["Escuela de Equitaci\u00f3n"],"inLanguage":"en-US","potentialAction":[{"@type":"CommentAction","name":"Comment","target":["https:\/\/www.rmcr.org\/en\/2000\/04\/08\/iii-curso-de-verano-de-equitacion-2\/#respond"]}]},{"@type":"WebPage","@id":"https:\/\/www.rmcr.org\/en\/2000\/04\/08\/iii-curso-de-verano-de-equitacion-2\/","url":"https:\/\/www.rmcr.org\/en\/2000\/04\/08\/iii-curso-de-verano-de-equitacion-2\/","name":"III Curso de Verano de Equitaci\u00f3n - Real Maestranza de Caballer\u00eda de Ronda","isPartOf":{"@id":"https:\/\/www.rmcr.org\/en\/#website"},"primaryImageOfPage":{"@id":"https:\/\/www.rmcr.org\/en\/2000\/04\/08\/iii-curso-de-verano-de-equitacion-2\/#primaryimage"},"image":{"@id":"https:\/\/www.rmcr.org\/en\/2000\/04\/08\/iii-curso-de-verano-de-equitacion-2\/#primaryimage"},"thumbnailUrl":"https:\/\/www.rmcr.org\/wp-content\/uploads\/2023\/10\/iii-curso-verano-equitacion.png","datePublished":"2000-04-08T12:35:38+00:00","dateModified":"2023-10-31T12:45:30+00:00","breadcrumb":{"@id":"https:\/\/www.rmcr.org\/en\/2000\/04\/08\/iii-curso-de-verano-de-equitacion-2\/#breadcrumb"},"inLanguage":"en-US","potentialAction":[{"@type":"ReadAction","target":["https:\/\/www.rmcr.org\/en\/2000\/04\/08\/iii-curso-de-verano-de-equitacion-2\/"]}]},{"@type":"ImageObject","inLanguage":"en-US","@id":"https:\/\/www.rmcr.org\/en\/2000\/04\/08\/iii-curso-de-verano-de-equitacion-2\/#primaryimage","url":"https:\/\/www.rmcr.org\/wp-content\/uploads\/2023\/10\/iii-curso-verano-equitacion.png","contentUrl":"https:\/\/www.rmcr.org\/wp-content\/uploads\/2023\/10\/iii-curso-verano-equitacion.png","width":350,"height":202,"caption":"III Curso de Verano de Equitaci\u00f3n"},{"@type":"BreadcrumbList","@id":"https:\/\/www.rmcr.org\/en\/2000\/04\/08\/iii-curso-de-verano-de-equitacion-2\/#breadcrumb","itemListElement":[{"@type":"ListItem","position":1,"name":"REAL MAESTRANZA DE CABALLER\u00cdA DE RONDA","item":"https:\/\/www.rmcr.org\/en\/"},{"@type":"ListItem","position":2,"name":"III Curso de Verano de Equitaci\u00f3n"}]},{"@type":"WebSite","@id":"https:\/\/www.rmcr.org\/en\/#website","url":"https:\/\/www.rmcr.org\/en\/","name":"Real Maestranza de Caballer\u00eda de Ronda","description":"Real Maestranza de Caballer\u00eda de Ronda","publisher":{"@id":"https:\/\/www.rmcr.org\/en\/#organization"},"alternateName":"RMCR","potentialAction":[{"@type":"SearchAction","target":{"@type":"EntryPoint","urlTemplate":"https:\/\/www.rmcr.org\/en\/?s={search_term_string}"},"query-input":{"@type":"PropertyValueSpecification","valueRequired":true,"valueName":"search_term_string"}}],"inLanguage":"en-US"},{"@type":"Organization","@id":"https:\/\/www.rmcr.org\/en\/#organization","name":"Real Maestranza de Caballer\u00eda de Ronda","alternateName":"RMR","url":"https:\/\/www.rmcr.org\/en\/","logo":{"@type":"ImageObject","inLanguage":"en-US","@id":"https:\/\/www.rmcr.org\/en\/#\/schema\/logo\/image\/","url":"https:\/\/www.rmcr.org\/wp-content\/uploads\/2022\/07\/logo-rmr-blue.svg","contentUrl":"https:\/\/www.rmcr.org\/wp-content\/uploads\/2022\/07\/logo-rmr-blue.svg","width":131,"height":129,"caption":"Real Maestranza de Caballer\u00eda de Ronda"},"image":{"@id":"https:\/\/www.rmcr.org\/en\/#\/schema\/logo\/image\/"},"sameAs":["https:\/\/www.facebook.com\/plazadetorosronda","https:\/\/x.com\/PlazatorosRMR","https:\/\/www.instagram.com\/realmaestranzaderonda\/","https:\/\/www.youtube.com\/channel\/UCrbO5IUN-8v_QML739vM4zg\/videos"]},{"@type":"Person","@id":"https:\/\/www.rmcr.org\/en\/#\/schema\/person\/826ea4b159de99b4731c8f519477737b","name":"ACTIVIDAD","image":{"@type":"ImageObject","inLanguage":"en-US","@id":"https:\/\/www.rmcr.org\/wp-content\/uploads\/2022\/11\/avatar-rmcr-96x96.png","url":"https:\/\/www.rmcr.org\/wp-content\/uploads\/2022\/11\/avatar-rmcr-96x96.png","contentUrl":"https:\/\/www.rmcr.org\/wp-content\/uploads\/2022\/11\/avatar-rmcr-96x96.png","caption":"ACTIVIDAD"},"url":"https:\/\/www.rmcr.org\/en\/author\/alfonso-prado\/"}]}},"_links":{"self":[{"href":"https:\/\/www.rmcr.org\/en\/wp-json\/wp\/v2\/posts\/18890","targetHints":{"allow":["GET"]}}],"collection":[{"href":"https:\/\/www.rmcr.org\/en\/wp-json\/wp\/v2\/posts"}],"about":[{"href":"https:\/\/www.rmcr.org\/en\/wp-json\/wp\/v2\/types\/post"}],"author":[{"embeddable":true,"href":"https:\/\/www.rmcr.org\/en\/wp-json\/wp\/v2\/users\/4"}],"replies":[{"embeddable":true,"href":"https:\/\/www.rmcr.org\/en\/wp-json\/wp\/v2\/comments?post=18890"}],"version-history":[{"count":9,"href":"https:\/\/www.rmcr.org\/en\/wp-json\/wp\/v2\/posts\/18890\/revisions"}],"predecessor-version":[{"id":18914,"href":"https:\/\/www.rmcr.org\/en\/wp-json\/wp\/v2\/posts\/18890\/revisions\/18914"}],"wp:featuredmedia":[{"embeddable":true,"href":"https:\/\/www.rmcr.org\/en\/wp-json\/wp\/v2\/media\/18891"}],"wp:attachment":[{"href":"https:\/\/www.rmcr.org\/en\/wp-json\/wp\/v2\/media?parent=18890"}],"wp:term":[{"taxonomy":"category","embeddable":true,"href":"https:\/\/www.rmcr.org\/en\/wp-json\/wp\/v2\/categories?post=18890"},{"taxonomy":"post_tag","embeddable":true,"href":"https:\/\/www.rmcr.org\/en\/wp-json\/wp\/v2\/tags?post=18890"}],"curies":[{"name":"wp","href":"https:\/\/api.w.org\/{rel}","templated":true}]}}