{"id":18840,"date":"2015-05-18T16:21:58","date_gmt":"2015-05-18T16:21:58","guid":{"rendered":"https:\/\/www.rmcr.org\/?p=18840"},"modified":"2025-02-11T16:12:45","modified_gmt":"2025-02-11T16:12:45","slug":"vi-concurso-de-alta-escuela-espanola-ciudad-de-ronda","status":"publish","type":"post","link":"https:\/\/www.rmcr.org\/en\/2015\/05\/18\/vi-concurso-de-alta-escuela-espanola-ciudad-de-ronda\/","title":{"rendered":"VI Concurso de Alta Escuela Espa\u00f1ola Ciudad de Ronda"},"content":{"rendered":"\t\t<div data-elementor-type=\"wp-post\" data-elementor-id=\"18840\" class=\"elementor elementor-18840\" data-elementor-post-type=\"post\">\n\t\t\t\t\t\t<section class=\"elementor-section elementor-top-section elementor-element elementor-element-aefc1e6 elementor-section-boxed elementor-section-height-default elementor-section-height-default\" data-id=\"aefc1e6\" data-element_type=\"section\" data-e-type=\"section\">\n\t\t\t\t\t\t<div class=\"elementor-container elementor-column-gap-default\">\n\t\t\t\t\t<div class=\"elementor-column elementor-col-100 elementor-top-column elementor-element elementor-element-aa4a0ca\" data-id=\"aa4a0ca\" data-element_type=\"column\" data-e-type=\"column\">\n\t\t\t<div class=\"elementor-widget-wrap elementor-element-populated\">\n\t\t\t\t\t\t<div class=\"elementor-element elementor-element-2988d6c elementor-widget elementor-widget-text-editor\" data-id=\"2988d6c\" data-element_type=\"widget\" data-e-type=\"widget\" data-widget_type=\"text-editor.default\">\n\t\t\t\t<div class=\"elementor-widget-container\">\n\t\t\t\t\t\t\t\t\t<p>Este Concurso, que por vez primera se ha celebrado en el ruedo de la Maestranza de Ronda, ha sido organizado por la Asociaci\u00f3n H\u00edpica de Ronda en colaboraci\u00f3n con la Real Maestranza de Caballer\u00eda de Ronda y el Excmo. Ayuntamiento de Ronda, y regulado por la Federaci\u00f3n H\u00edpica Andaluza.<\/p><p><strong>Un \u00e9xito de p\u00fablico<\/strong><\/p><p>A pesar de abrir las puertas media hora antes del comienzo, hubo que retrasar el inicio debido a la gran cantidad de p\u00fablico interesado en presenciar el desarrollo de las pruebas. Unas tres mil cuatrocientas personas llenaron los tendidos de la plaza hasta las nueve y media de la noche cuando tuvo lugar la ceremonia de entrega de trofeos, una vez presentada su reprise el \u00faltimo participante de la prueba m\u00e1s importante del Concurso en la que fue vencedor el jinete procedente del Rinc\u00f3n de la Victoria Alejandro Cadena Quiles con su caballo Eco la Paca.<\/p><p><strong>Alta Escuela Espa\u00f1ola<\/strong><\/p><p>Los or\u00edgenes de la Alta Escuela se remontan a la Edad Media, cuando oficiales de todas las caballer\u00edas europeas empezaron a practicar ejercicios con \u00e1nimo de mejorar su manejo del caballo. Las tradiciones de los grandes maestros que originaron lo que hoy conocemos por Doma Cl\u00e1sica, siguen mantenidas en las escuelas que a\u00fan siguen en activo, como en la RMR. De su evoluci\u00f3n a lo largo de los siglos y la inquietud por un mayor desarrollo en esta disciplina se crearon las Altas Escuelas, en las que la tradici\u00f3n cl\u00e1sica de la doma est\u00e1 considerada una forma de arte.<\/p><div id=\"ir-ext-ui\" style=\"color: #000000; font-size: 16px; line-height: 16px; background-color: #f7f7f7; border: 1px solid #999999; border-radius: 1px; top: 1px; right: 1px;\"><div class=\"ir-ext-dimensions\"><span class=\"ir-ext-rendered\" title=\"Rendered image dimensions (after any scaling\/resizing has been applied)\"> x <\/span> <span class=\"ir-ext-natural\" title=\"Natural image dimensions (without applying any scaling\/resizing)\"> (x) <\/span><\/div><div class=\"ir-ext-filesize\">\u00a0<\/div><\/div>\t\t\t\t\t\t\t\t<\/div>\n\t\t\t\t<\/div>\n\t\t\t\t\t<\/div>\n\t\t<\/div>\n\t\t\t\t\t<\/div>\n\t\t<\/section>\n\t\t\t\t<section class=\"elementor-section elementor-top-section elementor-element elementor-element-ddc3192 elementor-section-boxed elementor-section-height-default elementor-section-height-default\" data-id=\"ddc3192\" data-element_type=\"section\" data-e-type=\"section\">\n\t\t\t\t\t\t<div class=\"elementor-container elementor-column-gap-default\">\n\t\t\t\t\t<div class=\"elementor-column elementor-col-100 elementor-top-column elementor-element elementor-element-d3e9654\" data-id=\"d3e9654\" data-element_type=\"column\" data-e-type=\"column\">\n\t\t\t<div class=\"elementor-widget-wrap elementor-element-populated\">\n\t\t\t\t\t\t<div class=\"elementor-element elementor-element-d6fb9c4 elementor-widget elementor-widget-image\" data-id=\"d6fb9c4\" data-element_type=\"widget\" data-e-type=\"widget\" data-widget_type=\"image.default\">\n\t\t\t\t<div class=\"elementor-widget-container\">\n\t\t\t\t\t\t\t\t\t\t\t\t\t\t\t<img fetchpriority=\"high\" decoding=\"async\" width=\"500\" height=\"707\" src=\"https:\/\/www.rmcr.org\/wp-content\/uploads\/2023\/10\/vi-concurso-alta-escuela-equitacion-ronda.png\" class=\"attachment-large size-large wp-image-18842\" alt=\"\" srcset=\"https:\/\/www.rmcr.org\/wp-content\/uploads\/2023\/10\/vi-concurso-alta-escuela-equitacion-ronda.png 500w, https:\/\/www.rmcr.org\/wp-content\/uploads\/2023\/10\/vi-concurso-alta-escuela-equitacion-ronda-212x300.png 212w\" sizes=\"(max-width: 500px) 100vw, 500px\" \/>\t\t\t\t\t\t\t\t\t\t\t\t\t\t\t<\/div>\n\t\t\t\t<\/div>\n\t\t\t\t\t<\/div>\n\t\t<\/div>\n\t\t\t\t\t<\/div>\n\t\t<\/section>\n\t\t\t\t<\/div>\n\t\t","protected":false},"excerpt":{"rendered":"<p>La Maestranza de Ronda acogi\u00f3 el pasado s\u00e1bado 16 de mayo el VI Concurso h\u00edpico de Alta Escuela Espa\u00f1ola Ciudad de Ronda, con motivo de la celebraci\u00f3n de la III edici\u00f3n de Ronda Rom\u00e1ntica, en el que participaron 14 jinetes procedentes de toda Andaluc\u00eda. <\/p>\n","protected":false},"author":4,"featured_media":18841,"comment_status":"open","ping_status":"open","sticky":false,"template":"","format":"standard","meta":{"footnotes":""},"categories":[56],"tags":[640,96,114],"class_list":["post-18840","post","type-post","status-publish","format-standard","has-post-thumbnail","hentry","category-escuela-de-equitacion","tag-concunso","tag-equitacion","tag-ronda"],"yoast_head":"<!-- This site is optimized with the Yoast SEO plugin v27.5 - https:\/\/yoast.com\/product\/yoast-seo-wordpress\/ -->\n<title>VI Concurso de Alta Escuela Espa\u00f1ola Ciudad de Ronda - Real Maestranza de Caballer\u00eda de Ronda<\/title>\n<meta name=\"robots\" content=\"index, follow, max-snippet:-1, max-image-preview:large, max-video-preview:-1\" \/>\n<link rel=\"canonical\" href=\"https:\/\/www.rmcr.org\/en\/2015\/05\/18\/vi-concurso-de-alta-escuela-espanola-ciudad-de-ronda\/\" \/>\n<meta property=\"og:locale\" content=\"en_US\" \/>\n<meta property=\"og:type\" content=\"article\" \/>\n<meta property=\"og:title\" content=\"VI Concurso de Alta Escuela Espa\u00f1ola Ciudad de Ronda - Real Maestranza de Caballer\u00eda de Ronda\" \/>\n<meta property=\"og:description\" content=\"La Maestranza de Ronda acogi\u00f3 el pasado s\u00e1bado 16 de mayo el VI Concurso h\u00edpico de Alta Escuela Espa\u00f1ola Ciudad de Ronda, con motivo de la celebraci\u00f3n de la III edici\u00f3n de Ronda Rom\u00e1ntica, en el que participaron 14 jinetes procedentes de toda Andaluc\u00eda.\" \/>\n<meta property=\"og:url\" content=\"https:\/\/www.rmcr.org\/en\/2015\/05\/18\/vi-concurso-de-alta-escuela-espanola-ciudad-de-ronda\/\" \/>\n<meta property=\"og:site_name\" content=\"Real Maestranza de Caballer\u00eda de Ronda\" \/>\n<meta property=\"article:publisher\" content=\"https:\/\/www.facebook.com\/plazadetorosronda\" \/>\n<meta property=\"article:published_time\" content=\"2015-05-18T16:21:58+00:00\" \/>\n<meta property=\"article:modified_time\" content=\"2025-02-11T16:12:45+00:00\" \/>\n<meta property=\"og:image\" content=\"https:\/\/www.rmcr.org\/wp-content\/uploads\/2023\/10\/vi-concurso-alta-escuela-equitacion-ronda.png\" \/>\n\t<meta property=\"og:image:width\" content=\"500\" \/>\n\t<meta property=\"og:image:height\" content=\"707\" \/>\n\t<meta property=\"og:image:type\" content=\"image\/png\" \/>\n<meta name=\"author\" content=\"ACTIVIDAD\" \/>\n<meta name=\"twitter:card\" content=\"summary_large_image\" \/>\n<meta name=\"twitter:creator\" content=\"@PlazatorosRMR\" \/>\n<meta name=\"twitter:site\" content=\"@PlazatorosRMR\" \/>\n<meta name=\"twitter:label1\" content=\"Written by\" \/>\n\t<meta name=\"twitter:data1\" content=\"ACTIVIDAD\" \/>\n\t<meta name=\"twitter:label2\" content=\"Est. reading time\" \/>\n\t<meta name=\"twitter:data2\" content=\"2 minutes\" \/>\n<script type=\"application\/ld+json\" class=\"yoast-schema-graph\">{\"@context\":\"https:\\\/\\\/schema.org\",\"@graph\":[{\"@type\":\"Article\",\"@id\":\"https:\\\/\\\/www.rmcr.org\\\/en\\\/2015\\\/05\\\/18\\\/vi-concurso-de-alta-escuela-espanola-ciudad-de-ronda\\\/#article\",\"isPartOf\":{\"@id\":\"https:\\\/\\\/www.rmcr.org\\\/en\\\/2015\\\/05\\\/18\\\/vi-concurso-de-alta-escuela-espanola-ciudad-de-ronda\\\/\"},\"author\":{\"name\":\"ACTIVIDAD\",\"@id\":\"https:\\\/\\\/www.rmcr.org\\\/en\\\/#\\\/schema\\\/person\\\/826ea4b159de99b4731c8f519477737b\"},\"headline\":\"VI Concurso de Alta Escuela Espa\u00f1ola Ciudad de Ronda\",\"datePublished\":\"2015-05-18T16:21:58+00:00\",\"dateModified\":\"2025-02-11T16:12:45+00:00\",\"mainEntityOfPage\":{\"@id\":\"https:\\\/\\\/www.rmcr.org\\\/en\\\/2015\\\/05\\\/18\\\/vi-concurso-de-alta-escuela-espanola-ciudad-de-ronda\\\/\"},\"wordCount\":281,\"commentCount\":0,\"publisher\":{\"@id\":\"https:\\\/\\\/www.rmcr.org\\\/en\\\/#organization\"},\"image\":{\"@id\":\"https:\\\/\\\/www.rmcr.org\\\/en\\\/2015\\\/05\\\/18\\\/vi-concurso-de-alta-escuela-espanola-ciudad-de-ronda\\\/#primaryimage\"},\"thumbnailUrl\":\"https:\\\/\\\/www.rmcr.org\\\/wp-content\\\/uploads\\\/2023\\\/10\\\/vi-concurso-alta-escuela-equitacion-ronda.png\",\"keywords\":[\"Concunso\",\"Equitaci\u00f3n\",\"Ronda\"],\"articleSection\":[\"Escuela de Equitaci\u00f3n\"],\"inLanguage\":\"en-US\",\"potentialAction\":[{\"@type\":\"CommentAction\",\"name\":\"Comment\",\"target\":[\"https:\\\/\\\/www.rmcr.org\\\/en\\\/2015\\\/05\\\/18\\\/vi-concurso-de-alta-escuela-espanola-ciudad-de-ronda\\\/#respond\"]}]},{\"@type\":\"WebPage\",\"@id\":\"https:\\\/\\\/www.rmcr.org\\\/en\\\/2015\\\/05\\\/18\\\/vi-concurso-de-alta-escuela-espanola-ciudad-de-ronda\\\/\",\"url\":\"https:\\\/\\\/www.rmcr.org\\\/en\\\/2015\\\/05\\\/18\\\/vi-concurso-de-alta-escuela-espanola-ciudad-de-ronda\\\/\",\"name\":\"VI Concurso de Alta Escuela Espa\u00f1ola Ciudad de Ronda - Real Maestranza de Caballer\u00eda de Ronda\",\"isPartOf\":{\"@id\":\"https:\\\/\\\/www.rmcr.org\\\/en\\\/#website\"},\"primaryImageOfPage\":{\"@id\":\"https:\\\/\\\/www.rmcr.org\\\/en\\\/2015\\\/05\\\/18\\\/vi-concurso-de-alta-escuela-espanola-ciudad-de-ronda\\\/#primaryimage\"},\"image\":{\"@id\":\"https:\\\/\\\/www.rmcr.org\\\/en\\\/2015\\\/05\\\/18\\\/vi-concurso-de-alta-escuela-espanola-ciudad-de-ronda\\\/#primaryimage\"},\"thumbnailUrl\":\"https:\\\/\\\/www.rmcr.org\\\/wp-content\\\/uploads\\\/2023\\\/10\\\/vi-concurso-alta-escuela-equitacion-ronda.png\",\"datePublished\":\"2015-05-18T16:21:58+00:00\",\"dateModified\":\"2025-02-11T16:12:45+00:00\",\"breadcrumb\":{\"@id\":\"https:\\\/\\\/www.rmcr.org\\\/en\\\/2015\\\/05\\\/18\\\/vi-concurso-de-alta-escuela-espanola-ciudad-de-ronda\\\/#breadcrumb\"},\"inLanguage\":\"en-US\",\"potentialAction\":[{\"@type\":\"ReadAction\",\"target\":[\"https:\\\/\\\/www.rmcr.org\\\/en\\\/2015\\\/05\\\/18\\\/vi-concurso-de-alta-escuela-espanola-ciudad-de-ronda\\\/\"]}]},{\"@type\":\"ImageObject\",\"inLanguage\":\"en-US\",\"@id\":\"https:\\\/\\\/www.rmcr.org\\\/en\\\/2015\\\/05\\\/18\\\/vi-concurso-de-alta-escuela-espanola-ciudad-de-ronda\\\/#primaryimage\",\"url\":\"https:\\\/\\\/www.rmcr.org\\\/wp-content\\\/uploads\\\/2023\\\/10\\\/vi-concurso-alta-escuela-equitacion-ronda.png\",\"contentUrl\":\"https:\\\/\\\/www.rmcr.org\\\/wp-content\\\/uploads\\\/2023\\\/10\\\/vi-concurso-alta-escuela-equitacion-ronda.png\",\"width\":500,\"height\":707},{\"@type\":\"BreadcrumbList\",\"@id\":\"https:\\\/\\\/www.rmcr.org\\\/en\\\/2015\\\/05\\\/18\\\/vi-concurso-de-alta-escuela-espanola-ciudad-de-ronda\\\/#breadcrumb\",\"itemListElement\":[{\"@type\":\"ListItem\",\"position\":1,\"name\":\"REAL MAESTRANZA DE CABALLER\u00cdA DE RONDA\",\"item\":\"https:\\\/\\\/www.rmcr.org\\\/en\\\/\"},{\"@type\":\"ListItem\",\"position\":2,\"name\":\"VI Concurso de Alta Escuela Espa\u00f1ola Ciudad de Ronda\"}]},{\"@type\":\"WebSite\",\"@id\":\"https:\\\/\\\/www.rmcr.org\\\/en\\\/#website\",\"url\":\"https:\\\/\\\/www.rmcr.org\\\/en\\\/\",\"name\":\"Real Maestranza de Caballer\u00eda de Ronda\",\"description\":\"Real Maestranza de Caballer\u00eda de Ronda\",\"publisher\":{\"@id\":\"https:\\\/\\\/www.rmcr.org\\\/en\\\/#organization\"},\"alternateName\":\"RMCR\",\"potentialAction\":[{\"@type\":\"SearchAction\",\"target\":{\"@type\":\"EntryPoint\",\"urlTemplate\":\"https:\\\/\\\/www.rmcr.org\\\/en\\\/?s={search_term_string}\"},\"query-input\":{\"@type\":\"PropertyValueSpecification\",\"valueRequired\":true,\"valueName\":\"search_term_string\"}}],\"inLanguage\":\"en-US\"},{\"@type\":\"Organization\",\"@id\":\"https:\\\/\\\/www.rmcr.org\\\/en\\\/#organization\",\"name\":\"Real Maestranza de Caballer\u00eda de Ronda\",\"alternateName\":\"RMR\",\"url\":\"https:\\\/\\\/www.rmcr.org\\\/en\\\/\",\"logo\":{\"@type\":\"ImageObject\",\"inLanguage\":\"en-US\",\"@id\":\"https:\\\/\\\/www.rmcr.org\\\/en\\\/#\\\/schema\\\/logo\\\/image\\\/\",\"url\":\"https:\\\/\\\/www.rmcr.org\\\/wp-content\\\/uploads\\\/2022\\\/07\\\/logo-rmr-blue.svg\",\"contentUrl\":\"https:\\\/\\\/www.rmcr.org\\\/wp-content\\\/uploads\\\/2022\\\/07\\\/logo-rmr-blue.svg\",\"width\":131,\"height\":129,\"caption\":\"Real Maestranza de Caballer\u00eda de Ronda\"},\"image\":{\"@id\":\"https:\\\/\\\/www.rmcr.org\\\/en\\\/#\\\/schema\\\/logo\\\/image\\\/\"},\"sameAs\":[\"https:\\\/\\\/www.facebook.com\\\/plazadetorosronda\",\"https:\\\/\\\/x.com\\\/PlazatorosRMR\",\"https:\\\/\\\/www.instagram.com\\\/realmaestranzaderonda\\\/\",\"https:\\\/\\\/www.youtube.com\\\/channel\\\/UCrbO5IUN-8v_QML739vM4zg\\\/videos\"]},{\"@type\":\"Person\",\"@id\":\"https:\\\/\\\/www.rmcr.org\\\/en\\\/#\\\/schema\\\/person\\\/826ea4b159de99b4731c8f519477737b\",\"name\":\"ACTIVIDAD\",\"image\":{\"@type\":\"ImageObject\",\"inLanguage\":\"en-US\",\"@id\":\"https:\\\/\\\/www.rmcr.org\\\/wp-content\\\/uploads\\\/2022\\\/11\\\/avatar-rmcr-96x96.png\",\"url\":\"https:\\\/\\\/www.rmcr.org\\\/wp-content\\\/uploads\\\/2022\\\/11\\\/avatar-rmcr-96x96.png\",\"contentUrl\":\"https:\\\/\\\/www.rmcr.org\\\/wp-content\\\/uploads\\\/2022\\\/11\\\/avatar-rmcr-96x96.png\",\"caption\":\"ACTIVIDAD\"},\"url\":\"https:\\\/\\\/www.rmcr.org\\\/en\\\/author\\\/alfonso-prado\\\/\"}]}<\/script>\n<!-- \/ Yoast SEO plugin. -->","yoast_head_json":{"title":"VI Concurso de Alta Escuela Espa\u00f1ola Ciudad de Ronda - Real Maestranza de Caballer\u00eda de Ronda","robots":{"index":"index","follow":"follow","max-snippet":"max-snippet:-1","max-image-preview":"max-image-preview:large","max-video-preview":"max-video-preview:-1"},"canonical":"https:\/\/www.rmcr.org\/en\/2015\/05\/18\/vi-concurso-de-alta-escuela-espanola-ciudad-de-ronda\/","og_locale":"en_US","og_type":"article","og_title":"VI Concurso de Alta Escuela Espa\u00f1ola Ciudad de Ronda - Real Maestranza de Caballer\u00eda de Ronda","og_description":"La Maestranza de Ronda acogi\u00f3 el pasado s\u00e1bado 16 de mayo el VI Concurso h\u00edpico de Alta Escuela Espa\u00f1ola Ciudad de Ronda, con motivo de la celebraci\u00f3n de la III edici\u00f3n de Ronda Rom\u00e1ntica, en el que participaron 14 jinetes procedentes de toda Andaluc\u00eda.","og_url":"https:\/\/www.rmcr.org\/en\/2015\/05\/18\/vi-concurso-de-alta-escuela-espanola-ciudad-de-ronda\/","og_site_name":"Real Maestranza de Caballer\u00eda de Ronda","article_publisher":"https:\/\/www.facebook.com\/plazadetorosronda","article_published_time":"2015-05-18T16:21:58+00:00","article_modified_time":"2025-02-11T16:12:45+00:00","og_image":[{"width":500,"height":707,"url":"https:\/\/www.rmcr.org\/wp-content\/uploads\/2023\/10\/vi-concurso-alta-escuela-equitacion-ronda.png","type":"image\/png"}],"author":"ACTIVIDAD","twitter_card":"summary_large_image","twitter_creator":"@PlazatorosRMR","twitter_site":"@PlazatorosRMR","twitter_misc":{"Written by":"ACTIVIDAD","Est. reading time":"2 minutes"},"schema":{"@context":"https:\/\/schema.org","@graph":[{"@type":"Article","@id":"https:\/\/www.rmcr.org\/en\/2015\/05\/18\/vi-concurso-de-alta-escuela-espanola-ciudad-de-ronda\/#article","isPartOf":{"@id":"https:\/\/www.rmcr.org\/en\/2015\/05\/18\/vi-concurso-de-alta-escuela-espanola-ciudad-de-ronda\/"},"author":{"name":"ACTIVIDAD","@id":"https:\/\/www.rmcr.org\/en\/#\/schema\/person\/826ea4b159de99b4731c8f519477737b"},"headline":"VI Concurso de Alta Escuela Espa\u00f1ola Ciudad de Ronda","datePublished":"2015-05-18T16:21:58+00:00","dateModified":"2025-02-11T16:12:45+00:00","mainEntityOfPage":{"@id":"https:\/\/www.rmcr.org\/en\/2015\/05\/18\/vi-concurso-de-alta-escuela-espanola-ciudad-de-ronda\/"},"wordCount":281,"commentCount":0,"publisher":{"@id":"https:\/\/www.rmcr.org\/en\/#organization"},"image":{"@id":"https:\/\/www.rmcr.org\/en\/2015\/05\/18\/vi-concurso-de-alta-escuela-espanola-ciudad-de-ronda\/#primaryimage"},"thumbnailUrl":"https:\/\/www.rmcr.org\/wp-content\/uploads\/2023\/10\/vi-concurso-alta-escuela-equitacion-ronda.png","keywords":["Concunso","Equitaci\u00f3n","Ronda"],"articleSection":["Escuela de Equitaci\u00f3n"],"inLanguage":"en-US","potentialAction":[{"@type":"CommentAction","name":"Comment","target":["https:\/\/www.rmcr.org\/en\/2015\/05\/18\/vi-concurso-de-alta-escuela-espanola-ciudad-de-ronda\/#respond"]}]},{"@type":"WebPage","@id":"https:\/\/www.rmcr.org\/en\/2015\/05\/18\/vi-concurso-de-alta-escuela-espanola-ciudad-de-ronda\/","url":"https:\/\/www.rmcr.org\/en\/2015\/05\/18\/vi-concurso-de-alta-escuela-espanola-ciudad-de-ronda\/","name":"VI Concurso de Alta Escuela Espa\u00f1ola Ciudad de Ronda - Real Maestranza de Caballer\u00eda de Ronda","isPartOf":{"@id":"https:\/\/www.rmcr.org\/en\/#website"},"primaryImageOfPage":{"@id":"https:\/\/www.rmcr.org\/en\/2015\/05\/18\/vi-concurso-de-alta-escuela-espanola-ciudad-de-ronda\/#primaryimage"},"image":{"@id":"https:\/\/www.rmcr.org\/en\/2015\/05\/18\/vi-concurso-de-alta-escuela-espanola-ciudad-de-ronda\/#primaryimage"},"thumbnailUrl":"https:\/\/www.rmcr.org\/wp-content\/uploads\/2023\/10\/vi-concurso-alta-escuela-equitacion-ronda.png","datePublished":"2015-05-18T16:21:58+00:00","dateModified":"2025-02-11T16:12:45+00:00","breadcrumb":{"@id":"https:\/\/www.rmcr.org\/en\/2015\/05\/18\/vi-concurso-de-alta-escuela-espanola-ciudad-de-ronda\/#breadcrumb"},"inLanguage":"en-US","potentialAction":[{"@type":"ReadAction","target":["https:\/\/www.rmcr.org\/en\/2015\/05\/18\/vi-concurso-de-alta-escuela-espanola-ciudad-de-ronda\/"]}]},{"@type":"ImageObject","inLanguage":"en-US","@id":"https:\/\/www.rmcr.org\/en\/2015\/05\/18\/vi-concurso-de-alta-escuela-espanola-ciudad-de-ronda\/#primaryimage","url":"https:\/\/www.rmcr.org\/wp-content\/uploads\/2023\/10\/vi-concurso-alta-escuela-equitacion-ronda.png","contentUrl":"https:\/\/www.rmcr.org\/wp-content\/uploads\/2023\/10\/vi-concurso-alta-escuela-equitacion-ronda.png","width":500,"height":707},{"@type":"BreadcrumbList","@id":"https:\/\/www.rmcr.org\/en\/2015\/05\/18\/vi-concurso-de-alta-escuela-espanola-ciudad-de-ronda\/#breadcrumb","itemListElement":[{"@type":"ListItem","position":1,"name":"REAL MAESTRANZA DE CABALLER\u00cdA DE RONDA","item":"https:\/\/www.rmcr.org\/en\/"},{"@type":"ListItem","position":2,"name":"VI Concurso de Alta Escuela Espa\u00f1ola Ciudad de Ronda"}]},{"@type":"WebSite","@id":"https:\/\/www.rmcr.org\/en\/#website","url":"https:\/\/www.rmcr.org\/en\/","name":"Real Maestranza de Caballer\u00eda de Ronda","description":"Real Maestranza de Caballer\u00eda de Ronda","publisher":{"@id":"https:\/\/www.rmcr.org\/en\/#organization"},"alternateName":"RMCR","potentialAction":[{"@type":"SearchAction","target":{"@type":"EntryPoint","urlTemplate":"https:\/\/www.rmcr.org\/en\/?s={search_term_string}"},"query-input":{"@type":"PropertyValueSpecification","valueRequired":true,"valueName":"search_term_string"}}],"inLanguage":"en-US"},{"@type":"Organization","@id":"https:\/\/www.rmcr.org\/en\/#organization","name":"Real Maestranza de Caballer\u00eda de Ronda","alternateName":"RMR","url":"https:\/\/www.rmcr.org\/en\/","logo":{"@type":"ImageObject","inLanguage":"en-US","@id":"https:\/\/www.rmcr.org\/en\/#\/schema\/logo\/image\/","url":"https:\/\/www.rmcr.org\/wp-content\/uploads\/2022\/07\/logo-rmr-blue.svg","contentUrl":"https:\/\/www.rmcr.org\/wp-content\/uploads\/2022\/07\/logo-rmr-blue.svg","width":131,"height":129,"caption":"Real Maestranza de Caballer\u00eda de Ronda"},"image":{"@id":"https:\/\/www.rmcr.org\/en\/#\/schema\/logo\/image\/"},"sameAs":["https:\/\/www.facebook.com\/plazadetorosronda","https:\/\/x.com\/PlazatorosRMR","https:\/\/www.instagram.com\/realmaestranzaderonda\/","https:\/\/www.youtube.com\/channel\/UCrbO5IUN-8v_QML739vM4zg\/videos"]},{"@type":"Person","@id":"https:\/\/www.rmcr.org\/en\/#\/schema\/person\/826ea4b159de99b4731c8f519477737b","name":"ACTIVIDAD","image":{"@type":"ImageObject","inLanguage":"en-US","@id":"https:\/\/www.rmcr.org\/wp-content\/uploads\/2022\/11\/avatar-rmcr-96x96.png","url":"https:\/\/www.rmcr.org\/wp-content\/uploads\/2022\/11\/avatar-rmcr-96x96.png","contentUrl":"https:\/\/www.rmcr.org\/wp-content\/uploads\/2022\/11\/avatar-rmcr-96x96.png","caption":"ACTIVIDAD"},"url":"https:\/\/www.rmcr.org\/en\/author\/alfonso-prado\/"}]}},"_links":{"self":[{"href":"https:\/\/www.rmcr.org\/en\/wp-json\/wp\/v2\/posts\/18840","targetHints":{"allow":["GET"]}}],"collection":[{"href":"https:\/\/www.rmcr.org\/en\/wp-json\/wp\/v2\/posts"}],"about":[{"href":"https:\/\/www.rmcr.org\/en\/wp-json\/wp\/v2\/types\/post"}],"author":[{"embeddable":true,"href":"https:\/\/www.rmcr.org\/en\/wp-json\/wp\/v2\/users\/4"}],"replies":[{"embeddable":true,"href":"https:\/\/www.rmcr.org\/en\/wp-json\/wp\/v2\/comments?post=18840"}],"version-history":[{"count":4,"href":"https:\/\/www.rmcr.org\/en\/wp-json\/wp\/v2\/posts\/18840\/revisions"}],"predecessor-version":[{"id":18846,"href":"https:\/\/www.rmcr.org\/en\/wp-json\/wp\/v2\/posts\/18840\/revisions\/18846"}],"wp:featuredmedia":[{"embeddable":true,"href":"https:\/\/www.rmcr.org\/en\/wp-json\/wp\/v2\/media\/18841"}],"wp:attachment":[{"href":"https:\/\/www.rmcr.org\/en\/wp-json\/wp\/v2\/media?parent=18840"}],"wp:term":[{"taxonomy":"category","embeddable":true,"href":"https:\/\/www.rmcr.org\/en\/wp-json\/wp\/v2\/categories?post=18840"},{"taxonomy":"post_tag","embeddable":true,"href":"https:\/\/www.rmcr.org\/en\/wp-json\/wp\/v2\/tags?post=18840"}],"curies":[{"name":"wp","href":"https:\/\/api.w.org\/{rel}","templated":true}]}}