{"id":188,"date":"2014-01-23T11:36:51","date_gmt":"2014-01-23T11:36:51","guid":{"rendered":"https:\/\/www.rmcr.org\/?p=188"},"modified":"2025-04-04T10:31:47","modified_gmt":"2025-04-04T10:31:47","slug":"las-elites-en-la-historia-nuevo-libro-de-la-maestranza-de-ronda","status":"publish","type":"post","link":"https:\/\/www.rmcr.org\/en\/2014\/01\/23\/las-elites-en-la-historia-nuevo-libro-de-la-maestranza-de-ronda\/","title":{"rendered":"&#8220;Las \u00e9lites en la historia&#8221;, nuevo libro de la Maestranza de Ronda"},"content":{"rendered":"<p style=\"text-align:justify;\">La Real Maestranza de Caballer\u00eda de Ronda publica, en coedici\u00f3n con la Editorial Pre-Textos, el libro\u00a0<i>Las \u00e9lites en la historia<\/i>, que\u00a0re\u00fane los textos de las conferencias monogr\u00e1ficas organizadas entre 2009-2011 por el Centro de Estudios Hist\u00f3ricos de la Instituci\u00f3n. El CEH est\u00e1 especializado en la investigaci\u00f3n y difusi\u00f3n de las materias relacionadas con el estamento nobiliario, las \u00e9lites hereditarias y otras \u00e9lites sociales que se han sucedido a lo largo de la historia. Pretende fomentar el estudio de todas las facetas y enfoques de la sociedad estamental y la evoluci\u00f3n de las clases dirigentes, desde los meramente geneal\u00f3gicos y prosopogr\u00e1ficos a los concernientes a las relaciones de poder o la historia de las ideas.<\/p>\n<p style=\"text-align:center;\"><a href=\"https:\/\/www.rmcr.org\/wp-content\/uploads\/2014\/01\/elite1.jpg\"><img fetchpriority=\"high\" decoding=\"async\" class=\"aligncenter wp-image-191\" src=\"https:\/\/www.rmcr.org\/wp-content\/uploads\/2014\/01\/elite1.jpg\" alt=\"elite\" width=\"338\" height=\"485\" \/><\/a><\/p>\n<p style=\"text-align:justify;\"><span style=\"text-decoration:underline;\">Ficha t\u00e9cnica<\/span><\/p>\n<p style=\"text-align:justify;\"><strong>T\u00edtulo:<\/strong> Las \u00e9lites en la historia<br \/>\n<strong>Autor:<\/strong> AA.VV.<br \/>\n<strong>Pr\u00f3logo:<\/strong> Rafael Atienza<br \/>\n<strong>Edici\u00f3n:<\/strong> Real Maestranza Caballer\u00eda de Ronda y\u00a0Editorial Pre-Textos<br \/>\n<strong>Fecha:<\/strong> Diciembre 2013<br \/>\n<strong>ISBN:<\/strong> 978-84-15297-99-4<br \/>\n<strong>P\u00e1ginas:<\/strong> 402<br \/>\n<strong>Formato:<\/strong> 21&#215;15 cm<br \/>\n<strong>Precio:<\/strong> 22 euros<\/p>\n<p style=\"text-align:justify;\"><a href=\"http:\/\/www.pre-textos.com\/escaparate\/product_info.php?products_id=1511\">Descripci\u00f3n del libro en la Editorial Pre-Textos<\/a><\/p>\n<p style=\"text-align:justify;\"><a href=\"http:\/\/www.rmcr.org\/es\/cultura_actividades_publicaciones.html\">Secci\u00f3n de Publicaciones en la Real Maestranza de Caballer\u00eda de Ronda<\/a><\/p>\n","protected":false},"excerpt":{"rendered":"<p>La Real Maestranza de Caballer\u00eda de Ronda publica, en coedici\u00f3n con la Editorial Pre-Textos, el libro\u00a0Las \u00e9lites en la historia, que\u00a0re\u00fane los textos de las conferencias monogr\u00e1ficas organizadas entre 2009-2011 por el Centro de Estudios Hist\u00f3ricos de la Instituci\u00f3n. El CEH est\u00e1 especializado en la investigaci\u00f3n y difusi\u00f3n de las materias relacionadas con el estamento [&hellip;]<\/p>\n","protected":false},"author":4,"featured_media":196,"comment_status":"open","ping_status":"open","sticky":false,"template":"","format":"standard","meta":{"footnotes":""},"categories":[200,138],"tags":[105,180,136,179,137],"class_list":["post-188","post","type-post","status-publish","format-standard","has-post-thumbnail","hentry","category-actividad","category-publicaciones","tag-biblioteca-general","tag-centro-de-estudios-historicos","tag-editorial-pre-textos","tag-elites-de-poder","tag-libros"],"yoast_head":"<!-- This site is optimized with the Yoast SEO plugin v27.5 - https:\/\/yoast.com\/product\/yoast-seo-wordpress\/ -->\n<title>&quot;Las \u00e9lites en la historia&quot;, nuevo libro de la Maestranza de Ronda - Real Maestranza de Caballer\u00eda de Ronda<\/title>\n<meta name=\"robots\" content=\"index, follow, max-snippet:-1, max-image-preview:large, max-video-preview:-1\" \/>\n<link rel=\"canonical\" href=\"https:\/\/www.rmcr.org\/en\/2014\/01\/23\/las-elites-en-la-historia-nuevo-libro-de-la-maestranza-de-ronda\/\" \/>\n<meta property=\"og:locale\" content=\"en_US\" \/>\n<meta property=\"og:type\" content=\"article\" \/>\n<meta property=\"og:title\" content=\"&quot;Las \u00e9lites en la historia&quot;, nuevo libro de la Maestranza de Ronda - Real Maestranza de Caballer\u00eda de Ronda\" \/>\n<meta property=\"og:description\" content=\"La Real Maestranza de Caballer\u00eda de Ronda publica, en coedici\u00f3n con la Editorial Pre-Textos, el libro\u00a0Las \u00e9lites en la historia, que\u00a0re\u00fane los textos de las conferencias monogr\u00e1ficas organizadas entre 2009-2011 por el Centro de Estudios Hist\u00f3ricos de la Instituci\u00f3n. El CEH est\u00e1 especializado en la investigaci\u00f3n y difusi\u00f3n de las materias relacionadas con el estamento [&hellip;]\" \/>\n<meta property=\"og:url\" content=\"https:\/\/www.rmcr.org\/en\/2014\/01\/23\/las-elites-en-la-historia-nuevo-libro-de-la-maestranza-de-ronda\/\" \/>\n<meta property=\"og:site_name\" content=\"Real Maestranza de Caballer\u00eda de Ronda\" \/>\n<meta property=\"article:publisher\" content=\"https:\/\/www.facebook.com\/plazadetorosronda\" \/>\n<meta property=\"article:published_time\" content=\"2014-01-23T11:36:51+00:00\" \/>\n<meta property=\"article:modified_time\" content=\"2025-04-04T10:31:47+00:00\" \/>\n<meta property=\"og:image\" content=\"https:\/\/www.rmcr.org\/wp-content\/uploads\/2014\/01\/elit1.jpg\" \/>\n\t<meta property=\"og:image:width\" content=\"469\" \/>\n\t<meta property=\"og:image:height\" content=\"138\" \/>\n\t<meta property=\"og:image:type\" content=\"image\/jpeg\" \/>\n<meta name=\"author\" content=\"ACTIVIDAD\" \/>\n<meta name=\"twitter:card\" content=\"summary_large_image\" \/>\n<meta name=\"twitter:creator\" content=\"@PlazatorosRMR\" \/>\n<meta name=\"twitter:site\" content=\"@PlazatorosRMR\" \/>\n<meta name=\"twitter:label1\" content=\"Written by\" \/>\n\t<meta name=\"twitter:data1\" content=\"ACTIVIDAD\" \/>\n\t<meta name=\"twitter:label2\" content=\"Est. reading time\" \/>\n\t<meta name=\"twitter:data2\" content=\"1 minute\" \/>\n<script type=\"application\/ld+json\" class=\"yoast-schema-graph\">{\"@context\":\"https:\\\/\\\/schema.org\",\"@graph\":[{\"@type\":\"Article\",\"@id\":\"https:\\\/\\\/www.rmcr.org\\\/en\\\/2014\\\/01\\\/23\\\/las-elites-en-la-historia-nuevo-libro-de-la-maestranza-de-ronda\\\/#article\",\"isPartOf\":{\"@id\":\"https:\\\/\\\/www.rmcr.org\\\/en\\\/2014\\\/01\\\/23\\\/las-elites-en-la-historia-nuevo-libro-de-la-maestranza-de-ronda\\\/\"},\"author\":{\"name\":\"ACTIVIDAD\",\"@id\":\"https:\\\/\\\/www.rmcr.org\\\/en\\\/#\\\/schema\\\/person\\\/826ea4b159de99b4731c8f519477737b\"},\"headline\":\"&#8220;Las \u00e9lites en la historia&#8221;, nuevo libro de la Maestranza de Ronda\",\"datePublished\":\"2014-01-23T11:36:51+00:00\",\"dateModified\":\"2025-04-04T10:31:47+00:00\",\"mainEntityOfPage\":{\"@id\":\"https:\\\/\\\/www.rmcr.org\\\/en\\\/2014\\\/01\\\/23\\\/las-elites-en-la-historia-nuevo-libro-de-la-maestranza-de-ronda\\\/\"},\"wordCount\":202,\"commentCount\":0,\"publisher\":{\"@id\":\"https:\\\/\\\/www.rmcr.org\\\/en\\\/#organization\"},\"image\":{\"@id\":\"https:\\\/\\\/www.rmcr.org\\\/en\\\/2014\\\/01\\\/23\\\/las-elites-en-la-historia-nuevo-libro-de-la-maestranza-de-ronda\\\/#primaryimage\"},\"thumbnailUrl\":\"https:\\\/\\\/www.rmcr.org\\\/wp-content\\\/uploads\\\/2014\\\/01\\\/elit1.jpg\",\"keywords\":[\"Biblioteca\",\"Centro de Estudios Hist\u00f3ricos\",\"Editorial Pre-Textos\",\"\u00c9lites de poder\",\"Libros\"],\"articleSection\":[\"Actividad\",\"Publicaciones\"],\"inLanguage\":\"en-US\",\"potentialAction\":[{\"@type\":\"CommentAction\",\"name\":\"Comment\",\"target\":[\"https:\\\/\\\/www.rmcr.org\\\/en\\\/2014\\\/01\\\/23\\\/las-elites-en-la-historia-nuevo-libro-de-la-maestranza-de-ronda\\\/#respond\"]}]},{\"@type\":\"WebPage\",\"@id\":\"https:\\\/\\\/www.rmcr.org\\\/en\\\/2014\\\/01\\\/23\\\/las-elites-en-la-historia-nuevo-libro-de-la-maestranza-de-ronda\\\/\",\"url\":\"https:\\\/\\\/www.rmcr.org\\\/en\\\/2014\\\/01\\\/23\\\/las-elites-en-la-historia-nuevo-libro-de-la-maestranza-de-ronda\\\/\",\"name\":\"\\\"Las \u00e9lites en la historia\\\", nuevo libro de la Maestranza de Ronda - Real Maestranza de Caballer\u00eda de Ronda\",\"isPartOf\":{\"@id\":\"https:\\\/\\\/www.rmcr.org\\\/en\\\/#website\"},\"primaryImageOfPage\":{\"@id\":\"https:\\\/\\\/www.rmcr.org\\\/en\\\/2014\\\/01\\\/23\\\/las-elites-en-la-historia-nuevo-libro-de-la-maestranza-de-ronda\\\/#primaryimage\"},\"image\":{\"@id\":\"https:\\\/\\\/www.rmcr.org\\\/en\\\/2014\\\/01\\\/23\\\/las-elites-en-la-historia-nuevo-libro-de-la-maestranza-de-ronda\\\/#primaryimage\"},\"thumbnailUrl\":\"https:\\\/\\\/www.rmcr.org\\\/wp-content\\\/uploads\\\/2014\\\/01\\\/elit1.jpg\",\"datePublished\":\"2014-01-23T11:36:51+00:00\",\"dateModified\":\"2025-04-04T10:31:47+00:00\",\"breadcrumb\":{\"@id\":\"https:\\\/\\\/www.rmcr.org\\\/en\\\/2014\\\/01\\\/23\\\/las-elites-en-la-historia-nuevo-libro-de-la-maestranza-de-ronda\\\/#breadcrumb\"},\"inLanguage\":\"en-US\",\"potentialAction\":[{\"@type\":\"ReadAction\",\"target\":[\"https:\\\/\\\/www.rmcr.org\\\/en\\\/2014\\\/01\\\/23\\\/las-elites-en-la-historia-nuevo-libro-de-la-maestranza-de-ronda\\\/\"]}]},{\"@type\":\"ImageObject\",\"inLanguage\":\"en-US\",\"@id\":\"https:\\\/\\\/www.rmcr.org\\\/en\\\/2014\\\/01\\\/23\\\/las-elites-en-la-historia-nuevo-libro-de-la-maestranza-de-ronda\\\/#primaryimage\",\"url\":\"https:\\\/\\\/www.rmcr.org\\\/wp-content\\\/uploads\\\/2014\\\/01\\\/elit1.jpg\",\"contentUrl\":\"https:\\\/\\\/www.rmcr.org\\\/wp-content\\\/uploads\\\/2014\\\/01\\\/elit1.jpg\",\"width\":469,\"height\":138},{\"@type\":\"BreadcrumbList\",\"@id\":\"https:\\\/\\\/www.rmcr.org\\\/en\\\/2014\\\/01\\\/23\\\/las-elites-en-la-historia-nuevo-libro-de-la-maestranza-de-ronda\\\/#breadcrumb\",\"itemListElement\":[{\"@type\":\"ListItem\",\"position\":1,\"name\":\"REAL MAESTRANZA DE CABALLER\u00cdA DE RONDA\",\"item\":\"https:\\\/\\\/www.rmcr.org\\\/en\\\/\"},{\"@type\":\"ListItem\",\"position\":2,\"name\":\"\u00abLas \u00e9lites en la historia\u00bb, nuevo libro de la Maestranza de Ronda\"}]},{\"@type\":\"WebSite\",\"@id\":\"https:\\\/\\\/www.rmcr.org\\\/en\\\/#website\",\"url\":\"https:\\\/\\\/www.rmcr.org\\\/en\\\/\",\"name\":\"Real Maestranza de Caballer\u00eda de Ronda\",\"description\":\"Real Maestranza de Caballer\u00eda de Ronda\",\"publisher\":{\"@id\":\"https:\\\/\\\/www.rmcr.org\\\/en\\\/#organization\"},\"alternateName\":\"RMCR\",\"potentialAction\":[{\"@type\":\"SearchAction\",\"target\":{\"@type\":\"EntryPoint\",\"urlTemplate\":\"https:\\\/\\\/www.rmcr.org\\\/en\\\/?s={search_term_string}\"},\"query-input\":{\"@type\":\"PropertyValueSpecification\",\"valueRequired\":true,\"valueName\":\"search_term_string\"}}],\"inLanguage\":\"en-US\"},{\"@type\":\"Organization\",\"@id\":\"https:\\\/\\\/www.rmcr.org\\\/en\\\/#organization\",\"name\":\"Real Maestranza de Caballer\u00eda de Ronda\",\"alternateName\":\"RMR\",\"url\":\"https:\\\/\\\/www.rmcr.org\\\/en\\\/\",\"logo\":{\"@type\":\"ImageObject\",\"inLanguage\":\"en-US\",\"@id\":\"https:\\\/\\\/www.rmcr.org\\\/en\\\/#\\\/schema\\\/logo\\\/image\\\/\",\"url\":\"https:\\\/\\\/www.rmcr.org\\\/wp-content\\\/uploads\\\/2022\\\/07\\\/logo-rmr-blue.svg\",\"contentUrl\":\"https:\\\/\\\/www.rmcr.org\\\/wp-content\\\/uploads\\\/2022\\\/07\\\/logo-rmr-blue.svg\",\"width\":131,\"height\":129,\"caption\":\"Real Maestranza de Caballer\u00eda de Ronda\"},\"image\":{\"@id\":\"https:\\\/\\\/www.rmcr.org\\\/en\\\/#\\\/schema\\\/logo\\\/image\\\/\"},\"sameAs\":[\"https:\\\/\\\/www.facebook.com\\\/plazadetorosronda\",\"https:\\\/\\\/x.com\\\/PlazatorosRMR\",\"https:\\\/\\\/www.instagram.com\\\/realmaestranzaderonda\\\/\",\"https:\\\/\\\/www.youtube.com\\\/channel\\\/UCrbO5IUN-8v_QML739vM4zg\\\/videos\"]},{\"@type\":\"Person\",\"@id\":\"https:\\\/\\\/www.rmcr.org\\\/en\\\/#\\\/schema\\\/person\\\/826ea4b159de99b4731c8f519477737b\",\"name\":\"ACTIVIDAD\",\"image\":{\"@type\":\"ImageObject\",\"inLanguage\":\"en-US\",\"@id\":\"https:\\\/\\\/www.rmcr.org\\\/wp-content\\\/uploads\\\/2022\\\/11\\\/avatar-rmcr-96x96.png\",\"url\":\"https:\\\/\\\/www.rmcr.org\\\/wp-content\\\/uploads\\\/2022\\\/11\\\/avatar-rmcr-96x96.png\",\"contentUrl\":\"https:\\\/\\\/www.rmcr.org\\\/wp-content\\\/uploads\\\/2022\\\/11\\\/avatar-rmcr-96x96.png\",\"caption\":\"ACTIVIDAD\"},\"url\":\"https:\\\/\\\/www.rmcr.org\\\/en\\\/author\\\/alfonso-prado\\\/\"}]}<\/script>\n<!-- \/ Yoast SEO plugin. -->","yoast_head_json":{"title":"\"Las \u00e9lites en la historia\", nuevo libro de la Maestranza de Ronda - Real Maestranza de Caballer\u00eda de Ronda","robots":{"index":"index","follow":"follow","max-snippet":"max-snippet:-1","max-image-preview":"max-image-preview:large","max-video-preview":"max-video-preview:-1"},"canonical":"https:\/\/www.rmcr.org\/en\/2014\/01\/23\/las-elites-en-la-historia-nuevo-libro-de-la-maestranza-de-ronda\/","og_locale":"en_US","og_type":"article","og_title":"\"Las \u00e9lites en la historia\", nuevo libro de la Maestranza de Ronda - Real Maestranza de Caballer\u00eda de Ronda","og_description":"La Real Maestranza de Caballer\u00eda de Ronda publica, en coedici\u00f3n con la Editorial Pre-Textos, el libro\u00a0Las \u00e9lites en la historia, que\u00a0re\u00fane los textos de las conferencias monogr\u00e1ficas organizadas entre 2009-2011 por el Centro de Estudios Hist\u00f3ricos de la Instituci\u00f3n. El CEH est\u00e1 especializado en la investigaci\u00f3n y difusi\u00f3n de las materias relacionadas con el estamento [&hellip;]","og_url":"https:\/\/www.rmcr.org\/en\/2014\/01\/23\/las-elites-en-la-historia-nuevo-libro-de-la-maestranza-de-ronda\/","og_site_name":"Real Maestranza de Caballer\u00eda de Ronda","article_publisher":"https:\/\/www.facebook.com\/plazadetorosronda","article_published_time":"2014-01-23T11:36:51+00:00","article_modified_time":"2025-04-04T10:31:47+00:00","og_image":[{"width":469,"height":138,"url":"https:\/\/www.rmcr.org\/wp-content\/uploads\/2014\/01\/elit1.jpg","type":"image\/jpeg"}],"author":"ACTIVIDAD","twitter_card":"summary_large_image","twitter_creator":"@PlazatorosRMR","twitter_site":"@PlazatorosRMR","twitter_misc":{"Written by":"ACTIVIDAD","Est. reading time":"1 minute"},"schema":{"@context":"https:\/\/schema.org","@graph":[{"@type":"Article","@id":"https:\/\/www.rmcr.org\/en\/2014\/01\/23\/las-elites-en-la-historia-nuevo-libro-de-la-maestranza-de-ronda\/#article","isPartOf":{"@id":"https:\/\/www.rmcr.org\/en\/2014\/01\/23\/las-elites-en-la-historia-nuevo-libro-de-la-maestranza-de-ronda\/"},"author":{"name":"ACTIVIDAD","@id":"https:\/\/www.rmcr.org\/en\/#\/schema\/person\/826ea4b159de99b4731c8f519477737b"},"headline":"&#8220;Las \u00e9lites en la historia&#8221;, nuevo libro de la Maestranza de Ronda","datePublished":"2014-01-23T11:36:51+00:00","dateModified":"2025-04-04T10:31:47+00:00","mainEntityOfPage":{"@id":"https:\/\/www.rmcr.org\/en\/2014\/01\/23\/las-elites-en-la-historia-nuevo-libro-de-la-maestranza-de-ronda\/"},"wordCount":202,"commentCount":0,"publisher":{"@id":"https:\/\/www.rmcr.org\/en\/#organization"},"image":{"@id":"https:\/\/www.rmcr.org\/en\/2014\/01\/23\/las-elites-en-la-historia-nuevo-libro-de-la-maestranza-de-ronda\/#primaryimage"},"thumbnailUrl":"https:\/\/www.rmcr.org\/wp-content\/uploads\/2014\/01\/elit1.jpg","keywords":["Biblioteca","Centro de Estudios Hist\u00f3ricos","Editorial Pre-Textos","\u00c9lites de poder","Libros"],"articleSection":["Actividad","Publicaciones"],"inLanguage":"en-US","potentialAction":[{"@type":"CommentAction","name":"Comment","target":["https:\/\/www.rmcr.org\/en\/2014\/01\/23\/las-elites-en-la-historia-nuevo-libro-de-la-maestranza-de-ronda\/#respond"]}]},{"@type":"WebPage","@id":"https:\/\/www.rmcr.org\/en\/2014\/01\/23\/las-elites-en-la-historia-nuevo-libro-de-la-maestranza-de-ronda\/","url":"https:\/\/www.rmcr.org\/en\/2014\/01\/23\/las-elites-en-la-historia-nuevo-libro-de-la-maestranza-de-ronda\/","name":"\"Las \u00e9lites en la historia\", nuevo libro de la Maestranza de Ronda - Real Maestranza de Caballer\u00eda de Ronda","isPartOf":{"@id":"https:\/\/www.rmcr.org\/en\/#website"},"primaryImageOfPage":{"@id":"https:\/\/www.rmcr.org\/en\/2014\/01\/23\/las-elites-en-la-historia-nuevo-libro-de-la-maestranza-de-ronda\/#primaryimage"},"image":{"@id":"https:\/\/www.rmcr.org\/en\/2014\/01\/23\/las-elites-en-la-historia-nuevo-libro-de-la-maestranza-de-ronda\/#primaryimage"},"thumbnailUrl":"https:\/\/www.rmcr.org\/wp-content\/uploads\/2014\/01\/elit1.jpg","datePublished":"2014-01-23T11:36:51+00:00","dateModified":"2025-04-04T10:31:47+00:00","breadcrumb":{"@id":"https:\/\/www.rmcr.org\/en\/2014\/01\/23\/las-elites-en-la-historia-nuevo-libro-de-la-maestranza-de-ronda\/#breadcrumb"},"inLanguage":"en-US","potentialAction":[{"@type":"ReadAction","target":["https:\/\/www.rmcr.org\/en\/2014\/01\/23\/las-elites-en-la-historia-nuevo-libro-de-la-maestranza-de-ronda\/"]}]},{"@type":"ImageObject","inLanguage":"en-US","@id":"https:\/\/www.rmcr.org\/en\/2014\/01\/23\/las-elites-en-la-historia-nuevo-libro-de-la-maestranza-de-ronda\/#primaryimage","url":"https:\/\/www.rmcr.org\/wp-content\/uploads\/2014\/01\/elit1.jpg","contentUrl":"https:\/\/www.rmcr.org\/wp-content\/uploads\/2014\/01\/elit1.jpg","width":469,"height":138},{"@type":"BreadcrumbList","@id":"https:\/\/www.rmcr.org\/en\/2014\/01\/23\/las-elites-en-la-historia-nuevo-libro-de-la-maestranza-de-ronda\/#breadcrumb","itemListElement":[{"@type":"ListItem","position":1,"name":"REAL MAESTRANZA DE CABALLER\u00cdA DE RONDA","item":"https:\/\/www.rmcr.org\/en\/"},{"@type":"ListItem","position":2,"name":"\u00abLas \u00e9lites en la historia\u00bb, nuevo libro de la Maestranza de Ronda"}]},{"@type":"WebSite","@id":"https:\/\/www.rmcr.org\/en\/#website","url":"https:\/\/www.rmcr.org\/en\/","name":"Real Maestranza de Caballer\u00eda de Ronda","description":"Real Maestranza de Caballer\u00eda de Ronda","publisher":{"@id":"https:\/\/www.rmcr.org\/en\/#organization"},"alternateName":"RMCR","potentialAction":[{"@type":"SearchAction","target":{"@type":"EntryPoint","urlTemplate":"https:\/\/www.rmcr.org\/en\/?s={search_term_string}"},"query-input":{"@type":"PropertyValueSpecification","valueRequired":true,"valueName":"search_term_string"}}],"inLanguage":"en-US"},{"@type":"Organization","@id":"https:\/\/www.rmcr.org\/en\/#organization","name":"Real Maestranza de Caballer\u00eda de Ronda","alternateName":"RMR","url":"https:\/\/www.rmcr.org\/en\/","logo":{"@type":"ImageObject","inLanguage":"en-US","@id":"https:\/\/www.rmcr.org\/en\/#\/schema\/logo\/image\/","url":"https:\/\/www.rmcr.org\/wp-content\/uploads\/2022\/07\/logo-rmr-blue.svg","contentUrl":"https:\/\/www.rmcr.org\/wp-content\/uploads\/2022\/07\/logo-rmr-blue.svg","width":131,"height":129,"caption":"Real Maestranza de Caballer\u00eda de Ronda"},"image":{"@id":"https:\/\/www.rmcr.org\/en\/#\/schema\/logo\/image\/"},"sameAs":["https:\/\/www.facebook.com\/plazadetorosronda","https:\/\/x.com\/PlazatorosRMR","https:\/\/www.instagram.com\/realmaestranzaderonda\/","https:\/\/www.youtube.com\/channel\/UCrbO5IUN-8v_QML739vM4zg\/videos"]},{"@type":"Person","@id":"https:\/\/www.rmcr.org\/en\/#\/schema\/person\/826ea4b159de99b4731c8f519477737b","name":"ACTIVIDAD","image":{"@type":"ImageObject","inLanguage":"en-US","@id":"https:\/\/www.rmcr.org\/wp-content\/uploads\/2022\/11\/avatar-rmcr-96x96.png","url":"https:\/\/www.rmcr.org\/wp-content\/uploads\/2022\/11\/avatar-rmcr-96x96.png","contentUrl":"https:\/\/www.rmcr.org\/wp-content\/uploads\/2022\/11\/avatar-rmcr-96x96.png","caption":"ACTIVIDAD"},"url":"https:\/\/www.rmcr.org\/en\/author\/alfonso-prado\/"}]}},"_links":{"self":[{"href":"https:\/\/www.rmcr.org\/en\/wp-json\/wp\/v2\/posts\/188","targetHints":{"allow":["GET"]}}],"collection":[{"href":"https:\/\/www.rmcr.org\/en\/wp-json\/wp\/v2\/posts"}],"about":[{"href":"https:\/\/www.rmcr.org\/en\/wp-json\/wp\/v2\/types\/post"}],"author":[{"embeddable":true,"href":"https:\/\/www.rmcr.org\/en\/wp-json\/wp\/v2\/users\/4"}],"replies":[{"embeddable":true,"href":"https:\/\/www.rmcr.org\/en\/wp-json\/wp\/v2\/comments?post=188"}],"version-history":[{"count":1,"href":"https:\/\/www.rmcr.org\/en\/wp-json\/wp\/v2\/posts\/188\/revisions"}],"predecessor-version":[{"id":22626,"href":"https:\/\/www.rmcr.org\/en\/wp-json\/wp\/v2\/posts\/188\/revisions\/22626"}],"wp:featuredmedia":[{"embeddable":true,"href":"https:\/\/www.rmcr.org\/en\/wp-json\/wp\/v2\/media\/196"}],"wp:attachment":[{"href":"https:\/\/www.rmcr.org\/en\/wp-json\/wp\/v2\/media?parent=188"}],"wp:term":[{"taxonomy":"category","embeddable":true,"href":"https:\/\/www.rmcr.org\/en\/wp-json\/wp\/v2\/categories?post=188"},{"taxonomy":"post_tag","embeddable":true,"href":"https:\/\/www.rmcr.org\/en\/wp-json\/wp\/v2\/tags?post=188"}],"curies":[{"name":"wp","href":"https:\/\/api.w.org\/{rel}","templated":true}]}}