{"id":18786,"date":"2015-06-01T15:11:01","date_gmt":"2015-06-01T15:11:01","guid":{"rendered":"https:\/\/www.rmcr.org\/?p=18786"},"modified":"2025-02-11T16:15:36","modified_gmt":"2025-02-11T16:15:36","slug":"la-galeria-ecuestre-nuevo-espacio-en-la-visita-de-la-real-maestranza-de-caballeria-de-ronda","status":"publish","type":"post","link":"https:\/\/www.rmcr.org\/en\/2015\/06\/01\/la-galeria-ecuestre-nuevo-espacio-en-la-visita-de-la-real-maestranza-de-caballeria-de-ronda\/","title":{"rendered":"La Galer\u00eda Ecuestre, nuevo espacio en la visita de la Real Maestranza de Caballer\u00eda de Ronda"},"content":{"rendered":"\t\t<div data-elementor-type=\"wp-post\" data-elementor-id=\"18786\" class=\"elementor elementor-18786\" data-elementor-post-type=\"post\">\n\t\t\t\t\t\t<section class=\"elementor-section elementor-top-section elementor-element elementor-element-a1c7515 elementor-section-boxed elementor-section-height-default elementor-section-height-default\" data-id=\"a1c7515\" data-element_type=\"section\" data-e-type=\"section\">\n\t\t\t\t\t\t<div class=\"elementor-container elementor-column-gap-default\">\n\t\t\t\t\t<div class=\"elementor-column elementor-col-100 elementor-top-column elementor-element elementor-element-b9b0163\" data-id=\"b9b0163\" data-element_type=\"column\" data-e-type=\"column\">\n\t\t\t<div class=\"elementor-widget-wrap elementor-element-populated\">\n\t\t\t\t\t\t<div class=\"elementor-element elementor-element-2ee2753 elementor-widget elementor-widget-text-editor\" data-id=\"2ee2753\" data-element_type=\"widget\" data-e-type=\"widget\" data-widget_type=\"text-editor.default\">\n\t\t\t\t<div class=\"elementor-widget-container\">\n\t\t\t\t\t\t\t\t\t<p>Este espacio alberga cinco paneles informativos en los que se expone de forma did\u00e1ctica el origen del caballo espa\u00f1ol de pura raza y el surgir de la doma, desde sus antecedentes en la Antigua Grecia, descritos ya por Jenofonte.<\/p><p class=\"seleccion_00_p\">Adem\u00e1s, la galer\u00eda acoge el vaciado de la parte frontal del Jinete Ib\u00e9rico, una pieza que forma parte del conjunto de Esculturas Ib\u00e9ricas de Porcuna que se exhibe en el Museo de Ja\u00e9n. Esta escultura representa a un guerrero noble que va al combate montado, en rango superior a los dem\u00e1s, que al llegar al campo de batalla baja de su montura y lucha a pie, puesto que en ese per\u00edodo el caballo es m\u00e1s un elemento de prestigio que un elemento t\u00e1ctico de combate. Entonces, no exist\u00eda la caballer\u00eda como tal, sino jinetes individuales pertenecientes a la aristocracia militar.<\/p><p class=\"seleccion_00_p\"><strong>La evoluci\u00f3n del adiestramiento del caballo<\/strong><\/p><p class=\"seleccion_00_p\">Las pr\u00e1cticas guerreras caballerescas caracter\u00edsticas de la Edad Media dieron paso a un nuevo concepto de adiestramiento y la educaci\u00f3n ecuestre de los j\u00f3venes de la nobleza ya no se destinaba exclusivamente a la guerra o la caza. En el Renacimiento, se escriben numerosos tratados de equitaci\u00f3n y se crean escuelas por toda Europa. En Espa\u00f1a, las primeras escuelas de equitaci\u00f3n son las cofrad\u00edas de caballeros creadas por Felipe II. La Real Maestranza de Caballer\u00eda de Ronda es la pionera en 1573.<\/p><p class=\"seleccion_00_p\"><strong>El Picadero de la Escuela de Equitaci\u00f3n<\/strong><\/p><p class=\"seleccion_00_p\">Fue tambi\u00e9n en el Renacimiento cuando se comienzan a construir recintos cerrados, los picaderos, donde se practican los ejercicios y surge la doma cl\u00e1sica de alta escuela, con el caballo espa\u00f1ol como protagonista por la bondad de sus cualidades.<\/p><p class=\"seleccion_00_p\">Por esa raz\u00f3n, la Galer\u00eda Ecuestre deb\u00eda alojarse en la ampliaci\u00f3n del Picadero de la Escuela de Equitaci\u00f3n de la Real Maestranza de Caballer\u00eda de Ronda, y se ha concebido como un espacio abierto, de esta manera, el visitante puede tener la ocasi\u00f3n de disfrutar en vivo de los ejercicios que realizan los alumnos con sus caballos a diario.<\/p><div id=\"ir-ext-ui\" style=\"color: #000000; font-size: 16px; line-height: 16px; background-color: #f7f7f7; border: 1px solid #999999; border-radius: 1px; top: 1px; right: 1px;\"><div class=\"ir-ext-dimensions\"><span class=\"ir-ext-rendered\" title=\"Rendered image dimensions (after any scaling\/resizing has been applied)\"> x <\/span> <span class=\"ir-ext-natural\" title=\"Natural image dimensions (without applying any scaling\/resizing)\"> (x) <\/span><\/div><div class=\"ir-ext-filesize\">\u00a0<\/div><\/div>\t\t\t\t\t\t\t\t<\/div>\n\t\t\t\t<\/div>\n\t\t\t\t\t<\/div>\n\t\t<\/div>\n\t\t\t\t\t<\/div>\n\t\t<\/section>\n\t\t\t\t<section class=\"elementor-section elementor-top-section elementor-element elementor-element-99ce5f4 elementor-section-boxed elementor-section-height-default elementor-section-height-default\" data-id=\"99ce5f4\" data-element_type=\"section\" data-e-type=\"section\">\n\t\t\t\t\t\t<div class=\"elementor-container elementor-column-gap-default\">\n\t\t\t\t\t<div class=\"elementor-column elementor-col-100 elementor-top-column elementor-element elementor-element-a09787a\" data-id=\"a09787a\" data-element_type=\"column\" data-e-type=\"column\">\n\t\t\t<div class=\"elementor-widget-wrap elementor-element-populated\">\n\t\t\t\t\t\t<div class=\"elementor-element elementor-element-d45c10b gallery-spacing-custom elementor-widget elementor-widget-image-gallery\" data-id=\"d45c10b\" data-element_type=\"widget\" data-e-type=\"widget\" data-widget_type=\"image-gallery.default\">\n\t\t\t\t<div class=\"elementor-widget-container\">\n\t\t\t\t\t\t\t<div class=\"elementor-image-gallery\">\n\t\t\t<div id='gallery-1' class='gallery galleryid-18786 gallery-columns-1 gallery-size-large'><figure class='gallery-item'>\n\t\t\t<div class='gallery-icon portrait'>\n\t\t\t\t<a data-elementor-open-lightbox=\"yes\" data-elementor-lightbox-slideshow=\"d45c10b\" data-elementor-lightbox-title=\"galeria-ecuestre-01\" data-e-action-hash=\"#elementor-action%3Aaction%3Dlightbox%26settings%3DeyJpZCI6MTg3OTMsInVybCI6Imh0dHBzOlwvXC93d3cucm1jci5vcmdcL3dwLWNvbnRlbnRcL3VwbG9hZHNcLzIwMjNcLzEwXC9nYWxlcmlhLWVjdWVzdHJlLTAxLnBuZyIsInNsaWRlc2hvdyI6ImQ0NWMxMGIifQ%3D%3D\" href='https:\/\/www.rmcr.org\/wp-content\/uploads\/2023\/10\/galeria-ecuestre-01.png'><img fetchpriority=\"high\" width=\"600\" height=\"639\" src=\"https:\/\/www.rmcr.org\/wp-content\/uploads\/2023\/10\/galeria-ecuestre-01.png\" class=\"attachment-large size-large\" alt=\"\" decoding=\"async\" srcset=\"https:\/\/www.rmcr.org\/wp-content\/uploads\/2023\/10\/galeria-ecuestre-01.png 600w, https:\/\/www.rmcr.org\/wp-content\/uploads\/2023\/10\/galeria-ecuestre-01-282x300.png 282w\" sizes=\"(max-width: 600px) 100vw, 600px\" \/><\/a>\n\t\t\t<\/div><\/figure><figure class='gallery-item'>\n\t\t\t<div class='gallery-icon landscape'>\n\t\t\t\t<a data-elementor-open-lightbox=\"yes\" data-elementor-lightbox-slideshow=\"d45c10b\" data-elementor-lightbox-title=\"galeria-ecuestre-02\" data-e-action-hash=\"#elementor-action%3Aaction%3Dlightbox%26settings%3DeyJpZCI6MTg3OTEsInVybCI6Imh0dHBzOlwvXC93d3cucm1jci5vcmdcL3dwLWNvbnRlbnRcL3VwbG9hZHNcLzIwMjNcLzEwXC9nYWxlcmlhLWVjdWVzdHJlLTAyLnBuZyIsInNsaWRlc2hvdyI6ImQ0NWMxMGIifQ%3D%3D\" href='https:\/\/www.rmcr.org\/wp-content\/uploads\/2023\/10\/galeria-ecuestre-02.png'><img width=\"600\" height=\"151\" src=\"https:\/\/www.rmcr.org\/wp-content\/uploads\/2023\/10\/galeria-ecuestre-02.png\" class=\"attachment-large size-large\" alt=\"\" decoding=\"async\" srcset=\"https:\/\/www.rmcr.org\/wp-content\/uploads\/2023\/10\/galeria-ecuestre-02.png 600w, https:\/\/www.rmcr.org\/wp-content\/uploads\/2023\/10\/galeria-ecuestre-02-300x76.png 300w\" sizes=\"(max-width: 600px) 100vw, 600px\" \/><\/a>\n\t\t\t<\/div><\/figure><figure class='gallery-item'>\n\t\t\t<div class='gallery-icon landscape'>\n\t\t\t\t<a data-elementor-open-lightbox=\"yes\" data-elementor-lightbox-slideshow=\"d45c10b\" data-elementor-lightbox-title=\"galeria-ecuestre-03\" data-e-action-hash=\"#elementor-action%3Aaction%3Dlightbox%26settings%3DeyJpZCI6MTg3ODksInVybCI6Imh0dHBzOlwvXC93d3cucm1jci5vcmdcL3dwLWNvbnRlbnRcL3VwbG9hZHNcLzIwMjNcLzEwXC9nYWxlcmlhLWVjdWVzdHJlLTAzLnBuZyIsInNsaWRlc2hvdyI6ImQ0NWMxMGIifQ%3D%3D\" href='https:\/\/www.rmcr.org\/wp-content\/uploads\/2023\/10\/galeria-ecuestre-03.png'><img width=\"600\" height=\"401\" src=\"https:\/\/www.rmcr.org\/wp-content\/uploads\/2023\/10\/galeria-ecuestre-03.png\" class=\"attachment-large size-large\" alt=\"\" decoding=\"async\" srcset=\"https:\/\/www.rmcr.org\/wp-content\/uploads\/2023\/10\/galeria-ecuestre-03.png 600w, https:\/\/www.rmcr.org\/wp-content\/uploads\/2023\/10\/galeria-ecuestre-03-300x201.png 300w\" sizes=\"(max-width: 600px) 100vw, 600px\" \/><\/a>\n\t\t\t<\/div><\/figure>\n\t\t<\/div>\n\t\t<\/div>\n\t\t\t\t\t\t<\/div>\n\t\t\t\t<\/div>\n\t\t\t\t\t<\/div>\n\t\t<\/div>\n\t\t\t\t\t<\/div>\n\t\t<\/section>\n\t\t\t\t<\/div>\n\t\t","protected":false},"excerpt":{"rendered":"<p>La Real Maestranza de Caballer\u00eda de Ronda cuenta con una nueva zona dedicada al caballo espa\u00f1ol y la doma cl\u00e1sica, un \u00e1rea que completa la tem\u00e1tica de la visita con la finalidad de ofrecer un recorrido hist\u00f3rico por el mundo de la caballer\u00eda. <\/p>\n","protected":false},"author":5,"featured_media":10024,"comment_status":"open","ping_status":"open","sticky":false,"template":"","format":"standard","meta":{"footnotes":""},"categories":[36],"tags":[634],"class_list":["post-18786","post","type-post","status-publish","format-standard","has-post-thumbnail","hentry","category-plaza-museo","tag-galeria-ecuestre"],"yoast_head":"<!-- This site is optimized with the Yoast SEO plugin v27.5 - https:\/\/yoast.com\/product\/yoast-seo-wordpress\/ -->\n<title>La Galer\u00eda Ecuestre, nuevo espacio en la visita de la Real Maestranza de Caballer\u00eda de Ronda - Real Maestranza de Caballer\u00eda de Ronda<\/title>\n<meta name=\"robots\" content=\"index, follow, max-snippet:-1, max-image-preview:large, max-video-preview:-1\" \/>\n<link rel=\"canonical\" href=\"https:\/\/www.rmcr.org\/en\/2015\/06\/01\/la-galeria-ecuestre-nuevo-espacio-en-la-visita-de-la-real-maestranza-de-caballeria-de-ronda\/\" \/>\n<meta property=\"og:locale\" content=\"en_US\" \/>\n<meta property=\"og:type\" content=\"article\" \/>\n<meta property=\"og:title\" content=\"La Galer\u00eda Ecuestre, nuevo espacio en la visita de la Real Maestranza de Caballer\u00eda de Ronda - Real Maestranza de Caballer\u00eda de Ronda\" \/>\n<meta property=\"og:description\" content=\"La Real Maestranza de Caballer\u00eda de Ronda cuenta con una nueva zona dedicada al caballo espa\u00f1ol y la doma cl\u00e1sica, un \u00e1rea que completa la tem\u00e1tica de la visita con la finalidad de ofrecer un recorrido hist\u00f3rico por el mundo de la caballer\u00eda.\" \/>\n<meta property=\"og:url\" content=\"https:\/\/www.rmcr.org\/en\/2015\/06\/01\/la-galeria-ecuestre-nuevo-espacio-en-la-visita-de-la-real-maestranza-de-caballeria-de-ronda\/\" \/>\n<meta property=\"og:site_name\" content=\"Real Maestranza de Caballer\u00eda de Ronda\" \/>\n<meta property=\"article:publisher\" content=\"https:\/\/www.facebook.com\/plazadetorosronda\" \/>\n<meta property=\"article:published_time\" content=\"2015-06-01T15:11:01+00:00\" \/>\n<meta property=\"article:modified_time\" content=\"2025-02-11T16:15:36+00:00\" \/>\n<meta property=\"og:image\" content=\"https:\/\/www.rmcr.org\/wp-content\/uploads\/2020\/05\/galeria.jpg\" \/>\n\t<meta property=\"og:image:width\" content=\"500\" \/>\n\t<meta property=\"og:image:height\" content=\"412\" \/>\n\t<meta property=\"og:image:type\" content=\"image\/jpeg\" \/>\n<meta name=\"author\" content=\"MUSEO\" \/>\n<meta name=\"twitter:card\" content=\"summary_large_image\" \/>\n<meta name=\"twitter:creator\" content=\"@PlazatorosRMR\" \/>\n<meta name=\"twitter:site\" content=\"@PlazatorosRMR\" \/>\n<meta name=\"twitter:label1\" content=\"Written by\" \/>\n\t<meta name=\"twitter:data1\" content=\"MUSEO\" \/>\n\t<meta name=\"twitter:label2\" content=\"Est. reading time\" \/>\n\t<meta name=\"twitter:data2\" content=\"3 minutes\" \/>\n<script type=\"application\/ld+json\" class=\"yoast-schema-graph\">{\"@context\":\"https:\\\/\\\/schema.org\",\"@graph\":[{\"@type\":\"Article\",\"@id\":\"https:\\\/\\\/www.rmcr.org\\\/en\\\/2015\\\/06\\\/01\\\/la-galeria-ecuestre-nuevo-espacio-en-la-visita-de-la-real-maestranza-de-caballeria-de-ronda\\\/#article\",\"isPartOf\":{\"@id\":\"https:\\\/\\\/www.rmcr.org\\\/en\\\/2015\\\/06\\\/01\\\/la-galeria-ecuestre-nuevo-espacio-en-la-visita-de-la-real-maestranza-de-caballeria-de-ronda\\\/\"},\"author\":{\"name\":\"MUSEO\",\"@id\":\"https:\\\/\\\/www.rmcr.org\\\/en\\\/#\\\/schema\\\/person\\\/6e5eb50e802ff5f1419c0fea9935ae36\"},\"headline\":\"La Galer\u00eda Ecuestre, nuevo espacio en la visita de la Real Maestranza de Caballer\u00eda de Ronda\",\"datePublished\":\"2015-06-01T15:11:01+00:00\",\"dateModified\":\"2025-02-11T16:15:36+00:00\",\"mainEntityOfPage\":{\"@id\":\"https:\\\/\\\/www.rmcr.org\\\/en\\\/2015\\\/06\\\/01\\\/la-galeria-ecuestre-nuevo-espacio-en-la-visita-de-la-real-maestranza-de-caballeria-de-ronda\\\/\"},\"wordCount\":385,\"commentCount\":0,\"publisher\":{\"@id\":\"https:\\\/\\\/www.rmcr.org\\\/en\\\/#organization\"},\"image\":{\"@id\":\"https:\\\/\\\/www.rmcr.org\\\/en\\\/2015\\\/06\\\/01\\\/la-galeria-ecuestre-nuevo-espacio-en-la-visita-de-la-real-maestranza-de-caballeria-de-ronda\\\/#primaryimage\"},\"thumbnailUrl\":\"https:\\\/\\\/www.rmcr.org\\\/wp-content\\\/uploads\\\/2020\\\/05\\\/galeria.jpg\",\"keywords\":[\"Galer\u00eda Ecuestre\"],\"articleSection\":[\"Plaza y Museo\"],\"inLanguage\":\"en-US\",\"potentialAction\":[{\"@type\":\"CommentAction\",\"name\":\"Comment\",\"target\":[\"https:\\\/\\\/www.rmcr.org\\\/en\\\/2015\\\/06\\\/01\\\/la-galeria-ecuestre-nuevo-espacio-en-la-visita-de-la-real-maestranza-de-caballeria-de-ronda\\\/#respond\"]}]},{\"@type\":\"WebPage\",\"@id\":\"https:\\\/\\\/www.rmcr.org\\\/en\\\/2015\\\/06\\\/01\\\/la-galeria-ecuestre-nuevo-espacio-en-la-visita-de-la-real-maestranza-de-caballeria-de-ronda\\\/\",\"url\":\"https:\\\/\\\/www.rmcr.org\\\/en\\\/2015\\\/06\\\/01\\\/la-galeria-ecuestre-nuevo-espacio-en-la-visita-de-la-real-maestranza-de-caballeria-de-ronda\\\/\",\"name\":\"La Galer\u00eda Ecuestre, nuevo espacio en la visita de la Real Maestranza de Caballer\u00eda de Ronda - Real Maestranza de Caballer\u00eda de Ronda\",\"isPartOf\":{\"@id\":\"https:\\\/\\\/www.rmcr.org\\\/en\\\/#website\"},\"primaryImageOfPage\":{\"@id\":\"https:\\\/\\\/www.rmcr.org\\\/en\\\/2015\\\/06\\\/01\\\/la-galeria-ecuestre-nuevo-espacio-en-la-visita-de-la-real-maestranza-de-caballeria-de-ronda\\\/#primaryimage\"},\"image\":{\"@id\":\"https:\\\/\\\/www.rmcr.org\\\/en\\\/2015\\\/06\\\/01\\\/la-galeria-ecuestre-nuevo-espacio-en-la-visita-de-la-real-maestranza-de-caballeria-de-ronda\\\/#primaryimage\"},\"thumbnailUrl\":\"https:\\\/\\\/www.rmcr.org\\\/wp-content\\\/uploads\\\/2020\\\/05\\\/galeria.jpg\",\"datePublished\":\"2015-06-01T15:11:01+00:00\",\"dateModified\":\"2025-02-11T16:15:36+00:00\",\"breadcrumb\":{\"@id\":\"https:\\\/\\\/www.rmcr.org\\\/en\\\/2015\\\/06\\\/01\\\/la-galeria-ecuestre-nuevo-espacio-en-la-visita-de-la-real-maestranza-de-caballeria-de-ronda\\\/#breadcrumb\"},\"inLanguage\":\"en-US\",\"potentialAction\":[{\"@type\":\"ReadAction\",\"target\":[\"https:\\\/\\\/www.rmcr.org\\\/en\\\/2015\\\/06\\\/01\\\/la-galeria-ecuestre-nuevo-espacio-en-la-visita-de-la-real-maestranza-de-caballeria-de-ronda\\\/\"]}]},{\"@type\":\"ImageObject\",\"inLanguage\":\"en-US\",\"@id\":\"https:\\\/\\\/www.rmcr.org\\\/en\\\/2015\\\/06\\\/01\\\/la-galeria-ecuestre-nuevo-espacio-en-la-visita-de-la-real-maestranza-de-caballeria-de-ronda\\\/#primaryimage\",\"url\":\"https:\\\/\\\/www.rmcr.org\\\/wp-content\\\/uploads\\\/2020\\\/05\\\/galeria.jpg\",\"contentUrl\":\"https:\\\/\\\/www.rmcr.org\\\/wp-content\\\/uploads\\\/2020\\\/05\\\/galeria.jpg\",\"width\":500,\"height\":412},{\"@type\":\"BreadcrumbList\",\"@id\":\"https:\\\/\\\/www.rmcr.org\\\/en\\\/2015\\\/06\\\/01\\\/la-galeria-ecuestre-nuevo-espacio-en-la-visita-de-la-real-maestranza-de-caballeria-de-ronda\\\/#breadcrumb\",\"itemListElement\":[{\"@type\":\"ListItem\",\"position\":1,\"name\":\"REAL MAESTRANZA DE CABALLER\u00cdA DE RONDA\",\"item\":\"https:\\\/\\\/www.rmcr.org\\\/en\\\/\"},{\"@type\":\"ListItem\",\"position\":2,\"name\":\"La Galer\u00eda Ecuestre, nuevo espacio en la visita de la Real Maestranza de Caballer\u00eda de Ronda\"}]},{\"@type\":\"WebSite\",\"@id\":\"https:\\\/\\\/www.rmcr.org\\\/en\\\/#website\",\"url\":\"https:\\\/\\\/www.rmcr.org\\\/en\\\/\",\"name\":\"Real Maestranza de Caballer\u00eda de Ronda\",\"description\":\"Real Maestranza de Caballer\u00eda de Ronda\",\"publisher\":{\"@id\":\"https:\\\/\\\/www.rmcr.org\\\/en\\\/#organization\"},\"alternateName\":\"RMCR\",\"potentialAction\":[{\"@type\":\"SearchAction\",\"target\":{\"@type\":\"EntryPoint\",\"urlTemplate\":\"https:\\\/\\\/www.rmcr.org\\\/en\\\/?s={search_term_string}\"},\"query-input\":{\"@type\":\"PropertyValueSpecification\",\"valueRequired\":true,\"valueName\":\"search_term_string\"}}],\"inLanguage\":\"en-US\"},{\"@type\":\"Organization\",\"@id\":\"https:\\\/\\\/www.rmcr.org\\\/en\\\/#organization\",\"name\":\"Real Maestranza de Caballer\u00eda de Ronda\",\"alternateName\":\"RMR\",\"url\":\"https:\\\/\\\/www.rmcr.org\\\/en\\\/\",\"logo\":{\"@type\":\"ImageObject\",\"inLanguage\":\"en-US\",\"@id\":\"https:\\\/\\\/www.rmcr.org\\\/en\\\/#\\\/schema\\\/logo\\\/image\\\/\",\"url\":\"https:\\\/\\\/www.rmcr.org\\\/wp-content\\\/uploads\\\/2022\\\/07\\\/logo-rmr-blue.svg\",\"contentUrl\":\"https:\\\/\\\/www.rmcr.org\\\/wp-content\\\/uploads\\\/2022\\\/07\\\/logo-rmr-blue.svg\",\"width\":131,\"height\":129,\"caption\":\"Real Maestranza de Caballer\u00eda de Ronda\"},\"image\":{\"@id\":\"https:\\\/\\\/www.rmcr.org\\\/en\\\/#\\\/schema\\\/logo\\\/image\\\/\"},\"sameAs\":[\"https:\\\/\\\/www.facebook.com\\\/plazadetorosronda\",\"https:\\\/\\\/x.com\\\/PlazatorosRMR\",\"https:\\\/\\\/www.instagram.com\\\/realmaestranzaderonda\\\/\",\"https:\\\/\\\/www.youtube.com\\\/channel\\\/UCrbO5IUN-8v_QML739vM4zg\\\/videos\"]},{\"@type\":\"Person\",\"@id\":\"https:\\\/\\\/www.rmcr.org\\\/en\\\/#\\\/schema\\\/person\\\/6e5eb50e802ff5f1419c0fea9935ae36\",\"name\":\"MUSEO\",\"image\":{\"@type\":\"ImageObject\",\"inLanguage\":\"en-US\",\"@id\":\"https:\\\/\\\/www.rmcr.org\\\/wp-content\\\/uploads\\\/2022\\\/11\\\/avatar-rmcr-96x96.png\",\"url\":\"https:\\\/\\\/www.rmcr.org\\\/wp-content\\\/uploads\\\/2022\\\/11\\\/avatar-rmcr-96x96.png\",\"contentUrl\":\"https:\\\/\\\/www.rmcr.org\\\/wp-content\\\/uploads\\\/2022\\\/11\\\/avatar-rmcr-96x96.png\",\"caption\":\"MUSEO\"},\"url\":\"https:\\\/\\\/www.rmcr.org\\\/en\\\/author\\\/miguel-angel-sanchez\\\/\"}]}<\/script>\n<!-- \/ Yoast SEO plugin. -->","yoast_head_json":{"title":"La Galer\u00eda Ecuestre, nuevo espacio en la visita de la Real Maestranza de Caballer\u00eda de Ronda - Real Maestranza de Caballer\u00eda de Ronda","robots":{"index":"index","follow":"follow","max-snippet":"max-snippet:-1","max-image-preview":"max-image-preview:large","max-video-preview":"max-video-preview:-1"},"canonical":"https:\/\/www.rmcr.org\/en\/2015\/06\/01\/la-galeria-ecuestre-nuevo-espacio-en-la-visita-de-la-real-maestranza-de-caballeria-de-ronda\/","og_locale":"en_US","og_type":"article","og_title":"La Galer\u00eda Ecuestre, nuevo espacio en la visita de la Real Maestranza de Caballer\u00eda de Ronda - Real Maestranza de Caballer\u00eda de Ronda","og_description":"La Real Maestranza de Caballer\u00eda de Ronda cuenta con una nueva zona dedicada al caballo espa\u00f1ol y la doma cl\u00e1sica, un \u00e1rea que completa la tem\u00e1tica de la visita con la finalidad de ofrecer un recorrido hist\u00f3rico por el mundo de la caballer\u00eda.","og_url":"https:\/\/www.rmcr.org\/en\/2015\/06\/01\/la-galeria-ecuestre-nuevo-espacio-en-la-visita-de-la-real-maestranza-de-caballeria-de-ronda\/","og_site_name":"Real Maestranza de Caballer\u00eda de Ronda","article_publisher":"https:\/\/www.facebook.com\/plazadetorosronda","article_published_time":"2015-06-01T15:11:01+00:00","article_modified_time":"2025-02-11T16:15:36+00:00","og_image":[{"width":500,"height":412,"url":"https:\/\/www.rmcr.org\/wp-content\/uploads\/2020\/05\/galeria.jpg","type":"image\/jpeg"}],"author":"MUSEO","twitter_card":"summary_large_image","twitter_creator":"@PlazatorosRMR","twitter_site":"@PlazatorosRMR","twitter_misc":{"Written by":"MUSEO","Est. reading time":"3 minutes"},"schema":{"@context":"https:\/\/schema.org","@graph":[{"@type":"Article","@id":"https:\/\/www.rmcr.org\/en\/2015\/06\/01\/la-galeria-ecuestre-nuevo-espacio-en-la-visita-de-la-real-maestranza-de-caballeria-de-ronda\/#article","isPartOf":{"@id":"https:\/\/www.rmcr.org\/en\/2015\/06\/01\/la-galeria-ecuestre-nuevo-espacio-en-la-visita-de-la-real-maestranza-de-caballeria-de-ronda\/"},"author":{"name":"MUSEO","@id":"https:\/\/www.rmcr.org\/en\/#\/schema\/person\/6e5eb50e802ff5f1419c0fea9935ae36"},"headline":"La Galer\u00eda Ecuestre, nuevo espacio en la visita de la Real Maestranza de Caballer\u00eda de Ronda","datePublished":"2015-06-01T15:11:01+00:00","dateModified":"2025-02-11T16:15:36+00:00","mainEntityOfPage":{"@id":"https:\/\/www.rmcr.org\/en\/2015\/06\/01\/la-galeria-ecuestre-nuevo-espacio-en-la-visita-de-la-real-maestranza-de-caballeria-de-ronda\/"},"wordCount":385,"commentCount":0,"publisher":{"@id":"https:\/\/www.rmcr.org\/en\/#organization"},"image":{"@id":"https:\/\/www.rmcr.org\/en\/2015\/06\/01\/la-galeria-ecuestre-nuevo-espacio-en-la-visita-de-la-real-maestranza-de-caballeria-de-ronda\/#primaryimage"},"thumbnailUrl":"https:\/\/www.rmcr.org\/wp-content\/uploads\/2020\/05\/galeria.jpg","keywords":["Galer\u00eda Ecuestre"],"articleSection":["Plaza y Museo"],"inLanguage":"en-US","potentialAction":[{"@type":"CommentAction","name":"Comment","target":["https:\/\/www.rmcr.org\/en\/2015\/06\/01\/la-galeria-ecuestre-nuevo-espacio-en-la-visita-de-la-real-maestranza-de-caballeria-de-ronda\/#respond"]}]},{"@type":"WebPage","@id":"https:\/\/www.rmcr.org\/en\/2015\/06\/01\/la-galeria-ecuestre-nuevo-espacio-en-la-visita-de-la-real-maestranza-de-caballeria-de-ronda\/","url":"https:\/\/www.rmcr.org\/en\/2015\/06\/01\/la-galeria-ecuestre-nuevo-espacio-en-la-visita-de-la-real-maestranza-de-caballeria-de-ronda\/","name":"La Galer\u00eda Ecuestre, nuevo espacio en la visita de la Real Maestranza de Caballer\u00eda de Ronda - Real Maestranza de Caballer\u00eda de Ronda","isPartOf":{"@id":"https:\/\/www.rmcr.org\/en\/#website"},"primaryImageOfPage":{"@id":"https:\/\/www.rmcr.org\/en\/2015\/06\/01\/la-galeria-ecuestre-nuevo-espacio-en-la-visita-de-la-real-maestranza-de-caballeria-de-ronda\/#primaryimage"},"image":{"@id":"https:\/\/www.rmcr.org\/en\/2015\/06\/01\/la-galeria-ecuestre-nuevo-espacio-en-la-visita-de-la-real-maestranza-de-caballeria-de-ronda\/#primaryimage"},"thumbnailUrl":"https:\/\/www.rmcr.org\/wp-content\/uploads\/2020\/05\/galeria.jpg","datePublished":"2015-06-01T15:11:01+00:00","dateModified":"2025-02-11T16:15:36+00:00","breadcrumb":{"@id":"https:\/\/www.rmcr.org\/en\/2015\/06\/01\/la-galeria-ecuestre-nuevo-espacio-en-la-visita-de-la-real-maestranza-de-caballeria-de-ronda\/#breadcrumb"},"inLanguage":"en-US","potentialAction":[{"@type":"ReadAction","target":["https:\/\/www.rmcr.org\/en\/2015\/06\/01\/la-galeria-ecuestre-nuevo-espacio-en-la-visita-de-la-real-maestranza-de-caballeria-de-ronda\/"]}]},{"@type":"ImageObject","inLanguage":"en-US","@id":"https:\/\/www.rmcr.org\/en\/2015\/06\/01\/la-galeria-ecuestre-nuevo-espacio-en-la-visita-de-la-real-maestranza-de-caballeria-de-ronda\/#primaryimage","url":"https:\/\/www.rmcr.org\/wp-content\/uploads\/2020\/05\/galeria.jpg","contentUrl":"https:\/\/www.rmcr.org\/wp-content\/uploads\/2020\/05\/galeria.jpg","width":500,"height":412},{"@type":"BreadcrumbList","@id":"https:\/\/www.rmcr.org\/en\/2015\/06\/01\/la-galeria-ecuestre-nuevo-espacio-en-la-visita-de-la-real-maestranza-de-caballeria-de-ronda\/#breadcrumb","itemListElement":[{"@type":"ListItem","position":1,"name":"REAL MAESTRANZA DE CABALLER\u00cdA DE RONDA","item":"https:\/\/www.rmcr.org\/en\/"},{"@type":"ListItem","position":2,"name":"La Galer\u00eda Ecuestre, nuevo espacio en la visita de la Real Maestranza de Caballer\u00eda de Ronda"}]},{"@type":"WebSite","@id":"https:\/\/www.rmcr.org\/en\/#website","url":"https:\/\/www.rmcr.org\/en\/","name":"Real Maestranza de Caballer\u00eda de Ronda","description":"Real Maestranza de Caballer\u00eda de Ronda","publisher":{"@id":"https:\/\/www.rmcr.org\/en\/#organization"},"alternateName":"RMCR","potentialAction":[{"@type":"SearchAction","target":{"@type":"EntryPoint","urlTemplate":"https:\/\/www.rmcr.org\/en\/?s={search_term_string}"},"query-input":{"@type":"PropertyValueSpecification","valueRequired":true,"valueName":"search_term_string"}}],"inLanguage":"en-US"},{"@type":"Organization","@id":"https:\/\/www.rmcr.org\/en\/#organization","name":"Real Maestranza de Caballer\u00eda de Ronda","alternateName":"RMR","url":"https:\/\/www.rmcr.org\/en\/","logo":{"@type":"ImageObject","inLanguage":"en-US","@id":"https:\/\/www.rmcr.org\/en\/#\/schema\/logo\/image\/","url":"https:\/\/www.rmcr.org\/wp-content\/uploads\/2022\/07\/logo-rmr-blue.svg","contentUrl":"https:\/\/www.rmcr.org\/wp-content\/uploads\/2022\/07\/logo-rmr-blue.svg","width":131,"height":129,"caption":"Real Maestranza de Caballer\u00eda de Ronda"},"image":{"@id":"https:\/\/www.rmcr.org\/en\/#\/schema\/logo\/image\/"},"sameAs":["https:\/\/www.facebook.com\/plazadetorosronda","https:\/\/x.com\/PlazatorosRMR","https:\/\/www.instagram.com\/realmaestranzaderonda\/","https:\/\/www.youtube.com\/channel\/UCrbO5IUN-8v_QML739vM4zg\/videos"]},{"@type":"Person","@id":"https:\/\/www.rmcr.org\/en\/#\/schema\/person\/6e5eb50e802ff5f1419c0fea9935ae36","name":"MUSEO","image":{"@type":"ImageObject","inLanguage":"en-US","@id":"https:\/\/www.rmcr.org\/wp-content\/uploads\/2022\/11\/avatar-rmcr-96x96.png","url":"https:\/\/www.rmcr.org\/wp-content\/uploads\/2022\/11\/avatar-rmcr-96x96.png","contentUrl":"https:\/\/www.rmcr.org\/wp-content\/uploads\/2022\/11\/avatar-rmcr-96x96.png","caption":"MUSEO"},"url":"https:\/\/www.rmcr.org\/en\/author\/miguel-angel-sanchez\/"}]}},"_links":{"self":[{"href":"https:\/\/www.rmcr.org\/en\/wp-json\/wp\/v2\/posts\/18786","targetHints":{"allow":["GET"]}}],"collection":[{"href":"https:\/\/www.rmcr.org\/en\/wp-json\/wp\/v2\/posts"}],"about":[{"href":"https:\/\/www.rmcr.org\/en\/wp-json\/wp\/v2\/types\/post"}],"author":[{"embeddable":true,"href":"https:\/\/www.rmcr.org\/en\/wp-json\/wp\/v2\/users\/5"}],"replies":[{"embeddable":true,"href":"https:\/\/www.rmcr.org\/en\/wp-json\/wp\/v2\/comments?post=18786"}],"version-history":[{"count":4,"href":"https:\/\/www.rmcr.org\/en\/wp-json\/wp\/v2\/posts\/18786\/revisions"}],"predecessor-version":[{"id":18796,"href":"https:\/\/www.rmcr.org\/en\/wp-json\/wp\/v2\/posts\/18786\/revisions\/18796"}],"wp:featuredmedia":[{"embeddable":true,"href":"https:\/\/www.rmcr.org\/en\/wp-json\/wp\/v2\/media\/10024"}],"wp:attachment":[{"href":"https:\/\/www.rmcr.org\/en\/wp-json\/wp\/v2\/media?parent=18786"}],"wp:term":[{"taxonomy":"category","embeddable":true,"href":"https:\/\/www.rmcr.org\/en\/wp-json\/wp\/v2\/categories?post=18786"},{"taxonomy":"post_tag","embeddable":true,"href":"https:\/\/www.rmcr.org\/en\/wp-json\/wp\/v2\/tags?post=18786"}],"curies":[{"name":"wp","href":"https:\/\/api.w.org\/{rel}","templated":true}]}}