{"id":18760,"date":"2017-08-02T14:45:50","date_gmt":"2017-08-02T14:45:50","guid":{"rendered":"https:\/\/www.rmcr.org\/?p=18760"},"modified":"2025-04-04T11:29:21","modified_gmt":"2025-04-04T11:29:21","slug":"chema-cobo-ilustra-el-cartel-de-la-61-corrida-goyesca-2","status":"publish","type":"post","link":"https:\/\/www.rmcr.org\/en\/2017\/08\/02\/chema-cobo-ilustra-el-cartel-de-la-61-corrida-goyesca-2\/","title":{"rendered":"Chema Cobo ilustra el cartel de la 61 Corrida Goyesca"},"content":{"rendered":"\t\t<div data-elementor-type=\"wp-post\" data-elementor-id=\"18760\" class=\"elementor elementor-18760\" data-elementor-post-type=\"post\">\n\t\t\t\t\t\t<section class=\"elementor-section elementor-top-section elementor-element elementor-element-ac1f565 elementor-section-boxed elementor-section-height-default elementor-section-height-default\" data-id=\"ac1f565\" data-element_type=\"section\" data-e-type=\"section\">\n\t\t\t\t\t\t<div class=\"elementor-container elementor-column-gap-default\">\n\t\t\t\t\t<div class=\"elementor-column elementor-col-100 elementor-top-column elementor-element elementor-element-62b960c\" data-id=\"62b960c\" data-element_type=\"column\" data-e-type=\"column\">\n\t\t\t<div class=\"elementor-widget-wrap elementor-element-populated\">\n\t\t\t\t\t\t<div class=\"elementor-element elementor-element-c693b0b elementor-widget elementor-widget-text-editor\" data-id=\"c693b0b\" data-element_type=\"widget\" data-e-type=\"widget\" data-widget_type=\"text-editor.default\">\n\t\t\t\t<div class=\"elementor-widget-container\">\n\t\t\t\t\t\t\t\t\t<p class=\"seleccion_00_p\">Despu\u00e9s de su paso por diferentes ciudades y pa\u00edses, en el a\u00f1o 1999 fija su casa-estudio en Alhaur\u00edn El Grande (M\u00e1laga). Pintor fundamental de la historia del arte contempor\u00e1neo espa\u00f1ol, en sus comienzos en los 70 form\u00f3 parte del grupo art\u00edstico de la Nueva Figuraci\u00f3n madrile\u00f1a. A principios de esa d\u00e9cada cursa estudios de filosof\u00eda en la Universidad Aut\u00f3noma de Madrid. Durante los 80 se relaciona con movimientos internacionales como el Neoexpresionismo y la Transvanguardia. Es un autor con una obra muy extensa que se caracteriza por utilizar recursos estil\u00edsticos de muy diversa factura. Le gusta enfrentar los elementos verbales con los visuales, utilizando palabras como punto de partida de sus trabajos. En esencia, su pintura gira en torno a la metaf\u00edsica.<\/p><p class=\"seleccion_00_p\"><strong>Reconocimiento<\/strong><\/p><p class=\"seleccion_00_p\">En 1994 recibe el Premio Andaluc\u00eda de Artes Pl\u00e1sticas, y en 2009 el Premio de Pintura Francisco de Goya de la Villa de Madrid. Su obra forma parte de museos y colecciones p\u00fablicas como Kunstmuseum de Berna, Galer\u00eda Nazionale d&#8217;Arte Contemporaneo de Roma, Metropolitan Museum of Art de Nueva York, Museum of Contemporary Art de Chicago, Museo Nacional Centro de Arte Reina Sof\u00eda de Madrid, Centro Andaluz de Arte Contempor\u00e1neo de Sevilla y Centro de Arte Contempor\u00e1neo de M\u00e1laga, entre otros.<\/p><div id=\"ir-ext-ui\" style=\"color: #000000; font-size: 16px; line-height: 16px; background-color: #f7f7f7; border: 1px solid #999999; border-radius: 1px; top: 1px; right: 1px;\"><div class=\"ir-ext-dimensions\"><span class=\"ir-ext-rendered\" title=\"Rendered image dimensions (after any scaling\/resizing has been applied)\"> x <\/span> <span class=\"ir-ext-natural\" title=\"Natural image dimensions (without applying any scaling\/resizing)\"> (x) <\/span><\/div><div class=\"ir-ext-filesize\">\u00a0<\/div><\/div>\t\t\t\t\t\t\t\t<\/div>\n\t\t\t\t<\/div>\n\t\t\t\t\t<\/div>\n\t\t<\/div>\n\t\t\t\t\t<\/div>\n\t\t<\/section>\n\t\t\t\t<section class=\"elementor-section elementor-top-section elementor-element elementor-element-29d1116 elementor-section-boxed elementor-section-height-default elementor-section-height-default\" data-id=\"29d1116\" data-element_type=\"section\" data-e-type=\"section\">\n\t\t\t\t\t\t<div class=\"elementor-container elementor-column-gap-default\">\n\t\t\t\t\t<div class=\"elementor-column elementor-col-100 elementor-top-column elementor-element elementor-element-96bacb7\" data-id=\"96bacb7\" data-element_type=\"column\" data-e-type=\"column\">\n\t\t\t<div class=\"elementor-widget-wrap elementor-element-populated\">\n\t\t\t\t\t\t<div class=\"elementor-element elementor-element-01d7bf3 elementor-widget elementor-widget-image\" data-id=\"01d7bf3\" data-element_type=\"widget\" data-e-type=\"widget\" data-widget_type=\"image.default\">\n\t\t\t\t<div class=\"elementor-widget-container\">\n\t\t\t\t\t\t\t\t\t\t\t\t<figure class=\"wp-caption\">\n\t\t\t\t\t\t\t\t\t\t<img fetchpriority=\"high\" decoding=\"async\" width=\"500\" height=\"917\" src=\"https:\/\/www.rmcr.org\/wp-content\/uploads\/2023\/10\/cartel-61-corrida-goyesca.png\" class=\"attachment-large size-large wp-image-18762\" alt=\"\" srcset=\"https:\/\/www.rmcr.org\/wp-content\/uploads\/2023\/10\/cartel-61-corrida-goyesca.png 500w, https:\/\/www.rmcr.org\/wp-content\/uploads\/2023\/10\/cartel-61-corrida-goyesca-164x300.png 164w\" sizes=\"(max-width: 500px) 100vw, 500px\" \/>\t\t\t\t\t\t\t\t\t\t\t<figcaption class=\"widget-image-caption wp-caption-text\">Chema Alonso<\/figcaption>\n\t\t\t\t\t\t\t\t\t\t<\/figure>\n\t\t\t\t\t\t\t\t\t<\/div>\n\t\t\t\t<\/div>\n\t\t\t\t\t<\/div>\n\t\t<\/div>\n\t\t\t\t\t<\/div>\n\t\t<\/section>\n\t\t\t\t<\/div>\n\t\t","protected":false},"excerpt":{"rendered":"<p>El pintor gaditano Chema Cobo (Tarifa, 1952) ha sido el autor designado por la Real Maestranza de Caballer\u00eda de Ronda para ilustrar el cartel anunciador de los festejos taurinos que se celebrar\u00e1n durante la Feria de Pedro Romero 2017, del 1 al 3 de septiembre, y que incluyen la 61 Tradicional Corrida Goyesca, la 36 Corrida Ronde\u00f1a de Rejones y la Extraordinaria Novillada sin Picadores. <\/p>\n","protected":false},"author":5,"featured_media":11218,"comment_status":"open","ping_status":"open","sticky":false,"template":"","format":"standard","meta":{"footnotes":""},"categories":[275,36,278],"tags":[620,405,358],"class_list":["post-18760","post","type-post","status-publish","format-standard","has-post-thumbnail","hentry","category-goyesca","category-plaza-museo","category-tauromaquia","tag-cartel","tag-chema-cobo","tag-corrida-goyesca"],"yoast_head":"<!-- This site is optimized with the Yoast SEO plugin v27.5 - https:\/\/yoast.com\/product\/yoast-seo-wordpress\/ -->\n<title>Chema Cobo ilustra el cartel de la 61 Corrida Goyesca - Real Maestranza de Caballer\u00eda de Ronda<\/title>\n<meta name=\"robots\" content=\"index, follow, max-snippet:-1, max-image-preview:large, max-video-preview:-1\" \/>\n<link rel=\"canonical\" href=\"https:\/\/www.rmcr.org\/en\/2017\/08\/02\/chema-cobo-ilustra-el-cartel-de-la-61-corrida-goyesca-2\/\" \/>\n<meta property=\"og:locale\" content=\"en_US\" \/>\n<meta property=\"og:type\" content=\"article\" \/>\n<meta property=\"og:title\" content=\"Chema Cobo ilustra el cartel de la 61 Corrida Goyesca - Real Maestranza de Caballer\u00eda de Ronda\" \/>\n<meta property=\"og:description\" content=\"El pintor gaditano Chema Cobo (Tarifa, 1952) ha sido el autor designado por la Real Maestranza de Caballer\u00eda de Ronda para ilustrar el cartel anunciador de los festejos taurinos que se celebrar\u00e1n durante la Feria de Pedro Romero 2017, del 1 al 3 de septiembre, y que incluyen la 61 Tradicional Corrida Goyesca, la 36 Corrida Ronde\u00f1a de Rejones y la Extraordinaria Novillada sin Picadores.\" \/>\n<meta property=\"og:url\" content=\"https:\/\/www.rmcr.org\/en\/2017\/08\/02\/chema-cobo-ilustra-el-cartel-de-la-61-corrida-goyesca-2\/\" \/>\n<meta property=\"og:site_name\" content=\"Real Maestranza de Caballer\u00eda de Ronda\" \/>\n<meta property=\"article:publisher\" content=\"https:\/\/www.facebook.com\/plazadetorosronda\" \/>\n<meta property=\"article:published_time\" content=\"2017-08-02T14:45:50+00:00\" \/>\n<meta property=\"article:modified_time\" content=\"2025-04-04T11:29:21+00:00\" \/>\n<meta property=\"og:image\" content=\"https:\/\/www.rmcr.org\/wp-content\/uploads\/2022\/07\/cartel-goyescas-2017.jpg\" \/>\n\t<meta property=\"og:image:width\" content=\"214\" \/>\n\t<meta property=\"og:image:height\" content=\"396\" \/>\n\t<meta property=\"og:image:type\" content=\"image\/jpeg\" \/>\n<meta name=\"author\" content=\"MUSEO\" \/>\n<meta name=\"twitter:card\" content=\"summary_large_image\" \/>\n<meta name=\"twitter:creator\" content=\"@PlazatorosRMR\" \/>\n<meta name=\"twitter:site\" content=\"@PlazatorosRMR\" \/>\n<meta name=\"twitter:label1\" content=\"Written by\" \/>\n\t<meta name=\"twitter:data1\" content=\"MUSEO\" \/>\n\t<meta name=\"twitter:label2\" content=\"Est. reading time\" \/>\n\t<meta name=\"twitter:data2\" content=\"2 minutes\" \/>\n<script type=\"application\/ld+json\" class=\"yoast-schema-graph\">{\"@context\":\"https:\\\/\\\/schema.org\",\"@graph\":[{\"@type\":\"Article\",\"@id\":\"https:\\\/\\\/www.rmcr.org\\\/en\\\/2017\\\/08\\\/02\\\/chema-cobo-ilustra-el-cartel-de-la-61-corrida-goyesca-2\\\/#article\",\"isPartOf\":{\"@id\":\"https:\\\/\\\/www.rmcr.org\\\/en\\\/2017\\\/08\\\/02\\\/chema-cobo-ilustra-el-cartel-de-la-61-corrida-goyesca-2\\\/\"},\"author\":{\"name\":\"MUSEO\",\"@id\":\"https:\\\/\\\/www.rmcr.org\\\/en\\\/#\\\/schema\\\/person\\\/6e5eb50e802ff5f1419c0fea9935ae36\"},\"headline\":\"Chema Cobo ilustra el cartel de la 61 Corrida Goyesca\",\"datePublished\":\"2017-08-02T14:45:50+00:00\",\"dateModified\":\"2025-04-04T11:29:21+00:00\",\"mainEntityOfPage\":{\"@id\":\"https:\\\/\\\/www.rmcr.org\\\/en\\\/2017\\\/08\\\/02\\\/chema-cobo-ilustra-el-cartel-de-la-61-corrida-goyesca-2\\\/\"},\"wordCount\":236,\"commentCount\":0,\"publisher\":{\"@id\":\"https:\\\/\\\/www.rmcr.org\\\/en\\\/#organization\"},\"image\":{\"@id\":\"https:\\\/\\\/www.rmcr.org\\\/en\\\/2017\\\/08\\\/02\\\/chema-cobo-ilustra-el-cartel-de-la-61-corrida-goyesca-2\\\/#primaryimage\"},\"thumbnailUrl\":\"https:\\\/\\\/www.rmcr.org\\\/wp-content\\\/uploads\\\/2022\\\/07\\\/cartel-goyescas-2017.jpg\",\"keywords\":[\"Cartel\",\"Chema Cobo\",\"Corrida Goyesca\"],\"articleSection\":[\"Goyesca\",\"Plaza y Museo\",\"Tauromaquia\"],\"inLanguage\":\"en-US\",\"potentialAction\":[{\"@type\":\"CommentAction\",\"name\":\"Comment\",\"target\":[\"https:\\\/\\\/www.rmcr.org\\\/en\\\/2017\\\/08\\\/02\\\/chema-cobo-ilustra-el-cartel-de-la-61-corrida-goyesca-2\\\/#respond\"]}]},{\"@type\":\"WebPage\",\"@id\":\"https:\\\/\\\/www.rmcr.org\\\/en\\\/2017\\\/08\\\/02\\\/chema-cobo-ilustra-el-cartel-de-la-61-corrida-goyesca-2\\\/\",\"url\":\"https:\\\/\\\/www.rmcr.org\\\/en\\\/2017\\\/08\\\/02\\\/chema-cobo-ilustra-el-cartel-de-la-61-corrida-goyesca-2\\\/\",\"name\":\"Chema Cobo ilustra el cartel de la 61 Corrida Goyesca - Real Maestranza de Caballer\u00eda de Ronda\",\"isPartOf\":{\"@id\":\"https:\\\/\\\/www.rmcr.org\\\/en\\\/#website\"},\"primaryImageOfPage\":{\"@id\":\"https:\\\/\\\/www.rmcr.org\\\/en\\\/2017\\\/08\\\/02\\\/chema-cobo-ilustra-el-cartel-de-la-61-corrida-goyesca-2\\\/#primaryimage\"},\"image\":{\"@id\":\"https:\\\/\\\/www.rmcr.org\\\/en\\\/2017\\\/08\\\/02\\\/chema-cobo-ilustra-el-cartel-de-la-61-corrida-goyesca-2\\\/#primaryimage\"},\"thumbnailUrl\":\"https:\\\/\\\/www.rmcr.org\\\/wp-content\\\/uploads\\\/2022\\\/07\\\/cartel-goyescas-2017.jpg\",\"datePublished\":\"2017-08-02T14:45:50+00:00\",\"dateModified\":\"2025-04-04T11:29:21+00:00\",\"breadcrumb\":{\"@id\":\"https:\\\/\\\/www.rmcr.org\\\/en\\\/2017\\\/08\\\/02\\\/chema-cobo-ilustra-el-cartel-de-la-61-corrida-goyesca-2\\\/#breadcrumb\"},\"inLanguage\":\"en-US\",\"potentialAction\":[{\"@type\":\"ReadAction\",\"target\":[\"https:\\\/\\\/www.rmcr.org\\\/en\\\/2017\\\/08\\\/02\\\/chema-cobo-ilustra-el-cartel-de-la-61-corrida-goyesca-2\\\/\"]}]},{\"@type\":\"ImageObject\",\"inLanguage\":\"en-US\",\"@id\":\"https:\\\/\\\/www.rmcr.org\\\/en\\\/2017\\\/08\\\/02\\\/chema-cobo-ilustra-el-cartel-de-la-61-corrida-goyesca-2\\\/#primaryimage\",\"url\":\"https:\\\/\\\/www.rmcr.org\\\/wp-content\\\/uploads\\\/2022\\\/07\\\/cartel-goyescas-2017.jpg\",\"contentUrl\":\"https:\\\/\\\/www.rmcr.org\\\/wp-content\\\/uploads\\\/2022\\\/07\\\/cartel-goyescas-2017.jpg\",\"width\":214,\"height\":396},{\"@type\":\"BreadcrumbList\",\"@id\":\"https:\\\/\\\/www.rmcr.org\\\/en\\\/2017\\\/08\\\/02\\\/chema-cobo-ilustra-el-cartel-de-la-61-corrida-goyesca-2\\\/#breadcrumb\",\"itemListElement\":[{\"@type\":\"ListItem\",\"position\":1,\"name\":\"REAL MAESTRANZA DE CABALLER\u00cdA DE RONDA\",\"item\":\"https:\\\/\\\/www.rmcr.org\\\/en\\\/\"},{\"@type\":\"ListItem\",\"position\":2,\"name\":\"Chema Cobo ilustra el cartel de la 61 Corrida Goyesca\"}]},{\"@type\":\"WebSite\",\"@id\":\"https:\\\/\\\/www.rmcr.org\\\/en\\\/#website\",\"url\":\"https:\\\/\\\/www.rmcr.org\\\/en\\\/\",\"name\":\"Real Maestranza de Caballer\u00eda de Ronda\",\"description\":\"Real Maestranza de Caballer\u00eda de Ronda\",\"publisher\":{\"@id\":\"https:\\\/\\\/www.rmcr.org\\\/en\\\/#organization\"},\"alternateName\":\"RMCR\",\"potentialAction\":[{\"@type\":\"SearchAction\",\"target\":{\"@type\":\"EntryPoint\",\"urlTemplate\":\"https:\\\/\\\/www.rmcr.org\\\/en\\\/?s={search_term_string}\"},\"query-input\":{\"@type\":\"PropertyValueSpecification\",\"valueRequired\":true,\"valueName\":\"search_term_string\"}}],\"inLanguage\":\"en-US\"},{\"@type\":\"Organization\",\"@id\":\"https:\\\/\\\/www.rmcr.org\\\/en\\\/#organization\",\"name\":\"Real Maestranza de Caballer\u00eda de Ronda\",\"alternateName\":\"RMR\",\"url\":\"https:\\\/\\\/www.rmcr.org\\\/en\\\/\",\"logo\":{\"@type\":\"ImageObject\",\"inLanguage\":\"en-US\",\"@id\":\"https:\\\/\\\/www.rmcr.org\\\/en\\\/#\\\/schema\\\/logo\\\/image\\\/\",\"url\":\"https:\\\/\\\/www.rmcr.org\\\/wp-content\\\/uploads\\\/2022\\\/07\\\/logo-rmr-blue.svg\",\"contentUrl\":\"https:\\\/\\\/www.rmcr.org\\\/wp-content\\\/uploads\\\/2022\\\/07\\\/logo-rmr-blue.svg\",\"width\":131,\"height\":129,\"caption\":\"Real Maestranza de Caballer\u00eda de Ronda\"},\"image\":{\"@id\":\"https:\\\/\\\/www.rmcr.org\\\/en\\\/#\\\/schema\\\/logo\\\/image\\\/\"},\"sameAs\":[\"https:\\\/\\\/www.facebook.com\\\/plazadetorosronda\",\"https:\\\/\\\/x.com\\\/PlazatorosRMR\",\"https:\\\/\\\/www.instagram.com\\\/realmaestranzaderonda\\\/\",\"https:\\\/\\\/www.youtube.com\\\/channel\\\/UCrbO5IUN-8v_QML739vM4zg\\\/videos\"]},{\"@type\":\"Person\",\"@id\":\"https:\\\/\\\/www.rmcr.org\\\/en\\\/#\\\/schema\\\/person\\\/6e5eb50e802ff5f1419c0fea9935ae36\",\"name\":\"MUSEO\",\"image\":{\"@type\":\"ImageObject\",\"inLanguage\":\"en-US\",\"@id\":\"https:\\\/\\\/www.rmcr.org\\\/wp-content\\\/uploads\\\/2022\\\/11\\\/avatar-rmcr-96x96.png\",\"url\":\"https:\\\/\\\/www.rmcr.org\\\/wp-content\\\/uploads\\\/2022\\\/11\\\/avatar-rmcr-96x96.png\",\"contentUrl\":\"https:\\\/\\\/www.rmcr.org\\\/wp-content\\\/uploads\\\/2022\\\/11\\\/avatar-rmcr-96x96.png\",\"caption\":\"MUSEO\"},\"url\":\"https:\\\/\\\/www.rmcr.org\\\/en\\\/author\\\/miguel-angel-sanchez\\\/\"}]}<\/script>\n<!-- \/ Yoast SEO plugin. -->","yoast_head_json":{"title":"Chema Cobo ilustra el cartel de la 61 Corrida Goyesca - Real Maestranza de Caballer\u00eda de Ronda","robots":{"index":"index","follow":"follow","max-snippet":"max-snippet:-1","max-image-preview":"max-image-preview:large","max-video-preview":"max-video-preview:-1"},"canonical":"https:\/\/www.rmcr.org\/en\/2017\/08\/02\/chema-cobo-ilustra-el-cartel-de-la-61-corrida-goyesca-2\/","og_locale":"en_US","og_type":"article","og_title":"Chema Cobo ilustra el cartel de la 61 Corrida Goyesca - Real Maestranza de Caballer\u00eda de Ronda","og_description":"El pintor gaditano Chema Cobo (Tarifa, 1952) ha sido el autor designado por la Real Maestranza de Caballer\u00eda de Ronda para ilustrar el cartel anunciador de los festejos taurinos que se celebrar\u00e1n durante la Feria de Pedro Romero 2017, del 1 al 3 de septiembre, y que incluyen la 61 Tradicional Corrida Goyesca, la 36 Corrida Ronde\u00f1a de Rejones y la Extraordinaria Novillada sin Picadores.","og_url":"https:\/\/www.rmcr.org\/en\/2017\/08\/02\/chema-cobo-ilustra-el-cartel-de-la-61-corrida-goyesca-2\/","og_site_name":"Real Maestranza de Caballer\u00eda de Ronda","article_publisher":"https:\/\/www.facebook.com\/plazadetorosronda","article_published_time":"2017-08-02T14:45:50+00:00","article_modified_time":"2025-04-04T11:29:21+00:00","og_image":[{"width":214,"height":396,"url":"https:\/\/www.rmcr.org\/wp-content\/uploads\/2022\/07\/cartel-goyescas-2017.jpg","type":"image\/jpeg"}],"author":"MUSEO","twitter_card":"summary_large_image","twitter_creator":"@PlazatorosRMR","twitter_site":"@PlazatorosRMR","twitter_misc":{"Written by":"MUSEO","Est. reading time":"2 minutes"},"schema":{"@context":"https:\/\/schema.org","@graph":[{"@type":"Article","@id":"https:\/\/www.rmcr.org\/en\/2017\/08\/02\/chema-cobo-ilustra-el-cartel-de-la-61-corrida-goyesca-2\/#article","isPartOf":{"@id":"https:\/\/www.rmcr.org\/en\/2017\/08\/02\/chema-cobo-ilustra-el-cartel-de-la-61-corrida-goyesca-2\/"},"author":{"name":"MUSEO","@id":"https:\/\/www.rmcr.org\/en\/#\/schema\/person\/6e5eb50e802ff5f1419c0fea9935ae36"},"headline":"Chema Cobo ilustra el cartel de la 61 Corrida Goyesca","datePublished":"2017-08-02T14:45:50+00:00","dateModified":"2025-04-04T11:29:21+00:00","mainEntityOfPage":{"@id":"https:\/\/www.rmcr.org\/en\/2017\/08\/02\/chema-cobo-ilustra-el-cartel-de-la-61-corrida-goyesca-2\/"},"wordCount":236,"commentCount":0,"publisher":{"@id":"https:\/\/www.rmcr.org\/en\/#organization"},"image":{"@id":"https:\/\/www.rmcr.org\/en\/2017\/08\/02\/chema-cobo-ilustra-el-cartel-de-la-61-corrida-goyesca-2\/#primaryimage"},"thumbnailUrl":"https:\/\/www.rmcr.org\/wp-content\/uploads\/2022\/07\/cartel-goyescas-2017.jpg","keywords":["Cartel","Chema Cobo","Corrida Goyesca"],"articleSection":["Goyesca","Plaza y Museo","Tauromaquia"],"inLanguage":"en-US","potentialAction":[{"@type":"CommentAction","name":"Comment","target":["https:\/\/www.rmcr.org\/en\/2017\/08\/02\/chema-cobo-ilustra-el-cartel-de-la-61-corrida-goyesca-2\/#respond"]}]},{"@type":"WebPage","@id":"https:\/\/www.rmcr.org\/en\/2017\/08\/02\/chema-cobo-ilustra-el-cartel-de-la-61-corrida-goyesca-2\/","url":"https:\/\/www.rmcr.org\/en\/2017\/08\/02\/chema-cobo-ilustra-el-cartel-de-la-61-corrida-goyesca-2\/","name":"Chema Cobo ilustra el cartel de la 61 Corrida Goyesca - Real Maestranza de Caballer\u00eda de Ronda","isPartOf":{"@id":"https:\/\/www.rmcr.org\/en\/#website"},"primaryImageOfPage":{"@id":"https:\/\/www.rmcr.org\/en\/2017\/08\/02\/chema-cobo-ilustra-el-cartel-de-la-61-corrida-goyesca-2\/#primaryimage"},"image":{"@id":"https:\/\/www.rmcr.org\/en\/2017\/08\/02\/chema-cobo-ilustra-el-cartel-de-la-61-corrida-goyesca-2\/#primaryimage"},"thumbnailUrl":"https:\/\/www.rmcr.org\/wp-content\/uploads\/2022\/07\/cartel-goyescas-2017.jpg","datePublished":"2017-08-02T14:45:50+00:00","dateModified":"2025-04-04T11:29:21+00:00","breadcrumb":{"@id":"https:\/\/www.rmcr.org\/en\/2017\/08\/02\/chema-cobo-ilustra-el-cartel-de-la-61-corrida-goyesca-2\/#breadcrumb"},"inLanguage":"en-US","potentialAction":[{"@type":"ReadAction","target":["https:\/\/www.rmcr.org\/en\/2017\/08\/02\/chema-cobo-ilustra-el-cartel-de-la-61-corrida-goyesca-2\/"]}]},{"@type":"ImageObject","inLanguage":"en-US","@id":"https:\/\/www.rmcr.org\/en\/2017\/08\/02\/chema-cobo-ilustra-el-cartel-de-la-61-corrida-goyesca-2\/#primaryimage","url":"https:\/\/www.rmcr.org\/wp-content\/uploads\/2022\/07\/cartel-goyescas-2017.jpg","contentUrl":"https:\/\/www.rmcr.org\/wp-content\/uploads\/2022\/07\/cartel-goyescas-2017.jpg","width":214,"height":396},{"@type":"BreadcrumbList","@id":"https:\/\/www.rmcr.org\/en\/2017\/08\/02\/chema-cobo-ilustra-el-cartel-de-la-61-corrida-goyesca-2\/#breadcrumb","itemListElement":[{"@type":"ListItem","position":1,"name":"REAL MAESTRANZA DE CABALLER\u00cdA DE RONDA","item":"https:\/\/www.rmcr.org\/en\/"},{"@type":"ListItem","position":2,"name":"Chema Cobo ilustra el cartel de la 61 Corrida Goyesca"}]},{"@type":"WebSite","@id":"https:\/\/www.rmcr.org\/en\/#website","url":"https:\/\/www.rmcr.org\/en\/","name":"Real Maestranza de Caballer\u00eda de Ronda","description":"Real Maestranza de Caballer\u00eda de Ronda","publisher":{"@id":"https:\/\/www.rmcr.org\/en\/#organization"},"alternateName":"RMCR","potentialAction":[{"@type":"SearchAction","target":{"@type":"EntryPoint","urlTemplate":"https:\/\/www.rmcr.org\/en\/?s={search_term_string}"},"query-input":{"@type":"PropertyValueSpecification","valueRequired":true,"valueName":"search_term_string"}}],"inLanguage":"en-US"},{"@type":"Organization","@id":"https:\/\/www.rmcr.org\/en\/#organization","name":"Real Maestranza de Caballer\u00eda de Ronda","alternateName":"RMR","url":"https:\/\/www.rmcr.org\/en\/","logo":{"@type":"ImageObject","inLanguage":"en-US","@id":"https:\/\/www.rmcr.org\/en\/#\/schema\/logo\/image\/","url":"https:\/\/www.rmcr.org\/wp-content\/uploads\/2022\/07\/logo-rmr-blue.svg","contentUrl":"https:\/\/www.rmcr.org\/wp-content\/uploads\/2022\/07\/logo-rmr-blue.svg","width":131,"height":129,"caption":"Real Maestranza de Caballer\u00eda de Ronda"},"image":{"@id":"https:\/\/www.rmcr.org\/en\/#\/schema\/logo\/image\/"},"sameAs":["https:\/\/www.facebook.com\/plazadetorosronda","https:\/\/x.com\/PlazatorosRMR","https:\/\/www.instagram.com\/realmaestranzaderonda\/","https:\/\/www.youtube.com\/channel\/UCrbO5IUN-8v_QML739vM4zg\/videos"]},{"@type":"Person","@id":"https:\/\/www.rmcr.org\/en\/#\/schema\/person\/6e5eb50e802ff5f1419c0fea9935ae36","name":"MUSEO","image":{"@type":"ImageObject","inLanguage":"en-US","@id":"https:\/\/www.rmcr.org\/wp-content\/uploads\/2022\/11\/avatar-rmcr-96x96.png","url":"https:\/\/www.rmcr.org\/wp-content\/uploads\/2022\/11\/avatar-rmcr-96x96.png","contentUrl":"https:\/\/www.rmcr.org\/wp-content\/uploads\/2022\/11\/avatar-rmcr-96x96.png","caption":"MUSEO"},"url":"https:\/\/www.rmcr.org\/en\/author\/miguel-angel-sanchez\/"}]}},"_links":{"self":[{"href":"https:\/\/www.rmcr.org\/en\/wp-json\/wp\/v2\/posts\/18760","targetHints":{"allow":["GET"]}}],"collection":[{"href":"https:\/\/www.rmcr.org\/en\/wp-json\/wp\/v2\/posts"}],"about":[{"href":"https:\/\/www.rmcr.org\/en\/wp-json\/wp\/v2\/types\/post"}],"author":[{"embeddable":true,"href":"https:\/\/www.rmcr.org\/en\/wp-json\/wp\/v2\/users\/5"}],"replies":[{"embeddable":true,"href":"https:\/\/www.rmcr.org\/en\/wp-json\/wp\/v2\/comments?post=18760"}],"version-history":[{"count":4,"href":"https:\/\/www.rmcr.org\/en\/wp-json\/wp\/v2\/posts\/18760\/revisions"}],"predecessor-version":[{"id":18766,"href":"https:\/\/www.rmcr.org\/en\/wp-json\/wp\/v2\/posts\/18760\/revisions\/18766"}],"wp:featuredmedia":[{"embeddable":true,"href":"https:\/\/www.rmcr.org\/en\/wp-json\/wp\/v2\/media\/11218"}],"wp:attachment":[{"href":"https:\/\/www.rmcr.org\/en\/wp-json\/wp\/v2\/media?parent=18760"}],"wp:term":[{"taxonomy":"category","embeddable":true,"href":"https:\/\/www.rmcr.org\/en\/wp-json\/wp\/v2\/categories?post=18760"},{"taxonomy":"post_tag","embeddable":true,"href":"https:\/\/www.rmcr.org\/en\/wp-json\/wp\/v2\/tags?post=18760"}],"curies":[{"name":"wp","href":"https:\/\/api.w.org\/{rel}","templated":true}]}}