{"id":18739,"date":"2000-04-08T13:16:59","date_gmt":"2000-04-08T13:16:59","guid":{"rendered":"https:\/\/www.rmcr.org\/?p=18739"},"modified":"2023-10-27T13:20:02","modified_gmt":"2023-10-27T13:20:02","slug":"la-maestranza-rondena-inaugura-una-sala-en-su-plaza-museo","status":"publish","type":"post","link":"https:\/\/www.rmcr.org\/en\/2000\/04\/08\/la-maestranza-rondena-inaugura-una-sala-en-su-plaza-museo\/","title":{"rendered":"La Maestranza ronde\u00f1a inaugura una sala en su Plaza Museo"},"content":{"rendered":"\t\t<div data-elementor-type=\"wp-post\" data-elementor-id=\"18739\" class=\"elementor elementor-18739\" data-elementor-post-type=\"post\">\n\t\t\t\t\t\t<section class=\"elementor-section elementor-top-section elementor-element elementor-element-5a2daa8 elementor-section-boxed elementor-section-height-default elementor-section-height-default\" data-id=\"5a2daa8\" data-element_type=\"section\" data-e-type=\"section\">\n\t\t\t\t\t\t<div class=\"elementor-container elementor-column-gap-default\">\n\t\t\t\t\t<div class=\"elementor-column elementor-col-100 elementor-top-column elementor-element elementor-element-4ee4a80\" data-id=\"4ee4a80\" data-element_type=\"column\" data-e-type=\"column\">\n\t\t\t<div class=\"elementor-widget-wrap elementor-element-populated\">\n\t\t\t\t\t\t<div class=\"elementor-element elementor-element-5e81d0e elementor-widget elementor-widget-text-editor\" data-id=\"5e81d0e\" data-element_type=\"widget\" data-e-type=\"widget\" data-widget_type=\"text-editor.default\">\n\t\t\t\t<div class=\"elementor-widget-container\">\n\t\t\t\t\t\t\t\t\t<p><strong>Patrimonio<\/strong><\/p><p>Hoy la Real Maestranza es una instituci\u00f3n sin \u00e1nimo de lucro, presidida por SM el Rey y dedicada a la conservaci\u00f3n, difusi\u00f3n e investigaci\u00f3n de su patrimonio hist\u00f3rico y archiv\u00edstico, a la promoci\u00f3n cultural y a la ense\u00f1anza de la equitaci\u00f3n.<\/p><div id=\"ir-ext-ui\" style=\"color: #000000; font-size: 16px; line-height: 16px; background-color: #f7f7f7; border: 1px solid #999999; border-radius: 1px; top: 1px; right: 1px;\"><div class=\"ir-ext-dimensions\"><span class=\"ir-ext-rendered\" title=\"Rendered image dimensions (after any scaling\/resizing has been applied)\"> x <\/span> <span class=\"ir-ext-natural\" title=\"Natural image dimensions (without applying any scaling\/resizing)\"> (x) <\/span><\/div><div class=\"ir-ext-filesize\">\u00a0<\/div><\/div>\t\t\t\t\t\t\t\t<\/div>\n\t\t\t\t<\/div>\n\t\t\t\t\t<\/div>\n\t\t<\/div>\n\t\t\t\t\t<\/div>\n\t\t<\/section>\n\t\t\t\t<section class=\"elementor-section elementor-top-section elementor-element elementor-element-2dd6dd0 elementor-section-boxed elementor-section-height-default elementor-section-height-default\" data-id=\"2dd6dd0\" data-element_type=\"section\" data-e-type=\"section\">\n\t\t\t\t\t\t<div class=\"elementor-container elementor-column-gap-default\">\n\t\t\t\t\t<div class=\"elementor-column elementor-col-100 elementor-top-column elementor-element elementor-element-65c04ef\" data-id=\"65c04ef\" data-element_type=\"column\" data-e-type=\"column\">\n\t\t\t<div class=\"elementor-widget-wrap elementor-element-populated\">\n\t\t\t\t\t\t<div class=\"elementor-element elementor-element-f010c32 gallery-spacing-custom elementor-widget elementor-widget-image-gallery\" data-id=\"f010c32\" data-element_type=\"widget\" data-e-type=\"widget\" data-widget_type=\"image-gallery.default\">\n\t\t\t\t<div class=\"elementor-widget-container\">\n\t\t\t\t\t\t\t<div class=\"elementor-image-gallery\">\n\t\t\t<div id='gallery-1' class='gallery galleryid-18739 gallery-columns-1 gallery-size-large'><figure class='gallery-item'>\n\t\t\t<div class='gallery-icon landscape'>\n\t\t\t\t<a data-elementor-open-lightbox=\"yes\" data-elementor-lightbox-slideshow=\"f010c32\" data-elementor-lightbox-title=\"sala-maestranza-01\" data-e-action-hash=\"#elementor-action%3Aaction%3Dlightbox%26settings%3DeyJpZCI6MTg3NDMsInVybCI6Imh0dHBzOlwvXC93d3cucm1jci5vcmdcL3dwLWNvbnRlbnRcL3VwbG9hZHNcLzIwMjNcLzEwXC9zYWxhLW1hZXN0cmFuemEtMDEucG5nIiwic2xpZGVzaG93IjoiZjAxMGMzMiJ9\" href='https:\/\/www.rmcr.org\/wp-content\/uploads\/2023\/10\/sala-maestranza-01.png'><img fetchpriority=\"high\" width=\"599\" height=\"374\" src=\"https:\/\/www.rmcr.org\/wp-content\/uploads\/2023\/10\/sala-maestranza-01.png\" class=\"attachment-large size-large\" alt=\"\" decoding=\"async\" srcset=\"https:\/\/www.rmcr.org\/wp-content\/uploads\/2023\/10\/sala-maestranza-01.png 599w, https:\/\/www.rmcr.org\/wp-content\/uploads\/2023\/10\/sala-maestranza-01-300x187.png 300w\" sizes=\"(max-width: 599px) 100vw, 599px\" \/><\/a>\n\t\t\t<\/div><\/figure><figure class='gallery-item'>\n\t\t\t<div class='gallery-icon landscape'>\n\t\t\t\t<a data-elementor-open-lightbox=\"yes\" data-elementor-lightbox-slideshow=\"f010c32\" data-elementor-lightbox-title=\"sala-maestranza-02\" data-e-action-hash=\"#elementor-action%3Aaction%3Dlightbox%26settings%3DeyJpZCI6MTg3NDEsInVybCI6Imh0dHBzOlwvXC93d3cucm1jci5vcmdcL3dwLWNvbnRlbnRcL3VwbG9hZHNcLzIwMjNcLzEwXC9zYWxhLW1hZXN0cmFuemEtMDIucG5nIiwic2xpZGVzaG93IjoiZjAxMGMzMiJ9\" href='https:\/\/www.rmcr.org\/wp-content\/uploads\/2023\/10\/sala-maestranza-02.png'><img width=\"599\" height=\"333\" src=\"https:\/\/www.rmcr.org\/wp-content\/uploads\/2023\/10\/sala-maestranza-02.png\" class=\"attachment-large size-large\" alt=\"\" decoding=\"async\" srcset=\"https:\/\/www.rmcr.org\/wp-content\/uploads\/2023\/10\/sala-maestranza-02.png 599w, https:\/\/www.rmcr.org\/wp-content\/uploads\/2023\/10\/sala-maestranza-02-300x167.png 300w\" sizes=\"(max-width: 599px) 100vw, 599px\" \/><\/a>\n\t\t\t<\/div><\/figure>\n\t\t<\/div>\n\t\t<\/div>\n\t\t\t\t\t\t<\/div>\n\t\t\t\t<\/div>\n\t\t\t\t\t<\/div>\n\t\t<\/div>\n\t\t\t\t\t<\/div>\n\t\t<\/section>\n\t\t\t\t<\/div>\n\t\t","protected":false},"excerpt":{"rendered":"<p>La Maestranza ronde\u00f1a inaugura una sala en su Plaza Museo donde se cuenta e ilustra la historia de la misma Maestranza, desde la hermandad de caballeros creada en el siglo XVI para la defensa de la ciudad y su territorio, as\u00ed como la evoluci\u00f3n de la escuela de equitaci\u00f3n m\u00e1s antigua de Espa\u00f1a, en su origen guerrera y en la actualidad dedicada a la doma cl\u00e1sica. Tambi\u00e9n se muestra la contribuci\u00f3n de la Real Maestranza al desarrollo de la tauromaquia y de la expansi\u00f3n urbana de Ronda durante la Ilustraci\u00f3n. <\/p>\n","protected":false},"author":5,"featured_media":11270,"comment_status":"closed","ping_status":"open","sticky":false,"template":"","format":"standard","meta":{"footnotes":""},"categories":[36],"tags":[632,633,631],"class_list":["post-18739","post","type-post","status-publish","format-standard","has-post-thumbnail","hentry","category-plaza-museo","tag-inauguracion","tag-maestranza","tag-plaza-museo"],"yoast_head":"<!-- This site is optimized with the Yoast SEO plugin v27.5 - https:\/\/yoast.com\/product\/yoast-seo-wordpress\/ -->\n<title>La Maestranza ronde\u00f1a inaugura una sala en su Plaza Museo - Real Maestranza de Caballer\u00eda de Ronda<\/title>\n<meta name=\"robots\" content=\"index, follow, max-snippet:-1, max-image-preview:large, max-video-preview:-1\" \/>\n<link rel=\"canonical\" href=\"https:\/\/www.rmcr.org\/en\/2000\/04\/08\/la-maestranza-rondena-inaugura-una-sala-en-su-plaza-museo\/\" \/>\n<meta property=\"og:locale\" content=\"en_US\" \/>\n<meta property=\"og:type\" content=\"article\" \/>\n<meta property=\"og:title\" content=\"La Maestranza ronde\u00f1a inaugura una sala en su Plaza Museo - Real Maestranza de Caballer\u00eda de Ronda\" \/>\n<meta property=\"og:description\" content=\"La Maestranza ronde\u00f1a inaugura una sala en su Plaza Museo donde se cuenta e ilustra la historia de la misma Maestranza, desde la hermandad de caballeros creada en el siglo XVI para la defensa de la ciudad y su territorio, as\u00ed como la evoluci\u00f3n de la escuela de equitaci\u00f3n m\u00e1s antigua de Espa\u00f1a, en su origen guerrera y en la actualidad dedicada a la doma cl\u00e1sica. Tambi\u00e9n se muestra la contribuci\u00f3n de la Real Maestranza al desarrollo de la tauromaquia y de la expansi\u00f3n urbana de Ronda durante la Ilustraci\u00f3n.\" \/>\n<meta property=\"og:url\" content=\"https:\/\/www.rmcr.org\/en\/2000\/04\/08\/la-maestranza-rondena-inaugura-una-sala-en-su-plaza-museo\/\" \/>\n<meta property=\"og:site_name\" content=\"Real Maestranza de Caballer\u00eda de Ronda\" \/>\n<meta property=\"article:publisher\" content=\"https:\/\/www.facebook.com\/plazadetorosronda\" \/>\n<meta property=\"article:published_time\" content=\"2000-04-08T13:16:59+00:00\" \/>\n<meta property=\"article:modified_time\" content=\"2023-10-27T13:20:02+00:00\" \/>\n<meta property=\"og:image\" content=\"https:\/\/www.rmcr.org\/wp-content\/uploads\/2022\/07\/publicacion-catalogo-sala-real-maestranza-1.jpg\" \/>\n\t<meta property=\"og:image:width\" content=\"181\" \/>\n\t<meta property=\"og:image:height\" content=\"265\" \/>\n\t<meta property=\"og:image:type\" content=\"image\/jpeg\" \/>\n<meta name=\"author\" content=\"MUSEO\" \/>\n<meta name=\"twitter:card\" content=\"summary_large_image\" \/>\n<meta name=\"twitter:creator\" content=\"@PlazatorosRMR\" \/>\n<meta name=\"twitter:site\" content=\"@PlazatorosRMR\" \/>\n<meta name=\"twitter:label1\" content=\"Written by\" \/>\n\t<meta name=\"twitter:data1\" content=\"MUSEO\" \/>\n\t<meta name=\"twitter:label2\" content=\"Est. reading time\" \/>\n\t<meta name=\"twitter:data2\" content=\"1 minute\" \/>\n<script type=\"application\/ld+json\" class=\"yoast-schema-graph\">{\"@context\":\"https:\\\/\\\/schema.org\",\"@graph\":[{\"@type\":\"Article\",\"@id\":\"https:\\\/\\\/www.rmcr.org\\\/en\\\/2000\\\/04\\\/08\\\/la-maestranza-rondena-inaugura-una-sala-en-su-plaza-museo\\\/#article\",\"isPartOf\":{\"@id\":\"https:\\\/\\\/www.rmcr.org\\\/en\\\/2000\\\/04\\\/08\\\/la-maestranza-rondena-inaugura-una-sala-en-su-plaza-museo\\\/\"},\"author\":{\"name\":\"MUSEO\",\"@id\":\"https:\\\/\\\/www.rmcr.org\\\/en\\\/#\\\/schema\\\/person\\\/6e5eb50e802ff5f1419c0fea9935ae36\"},\"headline\":\"La Maestranza ronde\u00f1a inaugura una sala en su Plaza Museo\",\"datePublished\":\"2000-04-08T13:16:59+00:00\",\"dateModified\":\"2023-10-27T13:20:02+00:00\",\"mainEntityOfPage\":{\"@id\":\"https:\\\/\\\/www.rmcr.org\\\/en\\\/2000\\\/04\\\/08\\\/la-maestranza-rondena-inaugura-una-sala-en-su-plaza-museo\\\/\"},\"wordCount\":64,\"publisher\":{\"@id\":\"https:\\\/\\\/www.rmcr.org\\\/en\\\/#organization\"},\"image\":{\"@id\":\"https:\\\/\\\/www.rmcr.org\\\/en\\\/2000\\\/04\\\/08\\\/la-maestranza-rondena-inaugura-una-sala-en-su-plaza-museo\\\/#primaryimage\"},\"thumbnailUrl\":\"https:\\\/\\\/www.rmcr.org\\\/wp-content\\\/uploads\\\/2022\\\/07\\\/publicacion-catalogo-sala-real-maestranza-1.jpg\",\"keywords\":[\"Inauguraci\u00f3n\",\"Maestranza\",\"Plaza Museo\"],\"articleSection\":[\"Plaza y Museo\"],\"inLanguage\":\"en-US\"},{\"@type\":\"WebPage\",\"@id\":\"https:\\\/\\\/www.rmcr.org\\\/en\\\/2000\\\/04\\\/08\\\/la-maestranza-rondena-inaugura-una-sala-en-su-plaza-museo\\\/\",\"url\":\"https:\\\/\\\/www.rmcr.org\\\/en\\\/2000\\\/04\\\/08\\\/la-maestranza-rondena-inaugura-una-sala-en-su-plaza-museo\\\/\",\"name\":\"La Maestranza ronde\u00f1a inaugura una sala en su Plaza Museo - Real Maestranza de Caballer\u00eda de Ronda\",\"isPartOf\":{\"@id\":\"https:\\\/\\\/www.rmcr.org\\\/en\\\/#website\"},\"primaryImageOfPage\":{\"@id\":\"https:\\\/\\\/www.rmcr.org\\\/en\\\/2000\\\/04\\\/08\\\/la-maestranza-rondena-inaugura-una-sala-en-su-plaza-museo\\\/#primaryimage\"},\"image\":{\"@id\":\"https:\\\/\\\/www.rmcr.org\\\/en\\\/2000\\\/04\\\/08\\\/la-maestranza-rondena-inaugura-una-sala-en-su-plaza-museo\\\/#primaryimage\"},\"thumbnailUrl\":\"https:\\\/\\\/www.rmcr.org\\\/wp-content\\\/uploads\\\/2022\\\/07\\\/publicacion-catalogo-sala-real-maestranza-1.jpg\",\"datePublished\":\"2000-04-08T13:16:59+00:00\",\"dateModified\":\"2023-10-27T13:20:02+00:00\",\"breadcrumb\":{\"@id\":\"https:\\\/\\\/www.rmcr.org\\\/en\\\/2000\\\/04\\\/08\\\/la-maestranza-rondena-inaugura-una-sala-en-su-plaza-museo\\\/#breadcrumb\"},\"inLanguage\":\"en-US\",\"potentialAction\":[{\"@type\":\"ReadAction\",\"target\":[\"https:\\\/\\\/www.rmcr.org\\\/en\\\/2000\\\/04\\\/08\\\/la-maestranza-rondena-inaugura-una-sala-en-su-plaza-museo\\\/\"]}]},{\"@type\":\"ImageObject\",\"inLanguage\":\"en-US\",\"@id\":\"https:\\\/\\\/www.rmcr.org\\\/en\\\/2000\\\/04\\\/08\\\/la-maestranza-rondena-inaugura-una-sala-en-su-plaza-museo\\\/#primaryimage\",\"url\":\"https:\\\/\\\/www.rmcr.org\\\/wp-content\\\/uploads\\\/2022\\\/07\\\/publicacion-catalogo-sala-real-maestranza-1.jpg\",\"contentUrl\":\"https:\\\/\\\/www.rmcr.org\\\/wp-content\\\/uploads\\\/2022\\\/07\\\/publicacion-catalogo-sala-real-maestranza-1.jpg\",\"width\":181,\"height\":265},{\"@type\":\"BreadcrumbList\",\"@id\":\"https:\\\/\\\/www.rmcr.org\\\/en\\\/2000\\\/04\\\/08\\\/la-maestranza-rondena-inaugura-una-sala-en-su-plaza-museo\\\/#breadcrumb\",\"itemListElement\":[{\"@type\":\"ListItem\",\"position\":1,\"name\":\"REAL MAESTRANZA DE CABALLER\u00cdA DE RONDA\",\"item\":\"https:\\\/\\\/www.rmcr.org\\\/en\\\/\"},{\"@type\":\"ListItem\",\"position\":2,\"name\":\"La Maestranza ronde\u00f1a inaugura una sala en su Plaza Museo\"}]},{\"@type\":\"WebSite\",\"@id\":\"https:\\\/\\\/www.rmcr.org\\\/en\\\/#website\",\"url\":\"https:\\\/\\\/www.rmcr.org\\\/en\\\/\",\"name\":\"Real Maestranza de Caballer\u00eda de Ronda\",\"description\":\"Real Maestranza de Caballer\u00eda de Ronda\",\"publisher\":{\"@id\":\"https:\\\/\\\/www.rmcr.org\\\/en\\\/#organization\"},\"alternateName\":\"RMCR\",\"potentialAction\":[{\"@type\":\"SearchAction\",\"target\":{\"@type\":\"EntryPoint\",\"urlTemplate\":\"https:\\\/\\\/www.rmcr.org\\\/en\\\/?s={search_term_string}\"},\"query-input\":{\"@type\":\"PropertyValueSpecification\",\"valueRequired\":true,\"valueName\":\"search_term_string\"}}],\"inLanguage\":\"en-US\"},{\"@type\":\"Organization\",\"@id\":\"https:\\\/\\\/www.rmcr.org\\\/en\\\/#organization\",\"name\":\"Real Maestranza de Caballer\u00eda de Ronda\",\"alternateName\":\"RMR\",\"url\":\"https:\\\/\\\/www.rmcr.org\\\/en\\\/\",\"logo\":{\"@type\":\"ImageObject\",\"inLanguage\":\"en-US\",\"@id\":\"https:\\\/\\\/www.rmcr.org\\\/en\\\/#\\\/schema\\\/logo\\\/image\\\/\",\"url\":\"https:\\\/\\\/www.rmcr.org\\\/wp-content\\\/uploads\\\/2022\\\/07\\\/logo-rmr-blue.svg\",\"contentUrl\":\"https:\\\/\\\/www.rmcr.org\\\/wp-content\\\/uploads\\\/2022\\\/07\\\/logo-rmr-blue.svg\",\"width\":131,\"height\":129,\"caption\":\"Real Maestranza de Caballer\u00eda de Ronda\"},\"image\":{\"@id\":\"https:\\\/\\\/www.rmcr.org\\\/en\\\/#\\\/schema\\\/logo\\\/image\\\/\"},\"sameAs\":[\"https:\\\/\\\/www.facebook.com\\\/plazadetorosronda\",\"https:\\\/\\\/x.com\\\/PlazatorosRMR\",\"https:\\\/\\\/www.instagram.com\\\/realmaestranzaderonda\\\/\",\"https:\\\/\\\/www.youtube.com\\\/channel\\\/UCrbO5IUN-8v_QML739vM4zg\\\/videos\"]},{\"@type\":\"Person\",\"@id\":\"https:\\\/\\\/www.rmcr.org\\\/en\\\/#\\\/schema\\\/person\\\/6e5eb50e802ff5f1419c0fea9935ae36\",\"name\":\"MUSEO\",\"image\":{\"@type\":\"ImageObject\",\"inLanguage\":\"en-US\",\"@id\":\"https:\\\/\\\/www.rmcr.org\\\/wp-content\\\/uploads\\\/2022\\\/11\\\/avatar-rmcr-96x96.png\",\"url\":\"https:\\\/\\\/www.rmcr.org\\\/wp-content\\\/uploads\\\/2022\\\/11\\\/avatar-rmcr-96x96.png\",\"contentUrl\":\"https:\\\/\\\/www.rmcr.org\\\/wp-content\\\/uploads\\\/2022\\\/11\\\/avatar-rmcr-96x96.png\",\"caption\":\"MUSEO\"},\"url\":\"https:\\\/\\\/www.rmcr.org\\\/en\\\/author\\\/miguel-angel-sanchez\\\/\"}]}<\/script>\n<!-- \/ Yoast SEO plugin. -->","yoast_head_json":{"title":"La Maestranza ronde\u00f1a inaugura una sala en su Plaza Museo - Real Maestranza de Caballer\u00eda de Ronda","robots":{"index":"index","follow":"follow","max-snippet":"max-snippet:-1","max-image-preview":"max-image-preview:large","max-video-preview":"max-video-preview:-1"},"canonical":"https:\/\/www.rmcr.org\/en\/2000\/04\/08\/la-maestranza-rondena-inaugura-una-sala-en-su-plaza-museo\/","og_locale":"en_US","og_type":"article","og_title":"La Maestranza ronde\u00f1a inaugura una sala en su Plaza Museo - Real Maestranza de Caballer\u00eda de Ronda","og_description":"La Maestranza ronde\u00f1a inaugura una sala en su Plaza Museo donde se cuenta e ilustra la historia de la misma Maestranza, desde la hermandad de caballeros creada en el siglo XVI para la defensa de la ciudad y su territorio, as\u00ed como la evoluci\u00f3n de la escuela de equitaci\u00f3n m\u00e1s antigua de Espa\u00f1a, en su origen guerrera y en la actualidad dedicada a la doma cl\u00e1sica. Tambi\u00e9n se muestra la contribuci\u00f3n de la Real Maestranza al desarrollo de la tauromaquia y de la expansi\u00f3n urbana de Ronda durante la Ilustraci\u00f3n.","og_url":"https:\/\/www.rmcr.org\/en\/2000\/04\/08\/la-maestranza-rondena-inaugura-una-sala-en-su-plaza-museo\/","og_site_name":"Real Maestranza de Caballer\u00eda de Ronda","article_publisher":"https:\/\/www.facebook.com\/plazadetorosronda","article_published_time":"2000-04-08T13:16:59+00:00","article_modified_time":"2023-10-27T13:20:02+00:00","og_image":[{"width":181,"height":265,"url":"https:\/\/www.rmcr.org\/wp-content\/uploads\/2022\/07\/publicacion-catalogo-sala-real-maestranza-1.jpg","type":"image\/jpeg"}],"author":"MUSEO","twitter_card":"summary_large_image","twitter_creator":"@PlazatorosRMR","twitter_site":"@PlazatorosRMR","twitter_misc":{"Written by":"MUSEO","Est. reading time":"1 minute"},"schema":{"@context":"https:\/\/schema.org","@graph":[{"@type":"Article","@id":"https:\/\/www.rmcr.org\/en\/2000\/04\/08\/la-maestranza-rondena-inaugura-una-sala-en-su-plaza-museo\/#article","isPartOf":{"@id":"https:\/\/www.rmcr.org\/en\/2000\/04\/08\/la-maestranza-rondena-inaugura-una-sala-en-su-plaza-museo\/"},"author":{"name":"MUSEO","@id":"https:\/\/www.rmcr.org\/en\/#\/schema\/person\/6e5eb50e802ff5f1419c0fea9935ae36"},"headline":"La Maestranza ronde\u00f1a inaugura una sala en su Plaza Museo","datePublished":"2000-04-08T13:16:59+00:00","dateModified":"2023-10-27T13:20:02+00:00","mainEntityOfPage":{"@id":"https:\/\/www.rmcr.org\/en\/2000\/04\/08\/la-maestranza-rondena-inaugura-una-sala-en-su-plaza-museo\/"},"wordCount":64,"publisher":{"@id":"https:\/\/www.rmcr.org\/en\/#organization"},"image":{"@id":"https:\/\/www.rmcr.org\/en\/2000\/04\/08\/la-maestranza-rondena-inaugura-una-sala-en-su-plaza-museo\/#primaryimage"},"thumbnailUrl":"https:\/\/www.rmcr.org\/wp-content\/uploads\/2022\/07\/publicacion-catalogo-sala-real-maestranza-1.jpg","keywords":["Inauguraci\u00f3n","Maestranza","Plaza Museo"],"articleSection":["Plaza y Museo"],"inLanguage":"en-US"},{"@type":"WebPage","@id":"https:\/\/www.rmcr.org\/en\/2000\/04\/08\/la-maestranza-rondena-inaugura-una-sala-en-su-plaza-museo\/","url":"https:\/\/www.rmcr.org\/en\/2000\/04\/08\/la-maestranza-rondena-inaugura-una-sala-en-su-plaza-museo\/","name":"La Maestranza ronde\u00f1a inaugura una sala en su Plaza Museo - Real Maestranza de Caballer\u00eda de Ronda","isPartOf":{"@id":"https:\/\/www.rmcr.org\/en\/#website"},"primaryImageOfPage":{"@id":"https:\/\/www.rmcr.org\/en\/2000\/04\/08\/la-maestranza-rondena-inaugura-una-sala-en-su-plaza-museo\/#primaryimage"},"image":{"@id":"https:\/\/www.rmcr.org\/en\/2000\/04\/08\/la-maestranza-rondena-inaugura-una-sala-en-su-plaza-museo\/#primaryimage"},"thumbnailUrl":"https:\/\/www.rmcr.org\/wp-content\/uploads\/2022\/07\/publicacion-catalogo-sala-real-maestranza-1.jpg","datePublished":"2000-04-08T13:16:59+00:00","dateModified":"2023-10-27T13:20:02+00:00","breadcrumb":{"@id":"https:\/\/www.rmcr.org\/en\/2000\/04\/08\/la-maestranza-rondena-inaugura-una-sala-en-su-plaza-museo\/#breadcrumb"},"inLanguage":"en-US","potentialAction":[{"@type":"ReadAction","target":["https:\/\/www.rmcr.org\/en\/2000\/04\/08\/la-maestranza-rondena-inaugura-una-sala-en-su-plaza-museo\/"]}]},{"@type":"ImageObject","inLanguage":"en-US","@id":"https:\/\/www.rmcr.org\/en\/2000\/04\/08\/la-maestranza-rondena-inaugura-una-sala-en-su-plaza-museo\/#primaryimage","url":"https:\/\/www.rmcr.org\/wp-content\/uploads\/2022\/07\/publicacion-catalogo-sala-real-maestranza-1.jpg","contentUrl":"https:\/\/www.rmcr.org\/wp-content\/uploads\/2022\/07\/publicacion-catalogo-sala-real-maestranza-1.jpg","width":181,"height":265},{"@type":"BreadcrumbList","@id":"https:\/\/www.rmcr.org\/en\/2000\/04\/08\/la-maestranza-rondena-inaugura-una-sala-en-su-plaza-museo\/#breadcrumb","itemListElement":[{"@type":"ListItem","position":1,"name":"REAL MAESTRANZA DE CABALLER\u00cdA DE RONDA","item":"https:\/\/www.rmcr.org\/en\/"},{"@type":"ListItem","position":2,"name":"La Maestranza ronde\u00f1a inaugura una sala en su Plaza Museo"}]},{"@type":"WebSite","@id":"https:\/\/www.rmcr.org\/en\/#website","url":"https:\/\/www.rmcr.org\/en\/","name":"Real Maestranza de Caballer\u00eda de Ronda","description":"Real Maestranza de Caballer\u00eda de Ronda","publisher":{"@id":"https:\/\/www.rmcr.org\/en\/#organization"},"alternateName":"RMCR","potentialAction":[{"@type":"SearchAction","target":{"@type":"EntryPoint","urlTemplate":"https:\/\/www.rmcr.org\/en\/?s={search_term_string}"},"query-input":{"@type":"PropertyValueSpecification","valueRequired":true,"valueName":"search_term_string"}}],"inLanguage":"en-US"},{"@type":"Organization","@id":"https:\/\/www.rmcr.org\/en\/#organization","name":"Real Maestranza de Caballer\u00eda de Ronda","alternateName":"RMR","url":"https:\/\/www.rmcr.org\/en\/","logo":{"@type":"ImageObject","inLanguage":"en-US","@id":"https:\/\/www.rmcr.org\/en\/#\/schema\/logo\/image\/","url":"https:\/\/www.rmcr.org\/wp-content\/uploads\/2022\/07\/logo-rmr-blue.svg","contentUrl":"https:\/\/www.rmcr.org\/wp-content\/uploads\/2022\/07\/logo-rmr-blue.svg","width":131,"height":129,"caption":"Real Maestranza de Caballer\u00eda de Ronda"},"image":{"@id":"https:\/\/www.rmcr.org\/en\/#\/schema\/logo\/image\/"},"sameAs":["https:\/\/www.facebook.com\/plazadetorosronda","https:\/\/x.com\/PlazatorosRMR","https:\/\/www.instagram.com\/realmaestranzaderonda\/","https:\/\/www.youtube.com\/channel\/UCrbO5IUN-8v_QML739vM4zg\/videos"]},{"@type":"Person","@id":"https:\/\/www.rmcr.org\/en\/#\/schema\/person\/6e5eb50e802ff5f1419c0fea9935ae36","name":"MUSEO","image":{"@type":"ImageObject","inLanguage":"en-US","@id":"https:\/\/www.rmcr.org\/wp-content\/uploads\/2022\/11\/avatar-rmcr-96x96.png","url":"https:\/\/www.rmcr.org\/wp-content\/uploads\/2022\/11\/avatar-rmcr-96x96.png","contentUrl":"https:\/\/www.rmcr.org\/wp-content\/uploads\/2022\/11\/avatar-rmcr-96x96.png","caption":"MUSEO"},"url":"https:\/\/www.rmcr.org\/en\/author\/miguel-angel-sanchez\/"}]}},"_links":{"self":[{"href":"https:\/\/www.rmcr.org\/en\/wp-json\/wp\/v2\/posts\/18739","targetHints":{"allow":["GET"]}}],"collection":[{"href":"https:\/\/www.rmcr.org\/en\/wp-json\/wp\/v2\/posts"}],"about":[{"href":"https:\/\/www.rmcr.org\/en\/wp-json\/wp\/v2\/types\/post"}],"author":[{"embeddable":true,"href":"https:\/\/www.rmcr.org\/en\/wp-json\/wp\/v2\/users\/5"}],"replies":[{"embeddable":true,"href":"https:\/\/www.rmcr.org\/en\/wp-json\/wp\/v2\/comments?post=18739"}],"version-history":[{"count":4,"href":"https:\/\/www.rmcr.org\/en\/wp-json\/wp\/v2\/posts\/18739\/revisions"}],"predecessor-version":[{"id":18747,"href":"https:\/\/www.rmcr.org\/en\/wp-json\/wp\/v2\/posts\/18739\/revisions\/18747"}],"wp:featuredmedia":[{"embeddable":true,"href":"https:\/\/www.rmcr.org\/en\/wp-json\/wp\/v2\/media\/11270"}],"wp:attachment":[{"href":"https:\/\/www.rmcr.org\/en\/wp-json\/wp\/v2\/media?parent=18739"}],"wp:term":[{"taxonomy":"category","embeddable":true,"href":"https:\/\/www.rmcr.org\/en\/wp-json\/wp\/v2\/categories?post=18739"},{"taxonomy":"post_tag","embeddable":true,"href":"https:\/\/www.rmcr.org\/en\/wp-json\/wp\/v2\/tags?post=18739"}],"curies":[{"name":"wp","href":"https:\/\/api.w.org\/{rel}","templated":true}]}}