{"id":18731,"date":"2020-06-23T10:37:04","date_gmt":"2020-06-23T10:37:04","guid":{"rendered":"https:\/\/www.rmcr.org\/?p=18731"},"modified":"2025-02-11T16:07:26","modified_gmt":"2025-02-11T16:07:26","slug":"la-real-maestranza-de-caballeria-de-ronda-reinicia-su-visita-turistica","status":"publish","type":"post","link":"https:\/\/www.rmcr.org\/en\/2020\/06\/23\/la-real-maestranza-de-caballeria-de-ronda-reinicia-su-visita-turistica\/","title":{"rendered":"La Real Maestranza de Caballer\u00eda de Ronda reinicia su visita tur\u00edstica."},"content":{"rendered":"\t\t<div data-elementor-type=\"wp-post\" data-elementor-id=\"18731\" class=\"elementor elementor-18731\" data-elementor-post-type=\"post\">\n\t\t\t\t\t\t<section class=\"elementor-section elementor-top-section elementor-element elementor-element-2d28fac elementor-section-boxed elementor-section-height-default elementor-section-height-default\" data-id=\"2d28fac\" data-element_type=\"section\" data-e-type=\"section\">\n\t\t\t\t\t\t<div class=\"elementor-container elementor-column-gap-default\">\n\t\t\t\t\t<div class=\"elementor-column elementor-col-100 elementor-top-column elementor-element elementor-element-a91b368\" data-id=\"a91b368\" data-element_type=\"column\" data-e-type=\"column\">\n\t\t\t<div class=\"elementor-widget-wrap elementor-element-populated\">\n\t\t\t\t\t\t<div class=\"elementor-element elementor-element-3151108 elementor-widget elementor-widget-video\" data-id=\"3151108\" data-element_type=\"widget\" data-e-type=\"widget\" data-settings=\"{&quot;youtube_url&quot;:&quot;https:\\\/\\\/youtu.be\\\/ybXRgWyMwo8?si=klVixOSkWs2fi9OL&quot;,&quot;video_type&quot;:&quot;youtube&quot;,&quot;controls&quot;:&quot;yes&quot;}\" data-widget_type=\"video.default\">\n\t\t\t\t<div class=\"elementor-widget-container\">\n\t\t\t\t\t\t\t<div class=\"elementor-wrapper elementor-open-inline\">\n\t\t\t<div class=\"elementor-video\"><\/div>\t\t<\/div>\n\t\t\t\t\t\t<\/div>\n\t\t\t\t<\/div>\n\t\t\t\t\t<\/div>\n\t\t<\/div>\n\t\t\t\t\t<\/div>\n\t\t<\/section>\n\t\t\t\t<section class=\"elementor-section elementor-top-section elementor-element elementor-element-aa21335 elementor-section-boxed elementor-section-height-default elementor-section-height-default\" data-id=\"aa21335\" data-element_type=\"section\" data-e-type=\"section\">\n\t\t\t\t\t\t<div class=\"elementor-container elementor-column-gap-default\">\n\t\t\t\t\t<div class=\"elementor-column elementor-col-100 elementor-top-column elementor-element elementor-element-bab2df3\" data-id=\"bab2df3\" data-element_type=\"column\" data-e-type=\"column\">\n\t\t\t<div class=\"elementor-widget-wrap elementor-element-populated\">\n\t\t\t\t\t\t<div class=\"elementor-element elementor-element-3dbfc85 elementor-widget elementor-widget-text-editor\" data-id=\"3dbfc85\" data-element_type=\"widget\" data-e-type=\"widget\" data-widget_type=\"text-editor.default\">\n\t\t\t\t<div class=\"elementor-widget-container\">\n\t\t\t\t\t\t\t\t\t<p>La Plaza de Toros de la Real Maestranza de Caballer\u00eda de Ronda, declarada Bien de Inter\u00e9s Cultural en 1993, es uno de los monumentos m\u00e1s visitados de Andaluc\u00eda. Se abre de nuevo al p\u00fablico una vez implementadas todas las medidas higi\u00e9nico-sanitarias para minimizar los riesgos de contagio de la Covid-19 durante la visita tur\u00edstica.<\/p><p><strong>Apertura gratuita<\/strong><\/p><p>Previo a la reapertura, el jueves 25 tendr\u00e1 lugar una jornada extraordinaria de apertura gratuita de 10:00 a 15:00 horas. El viernes 26 dar\u00e1 comienzo el nuevo horario.<\/p><p>La visita ser\u00e1 en una primera fase de viernes a domingo de 10:00 a 15:00 horas. El visitante podr\u00e1 descargar el plano de visita en la p\u00e1gina web www.rmcr.org. Los folletos estar\u00e1n disponibles mediante lectores QR, y pr\u00f3ximamente se pondr\u00e1 en funcionamiento el servicio de audiogu\u00edas con un plan espec\u00edfico de desinfecci\u00f3n tras cada uso. Inicialmente, y con los mismos contenidos, se implementar\u00e1 una progressive web app para su descarga en m\u00f3viles personales.<\/p><p><strong>Medidas de seguridad e higiene:<\/strong><\/p><ul><li>Limitaci\u00f3n de aforo al 65% de la capacidad normal de ocupaci\u00f3n. La visita cuenta con espacios amplios, como el Picadero de la Escuela de Equitaci\u00f3n y el ruedo de la Plaza de Toros.<\/li><li>Recorrido de visita unidireccional, se\u00f1alizado en su totalidad para garantizar la distancia interpersonal, regulaci\u00f3n del flujo de circulaci\u00f3n en pasillos bidireccionales, uso obligatorio de mascarilla y cierre de pasillos de menos de 2 metros de ancho.<br \/>Espacio habilitado y se\u00f1alizado en el tendido alto de la Plaza para grupos con gu\u00edas acreditados.<\/li><li>Protocolo de limpieza y desinfecci\u00f3n diario.<\/li><li>Colocaci\u00f3n de dispensadores de gel hidroalcoh\u00f3lico y papeleras con tapa de apertura a pedal en diferentes puntos del recorrido.<\/li><li>Sistemas de climatizaci\u00f3n con tratamiento biol\u00f3gico.<br \/>Personal distribuido por distintos puntos del itinerario que velar\u00e1 por el cumplimiento de las medidas preventivas implementadas.<\/li><\/ul><div id=\"ir-ext-ui\" style=\"color: #000000; font-size: 16px; line-height: 16px; background-color: #f7f7f7; border: 1px solid #999999; border-radius: 1px; top: 1px; right: 1px;\"><div class=\"ir-ext-dimensions\"><span class=\"ir-ext-rendered\" title=\"Rendered image dimensions (after any scaling\/resizing has been applied)\"> x <\/span> <span class=\"ir-ext-natural\" title=\"Natural image dimensions (without applying any scaling\/resizing)\"> (x) <\/span><\/div><div class=\"ir-ext-filesize\">\u00a0<\/div><\/div>\t\t\t\t\t\t\t\t<\/div>\n\t\t\t\t<\/div>\n\t\t\t\t\t<\/div>\n\t\t<\/div>\n\t\t\t\t\t<\/div>\n\t\t<\/section>\n\t\t\t\t<\/div>\n\t\t","protected":false},"excerpt":{"rendered":"<p>La Real Maestranza de Caballer\u00eda de Ronda reinicia su visita tur\u00edstica el pr\u00f3ximo jueves 25 con una jornada de puertas abiertas y acceso gratuito. Los espacios p\u00fablicos cuentan con todas las medidas recomendadas de prevenci\u00f3n e higiene. Las principales medidas de seguridad implementadas son la visita unidireccional, el uso obligatorio de mascarilla, la se\u00f1alizaci\u00f3n de la distancia de seguridad en todo el recorrido y el control del aforo. El viernes 26 se reanudar\u00e1 la venta de entradas para visitar la Plaza de Toros y el Museo. <\/p>\n","protected":false},"author":5,"featured_media":18732,"comment_status":"closed","ping_status":"open","sticky":false,"template":"","format":"standard","meta":{"footnotes":""},"categories":[36],"tags":[630,629],"class_list":["post-18731","post","type-post","status-publish","format-standard","has-post-thumbnail","hentry","category-plaza-museo","tag-visitantes","tag-visitas"],"yoast_head":"<!-- This site is optimized with the Yoast SEO plugin v27.5 - https:\/\/yoast.com\/product\/yoast-seo-wordpress\/ -->\n<title>La Real Maestranza de Caballer\u00eda de Ronda reinicia su visita tur\u00edstica. - Real Maestranza de Caballer\u00eda de Ronda<\/title>\n<meta name=\"robots\" content=\"index, follow, max-snippet:-1, max-image-preview:large, max-video-preview:-1\" \/>\n<link rel=\"canonical\" href=\"https:\/\/www.rmcr.org\/en\/2020\/06\/23\/la-real-maestranza-de-caballeria-de-ronda-reinicia-su-visita-turistica\/\" \/>\n<meta property=\"og:locale\" content=\"en_US\" \/>\n<meta property=\"og:type\" content=\"article\" \/>\n<meta property=\"og:title\" content=\"La Real Maestranza de Caballer\u00eda de Ronda reinicia su visita tur\u00edstica. - Real Maestranza de Caballer\u00eda de Ronda\" \/>\n<meta property=\"og:description\" content=\"La Real Maestranza de Caballer\u00eda de Ronda reinicia su visita tur\u00edstica el pr\u00f3ximo jueves 25 con una jornada de puertas abiertas y acceso gratuito. Los espacios p\u00fablicos cuentan con todas las medidas recomendadas de prevenci\u00f3n e higiene. Las principales medidas de seguridad implementadas son la visita unidireccional, el uso obligatorio de mascarilla, la se\u00f1alizaci\u00f3n de la distancia de seguridad en todo el recorrido y el control del aforo. El viernes 26 se reanudar\u00e1 la venta de entradas para visitar la Plaza de Toros y el Museo.\" \/>\n<meta property=\"og:url\" content=\"https:\/\/www.rmcr.org\/en\/2020\/06\/23\/la-real-maestranza-de-caballeria-de-ronda-reinicia-su-visita-turistica\/\" \/>\n<meta property=\"og:site_name\" content=\"Real Maestranza de Caballer\u00eda de Ronda\" \/>\n<meta property=\"article:publisher\" content=\"https:\/\/www.facebook.com\/plazadetorosronda\" \/>\n<meta property=\"article:published_time\" content=\"2020-06-23T10:37:04+00:00\" \/>\n<meta property=\"article:modified_time\" content=\"2025-02-11T16:07:26+00:00\" \/>\n<meta property=\"og:image\" content=\"https:\/\/www.rmcr.org\/wp-content\/uploads\/2023\/10\/plaza-toros-ronda-aerea.png\" \/>\n\t<meta property=\"og:image:width\" content=\"956\" \/>\n\t<meta property=\"og:image:height\" content=\"654\" \/>\n\t<meta property=\"og:image:type\" content=\"image\/png\" \/>\n<meta name=\"author\" content=\"MUSEO\" \/>\n<meta name=\"twitter:card\" content=\"summary_large_image\" \/>\n<meta name=\"twitter:creator\" content=\"@PlazatorosRMR\" \/>\n<meta name=\"twitter:site\" content=\"@PlazatorosRMR\" \/>\n<meta name=\"twitter:label1\" content=\"Written by\" \/>\n\t<meta name=\"twitter:data1\" content=\"MUSEO\" \/>\n\t<meta name=\"twitter:label2\" content=\"Est. reading time\" \/>\n\t<meta name=\"twitter:data2\" content=\"2 minutes\" \/>\n<script type=\"application\/ld+json\" class=\"yoast-schema-graph\">{\"@context\":\"https:\\\/\\\/schema.org\",\"@graph\":[{\"@type\":\"Article\",\"@id\":\"https:\\\/\\\/www.rmcr.org\\\/en\\\/2020\\\/06\\\/23\\\/la-real-maestranza-de-caballeria-de-ronda-reinicia-su-visita-turistica\\\/#article\",\"isPartOf\":{\"@id\":\"https:\\\/\\\/www.rmcr.org\\\/en\\\/2020\\\/06\\\/23\\\/la-real-maestranza-de-caballeria-de-ronda-reinicia-su-visita-turistica\\\/\"},\"author\":{\"name\":\"MUSEO\",\"@id\":\"https:\\\/\\\/www.rmcr.org\\\/en\\\/#\\\/schema\\\/person\\\/6e5eb50e802ff5f1419c0fea9935ae36\"},\"headline\":\"La Real Maestranza de Caballer\u00eda de Ronda reinicia su visita tur\u00edstica.\",\"datePublished\":\"2020-06-23T10:37:04+00:00\",\"dateModified\":\"2025-02-11T16:07:26+00:00\",\"mainEntityOfPage\":{\"@id\":\"https:\\\/\\\/www.rmcr.org\\\/en\\\/2020\\\/06\\\/23\\\/la-real-maestranza-de-caballeria-de-ronda-reinicia-su-visita-turistica\\\/\"},\"wordCount\":337,\"publisher\":{\"@id\":\"https:\\\/\\\/www.rmcr.org\\\/en\\\/#organization\"},\"image\":{\"@id\":\"https:\\\/\\\/www.rmcr.org\\\/en\\\/2020\\\/06\\\/23\\\/la-real-maestranza-de-caballeria-de-ronda-reinicia-su-visita-turistica\\\/#primaryimage\"},\"thumbnailUrl\":\"https:\\\/\\\/www.rmcr.org\\\/wp-content\\\/uploads\\\/2023\\\/10\\\/plaza-toros-ronda-aerea.png\",\"keywords\":[\"Visitantes\",\"Visitas\"],\"articleSection\":[\"Plaza y Museo\"],\"inLanguage\":\"en-US\"},{\"@type\":\"WebPage\",\"@id\":\"https:\\\/\\\/www.rmcr.org\\\/en\\\/2020\\\/06\\\/23\\\/la-real-maestranza-de-caballeria-de-ronda-reinicia-su-visita-turistica\\\/\",\"url\":\"https:\\\/\\\/www.rmcr.org\\\/en\\\/2020\\\/06\\\/23\\\/la-real-maestranza-de-caballeria-de-ronda-reinicia-su-visita-turistica\\\/\",\"name\":\"La Real Maestranza de Caballer\u00eda de Ronda reinicia su visita tur\u00edstica. - Real Maestranza de Caballer\u00eda de Ronda\",\"isPartOf\":{\"@id\":\"https:\\\/\\\/www.rmcr.org\\\/en\\\/#website\"},\"primaryImageOfPage\":{\"@id\":\"https:\\\/\\\/www.rmcr.org\\\/en\\\/2020\\\/06\\\/23\\\/la-real-maestranza-de-caballeria-de-ronda-reinicia-su-visita-turistica\\\/#primaryimage\"},\"image\":{\"@id\":\"https:\\\/\\\/www.rmcr.org\\\/en\\\/2020\\\/06\\\/23\\\/la-real-maestranza-de-caballeria-de-ronda-reinicia-su-visita-turistica\\\/#primaryimage\"},\"thumbnailUrl\":\"https:\\\/\\\/www.rmcr.org\\\/wp-content\\\/uploads\\\/2023\\\/10\\\/plaza-toros-ronda-aerea.png\",\"datePublished\":\"2020-06-23T10:37:04+00:00\",\"dateModified\":\"2025-02-11T16:07:26+00:00\",\"breadcrumb\":{\"@id\":\"https:\\\/\\\/www.rmcr.org\\\/en\\\/2020\\\/06\\\/23\\\/la-real-maestranza-de-caballeria-de-ronda-reinicia-su-visita-turistica\\\/#breadcrumb\"},\"inLanguage\":\"en-US\",\"potentialAction\":[{\"@type\":\"ReadAction\",\"target\":[\"https:\\\/\\\/www.rmcr.org\\\/en\\\/2020\\\/06\\\/23\\\/la-real-maestranza-de-caballeria-de-ronda-reinicia-su-visita-turistica\\\/\"]}]},{\"@type\":\"ImageObject\",\"inLanguage\":\"en-US\",\"@id\":\"https:\\\/\\\/www.rmcr.org\\\/en\\\/2020\\\/06\\\/23\\\/la-real-maestranza-de-caballeria-de-ronda-reinicia-su-visita-turistica\\\/#primaryimage\",\"url\":\"https:\\\/\\\/www.rmcr.org\\\/wp-content\\\/uploads\\\/2023\\\/10\\\/plaza-toros-ronda-aerea.png\",\"contentUrl\":\"https:\\\/\\\/www.rmcr.org\\\/wp-content\\\/uploads\\\/2023\\\/10\\\/plaza-toros-ronda-aerea.png\",\"width\":956,\"height\":654},{\"@type\":\"BreadcrumbList\",\"@id\":\"https:\\\/\\\/www.rmcr.org\\\/en\\\/2020\\\/06\\\/23\\\/la-real-maestranza-de-caballeria-de-ronda-reinicia-su-visita-turistica\\\/#breadcrumb\",\"itemListElement\":[{\"@type\":\"ListItem\",\"position\":1,\"name\":\"REAL MAESTRANZA DE CABALLER\u00cdA DE RONDA\",\"item\":\"https:\\\/\\\/www.rmcr.org\\\/en\\\/\"},{\"@type\":\"ListItem\",\"position\":2,\"name\":\"La Real Maestranza de Caballer\u00eda de Ronda reinicia su visita tur\u00edstica.\"}]},{\"@type\":\"WebSite\",\"@id\":\"https:\\\/\\\/www.rmcr.org\\\/en\\\/#website\",\"url\":\"https:\\\/\\\/www.rmcr.org\\\/en\\\/\",\"name\":\"Real Maestranza de Caballer\u00eda de Ronda\",\"description\":\"Real Maestranza de Caballer\u00eda de Ronda\",\"publisher\":{\"@id\":\"https:\\\/\\\/www.rmcr.org\\\/en\\\/#organization\"},\"alternateName\":\"RMCR\",\"potentialAction\":[{\"@type\":\"SearchAction\",\"target\":{\"@type\":\"EntryPoint\",\"urlTemplate\":\"https:\\\/\\\/www.rmcr.org\\\/en\\\/?s={search_term_string}\"},\"query-input\":{\"@type\":\"PropertyValueSpecification\",\"valueRequired\":true,\"valueName\":\"search_term_string\"}}],\"inLanguage\":\"en-US\"},{\"@type\":\"Organization\",\"@id\":\"https:\\\/\\\/www.rmcr.org\\\/en\\\/#organization\",\"name\":\"Real Maestranza de Caballer\u00eda de Ronda\",\"alternateName\":\"RMR\",\"url\":\"https:\\\/\\\/www.rmcr.org\\\/en\\\/\",\"logo\":{\"@type\":\"ImageObject\",\"inLanguage\":\"en-US\",\"@id\":\"https:\\\/\\\/www.rmcr.org\\\/en\\\/#\\\/schema\\\/logo\\\/image\\\/\",\"url\":\"https:\\\/\\\/www.rmcr.org\\\/wp-content\\\/uploads\\\/2022\\\/07\\\/logo-rmr-blue.svg\",\"contentUrl\":\"https:\\\/\\\/www.rmcr.org\\\/wp-content\\\/uploads\\\/2022\\\/07\\\/logo-rmr-blue.svg\",\"width\":131,\"height\":129,\"caption\":\"Real Maestranza de Caballer\u00eda de Ronda\"},\"image\":{\"@id\":\"https:\\\/\\\/www.rmcr.org\\\/en\\\/#\\\/schema\\\/logo\\\/image\\\/\"},\"sameAs\":[\"https:\\\/\\\/www.facebook.com\\\/plazadetorosronda\",\"https:\\\/\\\/x.com\\\/PlazatorosRMR\",\"https:\\\/\\\/www.instagram.com\\\/realmaestranzaderonda\\\/\",\"https:\\\/\\\/www.youtube.com\\\/channel\\\/UCrbO5IUN-8v_QML739vM4zg\\\/videos\"]},{\"@type\":\"Person\",\"@id\":\"https:\\\/\\\/www.rmcr.org\\\/en\\\/#\\\/schema\\\/person\\\/6e5eb50e802ff5f1419c0fea9935ae36\",\"name\":\"MUSEO\",\"image\":{\"@type\":\"ImageObject\",\"inLanguage\":\"en-US\",\"@id\":\"https:\\\/\\\/www.rmcr.org\\\/wp-content\\\/uploads\\\/2022\\\/11\\\/avatar-rmcr-96x96.png\",\"url\":\"https:\\\/\\\/www.rmcr.org\\\/wp-content\\\/uploads\\\/2022\\\/11\\\/avatar-rmcr-96x96.png\",\"contentUrl\":\"https:\\\/\\\/www.rmcr.org\\\/wp-content\\\/uploads\\\/2022\\\/11\\\/avatar-rmcr-96x96.png\",\"caption\":\"MUSEO\"},\"url\":\"https:\\\/\\\/www.rmcr.org\\\/en\\\/author\\\/miguel-angel-sanchez\\\/\"}]}<\/script>\n<!-- \/ Yoast SEO plugin. -->","yoast_head_json":{"title":"La Real Maestranza de Caballer\u00eda de Ronda reinicia su visita tur\u00edstica. - Real Maestranza de Caballer\u00eda de Ronda","robots":{"index":"index","follow":"follow","max-snippet":"max-snippet:-1","max-image-preview":"max-image-preview:large","max-video-preview":"max-video-preview:-1"},"canonical":"https:\/\/www.rmcr.org\/en\/2020\/06\/23\/la-real-maestranza-de-caballeria-de-ronda-reinicia-su-visita-turistica\/","og_locale":"en_US","og_type":"article","og_title":"La Real Maestranza de Caballer\u00eda de Ronda reinicia su visita tur\u00edstica. - Real Maestranza de Caballer\u00eda de Ronda","og_description":"La Real Maestranza de Caballer\u00eda de Ronda reinicia su visita tur\u00edstica el pr\u00f3ximo jueves 25 con una jornada de puertas abiertas y acceso gratuito. Los espacios p\u00fablicos cuentan con todas las medidas recomendadas de prevenci\u00f3n e higiene. Las principales medidas de seguridad implementadas son la visita unidireccional, el uso obligatorio de mascarilla, la se\u00f1alizaci\u00f3n de la distancia de seguridad en todo el recorrido y el control del aforo. El viernes 26 se reanudar\u00e1 la venta de entradas para visitar la Plaza de Toros y el Museo.","og_url":"https:\/\/www.rmcr.org\/en\/2020\/06\/23\/la-real-maestranza-de-caballeria-de-ronda-reinicia-su-visita-turistica\/","og_site_name":"Real Maestranza de Caballer\u00eda de Ronda","article_publisher":"https:\/\/www.facebook.com\/plazadetorosronda","article_published_time":"2020-06-23T10:37:04+00:00","article_modified_time":"2025-02-11T16:07:26+00:00","og_image":[{"width":956,"height":654,"url":"https:\/\/www.rmcr.org\/wp-content\/uploads\/2023\/10\/plaza-toros-ronda-aerea.png","type":"image\/png"}],"author":"MUSEO","twitter_card":"summary_large_image","twitter_creator":"@PlazatorosRMR","twitter_site":"@PlazatorosRMR","twitter_misc":{"Written by":"MUSEO","Est. reading time":"2 minutes"},"schema":{"@context":"https:\/\/schema.org","@graph":[{"@type":"Article","@id":"https:\/\/www.rmcr.org\/en\/2020\/06\/23\/la-real-maestranza-de-caballeria-de-ronda-reinicia-su-visita-turistica\/#article","isPartOf":{"@id":"https:\/\/www.rmcr.org\/en\/2020\/06\/23\/la-real-maestranza-de-caballeria-de-ronda-reinicia-su-visita-turistica\/"},"author":{"name":"MUSEO","@id":"https:\/\/www.rmcr.org\/en\/#\/schema\/person\/6e5eb50e802ff5f1419c0fea9935ae36"},"headline":"La Real Maestranza de Caballer\u00eda de Ronda reinicia su visita tur\u00edstica.","datePublished":"2020-06-23T10:37:04+00:00","dateModified":"2025-02-11T16:07:26+00:00","mainEntityOfPage":{"@id":"https:\/\/www.rmcr.org\/en\/2020\/06\/23\/la-real-maestranza-de-caballeria-de-ronda-reinicia-su-visita-turistica\/"},"wordCount":337,"publisher":{"@id":"https:\/\/www.rmcr.org\/en\/#organization"},"image":{"@id":"https:\/\/www.rmcr.org\/en\/2020\/06\/23\/la-real-maestranza-de-caballeria-de-ronda-reinicia-su-visita-turistica\/#primaryimage"},"thumbnailUrl":"https:\/\/www.rmcr.org\/wp-content\/uploads\/2023\/10\/plaza-toros-ronda-aerea.png","keywords":["Visitantes","Visitas"],"articleSection":["Plaza y Museo"],"inLanguage":"en-US"},{"@type":"WebPage","@id":"https:\/\/www.rmcr.org\/en\/2020\/06\/23\/la-real-maestranza-de-caballeria-de-ronda-reinicia-su-visita-turistica\/","url":"https:\/\/www.rmcr.org\/en\/2020\/06\/23\/la-real-maestranza-de-caballeria-de-ronda-reinicia-su-visita-turistica\/","name":"La Real Maestranza de Caballer\u00eda de Ronda reinicia su visita tur\u00edstica. - Real Maestranza de Caballer\u00eda de Ronda","isPartOf":{"@id":"https:\/\/www.rmcr.org\/en\/#website"},"primaryImageOfPage":{"@id":"https:\/\/www.rmcr.org\/en\/2020\/06\/23\/la-real-maestranza-de-caballeria-de-ronda-reinicia-su-visita-turistica\/#primaryimage"},"image":{"@id":"https:\/\/www.rmcr.org\/en\/2020\/06\/23\/la-real-maestranza-de-caballeria-de-ronda-reinicia-su-visita-turistica\/#primaryimage"},"thumbnailUrl":"https:\/\/www.rmcr.org\/wp-content\/uploads\/2023\/10\/plaza-toros-ronda-aerea.png","datePublished":"2020-06-23T10:37:04+00:00","dateModified":"2025-02-11T16:07:26+00:00","breadcrumb":{"@id":"https:\/\/www.rmcr.org\/en\/2020\/06\/23\/la-real-maestranza-de-caballeria-de-ronda-reinicia-su-visita-turistica\/#breadcrumb"},"inLanguage":"en-US","potentialAction":[{"@type":"ReadAction","target":["https:\/\/www.rmcr.org\/en\/2020\/06\/23\/la-real-maestranza-de-caballeria-de-ronda-reinicia-su-visita-turistica\/"]}]},{"@type":"ImageObject","inLanguage":"en-US","@id":"https:\/\/www.rmcr.org\/en\/2020\/06\/23\/la-real-maestranza-de-caballeria-de-ronda-reinicia-su-visita-turistica\/#primaryimage","url":"https:\/\/www.rmcr.org\/wp-content\/uploads\/2023\/10\/plaza-toros-ronda-aerea.png","contentUrl":"https:\/\/www.rmcr.org\/wp-content\/uploads\/2023\/10\/plaza-toros-ronda-aerea.png","width":956,"height":654},{"@type":"BreadcrumbList","@id":"https:\/\/www.rmcr.org\/en\/2020\/06\/23\/la-real-maestranza-de-caballeria-de-ronda-reinicia-su-visita-turistica\/#breadcrumb","itemListElement":[{"@type":"ListItem","position":1,"name":"REAL MAESTRANZA DE CABALLER\u00cdA DE RONDA","item":"https:\/\/www.rmcr.org\/en\/"},{"@type":"ListItem","position":2,"name":"La Real Maestranza de Caballer\u00eda de Ronda reinicia su visita tur\u00edstica."}]},{"@type":"WebSite","@id":"https:\/\/www.rmcr.org\/en\/#website","url":"https:\/\/www.rmcr.org\/en\/","name":"Real Maestranza de Caballer\u00eda de Ronda","description":"Real Maestranza de Caballer\u00eda de Ronda","publisher":{"@id":"https:\/\/www.rmcr.org\/en\/#organization"},"alternateName":"RMCR","potentialAction":[{"@type":"SearchAction","target":{"@type":"EntryPoint","urlTemplate":"https:\/\/www.rmcr.org\/en\/?s={search_term_string}"},"query-input":{"@type":"PropertyValueSpecification","valueRequired":true,"valueName":"search_term_string"}}],"inLanguage":"en-US"},{"@type":"Organization","@id":"https:\/\/www.rmcr.org\/en\/#organization","name":"Real Maestranza de Caballer\u00eda de Ronda","alternateName":"RMR","url":"https:\/\/www.rmcr.org\/en\/","logo":{"@type":"ImageObject","inLanguage":"en-US","@id":"https:\/\/www.rmcr.org\/en\/#\/schema\/logo\/image\/","url":"https:\/\/www.rmcr.org\/wp-content\/uploads\/2022\/07\/logo-rmr-blue.svg","contentUrl":"https:\/\/www.rmcr.org\/wp-content\/uploads\/2022\/07\/logo-rmr-blue.svg","width":131,"height":129,"caption":"Real Maestranza de Caballer\u00eda de Ronda"},"image":{"@id":"https:\/\/www.rmcr.org\/en\/#\/schema\/logo\/image\/"},"sameAs":["https:\/\/www.facebook.com\/plazadetorosronda","https:\/\/x.com\/PlazatorosRMR","https:\/\/www.instagram.com\/realmaestranzaderonda\/","https:\/\/www.youtube.com\/channel\/UCrbO5IUN-8v_QML739vM4zg\/videos"]},{"@type":"Person","@id":"https:\/\/www.rmcr.org\/en\/#\/schema\/person\/6e5eb50e802ff5f1419c0fea9935ae36","name":"MUSEO","image":{"@type":"ImageObject","inLanguage":"en-US","@id":"https:\/\/www.rmcr.org\/wp-content\/uploads\/2022\/11\/avatar-rmcr-96x96.png","url":"https:\/\/www.rmcr.org\/wp-content\/uploads\/2022\/11\/avatar-rmcr-96x96.png","contentUrl":"https:\/\/www.rmcr.org\/wp-content\/uploads\/2022\/11\/avatar-rmcr-96x96.png","caption":"MUSEO"},"url":"https:\/\/www.rmcr.org\/en\/author\/miguel-angel-sanchez\/"}]}},"_links":{"self":[{"href":"https:\/\/www.rmcr.org\/en\/wp-json\/wp\/v2\/posts\/18731","targetHints":{"allow":["GET"]}}],"collection":[{"href":"https:\/\/www.rmcr.org\/en\/wp-json\/wp\/v2\/posts"}],"about":[{"href":"https:\/\/www.rmcr.org\/en\/wp-json\/wp\/v2\/types\/post"}],"author":[{"embeddable":true,"href":"https:\/\/www.rmcr.org\/en\/wp-json\/wp\/v2\/users\/5"}],"replies":[{"embeddable":true,"href":"https:\/\/www.rmcr.org\/en\/wp-json\/wp\/v2\/comments?post=18731"}],"version-history":[{"count":4,"href":"https:\/\/www.rmcr.org\/en\/wp-json\/wp\/v2\/posts\/18731\/revisions"}],"predecessor-version":[{"id":18737,"href":"https:\/\/www.rmcr.org\/en\/wp-json\/wp\/v2\/posts\/18731\/revisions\/18737"}],"wp:featuredmedia":[{"embeddable":true,"href":"https:\/\/www.rmcr.org\/en\/wp-json\/wp\/v2\/media\/18732"}],"wp:attachment":[{"href":"https:\/\/www.rmcr.org\/en\/wp-json\/wp\/v2\/media?parent=18731"}],"wp:term":[{"taxonomy":"category","embeddable":true,"href":"https:\/\/www.rmcr.org\/en\/wp-json\/wp\/v2\/categories?post=18731"},{"taxonomy":"post_tag","embeddable":true,"href":"https:\/\/www.rmcr.org\/en\/wp-json\/wp\/v2\/tags?post=18731"}],"curies":[{"name":"wp","href":"https:\/\/api.w.org\/{rel}","templated":true}]}}