{"id":1873,"date":"2019-02-27T13:21:16","date_gmt":"2019-02-27T13:21:16","guid":{"rendered":"https:\/\/www.rmcr.org\/?p=1873"},"modified":"2025-04-03T09:00:34","modified_gmt":"2025-04-03T09:00:34","slug":"biblioteca-rmr-no-62-portfolio-fotografico-de-andalucia-febrero-2019","status":"publish","type":"post","link":"https:\/\/www.rmcr.org\/en\/2019\/02\/27\/biblioteca-rmr-no-62-portfolio-fotografico-de-andalucia-febrero-2019\/","title":{"rendered":"Biblioteca-RMR: N\u00ba 62. Portfolio fotogr\u00e1fico de Andaluc\u00eda. Febrero 2019."},"content":{"rendered":"<p style=\"text-align: center;\"><strong>\u00b7 ART\u00cdCULO \u00b7<\/strong><br \/>\n<strong>\u00b7 BIBLIOTECA DE LA REAL MAESTRANZA DE CABALLER\u00cdA DE RONDA \u00b7<\/strong><br \/>\n<strong>\u00b7 FEBRERO 2019 \u00b7<\/strong><\/p>\n<p style=\"text-align: center;\"><strong>\u00b7 FONDO LITERATURA DE VIAJES \u00b7<\/strong><\/p>\n<p>Alberto Mart\u00edn Vicente (ca. 1870-1917) fue el fundador de una casa editorial con una prol\u00edfica producci\u00f3n durante las dos primeras d\u00e9cadas del siglo XX. Tras su fallecimiento, su hija Dolores Mart\u00edn Zamora continu\u00f3 la empresa paterna durante varios lustros. Sus publicaciones estaban especializadas en geograf\u00eda, folclore y turismo, siendo su principal objetivo la difusi\u00f3n del patrimonio hist\u00f3rico-art\u00edstico de las diferentes regiones espa\u00f1olas.<\/p>\n<p>Dadas las tem\u00e1ticas seleccionadas, la filosof\u00eda de la editorial se caracterizaba, sobre todo, por la contrataci\u00f3n de buenos profesionales en los campos de la cartograf\u00eda y la fotograf\u00eda, lo cual dot\u00f3 a sus publicaciones de unas ilustraciones de gran calidad.<\/p>\n<p>Afortunadamente, el ingente fondo fotogr\u00e1fico que gener\u00f3 la empresa editora se conserva en la actualidad repartida entre dos instituciones p\u00fablicas, la <a href=\"http:\/\/www.bnc.cat\/esl\">Biblioteca de Catalu\u00f1a<\/a> y el <a href=\"http:\/\/ajuntament.barcelona.cat\/arxiumunicipal\/arxiufotografic\/es\">Archivo Fotogr\u00e1fico de Barcelona<\/a>, ascendiendo a m\u00e1s de 25.000 documentos.<\/p>\n<p><a href=\"https:\/\/www.rmcr.org\/2019\/02\/catalogo-am.jpg\"><img fetchpriority=\"high\" decoding=\"async\" class=\"aligncenter size-full wp-image-1906\" src=\"https:\/\/www.rmcr.org\/wp-content\/uploads\/2019\/02\/catalogo-am.jpg\" alt=\"\" width=\"470\" height=\"173\" srcset=\"https:\/\/www.rmcr.org\/wp-content\/uploads\/2019\/02\/catalogo-am.jpg 500w, https:\/\/www.rmcr.org\/wp-content\/uploads\/2019\/02\/catalogo-am-300x110.jpg 300w\" sizes=\"(max-width: 470px) 100vw, 470px\" \/><\/a><\/p>\n<p style=\"text-align: center;\"><em>Cabecera de un cat\u00e1logo de publicaciones (ca. 1910)<\/em><\/p>\n<p>Entre las obras que vieron la luz bajo la supervisi\u00f3n de Alberto Mart\u00edn cabr\u00eda citar la colecci\u00f3n de cartas corogr\u00e1ficas dirigida por Benito Ch\u00edas, los trabajos geogr\u00e1ficos de diferentes regiones espa\u00f1olas redactados por Francisco Carreras, y la serie de vistas estereosc\u00f3picas de localidades de toda Espa\u00f1a.<\/p>\n<p>Igualmente destacable es el \u00abPortfolio fotogr\u00e1fico de Espa\u00f1a\u00bb, publicado aproximadamente entre 1910-1915 bajo la direcci\u00f3n del ge\u00f3grafo, arque\u00f3logo e historiador Ceferino Rocafort (1872-1917), el mayor empe\u00f1o editorial y fotogr\u00e1fico realizado en Espa\u00f1a desde tiempos de Laurent, que dio muy buenos frutos a sus promotores.<\/p>\n<p>En palabras de la propia editorial, la obra sali\u00f3 a la calle \u00abpor cuadernos semanales, constando cada uno de un mapa impreso \u00e1 siete tintas, dieciseis fotograf\u00edas, impresas en papel couch\u00e9, con la descripci\u00f3n de la provincia y capital y nomencl\u00e1tor de los pueblos por orden alfab\u00e9tico, n\u00famero de habitantes y si tiene estaci\u00f3n f\u00e9rrea\u00bb.<\/p>\n<p><a href=\"https:\/\/www.rmcr.org\/2019\/02\/portada-espac3b1a.jpg\"><img decoding=\"async\" class=\"aligncenter size-full wp-image-1878\" src=\"https:\/\/www.rmcr.org\/wp-content\/uploads\/2019\/02\/portada-espac3b1a.jpg\" alt=\"\" width=\"470\" height=\"499\" srcset=\"https:\/\/www.rmcr.org\/wp-content\/uploads\/2019\/02\/portada-espac3b1a.jpg 500w, https:\/\/www.rmcr.org\/wp-content\/uploads\/2019\/02\/portada-espac3b1a-282x300.jpg 282w, https:\/\/www.rmcr.org\/wp-content\/uploads\/2019\/02\/portada-espac3b1a-24x24.jpg 24w\" sizes=\"(max-width: 470px) 100vw, 470px\" \/><\/a><\/p>\n<p style=\"text-align: center;\"><em>Cubiertas de estilo modernista, en r\u00fastica a color para los cuadernos (arriba), y en tela editorial gofrada para los vol\u00famenes (abajo)<\/em><\/p>\n<p>El conjunto de fotograf\u00edas presenta un indudable valor documental, reflejando el estado del patrimonio espa\u00f1ol de la \u00e9poca. Muchas de ellas pueden considerarse in\u00e9ditas, mostrando paisajes y edificios ya desaparecidos. Tambi\u00e9n es un fondo interesante para conocer la evoluci\u00f3n del urbanismo de las localidades. El resultado final es un retrato sin parang\u00f3n de aquella Espa\u00f1a de las primeras d\u00e9cadas del siglo XX.<\/p>\n<p>Para aquel tiempo, debi\u00f3 de ser una tarea complicada y laboriosa, precisando la colaboraci\u00f3n de numerosas personas, reparti\u00e9ndose a buen seguro el trabajo entre una red de fot\u00f3grafos corresponsales, los profesionales m\u00e1s destacados de cada \u00e1mbito geogr\u00e1fico.<\/p>\n<p>La primera serie, compuesta de cincuenta cuadernos apaisados a 50 c\u00e9ntimos el ejemplar, estaba dedicada a las capitales de provincia. La obra completa encuadernada en cuatro vol\u00famenes se pod\u00eda adquirir por el precio de 40 pesetas. Las capitales andaluzas, reunidas bajo el ep\u00edgrafe de reino de Andaluc\u00eda, formaban parte del tomo IV, en el que tambi\u00e9n se encontraban Canarias, Extremadura y reino de Murcia.<\/p>\n<p><a href=\"https:\/\/www.rmcr.org\/wp-content\/uploads\/2019\/02\/portfolio-espana-seleccion-andalucia.pdf\"><img decoding=\"async\" class=\"aligncenter wp-image-1902 size-full\" src=\"https:\/\/www.rmcr.org\/wp-content\/uploads\/2019\/02\/collage.jpg\" alt=\"\" width=\"500\" height=\"298\" srcset=\"https:\/\/www.rmcr.org\/wp-content\/uploads\/2019\/02\/collage.jpg 500w, https:\/\/www.rmcr.org\/wp-content\/uploads\/2019\/02\/collage-300x179.jpg 300w\" sizes=\"(max-width: 500px) 100vw, 500px\" \/><\/a><\/p>\n<p style=\"text-align: center;\"><em><a href=\"https:\/\/www.rmcr.org\/wp-content\/uploads\/2019\/02\/portfolio-espana-seleccion-andalucia.pdf\">Descargar selecci\u00f3n de fotograf\u00edas de las capitales andaluzas (pdf, 16 Mb)<\/a><\/em><\/p>\n<p>Esta primera entrega obtuvo un gran \u00e9xito popular, lo que llev\u00f3 a la editorial a plantearse la continuaci\u00f3n del proyecto inicial, dedicando los siguientes cuadernos a los partidos judiciales m\u00e1s destacados.<\/p>\n<p><a href=\"https:\/\/www.rmcr.org\/2019\/02\/publi-segunda-serie.jpg\"><img loading=\"lazy\" decoding=\"async\" class=\"aligncenter size-full wp-image-1907\" src=\"https:\/\/www.rmcr.org\/wp-content\/uploads\/2019\/02\/publi-segunda-serie.jpg\" alt=\"\" width=\"470\" height=\"266\" srcset=\"https:\/\/www.rmcr.org\/wp-content\/uploads\/2019\/02\/publi-segunda-serie.jpg 500w, https:\/\/www.rmcr.org\/wp-content\/uploads\/2019\/02\/publi-segunda-serie-300x170.jpg 300w\" sizes=\"(max-width: 470px) 100vw, 470px\" \/><\/a><\/p>\n<p style=\"text-align: center;\"><em>Anuncio de la 2\u00aa serie en la contracubierta del n\u00ba 48 de la 1\u00aa serie<\/em><\/p>\n<p>Aunque se empezaron a editar partidos pertenecientes a Arag\u00f3n, Catalu\u00f1a, Galicia, Madrid o Comunidad Valenciana (seg\u00fan las referencias localizadas ser\u00edan alrededor de una decena), los que tuvieron mayor protagonismo fueron los de Andaluc\u00eda. As\u00ed, se publicaron 94 fasc\u00edculos, con un dise\u00f1o especial de cubierta en r\u00fastica a color en el que aparec\u00eda el t\u00edtulo &#8220;Portfolio fotogr\u00e1fico de Andaluc\u00eda&#8221;, conformando un total de ocho vol\u00famenes, uno por cada provincia. La encuadernaci\u00f3n definitiva presenta el mismo dise\u00f1o de la primera serie.<\/p>\n<p>El cuaderno n\u00ba 26 est\u00e1 dedicado al partido judicial de Ronda. Se compone de un texto de siete p\u00e1ginas que recoge la descripci\u00f3n geogr\u00e1fica de dicho partido, los datos geogr\u00e1ficos e hist\u00f3ricos m\u00e1s destacables de la ciudad de Ronda, y un cuadro de los ayuntamientos y entidades de poblaci\u00f3n en el que se cita el n\u00famero de habitantes, distancia al n\u00facleo principal y si tiene estaci\u00f3n f\u00e9rrea. Como ilustraciones, presenta un mapa del partido y diecis\u00e9is fotograf\u00edas, todas de Ronda, en las que se ven diferentes perspectivas de la ciudad as\u00ed como algunos de sus monumentos m\u00e1s se\u00f1alados.<\/p>\n<p><a href=\"https:\/\/www.rmcr.org\/wp-content\/uploads\/2019\/02\/portfolio-fotografico-andalucia-ronda-1.pdf\"><img loading=\"lazy\" decoding=\"async\" class=\"aligncenter wp-image-1900 size-full\" src=\"https:\/\/www.rmcr.org\/wp-content\/uploads\/2019\/02\/portada-ronda.jpg\" alt=\"\" width=\"500\" height=\"345\" srcset=\"https:\/\/www.rmcr.org\/wp-content\/uploads\/2019\/02\/portada-ronda.jpg 500w, https:\/\/www.rmcr.org\/wp-content\/uploads\/2019\/02\/portada-ronda-300x207.jpg 300w\" sizes=\"(max-width: 500px) 100vw, 500px\" \/><\/a><\/p>\n<p style=\"text-align: center;\"><em><a href=\"https:\/\/www.rmcr.org\/wp-content\/uploads\/2019\/02\/portfolio-fotografico-andalucia-ronda-1.pdf\">Descargar cuaderno n\u00ba 26 dedicado a Ronda (pdf, 6 Mb)<\/a><\/em><\/p>\n<p>Las referencias a colecciones completas del \u00abPortfolio\u00bb, tanto de la primera como de la segunda serie, son escas\u00edsimas en los cat\u00e1logos de las bibliotecas de referencia. As\u00ed por ejemplo, la <a href=\"http:\/\/catalogo.bne.es\/uhtbin\/webcat\">Biblioteca Nacional de Espa\u00f1a<\/a> (BNE) dispone de la primera serie, pero no de la segunda; el <a href=\"http:\/\/catalogos.mecd.es\/CCPB\/cgi-ccpb\/abnetopac\/O12156\/ID12bbf019?ACC=101\">Cat\u00e1logo Colectivo del Patrimonio Bibliogr\u00e1fico Espa\u00f1ol<\/a> (CCPB) solo recoge cuadernos sueltos de las dos series; la <a href=\"http:\/\/www.bibliotecasdeandalucia.es\/web\/biblioteca-de-andalucia\/catalogos\/catalogo-de-la-biblioteca\">Biblioteca de Andaluc\u00eda<\/a> (BA) custodia varios cuadernos de poblaciones andaluzas; dentro de la <a href=\"http:\/\/rebiun.baratz.es\/rebiun\/\">Red de Bibliotecas Universitarias<\/a> (REBIUN), la universidad de Granada cuenta con la segunda serie completa; la <a href=\"https:\/\/catalog.loc.gov\/\">Library of Congress<\/a>\u00a0(LC) dispone de los tomos de la primera serie.<\/p>\n<p>Sin embargo, la <a href=\"http:\/\/catalogo.rmcr.org\/\">Biblioteca de la Real Maestranza de Caballer\u00eda de Ronda<\/a>\u00a0tiene la suerte de conservar entre sus fondos una colecci\u00f3n completa de ambas series, doce tomos que cuentan con un total de 144 cuadernos, en los que se contabilizan 144 mapas, y 2.304 fotograf\u00edas referentes a m\u00e1s de 300 localidades espa\u00f1olas. La primera serie forma parte del Fondo Propio, mientras que la segunda serie procede del Fondo Aguilera.<\/p>\n<p><a href=\"https:\/\/www.rmcr.org\/2019\/02\/coleccion-portfolio-rmr.jpg\"><img loading=\"lazy\" decoding=\"async\" class=\"aligncenter size-full wp-image-1917\" src=\"https:\/\/www.rmcr.org\/wp-content\/uploads\/2019\/02\/coleccion-portfolio-rmr.jpg\" alt=\"\" width=\"470\" height=\"154\" \/><\/a><\/p>\n<p style=\"text-align: center;\"><em>Vol\u00famenes de la Biblioteca de la Real Maestranza de Caballer\u00eda de Ronda<\/em><\/p>\n<p>Con esta entrada, queremos unirnos a las celebraciones del D\u00eda de Andaluc\u00eda que tienen lugar cada 28 de febrero.<\/p>\n<p><strong>Fichas bibliogr\u00e1ficas<\/strong><\/p>\n<p><em>Rocafort, Ceferino (1872-1917)<\/em><br \/>\n<strong>Portfolio fotogr\u00e1fico de Espa\u00f1a<\/strong> \/ por Ceferino Rocafort. &#8212; Barcelona : A. Mart\u00edn, [s.a.]<br \/>\n4 v. : principalmente il. ; 15&#215;20 cm. &#8212; (1\u00aa serie)<br \/>\nContiene: <em>tomo I<\/em> : Arag\u00f3n (Huesca, Teruel, Zaragoza), Islas Baleares (Palma de Mallorca), Catalu\u00f1a (Barcelona, Gerona, L\u00e9rida, Tarragona), Valencia (Alicante, Castell\u00f3n, Valencia) &#8212; <em>tomo II<\/em> : Castilla la Vieja (\u00c1vila, Burgos, Logro\u00f1o, Palencia, Santander, Segovia, Soria, Valladolid), Castilla la Nueva (Ciudad Real, Cuenca, Guadalajara, Madrid, Toledo) &#8212; <em>tomo III<\/em> : Principado de Asturias (Oviedo), Reino de Galicia (La Coru\u00f1a, Lugo, Orense, Pontevedra), Reino de Le\u00f3n (Le\u00f3n, Salamanca, Zamora), Reino de Navarra (Navarra: Pamplona), Provincias Vascongadas (\u00c1lava: Vitoria, Vizcaya: Bilbao, Guip\u00fazcoa: San Sebasti\u00e1n) &#8212; <em>tomo IV<\/em> : Reino de Andaluc\u00eda (Almer\u00eda, C\u00e1diz, C\u00f3rdoba, Granada, Huelva, Ja\u00e9n, M\u00e1laga, Sevilla), Canarias (Las Palmas, Santa Cruz de Tenerife), Extremadura (Badajoz, C\u00e1ceres), Reino de Murcia (Albacete, Murcia)<br \/>\nPalau, 271672<br \/>\nSeg\u00fan la BNE, la obra data ca. 1910<br \/>\n<em>Espa\u00f1a-Descripci\u00f3n y viajes-Siglo XX-Fotograf\u00edas<\/em><br \/>\nFondo Propio &#8212; CB1021970-CB1021973 &#8212; Enc. tela ed. con relieve, hierros dorados en cub. y lomo &#8212; En cub.: &#8220;J. Roca, Gra, Barcelona&#8221;, &#8220;A. Aguil\u00f3, Barcelona&#8221;<\/p>\n<p><strong> Portfolio fotogr\u00e1fico de Espa\u00f1a : Andaluc\u00eda<\/strong>. &#8212; Barcelona : A. Mart\u00edn, [s.a.]<br \/>\n8 v. : principalmente il. ; 15&#215;20 cm<br \/>\nContiene: <em>Provincia de Almer\u00eda<\/em>: Almer\u00eda, Berja [Adra, Dal\u00edas], Canj\u00e1yar [Alcolea, Fond\u00f3n, Lanjar de Andarax, Paterna], Cuevas de Vera, G\u00e9rgal [Abla, Do\u00f1a Mar\u00eda, Fi\u00f1ana, Nacimiento, Tabernas], Hu\u00e9rcal-Overa [Albox, Arboleas, Cantoria, Zurgena], Purchena [Ser\u00f3n, T\u00edjola], Sorbas [Lucainena de las Torres, N\u00edjar, Turrillas], V\u00e9lez Rubio [Mar\u00eda, V\u00e9lez-Blanco], Vera [Antas, Garrucha, Lubr\u00edn] &#8212; <em>Provincia de C\u00e1diz<\/em>: Algeciras [Ceuta, Gibraltar, Tarifa], Arcos de la Frontera [Bornos, Villamart\u00edn], C\u00e1diz, Chiclana de la Frontera [Conil, Vejer de la Frontera], Grazalema [Ubrique, Villaluenga del Rosario], Jerez de la Frontera, Medina-Sidonia [Alcal\u00e1 de los Gazules], Olvera [Algodonales, Setenil], El Puerto de Santa Mar\u00eda [La Carraca], San Fernando, Sanl\u00facar de Barrameda [Bonanza, Chipiona], San Roque [Jimena de la Frontera, La L\u00ednea] &#8212; <em>Provincia de C\u00f3rdoba<\/em>: Aguilar [Puente Genil], Baena [Luque], Bujalance [Ca\u00f1ete de las Torres, El Carpio], Cabra [Do\u00f1a Menc\u00eda, Zuheros], Castro del R\u00edo [Espejo], C\u00f3rdoba, Fuenteovejuna [B\u00e9lmez, Cabeza de Vaca, Pe\u00f1arroya, Pueblo Nuevo del Terrible], Hinojosa del Duque, Lucena [Encinas Reales], Montilla, Montoro [Adamuz, Villa del R\u00edo, Villafranca de C\u00f3rdoba] &#8212; <em>Provincia de C\u00f3rdoba<\/em> : Posadas [Almod\u00f3var del R\u00edo], Pozoblanco [Villanueva de C\u00f3rdoba, Villanueva del Duque, Pedrona], Priego de C\u00f3rdoba [Almedinilla, Carcabuey], La Rambla [Fern\u00e1n N\u00fa\u00f1ez, Montemayor], Rute [Benamej\u00ed, Izn\u00e1jar, Palenciana] ; <em>Provincia de Huelva<\/em>: Aracena, Ayamonte [Isla Cristina], Huelva [Gibrale\u00f3n, San Juan del Puerto], Moguer [Niebla, Palos], La Palma, Valverde del Camino [Minas de Riotinto, Nerva] &#8212; <em>Provincia de Granada<\/em>: Albu\u00f1ol [Albond\u00f3n, Almeg\u00edjar, C\u00e1staras, La R\u00e1bita], Alhama [Chimeneas, Moraleda de Zafayona, Santa Cruz del Comercio], Baza [C\u00fallar de Baza, Z\u00fajar], Granada, Guadix [Alcudia de Guadix, Alquife], Hu\u00e9scar [Galera, Puebla de Don Fadrique], Iznalloz [Deifontes, Mocl\u00edn, Moreda], Loja [Hu\u00e9tor Tajar, Salar], Montefr\u00edo [\u00cdllora], Motril [Alm\u00fa\u00f1ecar, V\u00e9lez de Benaudalla], \u00d3rjiva [Carataunas, D\u00farcal, Lanjar\u00f3n, Soport\u00fajar], Santaf\u00e9 [Atarfe, Pinos Fuente], Ug\u00edjar [C\u00e1diar, Mecina-Bombar\u00f3n] &#8212; <em>Provincia de Ja\u00e9n<\/em>: Alcal\u00e1 la Real [Alcaudete], And\u00fajar, Cazorla [La Iruela, Peal del Becerro, Quesada], Huelma [Cabra de Santo Cristo, Cambil], Ja\u00e9n [La Guardia, Torre del Campo], La Carolina [Ba\u00f1os de la Encina, Las Navas de Tolosa, Vilches], Linares, Mancha Real [Jimena, Pegal\u00e1jar, Torres], Martos [Porcuna, Torredonjimeno], Orcera [falta, se repite por error el cuaderno de Cazorla], \u00dabeda, Villacarrillo [Beas de Segura, Castellar de Santisteban, Iznatoraf, Santisteban del Puerto, Sorihuela, Villanueva del Arzobispo] &#8212; <em>Provincia de M\u00e1laga<\/em>: \u00c1lora [C\u00e1rtama, Pizarra], Antequera [Fuente de Piedra], Archidona [Villanueva de Algaidas, Villanueva de Tapia], Campillos [Almargen, Teba], Co\u00edn [Alhaur\u00edn el Grande], Colmenar [Casabermeja, Riogordo], Estepona [Casares, Manilva], Gauc\u00edn [Cortes de la Frontera, Jimera de L\u00edbar], M\u00e1laga, Marbella [Fuengirola], Ronda, Torrox [Frigiliana, Nerja], V\u00e9lez-M\u00e1laga [Benamocarra] &#8212; <em>Provincia de Sevilla<\/em>: Carmona, Cazalla de la Sierra, \u00c9cija [Fuentes de Andaluc\u00eda, La Luisiana], Estepa [Aguadulce, Alcal\u00e1 de Guadaira, Badolatosa, Casariche, Gilena, Herrera, Marinaleda, Pedrera, La Roda, Utrera], Lora del R\u00edo, Marchena [Arahal, Paradas], Mor\u00f3n [Alg\u00e1mitas, Coripe, Coronil, Montellano, Pruna, La Puebla de Cazalla], Osuna [Los Corrales, Mart\u00edn de la Jara, El Rubio], Sanl\u00facar la Mayor [Aznalc\u00e1zar, Pilas], Sevilla [It\u00e1lica, Santiponce], Utrera [faltan las h. de l\u00e1m.]<br \/>\nPalau, 233452<br \/>\nSeg\u00fan la BNE, la obra data ca. 1910<br \/>\n<em>Andaluc\u00eda-Descripci\u00f3n y viajes-Siglo XX-Fotograf\u00edas<\/em><br \/>\n<em>Ronda (M\u00e1laga)-Descripci\u00f3n y viajes-Siglo XX-Fotograf\u00edas<\/em><br \/>\nFondo Aguilera &#8212; CB1025068-CB1025076 &#8212; Enc. tela ed. con relieve, hierros dorados en cub. y lomo, desgastada &#8212; En cub.: &#8220;J. Roca, Gra, Barcelona&#8221;, &#8220;A. Martin, Editor, Barcelona&#8221;<\/p>\n","protected":false},"excerpt":{"rendered":"<p>\u00b7 ART\u00cdCULO \u00b7 \u00b7 BIBLIOTECA DE LA REAL MAESTRANZA DE CABALLER\u00cdA DE RONDA \u00b7 \u00b7 FEBRERO 2019 \u00b7 \u00b7 FONDO LITERATURA DE VIAJES \u00b7 Alberto Mart\u00edn Vicente (ca. 1870-1917) fue el fundador de una casa editorial con una prol\u00edfica producci\u00f3n durante las dos primeras d\u00e9cadas del siglo XX. Tras su fallecimiento, su hija Dolores Mart\u00edn [&hellip;]<\/p>\n","protected":false},"author":2,"featured_media":1895,"comment_status":"open","ping_status":"open","sticky":false,"template":"","format":"standard","meta":{"footnotes":""},"categories":[140,791],"tags":[256,237,105,252,176,143,137,145,114],"class_list":["post-1873","post","type-post","status-publish","format-standard","has-post-thumbnail","hentry","category-biblioteca","category-boletin-bibliografico-biblioteca-rmr","tag-andalucia","tag-bibliografias","tag-biblioteca-general","tag-biblioteca-rmr","tag-boletin-mensual-bibliografico","tag-fotografias","tag-libros","tag-literatura-de-viajes","tag-ronda"],"yoast_head":"<!-- This site is optimized with the Yoast SEO plugin v27.5 - https:\/\/yoast.com\/product\/yoast-seo-wordpress\/ -->\n<title>Biblioteca-RMR: N\u00ba 62. Portfolio fotogr\u00e1fico de Andaluc\u00eda. Febrero 2019. - Real Maestranza de Caballer\u00eda de Ronda<\/title>\n<meta name=\"robots\" content=\"index, follow, max-snippet:-1, max-image-preview:large, max-video-preview:-1\" \/>\n<link rel=\"canonical\" href=\"https:\/\/www.rmcr.org\/en\/2019\/02\/27\/biblioteca-rmr-no-62-portfolio-fotografico-de-andalucia-febrero-2019\/\" \/>\n<meta property=\"og:locale\" content=\"en_US\" \/>\n<meta property=\"og:type\" content=\"article\" \/>\n<meta property=\"og:title\" content=\"Biblioteca-RMR: N\u00ba 62. Portfolio fotogr\u00e1fico de Andaluc\u00eda. Febrero 2019. - Real Maestranza de Caballer\u00eda de Ronda\" \/>\n<meta property=\"og:description\" content=\"\u00b7 ART\u00cdCULO \u00b7 \u00b7 BIBLIOTECA DE LA REAL MAESTRANZA DE CABALLER\u00cdA DE RONDA \u00b7 \u00b7 FEBRERO 2019 \u00b7 \u00b7 FONDO LITERATURA DE VIAJES \u00b7 Alberto Mart\u00edn Vicente (ca. 1870-1917) fue el fundador de una casa editorial con una prol\u00edfica producci\u00f3n durante las dos primeras d\u00e9cadas del siglo XX. Tras su fallecimiento, su hija Dolores Mart\u00edn [&hellip;]\" \/>\n<meta property=\"og:url\" content=\"https:\/\/www.rmcr.org\/en\/2019\/02\/27\/biblioteca-rmr-no-62-portfolio-fotografico-de-andalucia-febrero-2019\/\" \/>\n<meta property=\"og:site_name\" content=\"Real Maestranza de Caballer\u00eda de Ronda\" \/>\n<meta property=\"article:publisher\" content=\"https:\/\/www.facebook.com\/plazadetorosronda\" \/>\n<meta property=\"article:published_time\" content=\"2019-02-27T13:21:16+00:00\" \/>\n<meta property=\"article:modified_time\" content=\"2025-04-03T09:00:34+00:00\" \/>\n<meta property=\"og:image\" content=\"https:\/\/www.rmcr.org\/wp-content\/uploads\/2019\/02\/portf.jpg\" \/>\n\t<meta property=\"og:image:width\" content=\"482\" \/>\n\t<meta property=\"og:image:height\" content=\"143\" \/>\n\t<meta property=\"og:image:type\" content=\"image\/jpeg\" \/>\n<meta name=\"author\" content=\"BIBLIOTECA\" \/>\n<meta name=\"twitter:card\" content=\"summary_large_image\" \/>\n<meta name=\"twitter:creator\" content=\"@PlazatorosRMR\" \/>\n<meta name=\"twitter:site\" content=\"@PlazatorosRMR\" \/>\n<meta name=\"twitter:label1\" content=\"Written by\" \/>\n\t<meta name=\"twitter:data1\" content=\"BIBLIOTECA\" \/>\n\t<meta name=\"twitter:label2\" content=\"Est. reading time\" \/>\n\t<meta name=\"twitter:data2\" content=\"9 minutes\" \/>\n<script type=\"application\/ld+json\" class=\"yoast-schema-graph\">{\"@context\":\"https:\\\/\\\/schema.org\",\"@graph\":[{\"@type\":\"Article\",\"@id\":\"https:\\\/\\\/www.rmcr.org\\\/en\\\/2019\\\/02\\\/27\\\/biblioteca-rmr-no-62-portfolio-fotografico-de-andalucia-febrero-2019\\\/#article\",\"isPartOf\":{\"@id\":\"https:\\\/\\\/www.rmcr.org\\\/en\\\/2019\\\/02\\\/27\\\/biblioteca-rmr-no-62-portfolio-fotografico-de-andalucia-febrero-2019\\\/\"},\"author\":{\"name\":\"BIBLIOTECA\",\"@id\":\"https:\\\/\\\/www.rmcr.org\\\/en\\\/#\\\/schema\\\/person\\\/80849edee7ef556893505128619ea1d0\"},\"headline\":\"Biblioteca-RMR: N\u00ba 62. Portfolio fotogr\u00e1fico de Andaluc\u00eda. Febrero 2019.\",\"datePublished\":\"2019-02-27T13:21:16+00:00\",\"dateModified\":\"2025-04-03T09:00:34+00:00\",\"mainEntityOfPage\":{\"@id\":\"https:\\\/\\\/www.rmcr.org\\\/en\\\/2019\\\/02\\\/27\\\/biblioteca-rmr-no-62-portfolio-fotografico-de-andalucia-febrero-2019\\\/\"},\"wordCount\":1872,\"commentCount\":0,\"publisher\":{\"@id\":\"https:\\\/\\\/www.rmcr.org\\\/en\\\/#organization\"},\"image\":{\"@id\":\"https:\\\/\\\/www.rmcr.org\\\/en\\\/2019\\\/02\\\/27\\\/biblioteca-rmr-no-62-portfolio-fotografico-de-andalucia-febrero-2019\\\/#primaryimage\"},\"thumbnailUrl\":\"https:\\\/\\\/www.rmcr.org\\\/wp-content\\\/uploads\\\/2019\\\/02\\\/portf.jpg\",\"keywords\":[\"Andaluc\u00eda\",\"Bibliograf\u00edas\",\"Biblioteca\",\"Biblioteca-RMR\",\"Bolet\u00edn mensual bibliogr\u00e1fico\",\"Fotograf\u00edas\",\"Libros\",\"Literatura de viajes\",\"Ronda\"],\"articleSection\":[\"Biblioteca\",\"Bolet\u00edn bibliogr\u00e1fico Biblioteca-RMR\"],\"inLanguage\":\"en-US\",\"potentialAction\":[{\"@type\":\"CommentAction\",\"name\":\"Comment\",\"target\":[\"https:\\\/\\\/www.rmcr.org\\\/en\\\/2019\\\/02\\\/27\\\/biblioteca-rmr-no-62-portfolio-fotografico-de-andalucia-febrero-2019\\\/#respond\"]}]},{\"@type\":\"WebPage\",\"@id\":\"https:\\\/\\\/www.rmcr.org\\\/en\\\/2019\\\/02\\\/27\\\/biblioteca-rmr-no-62-portfolio-fotografico-de-andalucia-febrero-2019\\\/\",\"url\":\"https:\\\/\\\/www.rmcr.org\\\/en\\\/2019\\\/02\\\/27\\\/biblioteca-rmr-no-62-portfolio-fotografico-de-andalucia-febrero-2019\\\/\",\"name\":\"Biblioteca-RMR: N\u00ba 62. Portfolio fotogr\u00e1fico de Andaluc\u00eda. Febrero 2019. - Real Maestranza de Caballer\u00eda de Ronda\",\"isPartOf\":{\"@id\":\"https:\\\/\\\/www.rmcr.org\\\/en\\\/#website\"},\"primaryImageOfPage\":{\"@id\":\"https:\\\/\\\/www.rmcr.org\\\/en\\\/2019\\\/02\\\/27\\\/biblioteca-rmr-no-62-portfolio-fotografico-de-andalucia-febrero-2019\\\/#primaryimage\"},\"image\":{\"@id\":\"https:\\\/\\\/www.rmcr.org\\\/en\\\/2019\\\/02\\\/27\\\/biblioteca-rmr-no-62-portfolio-fotografico-de-andalucia-febrero-2019\\\/#primaryimage\"},\"thumbnailUrl\":\"https:\\\/\\\/www.rmcr.org\\\/wp-content\\\/uploads\\\/2019\\\/02\\\/portf.jpg\",\"datePublished\":\"2019-02-27T13:21:16+00:00\",\"dateModified\":\"2025-04-03T09:00:34+00:00\",\"breadcrumb\":{\"@id\":\"https:\\\/\\\/www.rmcr.org\\\/en\\\/2019\\\/02\\\/27\\\/biblioteca-rmr-no-62-portfolio-fotografico-de-andalucia-febrero-2019\\\/#breadcrumb\"},\"inLanguage\":\"en-US\",\"potentialAction\":[{\"@type\":\"ReadAction\",\"target\":[\"https:\\\/\\\/www.rmcr.org\\\/en\\\/2019\\\/02\\\/27\\\/biblioteca-rmr-no-62-portfolio-fotografico-de-andalucia-febrero-2019\\\/\"]}]},{\"@type\":\"ImageObject\",\"inLanguage\":\"en-US\",\"@id\":\"https:\\\/\\\/www.rmcr.org\\\/en\\\/2019\\\/02\\\/27\\\/biblioteca-rmr-no-62-portfolio-fotografico-de-andalucia-febrero-2019\\\/#primaryimage\",\"url\":\"https:\\\/\\\/www.rmcr.org\\\/wp-content\\\/uploads\\\/2019\\\/02\\\/portf.jpg\",\"contentUrl\":\"https:\\\/\\\/www.rmcr.org\\\/wp-content\\\/uploads\\\/2019\\\/02\\\/portf.jpg\",\"width\":482,\"height\":143},{\"@type\":\"BreadcrumbList\",\"@id\":\"https:\\\/\\\/www.rmcr.org\\\/en\\\/2019\\\/02\\\/27\\\/biblioteca-rmr-no-62-portfolio-fotografico-de-andalucia-febrero-2019\\\/#breadcrumb\",\"itemListElement\":[{\"@type\":\"ListItem\",\"position\":1,\"name\":\"REAL MAESTRANZA DE CABALLER\u00cdA DE RONDA\",\"item\":\"https:\\\/\\\/www.rmcr.org\\\/en\\\/\"},{\"@type\":\"ListItem\",\"position\":2,\"name\":\"Biblioteca-RMR: N\u00ba 62. Portfolio fotogr\u00e1fico de Andaluc\u00eda. Febrero 2019.\"}]},{\"@type\":\"WebSite\",\"@id\":\"https:\\\/\\\/www.rmcr.org\\\/en\\\/#website\",\"url\":\"https:\\\/\\\/www.rmcr.org\\\/en\\\/\",\"name\":\"Real Maestranza de Caballer\u00eda de Ronda\",\"description\":\"Real Maestranza de Caballer\u00eda de Ronda\",\"publisher\":{\"@id\":\"https:\\\/\\\/www.rmcr.org\\\/en\\\/#organization\"},\"alternateName\":\"RMCR\",\"potentialAction\":[{\"@type\":\"SearchAction\",\"target\":{\"@type\":\"EntryPoint\",\"urlTemplate\":\"https:\\\/\\\/www.rmcr.org\\\/en\\\/?s={search_term_string}\"},\"query-input\":{\"@type\":\"PropertyValueSpecification\",\"valueRequired\":true,\"valueName\":\"search_term_string\"}}],\"inLanguage\":\"en-US\"},{\"@type\":\"Organization\",\"@id\":\"https:\\\/\\\/www.rmcr.org\\\/en\\\/#organization\",\"name\":\"Real Maestranza de Caballer\u00eda de Ronda\",\"alternateName\":\"RMR\",\"url\":\"https:\\\/\\\/www.rmcr.org\\\/en\\\/\",\"logo\":{\"@type\":\"ImageObject\",\"inLanguage\":\"en-US\",\"@id\":\"https:\\\/\\\/www.rmcr.org\\\/en\\\/#\\\/schema\\\/logo\\\/image\\\/\",\"url\":\"https:\\\/\\\/www.rmcr.org\\\/wp-content\\\/uploads\\\/2022\\\/07\\\/logo-rmr-blue.svg\",\"contentUrl\":\"https:\\\/\\\/www.rmcr.org\\\/wp-content\\\/uploads\\\/2022\\\/07\\\/logo-rmr-blue.svg\",\"width\":131,\"height\":129,\"caption\":\"Real Maestranza de Caballer\u00eda de Ronda\"},\"image\":{\"@id\":\"https:\\\/\\\/www.rmcr.org\\\/en\\\/#\\\/schema\\\/logo\\\/image\\\/\"},\"sameAs\":[\"https:\\\/\\\/www.facebook.com\\\/plazadetorosronda\",\"https:\\\/\\\/x.com\\\/PlazatorosRMR\",\"https:\\\/\\\/www.instagram.com\\\/realmaestranzaderonda\\\/\",\"https:\\\/\\\/www.youtube.com\\\/channel\\\/UCrbO5IUN-8v_QML739vM4zg\\\/videos\"]},{\"@type\":\"Person\",\"@id\":\"https:\\\/\\\/www.rmcr.org\\\/en\\\/#\\\/schema\\\/person\\\/80849edee7ef556893505128619ea1d0\",\"name\":\"BIBLIOTECA\",\"image\":{\"@type\":\"ImageObject\",\"inLanguage\":\"en-US\",\"@id\":\"https:\\\/\\\/www.rmcr.org\\\/wp-content\\\/uploads\\\/2022\\\/11\\\/avatar-rmcr-96x96.png\",\"url\":\"https:\\\/\\\/www.rmcr.org\\\/wp-content\\\/uploads\\\/2022\\\/11\\\/avatar-rmcr-96x96.png\",\"contentUrl\":\"https:\\\/\\\/www.rmcr.org\\\/wp-content\\\/uploads\\\/2022\\\/11\\\/avatar-rmcr-96x96.png\",\"caption\":\"BIBLIOTECA\"},\"url\":\"https:\\\/\\\/www.rmcr.org\\\/en\\\/author\\\/juan-antonio-moreno\\\/\"}]}<\/script>\n<!-- \/ Yoast SEO plugin. -->","yoast_head_json":{"title":"Biblioteca-RMR: N\u00ba 62. Portfolio fotogr\u00e1fico de Andaluc\u00eda. Febrero 2019. - Real Maestranza de Caballer\u00eda de Ronda","robots":{"index":"index","follow":"follow","max-snippet":"max-snippet:-1","max-image-preview":"max-image-preview:large","max-video-preview":"max-video-preview:-1"},"canonical":"https:\/\/www.rmcr.org\/en\/2019\/02\/27\/biblioteca-rmr-no-62-portfolio-fotografico-de-andalucia-febrero-2019\/","og_locale":"en_US","og_type":"article","og_title":"Biblioteca-RMR: N\u00ba 62. Portfolio fotogr\u00e1fico de Andaluc\u00eda. Febrero 2019. - Real Maestranza de Caballer\u00eda de Ronda","og_description":"\u00b7 ART\u00cdCULO \u00b7 \u00b7 BIBLIOTECA DE LA REAL MAESTRANZA DE CABALLER\u00cdA DE RONDA \u00b7 \u00b7 FEBRERO 2019 \u00b7 \u00b7 FONDO LITERATURA DE VIAJES \u00b7 Alberto Mart\u00edn Vicente (ca. 1870-1917) fue el fundador de una casa editorial con una prol\u00edfica producci\u00f3n durante las dos primeras d\u00e9cadas del siglo XX. Tras su fallecimiento, su hija Dolores Mart\u00edn [&hellip;]","og_url":"https:\/\/www.rmcr.org\/en\/2019\/02\/27\/biblioteca-rmr-no-62-portfolio-fotografico-de-andalucia-febrero-2019\/","og_site_name":"Real Maestranza de Caballer\u00eda de Ronda","article_publisher":"https:\/\/www.facebook.com\/plazadetorosronda","article_published_time":"2019-02-27T13:21:16+00:00","article_modified_time":"2025-04-03T09:00:34+00:00","og_image":[{"width":482,"height":143,"url":"https:\/\/www.rmcr.org\/wp-content\/uploads\/2019\/02\/portf.jpg","type":"image\/jpeg"}],"author":"BIBLIOTECA","twitter_card":"summary_large_image","twitter_creator":"@PlazatorosRMR","twitter_site":"@PlazatorosRMR","twitter_misc":{"Written by":"BIBLIOTECA","Est. reading time":"9 minutes"},"schema":{"@context":"https:\/\/schema.org","@graph":[{"@type":"Article","@id":"https:\/\/www.rmcr.org\/en\/2019\/02\/27\/biblioteca-rmr-no-62-portfolio-fotografico-de-andalucia-febrero-2019\/#article","isPartOf":{"@id":"https:\/\/www.rmcr.org\/en\/2019\/02\/27\/biblioteca-rmr-no-62-portfolio-fotografico-de-andalucia-febrero-2019\/"},"author":{"name":"BIBLIOTECA","@id":"https:\/\/www.rmcr.org\/en\/#\/schema\/person\/80849edee7ef556893505128619ea1d0"},"headline":"Biblioteca-RMR: N\u00ba 62. Portfolio fotogr\u00e1fico de Andaluc\u00eda. Febrero 2019.","datePublished":"2019-02-27T13:21:16+00:00","dateModified":"2025-04-03T09:00:34+00:00","mainEntityOfPage":{"@id":"https:\/\/www.rmcr.org\/en\/2019\/02\/27\/biblioteca-rmr-no-62-portfolio-fotografico-de-andalucia-febrero-2019\/"},"wordCount":1872,"commentCount":0,"publisher":{"@id":"https:\/\/www.rmcr.org\/en\/#organization"},"image":{"@id":"https:\/\/www.rmcr.org\/en\/2019\/02\/27\/biblioteca-rmr-no-62-portfolio-fotografico-de-andalucia-febrero-2019\/#primaryimage"},"thumbnailUrl":"https:\/\/www.rmcr.org\/wp-content\/uploads\/2019\/02\/portf.jpg","keywords":["Andaluc\u00eda","Bibliograf\u00edas","Biblioteca","Biblioteca-RMR","Bolet\u00edn mensual bibliogr\u00e1fico","Fotograf\u00edas","Libros","Literatura de viajes","Ronda"],"articleSection":["Biblioteca","Bolet\u00edn bibliogr\u00e1fico Biblioteca-RMR"],"inLanguage":"en-US","potentialAction":[{"@type":"CommentAction","name":"Comment","target":["https:\/\/www.rmcr.org\/en\/2019\/02\/27\/biblioteca-rmr-no-62-portfolio-fotografico-de-andalucia-febrero-2019\/#respond"]}]},{"@type":"WebPage","@id":"https:\/\/www.rmcr.org\/en\/2019\/02\/27\/biblioteca-rmr-no-62-portfolio-fotografico-de-andalucia-febrero-2019\/","url":"https:\/\/www.rmcr.org\/en\/2019\/02\/27\/biblioteca-rmr-no-62-portfolio-fotografico-de-andalucia-febrero-2019\/","name":"Biblioteca-RMR: N\u00ba 62. Portfolio fotogr\u00e1fico de Andaluc\u00eda. Febrero 2019. - Real Maestranza de Caballer\u00eda de Ronda","isPartOf":{"@id":"https:\/\/www.rmcr.org\/en\/#website"},"primaryImageOfPage":{"@id":"https:\/\/www.rmcr.org\/en\/2019\/02\/27\/biblioteca-rmr-no-62-portfolio-fotografico-de-andalucia-febrero-2019\/#primaryimage"},"image":{"@id":"https:\/\/www.rmcr.org\/en\/2019\/02\/27\/biblioteca-rmr-no-62-portfolio-fotografico-de-andalucia-febrero-2019\/#primaryimage"},"thumbnailUrl":"https:\/\/www.rmcr.org\/wp-content\/uploads\/2019\/02\/portf.jpg","datePublished":"2019-02-27T13:21:16+00:00","dateModified":"2025-04-03T09:00:34+00:00","breadcrumb":{"@id":"https:\/\/www.rmcr.org\/en\/2019\/02\/27\/biblioteca-rmr-no-62-portfolio-fotografico-de-andalucia-febrero-2019\/#breadcrumb"},"inLanguage":"en-US","potentialAction":[{"@type":"ReadAction","target":["https:\/\/www.rmcr.org\/en\/2019\/02\/27\/biblioteca-rmr-no-62-portfolio-fotografico-de-andalucia-febrero-2019\/"]}]},{"@type":"ImageObject","inLanguage":"en-US","@id":"https:\/\/www.rmcr.org\/en\/2019\/02\/27\/biblioteca-rmr-no-62-portfolio-fotografico-de-andalucia-febrero-2019\/#primaryimage","url":"https:\/\/www.rmcr.org\/wp-content\/uploads\/2019\/02\/portf.jpg","contentUrl":"https:\/\/www.rmcr.org\/wp-content\/uploads\/2019\/02\/portf.jpg","width":482,"height":143},{"@type":"BreadcrumbList","@id":"https:\/\/www.rmcr.org\/en\/2019\/02\/27\/biblioteca-rmr-no-62-portfolio-fotografico-de-andalucia-febrero-2019\/#breadcrumb","itemListElement":[{"@type":"ListItem","position":1,"name":"REAL MAESTRANZA DE CABALLER\u00cdA DE RONDA","item":"https:\/\/www.rmcr.org\/en\/"},{"@type":"ListItem","position":2,"name":"Biblioteca-RMR: N\u00ba 62. Portfolio fotogr\u00e1fico de Andaluc\u00eda. Febrero 2019."}]},{"@type":"WebSite","@id":"https:\/\/www.rmcr.org\/en\/#website","url":"https:\/\/www.rmcr.org\/en\/","name":"Real Maestranza de Caballer\u00eda de Ronda","description":"Real Maestranza de Caballer\u00eda de Ronda","publisher":{"@id":"https:\/\/www.rmcr.org\/en\/#organization"},"alternateName":"RMCR","potentialAction":[{"@type":"SearchAction","target":{"@type":"EntryPoint","urlTemplate":"https:\/\/www.rmcr.org\/en\/?s={search_term_string}"},"query-input":{"@type":"PropertyValueSpecification","valueRequired":true,"valueName":"search_term_string"}}],"inLanguage":"en-US"},{"@type":"Organization","@id":"https:\/\/www.rmcr.org\/en\/#organization","name":"Real Maestranza de Caballer\u00eda de Ronda","alternateName":"RMR","url":"https:\/\/www.rmcr.org\/en\/","logo":{"@type":"ImageObject","inLanguage":"en-US","@id":"https:\/\/www.rmcr.org\/en\/#\/schema\/logo\/image\/","url":"https:\/\/www.rmcr.org\/wp-content\/uploads\/2022\/07\/logo-rmr-blue.svg","contentUrl":"https:\/\/www.rmcr.org\/wp-content\/uploads\/2022\/07\/logo-rmr-blue.svg","width":131,"height":129,"caption":"Real Maestranza de Caballer\u00eda de Ronda"},"image":{"@id":"https:\/\/www.rmcr.org\/en\/#\/schema\/logo\/image\/"},"sameAs":["https:\/\/www.facebook.com\/plazadetorosronda","https:\/\/x.com\/PlazatorosRMR","https:\/\/www.instagram.com\/realmaestranzaderonda\/","https:\/\/www.youtube.com\/channel\/UCrbO5IUN-8v_QML739vM4zg\/videos"]},{"@type":"Person","@id":"https:\/\/www.rmcr.org\/en\/#\/schema\/person\/80849edee7ef556893505128619ea1d0","name":"BIBLIOTECA","image":{"@type":"ImageObject","inLanguage":"en-US","@id":"https:\/\/www.rmcr.org\/wp-content\/uploads\/2022\/11\/avatar-rmcr-96x96.png","url":"https:\/\/www.rmcr.org\/wp-content\/uploads\/2022\/11\/avatar-rmcr-96x96.png","contentUrl":"https:\/\/www.rmcr.org\/wp-content\/uploads\/2022\/11\/avatar-rmcr-96x96.png","caption":"BIBLIOTECA"},"url":"https:\/\/www.rmcr.org\/en\/author\/juan-antonio-moreno\/"}]}},"_links":{"self":[{"href":"https:\/\/www.rmcr.org\/en\/wp-json\/wp\/v2\/posts\/1873","targetHints":{"allow":["GET"]}}],"collection":[{"href":"https:\/\/www.rmcr.org\/en\/wp-json\/wp\/v2\/posts"}],"about":[{"href":"https:\/\/www.rmcr.org\/en\/wp-json\/wp\/v2\/types\/post"}],"author":[{"embeddable":true,"href":"https:\/\/www.rmcr.org\/en\/wp-json\/wp\/v2\/users\/2"}],"replies":[{"embeddable":true,"href":"https:\/\/www.rmcr.org\/en\/wp-json\/wp\/v2\/comments?post=1873"}],"version-history":[{"count":1,"href":"https:\/\/www.rmcr.org\/en\/wp-json\/wp\/v2\/posts\/1873\/revisions"}],"predecessor-version":[{"id":20260,"href":"https:\/\/www.rmcr.org\/en\/wp-json\/wp\/v2\/posts\/1873\/revisions\/20260"}],"wp:featuredmedia":[{"embeddable":true,"href":"https:\/\/www.rmcr.org\/en\/wp-json\/wp\/v2\/media\/1895"}],"wp:attachment":[{"href":"https:\/\/www.rmcr.org\/en\/wp-json\/wp\/v2\/media?parent=1873"}],"wp:term":[{"taxonomy":"category","embeddable":true,"href":"https:\/\/www.rmcr.org\/en\/wp-json\/wp\/v2\/categories?post=1873"},{"taxonomy":"post_tag","embeddable":true,"href":"https:\/\/www.rmcr.org\/en\/wp-json\/wp\/v2\/tags?post=1873"}],"curies":[{"name":"wp","href":"https:\/\/api.w.org\/{rel}","templated":true}]}}