{"id":18614,"date":"2021-03-04T16:02:09","date_gmt":"2021-03-04T16:02:09","guid":{"rendered":"https:\/\/www.rmcr.org\/?p=18614"},"modified":"2023-10-24T16:06:42","modified_gmt":"2023-10-24T16:06:42","slug":"un-rejoneador-del-siglo-ii-a-c","status":"publish","type":"post","link":"https:\/\/www.rmcr.org\/en\/2021\/03\/04\/un-rejoneador-del-siglo-ii-a-c\/","title":{"rendered":"\u00bfUn rejoneador del siglo II a.C.?"},"content":{"rendered":"\t\t<div data-elementor-type=\"wp-post\" data-elementor-id=\"18614\" class=\"elementor elementor-18614\" data-elementor-post-type=\"post\">\n\t\t\t\t\t\t<section class=\"elementor-section elementor-top-section elementor-element elementor-element-3484549 elementor-section-boxed elementor-section-height-default elementor-section-height-default\" data-id=\"3484549\" data-element_type=\"section\" data-e-type=\"section\">\n\t\t\t\t\t\t<div class=\"elementor-container elementor-column-gap-default\">\n\t\t\t\t\t<div class=\"elementor-column elementor-col-100 elementor-top-column elementor-element elementor-element-28b6af8\" data-id=\"28b6af8\" data-element_type=\"column\" data-e-type=\"column\">\n\t\t\t<div class=\"elementor-widget-wrap elementor-element-populated\">\n\t\t\t\t\t\t<div class=\"elementor-element elementor-element-d883776 elementor-widget elementor-widget-video\" data-id=\"d883776\" data-element_type=\"widget\" data-e-type=\"widget\" data-settings=\"{&quot;youtube_url&quot;:&quot;https:\\\/\\\/youtu.be\\\/Y4cBxzjTp4s&quot;,&quot;video_type&quot;:&quot;youtube&quot;,&quot;controls&quot;:&quot;yes&quot;}\" data-widget_type=\"video.default\">\n\t\t\t\t<div class=\"elementor-widget-container\">\n\t\t\t\t\t\t\t<div class=\"elementor-wrapper elementor-open-inline\">\n\t\t\t<div class=\"elementor-video\"><\/div>\t\t<\/div>\n\t\t\t\t\t\t<\/div>\n\t\t\t\t<\/div>\n\t\t\t\t\t<\/div>\n\t\t<\/div>\n\t\t\t\t\t<\/div>\n\t\t<\/section>\n\t\t\t\t<section class=\"elementor-section elementor-top-section elementor-element elementor-element-44b2f18 elementor-section-boxed elementor-section-height-default elementor-section-height-default\" data-id=\"44b2f18\" data-element_type=\"section\" data-e-type=\"section\">\n\t\t\t\t\t\t<div class=\"elementor-container elementor-column-gap-default\">\n\t\t\t\t\t<div class=\"elementor-column elementor-col-100 elementor-top-column elementor-element elementor-element-4736f43\" data-id=\"4736f43\" data-element_type=\"column\" data-e-type=\"column\">\n\t\t\t<div class=\"elementor-widget-wrap elementor-element-populated\">\n\t\t\t\t\t\t<div class=\"elementor-element elementor-element-5e99231 elementor-widget elementor-widget-text-editor\" data-id=\"5e99231\" data-element_type=\"widget\" data-e-type=\"widget\" data-widget_type=\"text-editor.default\">\n\t\t\t\t<div class=\"elementor-widget-container\">\n\t\t\t\t\t\t\t\t\t<p>\u00a0<\/p><p>Un antecedente taurino de 2.200 a\u00f1os de antig\u00fcedad.<\/p><p>La Real Maestranza de Caballer\u00eda de Ronda dispone desde 2018 de la r\u00e9plica de un bajo relieve sobre piedra de estilo helen\u00edstico que representa a un jinete armado de una lanza en el momento de enfrentarse a un toro, pieza fechada entre los a\u00f1os 200-150 a.C.<\/p><p>A pesar de la erosi\u00f3n que presenta la piedra, se observa en la escena un momento de tensi\u00f3n y un dinamismo en el movimiento del jinete y el toro, ambas caracter\u00edsticas fundamentales de este estilo art\u00edstico.<br \/>Tesal\u00f3nica<\/p><p>El original procede del Museo Arqueol\u00f3gico de la ciudad griega de Tesal\u00f3nica. Representa a un h\u00e9roe llamado Hippalkmos (en espa\u00f1ol Hip\u00e1lcimo) que forma parte de la vasta mitolog\u00eda griega, seg\u00fan la cual particip\u00f3 en la expedici\u00f3n de los argonautas que buscaban el vellocino de oro. Su nombre parece indicar un oficio relacionado con los caballos, quiz\u00e1s el escolta a caballo de alg\u00fan pr\u00edncipe o un maestro jinete.<\/p><p>Conocida su existencia, responsables de la Plaza-Museo de la Real Maestranza de Ronda se pusieron en contacto con el museo de Tesal\u00f3nica para gestionar la reproducci\u00f3n de la pieza con el prop\u00f3sito de incluirla en su sala dedicada a la historia de la tauromaquia.<br \/>Escaneo l\u00e1ser 3D<\/p><p>La reproducci\u00f3n se realiz\u00f3, primeramente, con el escaneo l\u00e1ser 3D del relieve original, para luego ser esculpido mec\u00e1nicamente en m\u00e1rmol por la empresa griega Nikos Pentelaios. La pieza de 60 cm x 50cm x 12cm y con un peso de 113 kg posee una escala ligeramente m\u00e1s peque\u00f1a que la estela antigua original.<\/p><p>Seg\u00fan el propio museo tesal\u00f3nico esta pieza podr\u00eda haber sido una estela mortuoria para conmemorar al ciudadano seleucida. Entre los griegos la costumbre del enterramiento en sarc\u00f3fagos era raro en los per\u00edodos anteriores al helenismo. Los muertos eran incinerados o enterrados en recept\u00e1culos discretos. Sin embargo, desde finales del siglo IV a. C., con la mayor penetraci\u00f3n de influencias de Oriente gracias a Alejandro Magno, se multiplicaron los ata\u00fades y las urnas decorados a menudo con trabajos suntuosos en relieve.<\/p><p>Enlace: <a href=\"http:\/\/www.charrytv.com\/noticias\/ronda\/cultura\/rmr-real-maestranza-ronda-reproduccion-rejoneador-hippalkmos-tesalonica_4472\">Noticia en la web de Charry TV<\/a><\/p><div id=\"ir-ext-ui\" style=\"color: #000000; font-size: 16px; line-height: 16px; background-color: #f7f7f7; border: 1px solid #999999; border-radius: 1px; top: 1px; right: 1px;\"><div class=\"ir-ext-dimensions\"><span class=\"ir-ext-rendered\" title=\"Rendered image dimensions (after any scaling\/resizing has been applied)\"> x <\/span> <span class=\"ir-ext-natural\" title=\"Natural image dimensions (without applying any scaling\/resizing)\"> (x) <\/span><\/div><div class=\"ir-ext-filesize\">\u00a0<\/div><\/div>\t\t\t\t\t\t\t\t<\/div>\n\t\t\t\t<\/div>\n\t\t\t\t\t<\/div>\n\t\t<\/div>\n\t\t\t\t\t<\/div>\n\t\t<\/section>\n\t\t\t\t<\/div>\n\t\t","protected":false},"excerpt":{"rendered":"<p>La Real Maestranza de Caballer\u00eda de Ronda dispone desde 2018 de la r\u00e9plica de un bajo relieve sobre piedra de estilo helen\u00edstico que representa a un jinete armado de una lanza en el momento de enfrentarse a un toro, pieza fechada entre los a\u00f1os 200-150 a.C. <\/p>\n","protected":false},"author":5,"featured_media":18629,"comment_status":"closed","ping_status":"open","sticky":false,"template":"","format":"standard","meta":{"footnotes":""},"categories":[36],"tags":[621,622,322],"class_list":["post-18614","post","type-post","status-publish","format-standard","has-post-thumbnail","hentry","category-plaza-museo","tag-bajo-relieve","tag-hippalkmos","tag-museo"],"yoast_head":"<!-- This site is optimized with the Yoast SEO plugin v27.5 - https:\/\/yoast.com\/product\/yoast-seo-wordpress\/ -->\n<title>\u00bfUn rejoneador del siglo II a.C.? - Real Maestranza de Caballer\u00eda de Ronda<\/title>\n<meta name=\"robots\" content=\"index, follow, max-snippet:-1, max-image-preview:large, max-video-preview:-1\" \/>\n<link rel=\"canonical\" href=\"https:\/\/www.rmcr.org\/en\/2021\/03\/04\/un-rejoneador-del-siglo-ii-a-c\/\" \/>\n<meta property=\"og:locale\" content=\"en_US\" \/>\n<meta property=\"og:type\" content=\"article\" \/>\n<meta property=\"og:title\" content=\"\u00bfUn rejoneador del siglo II a.C.? - Real Maestranza de Caballer\u00eda de Ronda\" \/>\n<meta property=\"og:description\" content=\"La Real Maestranza de Caballer\u00eda de Ronda dispone desde 2018 de la r\u00e9plica de un bajo relieve sobre piedra de estilo helen\u00edstico que representa a un jinete armado de una lanza en el momento de enfrentarse a un toro, pieza fechada entre los a\u00f1os 200-150 a.C.\" \/>\n<meta property=\"og:url\" content=\"https:\/\/www.rmcr.org\/en\/2021\/03\/04\/un-rejoneador-del-siglo-ii-a-c\/\" \/>\n<meta property=\"og:site_name\" content=\"Real Maestranza de Caballer\u00eda de Ronda\" \/>\n<meta property=\"article:publisher\" content=\"https:\/\/www.facebook.com\/plazadetorosronda\" \/>\n<meta property=\"article:published_time\" content=\"2021-03-04T16:02:09+00:00\" \/>\n<meta property=\"article:modified_time\" content=\"2023-10-24T16:06:42+00:00\" \/>\n<meta property=\"og:image\" content=\"https:\/\/www.rmcr.org\/wp-content\/uploads\/2023\/10\/bajo-relieve-hippalkmos-01.jpeg\" \/>\n\t<meta property=\"og:image:width\" content=\"500\" \/>\n\t<meta property=\"og:image:height\" content=\"333\" \/>\n\t<meta property=\"og:image:type\" content=\"image\/jpeg\" \/>\n<meta name=\"author\" content=\"MUSEO\" \/>\n<meta name=\"twitter:card\" content=\"summary_large_image\" \/>\n<meta name=\"twitter:creator\" content=\"@PlazatorosRMR\" \/>\n<meta name=\"twitter:site\" content=\"@PlazatorosRMR\" \/>\n<meta name=\"twitter:label1\" content=\"Written by\" \/>\n\t<meta name=\"twitter:data1\" content=\"MUSEO\" \/>\n\t<meta name=\"twitter:label2\" content=\"Est. reading time\" \/>\n\t<meta name=\"twitter:data2\" content=\"2 minutes\" \/>\n<script type=\"application\/ld+json\" class=\"yoast-schema-graph\">{\"@context\":\"https:\\\/\\\/schema.org\",\"@graph\":[{\"@type\":\"Article\",\"@id\":\"https:\\\/\\\/www.rmcr.org\\\/en\\\/2021\\\/03\\\/04\\\/un-rejoneador-del-siglo-ii-a-c\\\/#article\",\"isPartOf\":{\"@id\":\"https:\\\/\\\/www.rmcr.org\\\/en\\\/2021\\\/03\\\/04\\\/un-rejoneador-del-siglo-ii-a-c\\\/\"},\"author\":{\"name\":\"MUSEO\",\"@id\":\"https:\\\/\\\/www.rmcr.org\\\/en\\\/#\\\/schema\\\/person\\\/6e5eb50e802ff5f1419c0fea9935ae36\"},\"headline\":\"\u00bfUn rejoneador del siglo II a.C.?\",\"datePublished\":\"2021-03-04T16:02:09+00:00\",\"dateModified\":\"2023-10-24T16:06:42+00:00\",\"mainEntityOfPage\":{\"@id\":\"https:\\\/\\\/www.rmcr.org\\\/en\\\/2021\\\/03\\\/04\\\/un-rejoneador-del-siglo-ii-a-c\\\/\"},\"wordCount\":398,\"publisher\":{\"@id\":\"https:\\\/\\\/www.rmcr.org\\\/en\\\/#organization\"},\"image\":{\"@id\":\"https:\\\/\\\/www.rmcr.org\\\/en\\\/2021\\\/03\\\/04\\\/un-rejoneador-del-siglo-ii-a-c\\\/#primaryimage\"},\"thumbnailUrl\":\"https:\\\/\\\/www.rmcr.org\\\/wp-content\\\/uploads\\\/2023\\\/10\\\/bajo-relieve-hippalkmos-01.jpeg\",\"keywords\":[\"Bajo relieve\",\"Hippalkmos\",\"Museo\"],\"articleSection\":[\"Plaza y Museo\"],\"inLanguage\":\"en-US\"},{\"@type\":\"WebPage\",\"@id\":\"https:\\\/\\\/www.rmcr.org\\\/en\\\/2021\\\/03\\\/04\\\/un-rejoneador-del-siglo-ii-a-c\\\/\",\"url\":\"https:\\\/\\\/www.rmcr.org\\\/en\\\/2021\\\/03\\\/04\\\/un-rejoneador-del-siglo-ii-a-c\\\/\",\"name\":\"\u00bfUn rejoneador del siglo II a.C.? - Real Maestranza de Caballer\u00eda de Ronda\",\"isPartOf\":{\"@id\":\"https:\\\/\\\/www.rmcr.org\\\/en\\\/#website\"},\"primaryImageOfPage\":{\"@id\":\"https:\\\/\\\/www.rmcr.org\\\/en\\\/2021\\\/03\\\/04\\\/un-rejoneador-del-siglo-ii-a-c\\\/#primaryimage\"},\"image\":{\"@id\":\"https:\\\/\\\/www.rmcr.org\\\/en\\\/2021\\\/03\\\/04\\\/un-rejoneador-del-siglo-ii-a-c\\\/#primaryimage\"},\"thumbnailUrl\":\"https:\\\/\\\/www.rmcr.org\\\/wp-content\\\/uploads\\\/2023\\\/10\\\/bajo-relieve-hippalkmos-01.jpeg\",\"datePublished\":\"2021-03-04T16:02:09+00:00\",\"dateModified\":\"2023-10-24T16:06:42+00:00\",\"breadcrumb\":{\"@id\":\"https:\\\/\\\/www.rmcr.org\\\/en\\\/2021\\\/03\\\/04\\\/un-rejoneador-del-siglo-ii-a-c\\\/#breadcrumb\"},\"inLanguage\":\"en-US\",\"potentialAction\":[{\"@type\":\"ReadAction\",\"target\":[\"https:\\\/\\\/www.rmcr.org\\\/en\\\/2021\\\/03\\\/04\\\/un-rejoneador-del-siglo-ii-a-c\\\/\"]}]},{\"@type\":\"ImageObject\",\"inLanguage\":\"en-US\",\"@id\":\"https:\\\/\\\/www.rmcr.org\\\/en\\\/2021\\\/03\\\/04\\\/un-rejoneador-del-siglo-ii-a-c\\\/#primaryimage\",\"url\":\"https:\\\/\\\/www.rmcr.org\\\/wp-content\\\/uploads\\\/2023\\\/10\\\/bajo-relieve-hippalkmos-01.jpeg\",\"contentUrl\":\"https:\\\/\\\/www.rmcr.org\\\/wp-content\\\/uploads\\\/2023\\\/10\\\/bajo-relieve-hippalkmos-01.jpeg\",\"width\":500,\"height\":333},{\"@type\":\"BreadcrumbList\",\"@id\":\"https:\\\/\\\/www.rmcr.org\\\/en\\\/2021\\\/03\\\/04\\\/un-rejoneador-del-siglo-ii-a-c\\\/#breadcrumb\",\"itemListElement\":[{\"@type\":\"ListItem\",\"position\":1,\"name\":\"REAL MAESTRANZA DE CABALLER\u00cdA DE RONDA\",\"item\":\"https:\\\/\\\/www.rmcr.org\\\/en\\\/\"},{\"@type\":\"ListItem\",\"position\":2,\"name\":\"\u00bfUn rejoneador del siglo II a.C.?\"}]},{\"@type\":\"WebSite\",\"@id\":\"https:\\\/\\\/www.rmcr.org\\\/en\\\/#website\",\"url\":\"https:\\\/\\\/www.rmcr.org\\\/en\\\/\",\"name\":\"Real Maestranza de Caballer\u00eda de Ronda\",\"description\":\"Real Maestranza de Caballer\u00eda de Ronda\",\"publisher\":{\"@id\":\"https:\\\/\\\/www.rmcr.org\\\/en\\\/#organization\"},\"alternateName\":\"RMCR\",\"potentialAction\":[{\"@type\":\"SearchAction\",\"target\":{\"@type\":\"EntryPoint\",\"urlTemplate\":\"https:\\\/\\\/www.rmcr.org\\\/en\\\/?s={search_term_string}\"},\"query-input\":{\"@type\":\"PropertyValueSpecification\",\"valueRequired\":true,\"valueName\":\"search_term_string\"}}],\"inLanguage\":\"en-US\"},{\"@type\":\"Organization\",\"@id\":\"https:\\\/\\\/www.rmcr.org\\\/en\\\/#organization\",\"name\":\"Real Maestranza de Caballer\u00eda de Ronda\",\"alternateName\":\"RMR\",\"url\":\"https:\\\/\\\/www.rmcr.org\\\/en\\\/\",\"logo\":{\"@type\":\"ImageObject\",\"inLanguage\":\"en-US\",\"@id\":\"https:\\\/\\\/www.rmcr.org\\\/en\\\/#\\\/schema\\\/logo\\\/image\\\/\",\"url\":\"https:\\\/\\\/www.rmcr.org\\\/wp-content\\\/uploads\\\/2022\\\/07\\\/logo-rmr-blue.svg\",\"contentUrl\":\"https:\\\/\\\/www.rmcr.org\\\/wp-content\\\/uploads\\\/2022\\\/07\\\/logo-rmr-blue.svg\",\"width\":131,\"height\":129,\"caption\":\"Real Maestranza de Caballer\u00eda de Ronda\"},\"image\":{\"@id\":\"https:\\\/\\\/www.rmcr.org\\\/en\\\/#\\\/schema\\\/logo\\\/image\\\/\"},\"sameAs\":[\"https:\\\/\\\/www.facebook.com\\\/plazadetorosronda\",\"https:\\\/\\\/x.com\\\/PlazatorosRMR\",\"https:\\\/\\\/www.instagram.com\\\/realmaestranzaderonda\\\/\",\"https:\\\/\\\/www.youtube.com\\\/channel\\\/UCrbO5IUN-8v_QML739vM4zg\\\/videos\"]},{\"@type\":\"Person\",\"@id\":\"https:\\\/\\\/www.rmcr.org\\\/en\\\/#\\\/schema\\\/person\\\/6e5eb50e802ff5f1419c0fea9935ae36\",\"name\":\"MUSEO\",\"image\":{\"@type\":\"ImageObject\",\"inLanguage\":\"en-US\",\"@id\":\"https:\\\/\\\/www.rmcr.org\\\/wp-content\\\/uploads\\\/2022\\\/11\\\/avatar-rmcr-96x96.png\",\"url\":\"https:\\\/\\\/www.rmcr.org\\\/wp-content\\\/uploads\\\/2022\\\/11\\\/avatar-rmcr-96x96.png\",\"contentUrl\":\"https:\\\/\\\/www.rmcr.org\\\/wp-content\\\/uploads\\\/2022\\\/11\\\/avatar-rmcr-96x96.png\",\"caption\":\"MUSEO\"},\"url\":\"https:\\\/\\\/www.rmcr.org\\\/en\\\/author\\\/miguel-angel-sanchez\\\/\"}]}<\/script>\n<!-- \/ Yoast SEO plugin. -->","yoast_head_json":{"title":"\u00bfUn rejoneador del siglo II a.C.? - Real Maestranza de Caballer\u00eda de Ronda","robots":{"index":"index","follow":"follow","max-snippet":"max-snippet:-1","max-image-preview":"max-image-preview:large","max-video-preview":"max-video-preview:-1"},"canonical":"https:\/\/www.rmcr.org\/en\/2021\/03\/04\/un-rejoneador-del-siglo-ii-a-c\/","og_locale":"en_US","og_type":"article","og_title":"\u00bfUn rejoneador del siglo II a.C.? - Real Maestranza de Caballer\u00eda de Ronda","og_description":"La Real Maestranza de Caballer\u00eda de Ronda dispone desde 2018 de la r\u00e9plica de un bajo relieve sobre piedra de estilo helen\u00edstico que representa a un jinete armado de una lanza en el momento de enfrentarse a un toro, pieza fechada entre los a\u00f1os 200-150 a.C.","og_url":"https:\/\/www.rmcr.org\/en\/2021\/03\/04\/un-rejoneador-del-siglo-ii-a-c\/","og_site_name":"Real Maestranza de Caballer\u00eda de Ronda","article_publisher":"https:\/\/www.facebook.com\/plazadetorosronda","article_published_time":"2021-03-04T16:02:09+00:00","article_modified_time":"2023-10-24T16:06:42+00:00","og_image":[{"width":500,"height":333,"url":"https:\/\/www.rmcr.org\/wp-content\/uploads\/2023\/10\/bajo-relieve-hippalkmos-01.jpeg","type":"image\/jpeg"}],"author":"MUSEO","twitter_card":"summary_large_image","twitter_creator":"@PlazatorosRMR","twitter_site":"@PlazatorosRMR","twitter_misc":{"Written by":"MUSEO","Est. reading time":"2 minutes"},"schema":{"@context":"https:\/\/schema.org","@graph":[{"@type":"Article","@id":"https:\/\/www.rmcr.org\/en\/2021\/03\/04\/un-rejoneador-del-siglo-ii-a-c\/#article","isPartOf":{"@id":"https:\/\/www.rmcr.org\/en\/2021\/03\/04\/un-rejoneador-del-siglo-ii-a-c\/"},"author":{"name":"MUSEO","@id":"https:\/\/www.rmcr.org\/en\/#\/schema\/person\/6e5eb50e802ff5f1419c0fea9935ae36"},"headline":"\u00bfUn rejoneador del siglo II a.C.?","datePublished":"2021-03-04T16:02:09+00:00","dateModified":"2023-10-24T16:06:42+00:00","mainEntityOfPage":{"@id":"https:\/\/www.rmcr.org\/en\/2021\/03\/04\/un-rejoneador-del-siglo-ii-a-c\/"},"wordCount":398,"publisher":{"@id":"https:\/\/www.rmcr.org\/en\/#organization"},"image":{"@id":"https:\/\/www.rmcr.org\/en\/2021\/03\/04\/un-rejoneador-del-siglo-ii-a-c\/#primaryimage"},"thumbnailUrl":"https:\/\/www.rmcr.org\/wp-content\/uploads\/2023\/10\/bajo-relieve-hippalkmos-01.jpeg","keywords":["Bajo relieve","Hippalkmos","Museo"],"articleSection":["Plaza y Museo"],"inLanguage":"en-US"},{"@type":"WebPage","@id":"https:\/\/www.rmcr.org\/en\/2021\/03\/04\/un-rejoneador-del-siglo-ii-a-c\/","url":"https:\/\/www.rmcr.org\/en\/2021\/03\/04\/un-rejoneador-del-siglo-ii-a-c\/","name":"\u00bfUn rejoneador del siglo II a.C.? - Real Maestranza de Caballer\u00eda de Ronda","isPartOf":{"@id":"https:\/\/www.rmcr.org\/en\/#website"},"primaryImageOfPage":{"@id":"https:\/\/www.rmcr.org\/en\/2021\/03\/04\/un-rejoneador-del-siglo-ii-a-c\/#primaryimage"},"image":{"@id":"https:\/\/www.rmcr.org\/en\/2021\/03\/04\/un-rejoneador-del-siglo-ii-a-c\/#primaryimage"},"thumbnailUrl":"https:\/\/www.rmcr.org\/wp-content\/uploads\/2023\/10\/bajo-relieve-hippalkmos-01.jpeg","datePublished":"2021-03-04T16:02:09+00:00","dateModified":"2023-10-24T16:06:42+00:00","breadcrumb":{"@id":"https:\/\/www.rmcr.org\/en\/2021\/03\/04\/un-rejoneador-del-siglo-ii-a-c\/#breadcrumb"},"inLanguage":"en-US","potentialAction":[{"@type":"ReadAction","target":["https:\/\/www.rmcr.org\/en\/2021\/03\/04\/un-rejoneador-del-siglo-ii-a-c\/"]}]},{"@type":"ImageObject","inLanguage":"en-US","@id":"https:\/\/www.rmcr.org\/en\/2021\/03\/04\/un-rejoneador-del-siglo-ii-a-c\/#primaryimage","url":"https:\/\/www.rmcr.org\/wp-content\/uploads\/2023\/10\/bajo-relieve-hippalkmos-01.jpeg","contentUrl":"https:\/\/www.rmcr.org\/wp-content\/uploads\/2023\/10\/bajo-relieve-hippalkmos-01.jpeg","width":500,"height":333},{"@type":"BreadcrumbList","@id":"https:\/\/www.rmcr.org\/en\/2021\/03\/04\/un-rejoneador-del-siglo-ii-a-c\/#breadcrumb","itemListElement":[{"@type":"ListItem","position":1,"name":"REAL MAESTRANZA DE CABALLER\u00cdA DE RONDA","item":"https:\/\/www.rmcr.org\/en\/"},{"@type":"ListItem","position":2,"name":"\u00bfUn rejoneador del siglo II a.C.?"}]},{"@type":"WebSite","@id":"https:\/\/www.rmcr.org\/en\/#website","url":"https:\/\/www.rmcr.org\/en\/","name":"Real Maestranza de Caballer\u00eda de Ronda","description":"Real Maestranza de Caballer\u00eda de Ronda","publisher":{"@id":"https:\/\/www.rmcr.org\/en\/#organization"},"alternateName":"RMCR","potentialAction":[{"@type":"SearchAction","target":{"@type":"EntryPoint","urlTemplate":"https:\/\/www.rmcr.org\/en\/?s={search_term_string}"},"query-input":{"@type":"PropertyValueSpecification","valueRequired":true,"valueName":"search_term_string"}}],"inLanguage":"en-US"},{"@type":"Organization","@id":"https:\/\/www.rmcr.org\/en\/#organization","name":"Real Maestranza de Caballer\u00eda de Ronda","alternateName":"RMR","url":"https:\/\/www.rmcr.org\/en\/","logo":{"@type":"ImageObject","inLanguage":"en-US","@id":"https:\/\/www.rmcr.org\/en\/#\/schema\/logo\/image\/","url":"https:\/\/www.rmcr.org\/wp-content\/uploads\/2022\/07\/logo-rmr-blue.svg","contentUrl":"https:\/\/www.rmcr.org\/wp-content\/uploads\/2022\/07\/logo-rmr-blue.svg","width":131,"height":129,"caption":"Real Maestranza de Caballer\u00eda de Ronda"},"image":{"@id":"https:\/\/www.rmcr.org\/en\/#\/schema\/logo\/image\/"},"sameAs":["https:\/\/www.facebook.com\/plazadetorosronda","https:\/\/x.com\/PlazatorosRMR","https:\/\/www.instagram.com\/realmaestranzaderonda\/","https:\/\/www.youtube.com\/channel\/UCrbO5IUN-8v_QML739vM4zg\/videos"]},{"@type":"Person","@id":"https:\/\/www.rmcr.org\/en\/#\/schema\/person\/6e5eb50e802ff5f1419c0fea9935ae36","name":"MUSEO","image":{"@type":"ImageObject","inLanguage":"en-US","@id":"https:\/\/www.rmcr.org\/wp-content\/uploads\/2022\/11\/avatar-rmcr-96x96.png","url":"https:\/\/www.rmcr.org\/wp-content\/uploads\/2022\/11\/avatar-rmcr-96x96.png","contentUrl":"https:\/\/www.rmcr.org\/wp-content\/uploads\/2022\/11\/avatar-rmcr-96x96.png","caption":"MUSEO"},"url":"https:\/\/www.rmcr.org\/en\/author\/miguel-angel-sanchez\/"}]}},"_links":{"self":[{"href":"https:\/\/www.rmcr.org\/en\/wp-json\/wp\/v2\/posts\/18614","targetHints":{"allow":["GET"]}}],"collection":[{"href":"https:\/\/www.rmcr.org\/en\/wp-json\/wp\/v2\/posts"}],"about":[{"href":"https:\/\/www.rmcr.org\/en\/wp-json\/wp\/v2\/types\/post"}],"author":[{"embeddable":true,"href":"https:\/\/www.rmcr.org\/en\/wp-json\/wp\/v2\/users\/5"}],"replies":[{"embeddable":true,"href":"https:\/\/www.rmcr.org\/en\/wp-json\/wp\/v2\/comments?post=18614"}],"version-history":[{"count":4,"href":"https:\/\/www.rmcr.org\/en\/wp-json\/wp\/v2\/posts\/18614\/revisions"}],"predecessor-version":[{"id":18634,"href":"https:\/\/www.rmcr.org\/en\/wp-json\/wp\/v2\/posts\/18614\/revisions\/18634"}],"wp:featuredmedia":[{"embeddable":true,"href":"https:\/\/www.rmcr.org\/en\/wp-json\/wp\/v2\/media\/18629"}],"wp:attachment":[{"href":"https:\/\/www.rmcr.org\/en\/wp-json\/wp\/v2\/media?parent=18614"}],"wp:term":[{"taxonomy":"category","embeddable":true,"href":"https:\/\/www.rmcr.org\/en\/wp-json\/wp\/v2\/categories?post=18614"},{"taxonomy":"post_tag","embeddable":true,"href":"https:\/\/www.rmcr.org\/en\/wp-json\/wp\/v2\/tags?post=18614"}],"curies":[{"name":"wp","href":"https:\/\/api.w.org\/{rel}","templated":true}]}}