{"id":18607,"date":"2021-08-27T15:46:51","date_gmt":"2021-08-27T15:46:51","guid":{"rendered":"https:\/\/www.rmcr.org\/?p=18607"},"modified":"2025-04-04T11:44:25","modified_gmt":"2025-04-04T11:44:25","slug":"cartel-de-la-64-tradicional-corrida-goyesca-de-ronda","status":"publish","type":"post","link":"https:\/\/www.rmcr.org\/en\/2021\/08\/27\/cartel-de-la-64-tradicional-corrida-goyesca-de-ronda\/","title":{"rendered":"Cartel de la 64 Tradicional Corrida Goyesca de Ronda"},"content":{"rendered":"\t\t<div data-elementor-type=\"wp-post\" data-elementor-id=\"18607\" class=\"elementor elementor-18607\" data-elementor-post-type=\"post\">\n\t\t\t\t\t\t<section class=\"elementor-section elementor-top-section elementor-element elementor-element-f268d46 elementor-section-boxed elementor-section-height-default elementor-section-height-default\" data-id=\"f268d46\" data-element_type=\"section\" data-e-type=\"section\">\n\t\t\t\t\t\t<div class=\"elementor-container elementor-column-gap-default\">\n\t\t\t\t\t<div class=\"elementor-column elementor-col-100 elementor-top-column elementor-element elementor-element-9b2bf6c\" data-id=\"9b2bf6c\" data-element_type=\"column\" data-e-type=\"column\">\n\t\t\t<div class=\"elementor-widget-wrap elementor-element-populated\">\n\t\t\t\t\t\t<div class=\"elementor-element elementor-element-1ab0e3a elementor-widget elementor-widget-text-editor\" data-id=\"1ab0e3a\" data-element_type=\"widget\" data-e-type=\"widget\" data-widget_type=\"text-editor.default\">\n\t\t\t\t<div class=\"elementor-widget-container\">\n\t\t\t\t\t\t\t\t\t<p>La Corrida Goyesca se celebrar\u00e1 el s\u00e1bado 4 de septiembre a las 18:00 horas, con toros de la ganader\u00eda Jandilla-Vegahermosa para los diestros Cayetano, Andr\u00e9s Roca Rey y Pablo Aguado. El aforo estar\u00e1 limitado al 50%, los accesos estar\u00e1n controlados y se activar\u00e1 un protocolo de seguridad por la Covid-19.<\/p><p>El mismo s\u00e1bado en sesi\u00f3n matinal, a las 11:30 horas, tendr\u00e1 lugar la 39 Corrida Ronde\u00f1a de Rejones con toros de la ganader\u00eda Ferm\u00edn Boh\u00f3rquez para los rejoneadores Leonardo Hern\u00e1ndez, Andr\u00e9s Romero y Lea Vicens.<\/p><p><strong>Jacinto Gutierrez<\/strong><\/p><p>El cartel anunciador ha sido elaborado por el dise\u00f1ador gr\u00e1fico Jacinto Guti\u00e9rrez, que ha utilizado para su composici\u00f3n material art\u00edstico perteneciente a la colecci\u00f3n de la Real Maestranza.<br \/>M\u00e1s informaci\u00f3n<\/p><p>Toda la informaci\u00f3n sobre los festejos se puede consultar en la p\u00e1gina web de la empresa taurina: <a href=\"http:\/\/www.riveraordonez.com\">www.riverardonez.com<\/a><\/p><p>\u00a0<\/p><div id=\"ir-ext-ui\" style=\"color: #000000; font-size: 16px; line-height: 16px; background-color: #f7f7f7; border: 1px solid #999999; border-radius: 1px; top: 1px; right: 1px;\"><div class=\"ir-ext-dimensions\"><span class=\"ir-ext-rendered\" title=\"Rendered image dimensions (after any scaling\/resizing has been applied)\"> x <\/span> <span class=\"ir-ext-natural\" title=\"Natural image dimensions (without applying any scaling\/resizing)\"> (x) <\/span><\/div><div class=\"ir-ext-filesize\">\u00a0<\/div><\/div><div id=\"ir-ext-ui\" style=\"color: #000000; font-size: 16px; line-height: 16px; background-color: #f7f7f7; border: 1px solid #999999; border-radius: 1px; top: 1px; right: 1px;\"><div class=\"ir-ext-dimensions\"><span class=\"ir-ext-rendered\" title=\"Rendered image dimensions (after any scaling\/resizing has been applied)\"> x <\/span> <span class=\"ir-ext-natural\" title=\"Natural image dimensions (without applying any scaling\/resizing)\"> (x) <\/span><\/div><div class=\"ir-ext-filesize\">\u00a0<\/div><\/div>\t\t\t\t\t\t\t\t<\/div>\n\t\t\t\t<\/div>\n\t\t\t\t\t<\/div>\n\t\t<\/div>\n\t\t\t\t\t<\/div>\n\t\t<\/section>\n\t\t\t\t<section class=\"elementor-section elementor-top-section elementor-element elementor-element-6e53f33 elementor-section-boxed elementor-section-height-default elementor-section-height-default\" data-id=\"6e53f33\" data-element_type=\"section\" data-e-type=\"section\">\n\t\t\t\t\t\t<div class=\"elementor-container elementor-column-gap-default\">\n\t\t\t\t\t<div class=\"elementor-column elementor-col-100 elementor-top-column elementor-element elementor-element-6049262\" data-id=\"6049262\" data-element_type=\"column\" data-e-type=\"column\">\n\t\t\t<div class=\"elementor-widget-wrap elementor-element-populated\">\n\t\t\t\t\t\t<div class=\"elementor-element elementor-element-f36f2bf elementor-widget elementor-widget-image\" data-id=\"f36f2bf\" data-element_type=\"widget\" data-e-type=\"widget\" data-widget_type=\"image.default\">\n\t\t\t\t<div class=\"elementor-widget-container\">\n\t\t\t\t\t\t\t\t\t\t\t\t\t\t\t<img fetchpriority=\"high\" decoding=\"async\" width=\"600\" height=\"1020\" src=\"https:\/\/www.rmcr.org\/wp-content\/uploads\/2023\/10\/cartel-64-corrida-goyesca.png\" class=\"attachment-full size-full wp-image-18608\" alt=\"\" srcset=\"https:\/\/www.rmcr.org\/wp-content\/uploads\/2023\/10\/cartel-64-corrida-goyesca.png 600w, https:\/\/www.rmcr.org\/wp-content\/uploads\/2023\/10\/cartel-64-corrida-goyesca-176x300.png 176w\" sizes=\"(max-width: 600px) 100vw, 600px\" \/>\t\t\t\t\t\t\t\t\t\t\t\t\t\t\t<\/div>\n\t\t\t\t<\/div>\n\t\t\t\t\t<\/div>\n\t\t<\/div>\n\t\t\t\t\t<\/div>\n\t\t<\/section>\n\t\t\t\t<\/div>\n\t\t","protected":false},"excerpt":{"rendered":"<p>Los festejos taurinos de la Feria de Pedro Romero 2021 conmemorar\u00e1n el 70\u00ba aniversario de la alternativa del maestro de maestros Antonio Ord\u00f3\u00f1ez. <\/p>\n","protected":false},"author":5,"featured_media":18608,"comment_status":"closed","ping_status":"open","sticky":false,"template":"","format":"standard","meta":{"footnotes":""},"categories":[275,36,278],"tags":[620,358],"class_list":["post-18607","post","type-post","status-publish","format-standard","has-post-thumbnail","hentry","category-goyesca","category-plaza-museo","category-tauromaquia","tag-cartel","tag-corrida-goyesca"],"yoast_head":"<!-- This site is optimized with the Yoast SEO plugin v27.5 - https:\/\/yoast.com\/product\/yoast-seo-wordpress\/ -->\n<title>Cartel de la 64 Tradicional Corrida Goyesca de Ronda - Real Maestranza de Caballer\u00eda de Ronda<\/title>\n<meta name=\"robots\" content=\"index, follow, max-snippet:-1, max-image-preview:large, max-video-preview:-1\" \/>\n<link rel=\"canonical\" href=\"https:\/\/www.rmcr.org\/en\/2021\/08\/27\/cartel-de-la-64-tradicional-corrida-goyesca-de-ronda\/\" \/>\n<meta property=\"og:locale\" content=\"en_US\" \/>\n<meta property=\"og:type\" content=\"article\" \/>\n<meta property=\"og:title\" content=\"Cartel de la 64 Tradicional Corrida Goyesca de Ronda - Real Maestranza de Caballer\u00eda de Ronda\" \/>\n<meta property=\"og:description\" content=\"Los festejos taurinos de la Feria de Pedro Romero 2021 conmemorar\u00e1n el 70\u00ba aniversario de la alternativa del maestro de maestros Antonio Ord\u00f3\u00f1ez.\" \/>\n<meta property=\"og:url\" content=\"https:\/\/www.rmcr.org\/en\/2021\/08\/27\/cartel-de-la-64-tradicional-corrida-goyesca-de-ronda\/\" \/>\n<meta property=\"og:site_name\" content=\"Real Maestranza de Caballer\u00eda de Ronda\" \/>\n<meta property=\"article:publisher\" content=\"https:\/\/www.facebook.com\/plazadetorosronda\" \/>\n<meta property=\"article:published_time\" content=\"2021-08-27T15:46:51+00:00\" \/>\n<meta property=\"article:modified_time\" content=\"2025-04-04T11:44:25+00:00\" \/>\n<meta property=\"og:image\" content=\"https:\/\/www.rmcr.org\/wp-content\/uploads\/2023\/10\/cartel-64-corrida-goyesca.png\" \/>\n\t<meta property=\"og:image:width\" content=\"600\" \/>\n\t<meta property=\"og:image:height\" content=\"1020\" \/>\n\t<meta property=\"og:image:type\" content=\"image\/png\" \/>\n<meta name=\"author\" content=\"MUSEO\" \/>\n<meta name=\"twitter:card\" content=\"summary_large_image\" \/>\n<meta name=\"twitter:creator\" content=\"@PlazatorosRMR\" \/>\n<meta name=\"twitter:site\" content=\"@PlazatorosRMR\" \/>\n<meta name=\"twitter:label1\" content=\"Written by\" \/>\n\t<meta name=\"twitter:data1\" content=\"MUSEO\" \/>\n\t<meta name=\"twitter:label2\" content=\"Est. reading time\" \/>\n\t<meta name=\"twitter:data2\" content=\"1 minute\" \/>\n<script type=\"application\/ld+json\" class=\"yoast-schema-graph\">{\"@context\":\"https:\\\/\\\/schema.org\",\"@graph\":[{\"@type\":\"Article\",\"@id\":\"https:\\\/\\\/www.rmcr.org\\\/en\\\/2021\\\/08\\\/27\\\/cartel-de-la-64-tradicional-corrida-goyesca-de-ronda\\\/#article\",\"isPartOf\":{\"@id\":\"https:\\\/\\\/www.rmcr.org\\\/en\\\/2021\\\/08\\\/27\\\/cartel-de-la-64-tradicional-corrida-goyesca-de-ronda\\\/\"},\"author\":{\"name\":\"MUSEO\",\"@id\":\"https:\\\/\\\/www.rmcr.org\\\/en\\\/#\\\/schema\\\/person\\\/6e5eb50e802ff5f1419c0fea9935ae36\"},\"headline\":\"Cartel de la 64 Tradicional Corrida Goyesca de Ronda\",\"datePublished\":\"2021-08-27T15:46:51+00:00\",\"dateModified\":\"2025-04-04T11:44:25+00:00\",\"mainEntityOfPage\":{\"@id\":\"https:\\\/\\\/www.rmcr.org\\\/en\\\/2021\\\/08\\\/27\\\/cartel-de-la-64-tradicional-corrida-goyesca-de-ronda\\\/\"},\"wordCount\":166,\"publisher\":{\"@id\":\"https:\\\/\\\/www.rmcr.org\\\/en\\\/#organization\"},\"image\":{\"@id\":\"https:\\\/\\\/www.rmcr.org\\\/en\\\/2021\\\/08\\\/27\\\/cartel-de-la-64-tradicional-corrida-goyesca-de-ronda\\\/#primaryimage\"},\"thumbnailUrl\":\"https:\\\/\\\/www.rmcr.org\\\/wp-content\\\/uploads\\\/2023\\\/10\\\/cartel-64-corrida-goyesca.png\",\"keywords\":[\"Cartel\",\"Corrida Goyesca\"],\"articleSection\":[\"Goyesca\",\"Plaza y Museo\",\"Tauromaquia\"],\"inLanguage\":\"en-US\"},{\"@type\":\"WebPage\",\"@id\":\"https:\\\/\\\/www.rmcr.org\\\/en\\\/2021\\\/08\\\/27\\\/cartel-de-la-64-tradicional-corrida-goyesca-de-ronda\\\/\",\"url\":\"https:\\\/\\\/www.rmcr.org\\\/en\\\/2021\\\/08\\\/27\\\/cartel-de-la-64-tradicional-corrida-goyesca-de-ronda\\\/\",\"name\":\"Cartel de la 64 Tradicional Corrida Goyesca de Ronda - Real Maestranza de Caballer\u00eda de Ronda\",\"isPartOf\":{\"@id\":\"https:\\\/\\\/www.rmcr.org\\\/en\\\/#website\"},\"primaryImageOfPage\":{\"@id\":\"https:\\\/\\\/www.rmcr.org\\\/en\\\/2021\\\/08\\\/27\\\/cartel-de-la-64-tradicional-corrida-goyesca-de-ronda\\\/#primaryimage\"},\"image\":{\"@id\":\"https:\\\/\\\/www.rmcr.org\\\/en\\\/2021\\\/08\\\/27\\\/cartel-de-la-64-tradicional-corrida-goyesca-de-ronda\\\/#primaryimage\"},\"thumbnailUrl\":\"https:\\\/\\\/www.rmcr.org\\\/wp-content\\\/uploads\\\/2023\\\/10\\\/cartel-64-corrida-goyesca.png\",\"datePublished\":\"2021-08-27T15:46:51+00:00\",\"dateModified\":\"2025-04-04T11:44:25+00:00\",\"breadcrumb\":{\"@id\":\"https:\\\/\\\/www.rmcr.org\\\/en\\\/2021\\\/08\\\/27\\\/cartel-de-la-64-tradicional-corrida-goyesca-de-ronda\\\/#breadcrumb\"},\"inLanguage\":\"en-US\",\"potentialAction\":[{\"@type\":\"ReadAction\",\"target\":[\"https:\\\/\\\/www.rmcr.org\\\/en\\\/2021\\\/08\\\/27\\\/cartel-de-la-64-tradicional-corrida-goyesca-de-ronda\\\/\"]}]},{\"@type\":\"ImageObject\",\"inLanguage\":\"en-US\",\"@id\":\"https:\\\/\\\/www.rmcr.org\\\/en\\\/2021\\\/08\\\/27\\\/cartel-de-la-64-tradicional-corrida-goyesca-de-ronda\\\/#primaryimage\",\"url\":\"https:\\\/\\\/www.rmcr.org\\\/wp-content\\\/uploads\\\/2023\\\/10\\\/cartel-64-corrida-goyesca.png\",\"contentUrl\":\"https:\\\/\\\/www.rmcr.org\\\/wp-content\\\/uploads\\\/2023\\\/10\\\/cartel-64-corrida-goyesca.png\",\"width\":600,\"height\":1020},{\"@type\":\"BreadcrumbList\",\"@id\":\"https:\\\/\\\/www.rmcr.org\\\/en\\\/2021\\\/08\\\/27\\\/cartel-de-la-64-tradicional-corrida-goyesca-de-ronda\\\/#breadcrumb\",\"itemListElement\":[{\"@type\":\"ListItem\",\"position\":1,\"name\":\"REAL MAESTRANZA DE CABALLER\u00cdA DE RONDA\",\"item\":\"https:\\\/\\\/www.rmcr.org\\\/en\\\/\"},{\"@type\":\"ListItem\",\"position\":2,\"name\":\"Cartel de la 64 Tradicional Corrida Goyesca de Ronda\"}]},{\"@type\":\"WebSite\",\"@id\":\"https:\\\/\\\/www.rmcr.org\\\/en\\\/#website\",\"url\":\"https:\\\/\\\/www.rmcr.org\\\/en\\\/\",\"name\":\"Real Maestranza de Caballer\u00eda de Ronda\",\"description\":\"Real Maestranza de Caballer\u00eda de Ronda\",\"publisher\":{\"@id\":\"https:\\\/\\\/www.rmcr.org\\\/en\\\/#organization\"},\"alternateName\":\"RMCR\",\"potentialAction\":[{\"@type\":\"SearchAction\",\"target\":{\"@type\":\"EntryPoint\",\"urlTemplate\":\"https:\\\/\\\/www.rmcr.org\\\/en\\\/?s={search_term_string}\"},\"query-input\":{\"@type\":\"PropertyValueSpecification\",\"valueRequired\":true,\"valueName\":\"search_term_string\"}}],\"inLanguage\":\"en-US\"},{\"@type\":\"Organization\",\"@id\":\"https:\\\/\\\/www.rmcr.org\\\/en\\\/#organization\",\"name\":\"Real Maestranza de Caballer\u00eda de Ronda\",\"alternateName\":\"RMR\",\"url\":\"https:\\\/\\\/www.rmcr.org\\\/en\\\/\",\"logo\":{\"@type\":\"ImageObject\",\"inLanguage\":\"en-US\",\"@id\":\"https:\\\/\\\/www.rmcr.org\\\/en\\\/#\\\/schema\\\/logo\\\/image\\\/\",\"url\":\"https:\\\/\\\/www.rmcr.org\\\/wp-content\\\/uploads\\\/2022\\\/07\\\/logo-rmr-blue.svg\",\"contentUrl\":\"https:\\\/\\\/www.rmcr.org\\\/wp-content\\\/uploads\\\/2022\\\/07\\\/logo-rmr-blue.svg\",\"width\":131,\"height\":129,\"caption\":\"Real Maestranza de Caballer\u00eda de Ronda\"},\"image\":{\"@id\":\"https:\\\/\\\/www.rmcr.org\\\/en\\\/#\\\/schema\\\/logo\\\/image\\\/\"},\"sameAs\":[\"https:\\\/\\\/www.facebook.com\\\/plazadetorosronda\",\"https:\\\/\\\/x.com\\\/PlazatorosRMR\",\"https:\\\/\\\/www.instagram.com\\\/realmaestranzaderonda\\\/\",\"https:\\\/\\\/www.youtube.com\\\/channel\\\/UCrbO5IUN-8v_QML739vM4zg\\\/videos\"]},{\"@type\":\"Person\",\"@id\":\"https:\\\/\\\/www.rmcr.org\\\/en\\\/#\\\/schema\\\/person\\\/6e5eb50e802ff5f1419c0fea9935ae36\",\"name\":\"MUSEO\",\"image\":{\"@type\":\"ImageObject\",\"inLanguage\":\"en-US\",\"@id\":\"https:\\\/\\\/www.rmcr.org\\\/wp-content\\\/uploads\\\/2022\\\/11\\\/avatar-rmcr-96x96.png\",\"url\":\"https:\\\/\\\/www.rmcr.org\\\/wp-content\\\/uploads\\\/2022\\\/11\\\/avatar-rmcr-96x96.png\",\"contentUrl\":\"https:\\\/\\\/www.rmcr.org\\\/wp-content\\\/uploads\\\/2022\\\/11\\\/avatar-rmcr-96x96.png\",\"caption\":\"MUSEO\"},\"url\":\"https:\\\/\\\/www.rmcr.org\\\/en\\\/author\\\/miguel-angel-sanchez\\\/\"}]}<\/script>\n<!-- \/ Yoast SEO plugin. -->","yoast_head_json":{"title":"Cartel de la 64 Tradicional Corrida Goyesca de Ronda - Real Maestranza de Caballer\u00eda de Ronda","robots":{"index":"index","follow":"follow","max-snippet":"max-snippet:-1","max-image-preview":"max-image-preview:large","max-video-preview":"max-video-preview:-1"},"canonical":"https:\/\/www.rmcr.org\/en\/2021\/08\/27\/cartel-de-la-64-tradicional-corrida-goyesca-de-ronda\/","og_locale":"en_US","og_type":"article","og_title":"Cartel de la 64 Tradicional Corrida Goyesca de Ronda - Real Maestranza de Caballer\u00eda de Ronda","og_description":"Los festejos taurinos de la Feria de Pedro Romero 2021 conmemorar\u00e1n el 70\u00ba aniversario de la alternativa del maestro de maestros Antonio Ord\u00f3\u00f1ez.","og_url":"https:\/\/www.rmcr.org\/en\/2021\/08\/27\/cartel-de-la-64-tradicional-corrida-goyesca-de-ronda\/","og_site_name":"Real Maestranza de Caballer\u00eda de Ronda","article_publisher":"https:\/\/www.facebook.com\/plazadetorosronda","article_published_time":"2021-08-27T15:46:51+00:00","article_modified_time":"2025-04-04T11:44:25+00:00","og_image":[{"width":600,"height":1020,"url":"https:\/\/www.rmcr.org\/wp-content\/uploads\/2023\/10\/cartel-64-corrida-goyesca.png","type":"image\/png"}],"author":"MUSEO","twitter_card":"summary_large_image","twitter_creator":"@PlazatorosRMR","twitter_site":"@PlazatorosRMR","twitter_misc":{"Written by":"MUSEO","Est. reading time":"1 minute"},"schema":{"@context":"https:\/\/schema.org","@graph":[{"@type":"Article","@id":"https:\/\/www.rmcr.org\/en\/2021\/08\/27\/cartel-de-la-64-tradicional-corrida-goyesca-de-ronda\/#article","isPartOf":{"@id":"https:\/\/www.rmcr.org\/en\/2021\/08\/27\/cartel-de-la-64-tradicional-corrida-goyesca-de-ronda\/"},"author":{"name":"MUSEO","@id":"https:\/\/www.rmcr.org\/en\/#\/schema\/person\/6e5eb50e802ff5f1419c0fea9935ae36"},"headline":"Cartel de la 64 Tradicional Corrida Goyesca de Ronda","datePublished":"2021-08-27T15:46:51+00:00","dateModified":"2025-04-04T11:44:25+00:00","mainEntityOfPage":{"@id":"https:\/\/www.rmcr.org\/en\/2021\/08\/27\/cartel-de-la-64-tradicional-corrida-goyesca-de-ronda\/"},"wordCount":166,"publisher":{"@id":"https:\/\/www.rmcr.org\/en\/#organization"},"image":{"@id":"https:\/\/www.rmcr.org\/en\/2021\/08\/27\/cartel-de-la-64-tradicional-corrida-goyesca-de-ronda\/#primaryimage"},"thumbnailUrl":"https:\/\/www.rmcr.org\/wp-content\/uploads\/2023\/10\/cartel-64-corrida-goyesca.png","keywords":["Cartel","Corrida Goyesca"],"articleSection":["Goyesca","Plaza y Museo","Tauromaquia"],"inLanguage":"en-US"},{"@type":"WebPage","@id":"https:\/\/www.rmcr.org\/en\/2021\/08\/27\/cartel-de-la-64-tradicional-corrida-goyesca-de-ronda\/","url":"https:\/\/www.rmcr.org\/en\/2021\/08\/27\/cartel-de-la-64-tradicional-corrida-goyesca-de-ronda\/","name":"Cartel de la 64 Tradicional Corrida Goyesca de Ronda - Real Maestranza de Caballer\u00eda de Ronda","isPartOf":{"@id":"https:\/\/www.rmcr.org\/en\/#website"},"primaryImageOfPage":{"@id":"https:\/\/www.rmcr.org\/en\/2021\/08\/27\/cartel-de-la-64-tradicional-corrida-goyesca-de-ronda\/#primaryimage"},"image":{"@id":"https:\/\/www.rmcr.org\/en\/2021\/08\/27\/cartel-de-la-64-tradicional-corrida-goyesca-de-ronda\/#primaryimage"},"thumbnailUrl":"https:\/\/www.rmcr.org\/wp-content\/uploads\/2023\/10\/cartel-64-corrida-goyesca.png","datePublished":"2021-08-27T15:46:51+00:00","dateModified":"2025-04-04T11:44:25+00:00","breadcrumb":{"@id":"https:\/\/www.rmcr.org\/en\/2021\/08\/27\/cartel-de-la-64-tradicional-corrida-goyesca-de-ronda\/#breadcrumb"},"inLanguage":"en-US","potentialAction":[{"@type":"ReadAction","target":["https:\/\/www.rmcr.org\/en\/2021\/08\/27\/cartel-de-la-64-tradicional-corrida-goyesca-de-ronda\/"]}]},{"@type":"ImageObject","inLanguage":"en-US","@id":"https:\/\/www.rmcr.org\/en\/2021\/08\/27\/cartel-de-la-64-tradicional-corrida-goyesca-de-ronda\/#primaryimage","url":"https:\/\/www.rmcr.org\/wp-content\/uploads\/2023\/10\/cartel-64-corrida-goyesca.png","contentUrl":"https:\/\/www.rmcr.org\/wp-content\/uploads\/2023\/10\/cartel-64-corrida-goyesca.png","width":600,"height":1020},{"@type":"BreadcrumbList","@id":"https:\/\/www.rmcr.org\/en\/2021\/08\/27\/cartel-de-la-64-tradicional-corrida-goyesca-de-ronda\/#breadcrumb","itemListElement":[{"@type":"ListItem","position":1,"name":"REAL MAESTRANZA DE CABALLER\u00cdA DE RONDA","item":"https:\/\/www.rmcr.org\/en\/"},{"@type":"ListItem","position":2,"name":"Cartel de la 64 Tradicional Corrida Goyesca de Ronda"}]},{"@type":"WebSite","@id":"https:\/\/www.rmcr.org\/en\/#website","url":"https:\/\/www.rmcr.org\/en\/","name":"Real Maestranza de Caballer\u00eda de Ronda","description":"Real Maestranza de Caballer\u00eda de Ronda","publisher":{"@id":"https:\/\/www.rmcr.org\/en\/#organization"},"alternateName":"RMCR","potentialAction":[{"@type":"SearchAction","target":{"@type":"EntryPoint","urlTemplate":"https:\/\/www.rmcr.org\/en\/?s={search_term_string}"},"query-input":{"@type":"PropertyValueSpecification","valueRequired":true,"valueName":"search_term_string"}}],"inLanguage":"en-US"},{"@type":"Organization","@id":"https:\/\/www.rmcr.org\/en\/#organization","name":"Real Maestranza de Caballer\u00eda de Ronda","alternateName":"RMR","url":"https:\/\/www.rmcr.org\/en\/","logo":{"@type":"ImageObject","inLanguage":"en-US","@id":"https:\/\/www.rmcr.org\/en\/#\/schema\/logo\/image\/","url":"https:\/\/www.rmcr.org\/wp-content\/uploads\/2022\/07\/logo-rmr-blue.svg","contentUrl":"https:\/\/www.rmcr.org\/wp-content\/uploads\/2022\/07\/logo-rmr-blue.svg","width":131,"height":129,"caption":"Real Maestranza de Caballer\u00eda de Ronda"},"image":{"@id":"https:\/\/www.rmcr.org\/en\/#\/schema\/logo\/image\/"},"sameAs":["https:\/\/www.facebook.com\/plazadetorosronda","https:\/\/x.com\/PlazatorosRMR","https:\/\/www.instagram.com\/realmaestranzaderonda\/","https:\/\/www.youtube.com\/channel\/UCrbO5IUN-8v_QML739vM4zg\/videos"]},{"@type":"Person","@id":"https:\/\/www.rmcr.org\/en\/#\/schema\/person\/6e5eb50e802ff5f1419c0fea9935ae36","name":"MUSEO","image":{"@type":"ImageObject","inLanguage":"en-US","@id":"https:\/\/www.rmcr.org\/wp-content\/uploads\/2022\/11\/avatar-rmcr-96x96.png","url":"https:\/\/www.rmcr.org\/wp-content\/uploads\/2022\/11\/avatar-rmcr-96x96.png","contentUrl":"https:\/\/www.rmcr.org\/wp-content\/uploads\/2022\/11\/avatar-rmcr-96x96.png","caption":"MUSEO"},"url":"https:\/\/www.rmcr.org\/en\/author\/miguel-angel-sanchez\/"}]}},"_links":{"self":[{"href":"https:\/\/www.rmcr.org\/en\/wp-json\/wp\/v2\/posts\/18607","targetHints":{"allow":["GET"]}}],"collection":[{"href":"https:\/\/www.rmcr.org\/en\/wp-json\/wp\/v2\/posts"}],"about":[{"href":"https:\/\/www.rmcr.org\/en\/wp-json\/wp\/v2\/types\/post"}],"author":[{"embeddable":true,"href":"https:\/\/www.rmcr.org\/en\/wp-json\/wp\/v2\/users\/5"}],"replies":[{"embeddable":true,"href":"https:\/\/www.rmcr.org\/en\/wp-json\/wp\/v2\/comments?post=18607"}],"version-history":[{"count":4,"href":"https:\/\/www.rmcr.org\/en\/wp-json\/wp\/v2\/posts\/18607\/revisions"}],"predecessor-version":[{"id":18613,"href":"https:\/\/www.rmcr.org\/en\/wp-json\/wp\/v2\/posts\/18607\/revisions\/18613"}],"wp:featuredmedia":[{"embeddable":true,"href":"https:\/\/www.rmcr.org\/en\/wp-json\/wp\/v2\/media\/18608"}],"wp:attachment":[{"href":"https:\/\/www.rmcr.org\/en\/wp-json\/wp\/v2\/media?parent=18607"}],"wp:term":[{"taxonomy":"category","embeddable":true,"href":"https:\/\/www.rmcr.org\/en\/wp-json\/wp\/v2\/categories?post=18607"},{"taxonomy":"post_tag","embeddable":true,"href":"https:\/\/www.rmcr.org\/en\/wp-json\/wp\/v2\/tags?post=18607"}],"curies":[{"name":"wp","href":"https:\/\/api.w.org\/{rel}","templated":true}]}}