{"id":18560,"date":"2022-06-22T14:59:00","date_gmt":"2022-06-22T14:59:00","guid":{"rendered":"https:\/\/www.rmcr.org\/?p=18560"},"modified":"2023-10-24T15:04:35","modified_gmt":"2023-10-24T15:04:35","slug":"la-real-maestranza-de-caballeria-de-ronda-participo-en-el-cm-malaga-culture-museums-international-tech-forum","status":"publish","type":"post","link":"https:\/\/www.rmcr.org\/en\/2022\/06\/22\/la-real-maestranza-de-caballeria-de-ronda-participo-en-el-cm-malaga-culture-museums-international-tech-forum\/","title":{"rendered":"La Real Maestranza de Caballer\u00eda de Ronda particip\u00f3 en el CM M\u00e1laga &#8211; Culture &amp; Museums International Tech Forum"},"content":{"rendered":"\t\t<div data-elementor-type=\"wp-post\" data-elementor-id=\"18560\" class=\"elementor elementor-18560\" data-elementor-post-type=\"post\">\n\t\t\t\t\t\t<section class=\"elementor-section elementor-top-section elementor-element elementor-element-682001a elementor-section-boxed elementor-section-height-default elementor-section-height-default\" data-id=\"682001a\" data-element_type=\"section\" data-e-type=\"section\">\n\t\t\t\t\t\t<div class=\"elementor-container elementor-column-gap-default\">\n\t\t\t\t\t<div class=\"elementor-column elementor-col-100 elementor-top-column elementor-element elementor-element-e5e77dc\" data-id=\"e5e77dc\" data-element_type=\"column\" data-e-type=\"column\">\n\t\t\t<div class=\"elementor-widget-wrap elementor-element-populated\">\n\t\t\t\t\t\t<div class=\"elementor-element elementor-element-2f13798 elementor-widget elementor-widget-text-editor\" data-id=\"2f13798\" data-element_type=\"widget\" data-e-type=\"widget\" data-widget_type=\"text-editor.default\">\n\t\t\t\t<div class=\"elementor-widget-container\">\n\t\t\t\t\t\t\t\t\t<p class=\"seleccion_00_p\">El lunes 20 de junio, en el Palacio de Ferias y Congresos de M\u00e1laga, Miguel \u00c1ngel S\u00e1nchez, gestor de arte y community manager de a Real Maestranza de Ronda, represent\u00f3 a la instituci\u00f3n en la jornada t\u00e9cnica &#8220;El arte digital y la tecnolog\u00eda al servicio de la museograf\u00eda y los nuevos formatos experienciales&#8221;, organizada por la Diputaci\u00f3n de M\u00e1laga.<\/p><p class=\"seleccion_00_p\">En la comunicaci\u00f3n titulada &#8220;Tecnolog\u00eda aplicada al discurso museogr\u00e1fico de la Real Maestranza de Caballer\u00eda de Ronda&#8221;, Miguel \u00c1ngel S\u00e1nchez comenz\u00f3 su intervenci\u00f3n destacando el proyecto de recuperaci\u00f3n y difusi\u00f3n del patrimonio hist\u00f3rico desarrollado en los \u00faltimos 25 a\u00f1os. Este ambicioso trabajo ha permitido identificar nuevos p\u00fablicos, tanto presenciales como virtuales, con perfiles muy diferentes entre s\u00ed.<\/p><p class=\"seleccion_00_p\">De esta forma, la instituci\u00f3n ha empleado diversas tecnolog\u00edas en el discurso museogr\u00e1fico y en la difusi\u00f3n de sus contenidos a trav\u00e9s de las redes sociales, con el objetivo de acercar los casi cuatro siglos y medio de historia de la Real Maestranza a todos los posibles destinatarios.<\/p><div class=\"seleccion_00_ladillo\">Experiencias inmersivas<\/div><p class=\"seleccion_00_p\">Tambi\u00e9n resalt\u00f3 c\u00f3mo la aplicaci\u00f3n de las nuevas tecnolog\u00edas permite exponer la historia de manera accesible y veraz, destacando los aspectos m\u00e1s concretos del relato hist\u00f3rico de la Maestranza ronde\u00f1a.<\/p><p class=\"seleccion_00_p\">Mediante estos nuevos avances es posible crear experiencias inmersivas que establecen una relaci\u00f3n directa entre el monumento, los visitantes y las colecciones muse\u00edsticas desde un punto de vista sensorial e intelectual, haciendo que la nueva sala dedicada a la historia de la Real Maestranza sea un espacio expositivo pionero en Ronda y su comarca.<\/p><div id=\"ir-ext-ui\" style=\"color: #000000; font-size: 16px; line-height: 16px; background-color: #f7f7f7; border: 1px solid #999999; border-radius: 1px; top: 1px; right: 1px;\"><div class=\"ir-ext-dimensions\"><span class=\"ir-ext-rendered\" title=\"Rendered image dimensions (after any scaling\/resizing has been applied)\"> x <\/span> <span class=\"ir-ext-natural\" title=\"Natural image dimensions (without applying any scaling\/resizing)\"> (x) <\/span><\/div><div class=\"ir-ext-filesize\">\u00a0<\/div><\/div><div id=\"ir-ext-ui\" style=\"color: #000000; font-size: 16px; line-height: 16px; background-color: #f7f7f7; border: 1px solid #999999; border-radius: 1px; top: 1px; right: 1px;\"><div class=\"ir-ext-dimensions\"><span class=\"ir-ext-rendered\" title=\"Rendered image dimensions (after any scaling\/resizing has been applied)\"> x <\/span> <span class=\"ir-ext-natural\" title=\"Natural image dimensions (without applying any scaling\/resizing)\"> (x) <\/span><\/div><div class=\"ir-ext-filesize\">\u00a0<\/div><\/div>\t\t\t\t\t\t\t\t<\/div>\n\t\t\t\t<\/div>\n\t\t\t\t\t<\/div>\n\t\t<\/div>\n\t\t\t\t\t<\/div>\n\t\t<\/section>\n\t\t\t\t<section class=\"elementor-section elementor-top-section elementor-element elementor-element-7978b2b elementor-section-boxed elementor-section-height-default elementor-section-height-default\" data-id=\"7978b2b\" data-element_type=\"section\" data-e-type=\"section\">\n\t\t\t\t\t\t<div class=\"elementor-container elementor-column-gap-default\">\n\t\t\t\t\t<div class=\"elementor-column elementor-col-100 elementor-top-column elementor-element elementor-element-825e74b\" data-id=\"825e74b\" data-element_type=\"column\" data-e-type=\"column\">\n\t\t\t<div class=\"elementor-widget-wrap elementor-element-populated\">\n\t\t\t\t\t\t<div class=\"elementor-element elementor-element-777e900 gallery-spacing-custom elementor-widget elementor-widget-image-gallery\" data-id=\"777e900\" data-element_type=\"widget\" data-e-type=\"widget\" data-widget_type=\"image-gallery.default\">\n\t\t\t\t<div class=\"elementor-widget-container\">\n\t\t\t\t\t\t\t<div class=\"elementor-image-gallery\">\n\t\t\t<div id='gallery-1' class='gallery galleryid-18560 gallery-columns-2 gallery-size-large'><figure class='gallery-item'>\n\t\t\t<div class='gallery-icon landscape'>\n\t\t\t\t<a data-elementor-open-lightbox=\"yes\" data-elementor-lightbox-slideshow=\"777e900\" data-elementor-lightbox-title=\"foro-cultura-museo-01\" data-e-action-hash=\"#elementor-action%3Aaction%3Dlightbox%26settings%3DeyJpZCI6MTg1NjMsInVybCI6Imh0dHBzOlwvXC93d3cucm1jci5vcmdcL3dwLWNvbnRlbnRcL3VwbG9hZHNcLzIwMjNcLzEwXC9mb3JvLWN1bHR1cmEtbXVzZW8tMDEucG5nIiwic2xpZGVzaG93IjoiNzc3ZTkwMCJ9\" href='https:\/\/www.rmcr.org\/wp-content\/uploads\/2023\/10\/foro-cultura-museo-01.png'><img fetchpriority=\"high\" width=\"600\" height=\"450\" src=\"https:\/\/www.rmcr.org\/wp-content\/uploads\/2023\/10\/foro-cultura-museo-01.png\" class=\"attachment-large size-large\" alt=\"\" decoding=\"async\" srcset=\"https:\/\/www.rmcr.org\/wp-content\/uploads\/2023\/10\/foro-cultura-museo-01.png 600w, https:\/\/www.rmcr.org\/wp-content\/uploads\/2023\/10\/foro-cultura-museo-01-300x225.png 300w\" sizes=\"(max-width: 600px) 100vw, 600px\" \/><\/a>\n\t\t\t<\/div><\/figure><figure class='gallery-item'>\n\t\t\t<div class='gallery-icon landscape'>\n\t\t\t\t<a data-elementor-open-lightbox=\"yes\" data-elementor-lightbox-slideshow=\"777e900\" data-elementor-lightbox-title=\"foro-cultura-museo-02\" data-e-action-hash=\"#elementor-action%3Aaction%3Dlightbox%26settings%3DeyJpZCI6MTg1NjEsInVybCI6Imh0dHBzOlwvXC93d3cucm1jci5vcmdcL3dwLWNvbnRlbnRcL3VwbG9hZHNcLzIwMjNcLzEwXC9mb3JvLWN1bHR1cmEtbXVzZW8tMDIucG5nIiwic2xpZGVzaG93IjoiNzc3ZTkwMCJ9\" href='https:\/\/www.rmcr.org\/wp-content\/uploads\/2023\/10\/foro-cultura-museo-02.png'><img width=\"600\" height=\"450\" src=\"https:\/\/www.rmcr.org\/wp-content\/uploads\/2023\/10\/foro-cultura-museo-02.png\" class=\"attachment-large size-large\" alt=\"\" decoding=\"async\" srcset=\"https:\/\/www.rmcr.org\/wp-content\/uploads\/2023\/10\/foro-cultura-museo-02.png 600w, https:\/\/www.rmcr.org\/wp-content\/uploads\/2023\/10\/foro-cultura-museo-02-300x225.png 300w\" sizes=\"(max-width: 600px) 100vw, 600px\" \/><\/a>\n\t\t\t<\/div><\/figure>\n\t\t<\/div>\n\t\t<\/div>\n\t\t\t\t\t\t<\/div>\n\t\t\t\t<\/div>\n\t\t\t\t\t<\/div>\n\t\t<\/div>\n\t\t\t\t\t<\/div>\n\t\t<\/section>\n\t\t\t\t<section class=\"elementor-section elementor-top-section elementor-element elementor-element-9e4b89f elementor-section-boxed elementor-section-height-default elementor-section-height-default\" data-id=\"9e4b89f\" data-element_type=\"section\" data-e-type=\"section\">\n\t\t\t\t\t\t<div class=\"elementor-container elementor-column-gap-default\">\n\t\t\t\t\t<div class=\"elementor-column elementor-col-100 elementor-top-column elementor-element elementor-element-952ca19\" data-id=\"952ca19\" data-element_type=\"column\" data-e-type=\"column\">\n\t\t\t<div class=\"elementor-widget-wrap elementor-element-populated\">\n\t\t\t\t\t\t<div class=\"elementor-element elementor-element-839a55a elementor-widget elementor-widget-text-editor\" data-id=\"839a55a\" data-element_type=\"widget\" data-e-type=\"widget\" data-widget_type=\"text-editor.default\">\n\t\t\t\t<div class=\"elementor-widget-container\">\n\t\t\t\t\t\t\t\t\t<p>Para mas informaci\u00f3n visitar: <a href=\"https:\/\/cmmalaga.fycma.com\/\">Web del CM M\u00c1LAGA &#8211; CULTURE &amp; MUSEUMS INTERNATIONAL TECH FORUM<\/a><\/p><div id=\"ir-ext-ui\" style=\"color: #000000; font-size: 16px; line-height: 16px; background-color: #f7f7f7; border: 1px solid #999999; border-radius: 1px; top: 1px; right: 1px;\"><div class=\"ir-ext-dimensions\"><span class=\"ir-ext-rendered\" title=\"Rendered image dimensions (after any scaling\/resizing has been applied)\"> x <\/span> <span class=\"ir-ext-natural\" title=\"Natural image dimensions (without applying any scaling\/resizing)\"> (x) <\/span><\/div><div class=\"ir-ext-filesize\">\u00a0<\/div><\/div><div id=\"ir-ext-ui\" style=\"color: #000000; font-size: 16px; line-height: 16px; background-color: #f7f7f7; border: 1px solid #999999; border-radius: 1px; top: 1px; right: 1px;\"><div class=\"ir-ext-dimensions\"><span class=\"ir-ext-rendered\" title=\"Rendered image dimensions (after any scaling\/resizing has been applied)\"> x <\/span> <span class=\"ir-ext-natural\" title=\"Natural image dimensions (without applying any scaling\/resizing)\"> (x) <\/span><\/div><div class=\"ir-ext-filesize\">\u00a0<\/div><\/div>\t\t\t\t\t\t\t\t<\/div>\n\t\t\t\t<\/div>\n\t\t\t\t\t<\/div>\n\t\t<\/div>\n\t\t\t\t\t<\/div>\n\t\t<\/section>\n\t\t\t\t<\/div>\n\t\t","protected":false},"excerpt":{"rendered":"<p>El objetivo de este foro profesional multidisciplinar era debatir sobre c\u00f3mo las nuevas tecnolog\u00edas est\u00e1n creando formas de gesti\u00f3n cultural y tur\u00edstica m\u00e1s sostenibles y digitalmente avanzadas, incidiendo en el desarrollo y la transformaci\u00f3n de las ciudades y los espacios urbanos. <\/p>\n","protected":false},"author":5,"featured_media":18563,"comment_status":"closed","ping_status":"open","sticky":false,"template":"","format":"standard","meta":{"footnotes":""},"categories":[36],"tags":[611,615,614],"class_list":["post-18560","post","type-post","status-publish","format-standard","has-post-thumbnail","hentry","category-plaza-museo","tag-cm-malaga","tag-diputacion-malaga","tag-foro"],"yoast_head":"<!-- This site is optimized with the Yoast SEO plugin v27.5 - https:\/\/yoast.com\/product\/yoast-seo-wordpress\/ -->\n<title>La Real Maestranza de Caballer\u00eda de Ronda particip\u00f3 en el CM M\u00e1laga - Culture &amp; Museums International Tech Forum - Real Maestranza de Caballer\u00eda de Ronda<\/title>\n<meta name=\"robots\" content=\"index, follow, max-snippet:-1, max-image-preview:large, max-video-preview:-1\" \/>\n<link rel=\"canonical\" href=\"https:\/\/www.rmcr.org\/en\/2022\/06\/22\/la-real-maestranza-de-caballeria-de-ronda-participo-en-el-cm-malaga-culture-museums-international-tech-forum\/\" \/>\n<meta property=\"og:locale\" content=\"en_US\" \/>\n<meta property=\"og:type\" content=\"article\" \/>\n<meta property=\"og:title\" content=\"La Real Maestranza de Caballer\u00eda de Ronda particip\u00f3 en el CM M\u00e1laga - Culture &amp; Museums International Tech Forum - Real Maestranza de Caballer\u00eda de Ronda\" \/>\n<meta property=\"og:description\" content=\"El objetivo de este foro profesional multidisciplinar era debatir sobre c\u00f3mo las nuevas tecnolog\u00edas est\u00e1n creando formas de gesti\u00f3n cultural y tur\u00edstica m\u00e1s sostenibles y digitalmente avanzadas, incidiendo en el desarrollo y la transformaci\u00f3n de las ciudades y los espacios urbanos.\" \/>\n<meta property=\"og:url\" content=\"https:\/\/www.rmcr.org\/en\/2022\/06\/22\/la-real-maestranza-de-caballeria-de-ronda-participo-en-el-cm-malaga-culture-museums-international-tech-forum\/\" \/>\n<meta property=\"og:site_name\" content=\"Real Maestranza de Caballer\u00eda de Ronda\" \/>\n<meta property=\"article:publisher\" content=\"https:\/\/www.facebook.com\/plazadetorosronda\" \/>\n<meta property=\"article:published_time\" content=\"2022-06-22T14:59:00+00:00\" \/>\n<meta property=\"article:modified_time\" content=\"2023-10-24T15:04:35+00:00\" \/>\n<meta property=\"og:image\" content=\"https:\/\/www.rmcr.org\/wp-content\/uploads\/2023\/10\/foro-cultura-museo-01.png\" \/>\n\t<meta property=\"og:image:width\" content=\"600\" \/>\n\t<meta property=\"og:image:height\" content=\"450\" \/>\n\t<meta property=\"og:image:type\" content=\"image\/png\" \/>\n<meta name=\"author\" content=\"MUSEO\" \/>\n<meta name=\"twitter:card\" content=\"summary_large_image\" \/>\n<meta name=\"twitter:creator\" content=\"@PlazatorosRMR\" \/>\n<meta name=\"twitter:site\" content=\"@PlazatorosRMR\" \/>\n<meta name=\"twitter:label1\" content=\"Written by\" \/>\n\t<meta name=\"twitter:data1\" content=\"MUSEO\" \/>\n\t<meta name=\"twitter:label2\" content=\"Est. reading time\" \/>\n\t<meta name=\"twitter:data2\" content=\"2 minutes\" \/>\n<script type=\"application\/ld+json\" class=\"yoast-schema-graph\">{\"@context\":\"https:\\\/\\\/schema.org\",\"@graph\":[{\"@type\":\"Article\",\"@id\":\"https:\\\/\\\/www.rmcr.org\\\/en\\\/2022\\\/06\\\/22\\\/la-real-maestranza-de-caballeria-de-ronda-participo-en-el-cm-malaga-culture-museums-international-tech-forum\\\/#article\",\"isPartOf\":{\"@id\":\"https:\\\/\\\/www.rmcr.org\\\/en\\\/2022\\\/06\\\/22\\\/la-real-maestranza-de-caballeria-de-ronda-participo-en-el-cm-malaga-culture-museums-international-tech-forum\\\/\"},\"author\":{\"name\":\"MUSEO\",\"@id\":\"https:\\\/\\\/www.rmcr.org\\\/en\\\/#\\\/schema\\\/person\\\/6e5eb50e802ff5f1419c0fea9935ae36\"},\"headline\":\"La Real Maestranza de Caballer\u00eda de Ronda particip\u00f3 en el CM M\u00e1laga &#8211; Culture &amp; Museums International Tech Forum\",\"datePublished\":\"2022-06-22T14:59:00+00:00\",\"dateModified\":\"2023-10-24T15:04:35+00:00\",\"mainEntityOfPage\":{\"@id\":\"https:\\\/\\\/www.rmcr.org\\\/en\\\/2022\\\/06\\\/22\\\/la-real-maestranza-de-caballeria-de-ronda-participo-en-el-cm-malaga-culture-museums-international-tech-forum\\\/\"},\"wordCount\":326,\"publisher\":{\"@id\":\"https:\\\/\\\/www.rmcr.org\\\/en\\\/#organization\"},\"image\":{\"@id\":\"https:\\\/\\\/www.rmcr.org\\\/en\\\/2022\\\/06\\\/22\\\/la-real-maestranza-de-caballeria-de-ronda-participo-en-el-cm-malaga-culture-museums-international-tech-forum\\\/#primaryimage\"},\"thumbnailUrl\":\"https:\\\/\\\/www.rmcr.org\\\/wp-content\\\/uploads\\\/2023\\\/10\\\/foro-cultura-museo-01.png\",\"keywords\":[\"CM M\u00e1laga\",\"Diputaci\u00f3n M\u00e1laga\",\"Foro\"],\"articleSection\":[\"Plaza y Museo\"],\"inLanguage\":\"en-US\"},{\"@type\":\"WebPage\",\"@id\":\"https:\\\/\\\/www.rmcr.org\\\/en\\\/2022\\\/06\\\/22\\\/la-real-maestranza-de-caballeria-de-ronda-participo-en-el-cm-malaga-culture-museums-international-tech-forum\\\/\",\"url\":\"https:\\\/\\\/www.rmcr.org\\\/en\\\/2022\\\/06\\\/22\\\/la-real-maestranza-de-caballeria-de-ronda-participo-en-el-cm-malaga-culture-museums-international-tech-forum\\\/\",\"name\":\"La Real Maestranza de Caballer\u00eda de Ronda particip\u00f3 en el CM M\u00e1laga - Culture &amp; Museums International Tech Forum - Real Maestranza de Caballer\u00eda de Ronda\",\"isPartOf\":{\"@id\":\"https:\\\/\\\/www.rmcr.org\\\/en\\\/#website\"},\"primaryImageOfPage\":{\"@id\":\"https:\\\/\\\/www.rmcr.org\\\/en\\\/2022\\\/06\\\/22\\\/la-real-maestranza-de-caballeria-de-ronda-participo-en-el-cm-malaga-culture-museums-international-tech-forum\\\/#primaryimage\"},\"image\":{\"@id\":\"https:\\\/\\\/www.rmcr.org\\\/en\\\/2022\\\/06\\\/22\\\/la-real-maestranza-de-caballeria-de-ronda-participo-en-el-cm-malaga-culture-museums-international-tech-forum\\\/#primaryimage\"},\"thumbnailUrl\":\"https:\\\/\\\/www.rmcr.org\\\/wp-content\\\/uploads\\\/2023\\\/10\\\/foro-cultura-museo-01.png\",\"datePublished\":\"2022-06-22T14:59:00+00:00\",\"dateModified\":\"2023-10-24T15:04:35+00:00\",\"breadcrumb\":{\"@id\":\"https:\\\/\\\/www.rmcr.org\\\/en\\\/2022\\\/06\\\/22\\\/la-real-maestranza-de-caballeria-de-ronda-participo-en-el-cm-malaga-culture-museums-international-tech-forum\\\/#breadcrumb\"},\"inLanguage\":\"en-US\",\"potentialAction\":[{\"@type\":\"ReadAction\",\"target\":[\"https:\\\/\\\/www.rmcr.org\\\/en\\\/2022\\\/06\\\/22\\\/la-real-maestranza-de-caballeria-de-ronda-participo-en-el-cm-malaga-culture-museums-international-tech-forum\\\/\"]}]},{\"@type\":\"ImageObject\",\"inLanguage\":\"en-US\",\"@id\":\"https:\\\/\\\/www.rmcr.org\\\/en\\\/2022\\\/06\\\/22\\\/la-real-maestranza-de-caballeria-de-ronda-participo-en-el-cm-malaga-culture-museums-international-tech-forum\\\/#primaryimage\",\"url\":\"https:\\\/\\\/www.rmcr.org\\\/wp-content\\\/uploads\\\/2023\\\/10\\\/foro-cultura-museo-01.png\",\"contentUrl\":\"https:\\\/\\\/www.rmcr.org\\\/wp-content\\\/uploads\\\/2023\\\/10\\\/foro-cultura-museo-01.png\",\"width\":600,\"height\":450},{\"@type\":\"BreadcrumbList\",\"@id\":\"https:\\\/\\\/www.rmcr.org\\\/en\\\/2022\\\/06\\\/22\\\/la-real-maestranza-de-caballeria-de-ronda-participo-en-el-cm-malaga-culture-museums-international-tech-forum\\\/#breadcrumb\",\"itemListElement\":[{\"@type\":\"ListItem\",\"position\":1,\"name\":\"REAL MAESTRANZA DE CABALLER\u00cdA DE RONDA\",\"item\":\"https:\\\/\\\/www.rmcr.org\\\/en\\\/\"},{\"@type\":\"ListItem\",\"position\":2,\"name\":\"La Real Maestranza de Caballer\u00eda de Ronda particip\u00f3 en el CM M\u00e1laga &#8211; Culture &amp; Museums International Tech Forum\"}]},{\"@type\":\"WebSite\",\"@id\":\"https:\\\/\\\/www.rmcr.org\\\/en\\\/#website\",\"url\":\"https:\\\/\\\/www.rmcr.org\\\/en\\\/\",\"name\":\"Real Maestranza de Caballer\u00eda de Ronda\",\"description\":\"Real Maestranza de Caballer\u00eda de Ronda\",\"publisher\":{\"@id\":\"https:\\\/\\\/www.rmcr.org\\\/en\\\/#organization\"},\"alternateName\":\"RMCR\",\"potentialAction\":[{\"@type\":\"SearchAction\",\"target\":{\"@type\":\"EntryPoint\",\"urlTemplate\":\"https:\\\/\\\/www.rmcr.org\\\/en\\\/?s={search_term_string}\"},\"query-input\":{\"@type\":\"PropertyValueSpecification\",\"valueRequired\":true,\"valueName\":\"search_term_string\"}}],\"inLanguage\":\"en-US\"},{\"@type\":\"Organization\",\"@id\":\"https:\\\/\\\/www.rmcr.org\\\/en\\\/#organization\",\"name\":\"Real Maestranza de Caballer\u00eda de Ronda\",\"alternateName\":\"RMR\",\"url\":\"https:\\\/\\\/www.rmcr.org\\\/en\\\/\",\"logo\":{\"@type\":\"ImageObject\",\"inLanguage\":\"en-US\",\"@id\":\"https:\\\/\\\/www.rmcr.org\\\/en\\\/#\\\/schema\\\/logo\\\/image\\\/\",\"url\":\"https:\\\/\\\/www.rmcr.org\\\/wp-content\\\/uploads\\\/2022\\\/07\\\/logo-rmr-blue.svg\",\"contentUrl\":\"https:\\\/\\\/www.rmcr.org\\\/wp-content\\\/uploads\\\/2022\\\/07\\\/logo-rmr-blue.svg\",\"width\":131,\"height\":129,\"caption\":\"Real Maestranza de Caballer\u00eda de Ronda\"},\"image\":{\"@id\":\"https:\\\/\\\/www.rmcr.org\\\/en\\\/#\\\/schema\\\/logo\\\/image\\\/\"},\"sameAs\":[\"https:\\\/\\\/www.facebook.com\\\/plazadetorosronda\",\"https:\\\/\\\/x.com\\\/PlazatorosRMR\",\"https:\\\/\\\/www.instagram.com\\\/realmaestranzaderonda\\\/\",\"https:\\\/\\\/www.youtube.com\\\/channel\\\/UCrbO5IUN-8v_QML739vM4zg\\\/videos\"]},{\"@type\":\"Person\",\"@id\":\"https:\\\/\\\/www.rmcr.org\\\/en\\\/#\\\/schema\\\/person\\\/6e5eb50e802ff5f1419c0fea9935ae36\",\"name\":\"MUSEO\",\"image\":{\"@type\":\"ImageObject\",\"inLanguage\":\"en-US\",\"@id\":\"https:\\\/\\\/www.rmcr.org\\\/wp-content\\\/uploads\\\/2022\\\/11\\\/avatar-rmcr-96x96.png\",\"url\":\"https:\\\/\\\/www.rmcr.org\\\/wp-content\\\/uploads\\\/2022\\\/11\\\/avatar-rmcr-96x96.png\",\"contentUrl\":\"https:\\\/\\\/www.rmcr.org\\\/wp-content\\\/uploads\\\/2022\\\/11\\\/avatar-rmcr-96x96.png\",\"caption\":\"MUSEO\"},\"url\":\"https:\\\/\\\/www.rmcr.org\\\/en\\\/author\\\/miguel-angel-sanchez\\\/\"}]}<\/script>\n<!-- \/ Yoast SEO plugin. -->","yoast_head_json":{"title":"La Real Maestranza de Caballer\u00eda de Ronda particip\u00f3 en el CM M\u00e1laga - Culture &amp; Museums International Tech Forum - Real Maestranza de Caballer\u00eda de Ronda","robots":{"index":"index","follow":"follow","max-snippet":"max-snippet:-1","max-image-preview":"max-image-preview:large","max-video-preview":"max-video-preview:-1"},"canonical":"https:\/\/www.rmcr.org\/en\/2022\/06\/22\/la-real-maestranza-de-caballeria-de-ronda-participo-en-el-cm-malaga-culture-museums-international-tech-forum\/","og_locale":"en_US","og_type":"article","og_title":"La Real Maestranza de Caballer\u00eda de Ronda particip\u00f3 en el CM M\u00e1laga - Culture &amp; Museums International Tech Forum - Real Maestranza de Caballer\u00eda de Ronda","og_description":"El objetivo de este foro profesional multidisciplinar era debatir sobre c\u00f3mo las nuevas tecnolog\u00edas est\u00e1n creando formas de gesti\u00f3n cultural y tur\u00edstica m\u00e1s sostenibles y digitalmente avanzadas, incidiendo en el desarrollo y la transformaci\u00f3n de las ciudades y los espacios urbanos.","og_url":"https:\/\/www.rmcr.org\/en\/2022\/06\/22\/la-real-maestranza-de-caballeria-de-ronda-participo-en-el-cm-malaga-culture-museums-international-tech-forum\/","og_site_name":"Real Maestranza de Caballer\u00eda de Ronda","article_publisher":"https:\/\/www.facebook.com\/plazadetorosronda","article_published_time":"2022-06-22T14:59:00+00:00","article_modified_time":"2023-10-24T15:04:35+00:00","og_image":[{"width":600,"height":450,"url":"https:\/\/www.rmcr.org\/wp-content\/uploads\/2023\/10\/foro-cultura-museo-01.png","type":"image\/png"}],"author":"MUSEO","twitter_card":"summary_large_image","twitter_creator":"@PlazatorosRMR","twitter_site":"@PlazatorosRMR","twitter_misc":{"Written by":"MUSEO","Est. reading time":"2 minutes"},"schema":{"@context":"https:\/\/schema.org","@graph":[{"@type":"Article","@id":"https:\/\/www.rmcr.org\/en\/2022\/06\/22\/la-real-maestranza-de-caballeria-de-ronda-participo-en-el-cm-malaga-culture-museums-international-tech-forum\/#article","isPartOf":{"@id":"https:\/\/www.rmcr.org\/en\/2022\/06\/22\/la-real-maestranza-de-caballeria-de-ronda-participo-en-el-cm-malaga-culture-museums-international-tech-forum\/"},"author":{"name":"MUSEO","@id":"https:\/\/www.rmcr.org\/en\/#\/schema\/person\/6e5eb50e802ff5f1419c0fea9935ae36"},"headline":"La Real Maestranza de Caballer\u00eda de Ronda particip\u00f3 en el CM M\u00e1laga &#8211; Culture &amp; Museums International Tech Forum","datePublished":"2022-06-22T14:59:00+00:00","dateModified":"2023-10-24T15:04:35+00:00","mainEntityOfPage":{"@id":"https:\/\/www.rmcr.org\/en\/2022\/06\/22\/la-real-maestranza-de-caballeria-de-ronda-participo-en-el-cm-malaga-culture-museums-international-tech-forum\/"},"wordCount":326,"publisher":{"@id":"https:\/\/www.rmcr.org\/en\/#organization"},"image":{"@id":"https:\/\/www.rmcr.org\/en\/2022\/06\/22\/la-real-maestranza-de-caballeria-de-ronda-participo-en-el-cm-malaga-culture-museums-international-tech-forum\/#primaryimage"},"thumbnailUrl":"https:\/\/www.rmcr.org\/wp-content\/uploads\/2023\/10\/foro-cultura-museo-01.png","keywords":["CM M\u00e1laga","Diputaci\u00f3n M\u00e1laga","Foro"],"articleSection":["Plaza y Museo"],"inLanguage":"en-US"},{"@type":"WebPage","@id":"https:\/\/www.rmcr.org\/en\/2022\/06\/22\/la-real-maestranza-de-caballeria-de-ronda-participo-en-el-cm-malaga-culture-museums-international-tech-forum\/","url":"https:\/\/www.rmcr.org\/en\/2022\/06\/22\/la-real-maestranza-de-caballeria-de-ronda-participo-en-el-cm-malaga-culture-museums-international-tech-forum\/","name":"La Real Maestranza de Caballer\u00eda de Ronda particip\u00f3 en el CM M\u00e1laga - Culture &amp; Museums International Tech Forum - Real Maestranza de Caballer\u00eda de Ronda","isPartOf":{"@id":"https:\/\/www.rmcr.org\/en\/#website"},"primaryImageOfPage":{"@id":"https:\/\/www.rmcr.org\/en\/2022\/06\/22\/la-real-maestranza-de-caballeria-de-ronda-participo-en-el-cm-malaga-culture-museums-international-tech-forum\/#primaryimage"},"image":{"@id":"https:\/\/www.rmcr.org\/en\/2022\/06\/22\/la-real-maestranza-de-caballeria-de-ronda-participo-en-el-cm-malaga-culture-museums-international-tech-forum\/#primaryimage"},"thumbnailUrl":"https:\/\/www.rmcr.org\/wp-content\/uploads\/2023\/10\/foro-cultura-museo-01.png","datePublished":"2022-06-22T14:59:00+00:00","dateModified":"2023-10-24T15:04:35+00:00","breadcrumb":{"@id":"https:\/\/www.rmcr.org\/en\/2022\/06\/22\/la-real-maestranza-de-caballeria-de-ronda-participo-en-el-cm-malaga-culture-museums-international-tech-forum\/#breadcrumb"},"inLanguage":"en-US","potentialAction":[{"@type":"ReadAction","target":["https:\/\/www.rmcr.org\/en\/2022\/06\/22\/la-real-maestranza-de-caballeria-de-ronda-participo-en-el-cm-malaga-culture-museums-international-tech-forum\/"]}]},{"@type":"ImageObject","inLanguage":"en-US","@id":"https:\/\/www.rmcr.org\/en\/2022\/06\/22\/la-real-maestranza-de-caballeria-de-ronda-participo-en-el-cm-malaga-culture-museums-international-tech-forum\/#primaryimage","url":"https:\/\/www.rmcr.org\/wp-content\/uploads\/2023\/10\/foro-cultura-museo-01.png","contentUrl":"https:\/\/www.rmcr.org\/wp-content\/uploads\/2023\/10\/foro-cultura-museo-01.png","width":600,"height":450},{"@type":"BreadcrumbList","@id":"https:\/\/www.rmcr.org\/en\/2022\/06\/22\/la-real-maestranza-de-caballeria-de-ronda-participo-en-el-cm-malaga-culture-museums-international-tech-forum\/#breadcrumb","itemListElement":[{"@type":"ListItem","position":1,"name":"REAL MAESTRANZA DE CABALLER\u00cdA DE RONDA","item":"https:\/\/www.rmcr.org\/en\/"},{"@type":"ListItem","position":2,"name":"La Real Maestranza de Caballer\u00eda de Ronda particip\u00f3 en el CM M\u00e1laga &#8211; Culture &amp; Museums International Tech Forum"}]},{"@type":"WebSite","@id":"https:\/\/www.rmcr.org\/en\/#website","url":"https:\/\/www.rmcr.org\/en\/","name":"Real Maestranza de Caballer\u00eda de Ronda","description":"Real Maestranza de Caballer\u00eda de Ronda","publisher":{"@id":"https:\/\/www.rmcr.org\/en\/#organization"},"alternateName":"RMCR","potentialAction":[{"@type":"SearchAction","target":{"@type":"EntryPoint","urlTemplate":"https:\/\/www.rmcr.org\/en\/?s={search_term_string}"},"query-input":{"@type":"PropertyValueSpecification","valueRequired":true,"valueName":"search_term_string"}}],"inLanguage":"en-US"},{"@type":"Organization","@id":"https:\/\/www.rmcr.org\/en\/#organization","name":"Real Maestranza de Caballer\u00eda de Ronda","alternateName":"RMR","url":"https:\/\/www.rmcr.org\/en\/","logo":{"@type":"ImageObject","inLanguage":"en-US","@id":"https:\/\/www.rmcr.org\/en\/#\/schema\/logo\/image\/","url":"https:\/\/www.rmcr.org\/wp-content\/uploads\/2022\/07\/logo-rmr-blue.svg","contentUrl":"https:\/\/www.rmcr.org\/wp-content\/uploads\/2022\/07\/logo-rmr-blue.svg","width":131,"height":129,"caption":"Real Maestranza de Caballer\u00eda de Ronda"},"image":{"@id":"https:\/\/www.rmcr.org\/en\/#\/schema\/logo\/image\/"},"sameAs":["https:\/\/www.facebook.com\/plazadetorosronda","https:\/\/x.com\/PlazatorosRMR","https:\/\/www.instagram.com\/realmaestranzaderonda\/","https:\/\/www.youtube.com\/channel\/UCrbO5IUN-8v_QML739vM4zg\/videos"]},{"@type":"Person","@id":"https:\/\/www.rmcr.org\/en\/#\/schema\/person\/6e5eb50e802ff5f1419c0fea9935ae36","name":"MUSEO","image":{"@type":"ImageObject","inLanguage":"en-US","@id":"https:\/\/www.rmcr.org\/wp-content\/uploads\/2022\/11\/avatar-rmcr-96x96.png","url":"https:\/\/www.rmcr.org\/wp-content\/uploads\/2022\/11\/avatar-rmcr-96x96.png","contentUrl":"https:\/\/www.rmcr.org\/wp-content\/uploads\/2022\/11\/avatar-rmcr-96x96.png","caption":"MUSEO"},"url":"https:\/\/www.rmcr.org\/en\/author\/miguel-angel-sanchez\/"}]}},"_links":{"self":[{"href":"https:\/\/www.rmcr.org\/en\/wp-json\/wp\/v2\/posts\/18560","targetHints":{"allow":["GET"]}}],"collection":[{"href":"https:\/\/www.rmcr.org\/en\/wp-json\/wp\/v2\/posts"}],"about":[{"href":"https:\/\/www.rmcr.org\/en\/wp-json\/wp\/v2\/types\/post"}],"author":[{"embeddable":true,"href":"https:\/\/www.rmcr.org\/en\/wp-json\/wp\/v2\/users\/5"}],"replies":[{"embeddable":true,"href":"https:\/\/www.rmcr.org\/en\/wp-json\/wp\/v2\/comments?post=18560"}],"version-history":[{"count":7,"href":"https:\/\/www.rmcr.org\/en\/wp-json\/wp\/v2\/posts\/18560\/revisions"}],"predecessor-version":[{"id":18571,"href":"https:\/\/www.rmcr.org\/en\/wp-json\/wp\/v2\/posts\/18560\/revisions\/18571"}],"wp:featuredmedia":[{"embeddable":true,"href":"https:\/\/www.rmcr.org\/en\/wp-json\/wp\/v2\/media\/18563"}],"wp:attachment":[{"href":"https:\/\/www.rmcr.org\/en\/wp-json\/wp\/v2\/media?parent=18560"}],"wp:term":[{"taxonomy":"category","embeddable":true,"href":"https:\/\/www.rmcr.org\/en\/wp-json\/wp\/v2\/categories?post=18560"},{"taxonomy":"post_tag","embeddable":true,"href":"https:\/\/www.rmcr.org\/en\/wp-json\/wp\/v2\/tags?post=18560"}],"curies":[{"name":"wp","href":"https:\/\/api.w.org\/{rel}","templated":true}]}}