{"id":183,"date":"2014-02-19T08:58:11","date_gmt":"2014-02-19T08:58:11","guid":{"rendered":"https:\/\/www.rmcr.org\/?p=183"},"modified":"2014-02-19T08:58:11","modified_gmt":"2014-02-19T08:58:11","slug":"admitidos-curso-de-tecnico-deportivo","status":"publish","type":"post","link":"https:\/\/www.rmcr.org\/en\/2014\/02\/19\/admitidos-curso-de-tecnico-deportivo\/","title":{"rendered":"Admitidos Curso de T\u00e9cnico Deportivo"},"content":{"rendered":"<p>El pasado lunes 17 de febrero se realizar\u00f3n las pruebas de acceso al Ciclo Inicial del Curso de T\u00e9cnico Deportivo.<\/p>\n<p><a href=\"https:\/\/www.rmcr.org\/wp-content\/uploads\/2014\/02\/relacion.pdf\">Pincha aqui para ver la relaci\u00f3n de Aptos.pdf<\/a><\/p>\n<p>Los aspirantes que hayan superado la prueba y deseen realizar el Ciclo Inicial del Curso en nuestra Escuela deber\u00e1n formalizar la inscripci\u00f3n en el mismo antes del martes 25 de febrero.<\/p>\n<p>El inicio del\u00a0 curso est\u00e1 previsto\u00a0 para\u00a0 el lunes 3 de marzo a las 10:00 h.<\/p>\n","protected":false},"excerpt":{"rendered":"<p>El pasado lunes 17 de febrero se realizar\u00f3n las pruebas de acceso al Ciclo Inicial del Curso de T\u00e9cnico Deportivo. Pincha aqui para ver la relaci\u00f3n de Aptos.pdf Los aspirantes que hayan superado la prueba y deseen realizar el Ciclo Inicial del Curso en nuestra Escuela deber\u00e1n formalizar la inscripci\u00f3n en el mismo antes del [&hellip;]<\/p>\n","protected":false},"author":7,"featured_media":118,"comment_status":"closed","ping_status":"open","sticky":false,"template":"","format":"standard","meta":{"footnotes":""},"categories":[56],"tags":[47],"class_list":["post-183","post","type-post","status-publish","format-standard","has-post-thumbnail","hentry","category-escuela-de-equitacion","tag-pruebas-de-acceso"],"yoast_head":"<!-- This site is optimized with the Yoast SEO plugin v27.5 - https:\/\/yoast.com\/product\/yoast-seo-wordpress\/ -->\n<title>Admitidos Curso de T\u00e9cnico Deportivo - Real Maestranza de Caballer\u00eda de Ronda<\/title>\n<meta name=\"robots\" content=\"index, follow, max-snippet:-1, max-image-preview:large, max-video-preview:-1\" \/>\n<link rel=\"canonical\" href=\"https:\/\/www.rmcr.org\/en\/2014\/02\/19\/admitidos-curso-de-tecnico-deportivo\/\" \/>\n<meta property=\"og:locale\" content=\"en_US\" \/>\n<meta property=\"og:type\" content=\"article\" \/>\n<meta property=\"og:title\" content=\"Admitidos Curso de T\u00e9cnico Deportivo - Real Maestranza de Caballer\u00eda de Ronda\" \/>\n<meta property=\"og:description\" content=\"El pasado lunes 17 de febrero se realizar\u00f3n las pruebas de acceso al Ciclo Inicial del Curso de T\u00e9cnico Deportivo. Pincha aqui para ver la relaci\u00f3n de Aptos.pdf Los aspirantes que hayan superado la prueba y deseen realizar el Ciclo Inicial del Curso en nuestra Escuela deber\u00e1n formalizar la inscripci\u00f3n en el mismo antes del [&hellip;]\" \/>\n<meta property=\"og:url\" content=\"https:\/\/www.rmcr.org\/en\/2014\/02\/19\/admitidos-curso-de-tecnico-deportivo\/\" \/>\n<meta property=\"og:site_name\" content=\"Real Maestranza de Caballer\u00eda de Ronda\" \/>\n<meta property=\"article:publisher\" content=\"https:\/\/www.facebook.com\/plazadetorosronda\" \/>\n<meta property=\"article:published_time\" content=\"2014-02-19T08:58:11+00:00\" \/>\n<meta property=\"og:image\" content=\"https:\/\/www.rmcr.org\/wp-content\/uploads\/2013\/12\/maestranza-082-scaled.jpg\" \/>\n\t<meta property=\"og:image:width\" content=\"2560\" \/>\n\t<meta property=\"og:image:height\" content=\"1809\" \/>\n\t<meta property=\"og:image:type\" content=\"image\/jpeg\" \/>\n<meta name=\"author\" content=\"RMCR\" \/>\n<meta name=\"twitter:card\" content=\"summary_large_image\" \/>\n<meta name=\"twitter:creator\" content=\"@PlazatorosRMR\" \/>\n<meta name=\"twitter:site\" content=\"@PlazatorosRMR\" \/>\n<meta name=\"twitter:label1\" content=\"Written by\" \/>\n\t<meta name=\"twitter:data1\" content=\"RMCR\" \/>\n<script type=\"application\/ld+json\" class=\"yoast-schema-graph\">{\"@context\":\"https:\\\/\\\/schema.org\",\"@graph\":[{\"@type\":\"Article\",\"@id\":\"https:\\\/\\\/www.rmcr.org\\\/en\\\/2014\\\/02\\\/19\\\/admitidos-curso-de-tecnico-deportivo\\\/#article\",\"isPartOf\":{\"@id\":\"https:\\\/\\\/www.rmcr.org\\\/en\\\/2014\\\/02\\\/19\\\/admitidos-curso-de-tecnico-deportivo\\\/\"},\"author\":{\"name\":\"RMCR\",\"@id\":\"https:\\\/\\\/www.rmcr.org\\\/en\\\/#\\\/schema\\\/person\\\/7ddd0dafda7edd0e407157f93a56df4f\"},\"headline\":\"Admitidos Curso de T\u00e9cnico Deportivo\",\"datePublished\":\"2014-02-19T08:58:11+00:00\",\"mainEntityOfPage\":{\"@id\":\"https:\\\/\\\/www.rmcr.org\\\/en\\\/2014\\\/02\\\/19\\\/admitidos-curso-de-tecnico-deportivo\\\/\"},\"wordCount\":83,\"publisher\":{\"@id\":\"https:\\\/\\\/www.rmcr.org\\\/en\\\/#organization\"},\"image\":{\"@id\":\"https:\\\/\\\/www.rmcr.org\\\/en\\\/2014\\\/02\\\/19\\\/admitidos-curso-de-tecnico-deportivo\\\/#primaryimage\"},\"thumbnailUrl\":\"https:\\\/\\\/www.rmcr.org\\\/wp-content\\\/uploads\\\/2013\\\/12\\\/maestranza-082-scaled.jpg\",\"keywords\":[\"Pruebas de Acceso\"],\"articleSection\":[\"Escuela de Equitaci\u00f3n\"],\"inLanguage\":\"en-US\"},{\"@type\":\"WebPage\",\"@id\":\"https:\\\/\\\/www.rmcr.org\\\/en\\\/2014\\\/02\\\/19\\\/admitidos-curso-de-tecnico-deportivo\\\/\",\"url\":\"https:\\\/\\\/www.rmcr.org\\\/en\\\/2014\\\/02\\\/19\\\/admitidos-curso-de-tecnico-deportivo\\\/\",\"name\":\"Admitidos Curso de T\u00e9cnico Deportivo - Real Maestranza de Caballer\u00eda de Ronda\",\"isPartOf\":{\"@id\":\"https:\\\/\\\/www.rmcr.org\\\/en\\\/#website\"},\"primaryImageOfPage\":{\"@id\":\"https:\\\/\\\/www.rmcr.org\\\/en\\\/2014\\\/02\\\/19\\\/admitidos-curso-de-tecnico-deportivo\\\/#primaryimage\"},\"image\":{\"@id\":\"https:\\\/\\\/www.rmcr.org\\\/en\\\/2014\\\/02\\\/19\\\/admitidos-curso-de-tecnico-deportivo\\\/#primaryimage\"},\"thumbnailUrl\":\"https:\\\/\\\/www.rmcr.org\\\/wp-content\\\/uploads\\\/2013\\\/12\\\/maestranza-082-scaled.jpg\",\"datePublished\":\"2014-02-19T08:58:11+00:00\",\"breadcrumb\":{\"@id\":\"https:\\\/\\\/www.rmcr.org\\\/en\\\/2014\\\/02\\\/19\\\/admitidos-curso-de-tecnico-deportivo\\\/#breadcrumb\"},\"inLanguage\":\"en-US\",\"potentialAction\":[{\"@type\":\"ReadAction\",\"target\":[\"https:\\\/\\\/www.rmcr.org\\\/en\\\/2014\\\/02\\\/19\\\/admitidos-curso-de-tecnico-deportivo\\\/\"]}]},{\"@type\":\"ImageObject\",\"inLanguage\":\"en-US\",\"@id\":\"https:\\\/\\\/www.rmcr.org\\\/en\\\/2014\\\/02\\\/19\\\/admitidos-curso-de-tecnico-deportivo\\\/#primaryimage\",\"url\":\"https:\\\/\\\/www.rmcr.org\\\/wp-content\\\/uploads\\\/2013\\\/12\\\/maestranza-082-scaled.jpg\",\"contentUrl\":\"https:\\\/\\\/www.rmcr.org\\\/wp-content\\\/uploads\\\/2013\\\/12\\\/maestranza-082-scaled.jpg\",\"width\":2560,\"height\":1809},{\"@type\":\"BreadcrumbList\",\"@id\":\"https:\\\/\\\/www.rmcr.org\\\/en\\\/2014\\\/02\\\/19\\\/admitidos-curso-de-tecnico-deportivo\\\/#breadcrumb\",\"itemListElement\":[{\"@type\":\"ListItem\",\"position\":1,\"name\":\"REAL MAESTRANZA DE CABALLER\u00cdA DE RONDA\",\"item\":\"https:\\\/\\\/www.rmcr.org\\\/en\\\/\"},{\"@type\":\"ListItem\",\"position\":2,\"name\":\"Admitidos Curso de T\u00e9cnico Deportivo\"}]},{\"@type\":\"WebSite\",\"@id\":\"https:\\\/\\\/www.rmcr.org\\\/en\\\/#website\",\"url\":\"https:\\\/\\\/www.rmcr.org\\\/en\\\/\",\"name\":\"Real Maestranza de Caballer\u00eda de Ronda\",\"description\":\"Real Maestranza de Caballer\u00eda de Ronda\",\"publisher\":{\"@id\":\"https:\\\/\\\/www.rmcr.org\\\/en\\\/#organization\"},\"alternateName\":\"RMCR\",\"potentialAction\":[{\"@type\":\"SearchAction\",\"target\":{\"@type\":\"EntryPoint\",\"urlTemplate\":\"https:\\\/\\\/www.rmcr.org\\\/en\\\/?s={search_term_string}\"},\"query-input\":{\"@type\":\"PropertyValueSpecification\",\"valueRequired\":true,\"valueName\":\"search_term_string\"}}],\"inLanguage\":\"en-US\"},{\"@type\":\"Organization\",\"@id\":\"https:\\\/\\\/www.rmcr.org\\\/en\\\/#organization\",\"name\":\"Real Maestranza de Caballer\u00eda de Ronda\",\"alternateName\":\"RMR\",\"url\":\"https:\\\/\\\/www.rmcr.org\\\/en\\\/\",\"logo\":{\"@type\":\"ImageObject\",\"inLanguage\":\"en-US\",\"@id\":\"https:\\\/\\\/www.rmcr.org\\\/en\\\/#\\\/schema\\\/logo\\\/image\\\/\",\"url\":\"https:\\\/\\\/www.rmcr.org\\\/wp-content\\\/uploads\\\/2022\\\/07\\\/logo-rmr-blue.svg\",\"contentUrl\":\"https:\\\/\\\/www.rmcr.org\\\/wp-content\\\/uploads\\\/2022\\\/07\\\/logo-rmr-blue.svg\",\"width\":131,\"height\":129,\"caption\":\"Real Maestranza de Caballer\u00eda de Ronda\"},\"image\":{\"@id\":\"https:\\\/\\\/www.rmcr.org\\\/en\\\/#\\\/schema\\\/logo\\\/image\\\/\"},\"sameAs\":[\"https:\\\/\\\/www.facebook.com\\\/plazadetorosronda\",\"https:\\\/\\\/x.com\\\/PlazatorosRMR\",\"https:\\\/\\\/www.instagram.com\\\/realmaestranzaderonda\\\/\",\"https:\\\/\\\/www.youtube.com\\\/channel\\\/UCrbO5IUN-8v_QML739vM4zg\\\/videos\"]},{\"@type\":\"Person\",\"@id\":\"https:\\\/\\\/www.rmcr.org\\\/en\\\/#\\\/schema\\\/person\\\/7ddd0dafda7edd0e407157f93a56df4f\",\"name\":\"RMCR\",\"image\":{\"@type\":\"ImageObject\",\"inLanguage\":\"en-US\",\"@id\":\"https:\\\/\\\/secure.gravatar.com\\\/avatar\\\/adb75798b50800c24baa6a8706037b9469998c49eddeb95935f50f633cff80bb?s=96&d=mm&r=g\",\"url\":\"https:\\\/\\\/secure.gravatar.com\\\/avatar\\\/adb75798b50800c24baa6a8706037b9469998c49eddeb95935f50f633cff80bb?s=96&d=mm&r=g\",\"contentUrl\":\"https:\\\/\\\/secure.gravatar.com\\\/avatar\\\/adb75798b50800c24baa6a8706037b9469998c49eddeb95935f50f633cff80bb?s=96&d=mm&r=g\",\"caption\":\"RMCR\"},\"url\":\"https:\\\/\\\/www.rmcr.org\\\/en\\\/author\\\/bitniks77\\\/\"}]}<\/script>\n<!-- \/ Yoast SEO plugin. -->","yoast_head_json":{"title":"Admitidos Curso de T\u00e9cnico Deportivo - Real Maestranza de Caballer\u00eda de Ronda","robots":{"index":"index","follow":"follow","max-snippet":"max-snippet:-1","max-image-preview":"max-image-preview:large","max-video-preview":"max-video-preview:-1"},"canonical":"https:\/\/www.rmcr.org\/en\/2014\/02\/19\/admitidos-curso-de-tecnico-deportivo\/","og_locale":"en_US","og_type":"article","og_title":"Admitidos Curso de T\u00e9cnico Deportivo - Real Maestranza de Caballer\u00eda de Ronda","og_description":"El pasado lunes 17 de febrero se realizar\u00f3n las pruebas de acceso al Ciclo Inicial del Curso de T\u00e9cnico Deportivo. Pincha aqui para ver la relaci\u00f3n de Aptos.pdf Los aspirantes que hayan superado la prueba y deseen realizar el Ciclo Inicial del Curso en nuestra Escuela deber\u00e1n formalizar la inscripci\u00f3n en el mismo antes del [&hellip;]","og_url":"https:\/\/www.rmcr.org\/en\/2014\/02\/19\/admitidos-curso-de-tecnico-deportivo\/","og_site_name":"Real Maestranza de Caballer\u00eda de Ronda","article_publisher":"https:\/\/www.facebook.com\/plazadetorosronda","article_published_time":"2014-02-19T08:58:11+00:00","og_image":[{"width":2560,"height":1809,"url":"https:\/\/www.rmcr.org\/wp-content\/uploads\/2013\/12\/maestranza-082-scaled.jpg","type":"image\/jpeg"}],"author":"RMCR","twitter_card":"summary_large_image","twitter_creator":"@PlazatorosRMR","twitter_site":"@PlazatorosRMR","twitter_misc":{"Written by":"RMCR"},"schema":{"@context":"https:\/\/schema.org","@graph":[{"@type":"Article","@id":"https:\/\/www.rmcr.org\/en\/2014\/02\/19\/admitidos-curso-de-tecnico-deportivo\/#article","isPartOf":{"@id":"https:\/\/www.rmcr.org\/en\/2014\/02\/19\/admitidos-curso-de-tecnico-deportivo\/"},"author":{"name":"RMCR","@id":"https:\/\/www.rmcr.org\/en\/#\/schema\/person\/7ddd0dafda7edd0e407157f93a56df4f"},"headline":"Admitidos Curso de T\u00e9cnico Deportivo","datePublished":"2014-02-19T08:58:11+00:00","mainEntityOfPage":{"@id":"https:\/\/www.rmcr.org\/en\/2014\/02\/19\/admitidos-curso-de-tecnico-deportivo\/"},"wordCount":83,"publisher":{"@id":"https:\/\/www.rmcr.org\/en\/#organization"},"image":{"@id":"https:\/\/www.rmcr.org\/en\/2014\/02\/19\/admitidos-curso-de-tecnico-deportivo\/#primaryimage"},"thumbnailUrl":"https:\/\/www.rmcr.org\/wp-content\/uploads\/2013\/12\/maestranza-082-scaled.jpg","keywords":["Pruebas de Acceso"],"articleSection":["Escuela de Equitaci\u00f3n"],"inLanguage":"en-US"},{"@type":"WebPage","@id":"https:\/\/www.rmcr.org\/en\/2014\/02\/19\/admitidos-curso-de-tecnico-deportivo\/","url":"https:\/\/www.rmcr.org\/en\/2014\/02\/19\/admitidos-curso-de-tecnico-deportivo\/","name":"Admitidos Curso de T\u00e9cnico Deportivo - Real Maestranza de Caballer\u00eda de Ronda","isPartOf":{"@id":"https:\/\/www.rmcr.org\/en\/#website"},"primaryImageOfPage":{"@id":"https:\/\/www.rmcr.org\/en\/2014\/02\/19\/admitidos-curso-de-tecnico-deportivo\/#primaryimage"},"image":{"@id":"https:\/\/www.rmcr.org\/en\/2014\/02\/19\/admitidos-curso-de-tecnico-deportivo\/#primaryimage"},"thumbnailUrl":"https:\/\/www.rmcr.org\/wp-content\/uploads\/2013\/12\/maestranza-082-scaled.jpg","datePublished":"2014-02-19T08:58:11+00:00","breadcrumb":{"@id":"https:\/\/www.rmcr.org\/en\/2014\/02\/19\/admitidos-curso-de-tecnico-deportivo\/#breadcrumb"},"inLanguage":"en-US","potentialAction":[{"@type":"ReadAction","target":["https:\/\/www.rmcr.org\/en\/2014\/02\/19\/admitidos-curso-de-tecnico-deportivo\/"]}]},{"@type":"ImageObject","inLanguage":"en-US","@id":"https:\/\/www.rmcr.org\/en\/2014\/02\/19\/admitidos-curso-de-tecnico-deportivo\/#primaryimage","url":"https:\/\/www.rmcr.org\/wp-content\/uploads\/2013\/12\/maestranza-082-scaled.jpg","contentUrl":"https:\/\/www.rmcr.org\/wp-content\/uploads\/2013\/12\/maestranza-082-scaled.jpg","width":2560,"height":1809},{"@type":"BreadcrumbList","@id":"https:\/\/www.rmcr.org\/en\/2014\/02\/19\/admitidos-curso-de-tecnico-deportivo\/#breadcrumb","itemListElement":[{"@type":"ListItem","position":1,"name":"REAL MAESTRANZA DE CABALLER\u00cdA DE RONDA","item":"https:\/\/www.rmcr.org\/en\/"},{"@type":"ListItem","position":2,"name":"Admitidos Curso de T\u00e9cnico Deportivo"}]},{"@type":"WebSite","@id":"https:\/\/www.rmcr.org\/en\/#website","url":"https:\/\/www.rmcr.org\/en\/","name":"Real Maestranza de Caballer\u00eda de Ronda","description":"Real Maestranza de Caballer\u00eda de Ronda","publisher":{"@id":"https:\/\/www.rmcr.org\/en\/#organization"},"alternateName":"RMCR","potentialAction":[{"@type":"SearchAction","target":{"@type":"EntryPoint","urlTemplate":"https:\/\/www.rmcr.org\/en\/?s={search_term_string}"},"query-input":{"@type":"PropertyValueSpecification","valueRequired":true,"valueName":"search_term_string"}}],"inLanguage":"en-US"},{"@type":"Organization","@id":"https:\/\/www.rmcr.org\/en\/#organization","name":"Real Maestranza de Caballer\u00eda de Ronda","alternateName":"RMR","url":"https:\/\/www.rmcr.org\/en\/","logo":{"@type":"ImageObject","inLanguage":"en-US","@id":"https:\/\/www.rmcr.org\/en\/#\/schema\/logo\/image\/","url":"https:\/\/www.rmcr.org\/wp-content\/uploads\/2022\/07\/logo-rmr-blue.svg","contentUrl":"https:\/\/www.rmcr.org\/wp-content\/uploads\/2022\/07\/logo-rmr-blue.svg","width":131,"height":129,"caption":"Real Maestranza de Caballer\u00eda de Ronda"},"image":{"@id":"https:\/\/www.rmcr.org\/en\/#\/schema\/logo\/image\/"},"sameAs":["https:\/\/www.facebook.com\/plazadetorosronda","https:\/\/x.com\/PlazatorosRMR","https:\/\/www.instagram.com\/realmaestranzaderonda\/","https:\/\/www.youtube.com\/channel\/UCrbO5IUN-8v_QML739vM4zg\/videos"]},{"@type":"Person","@id":"https:\/\/www.rmcr.org\/en\/#\/schema\/person\/7ddd0dafda7edd0e407157f93a56df4f","name":"RMCR","image":{"@type":"ImageObject","inLanguage":"en-US","@id":"https:\/\/secure.gravatar.com\/avatar\/adb75798b50800c24baa6a8706037b9469998c49eddeb95935f50f633cff80bb?s=96&d=mm&r=g","url":"https:\/\/secure.gravatar.com\/avatar\/adb75798b50800c24baa6a8706037b9469998c49eddeb95935f50f633cff80bb?s=96&d=mm&r=g","contentUrl":"https:\/\/secure.gravatar.com\/avatar\/adb75798b50800c24baa6a8706037b9469998c49eddeb95935f50f633cff80bb?s=96&d=mm&r=g","caption":"RMCR"},"url":"https:\/\/www.rmcr.org\/en\/author\/bitniks77\/"}]}},"_links":{"self":[{"href":"https:\/\/www.rmcr.org\/en\/wp-json\/wp\/v2\/posts\/183","targetHints":{"allow":["GET"]}}],"collection":[{"href":"https:\/\/www.rmcr.org\/en\/wp-json\/wp\/v2\/posts"}],"about":[{"href":"https:\/\/www.rmcr.org\/en\/wp-json\/wp\/v2\/types\/post"}],"author":[{"embeddable":true,"href":"https:\/\/www.rmcr.org\/en\/wp-json\/wp\/v2\/users\/7"}],"replies":[{"embeddable":true,"href":"https:\/\/www.rmcr.org\/en\/wp-json\/wp\/v2\/comments?post=183"}],"version-history":[{"count":0,"href":"https:\/\/www.rmcr.org\/en\/wp-json\/wp\/v2\/posts\/183\/revisions"}],"wp:featuredmedia":[{"embeddable":true,"href":"https:\/\/www.rmcr.org\/en\/wp-json\/wp\/v2\/media\/118"}],"wp:attachment":[{"href":"https:\/\/www.rmcr.org\/en\/wp-json\/wp\/v2\/media?parent=183"}],"wp:term":[{"taxonomy":"category","embeddable":true,"href":"https:\/\/www.rmcr.org\/en\/wp-json\/wp\/v2\/categories?post=183"},{"taxonomy":"post_tag","embeddable":true,"href":"https:\/\/www.rmcr.org\/en\/wp-json\/wp\/v2\/tags?post=183"}],"curies":[{"name":"wp","href":"https:\/\/api.w.org\/{rel}","templated":true}]}}