{"id":182,"date":"2015-05-11T11:21:19","date_gmt":"2015-05-11T11:21:19","guid":{"rendered":"https:\/\/www.rmcr.org\/?p=182"},"modified":"2015-05-11T11:21:19","modified_gmt":"2015-05-11T11:21:19","slug":"tres-companeros-de-la-rmr-participaron-en-los-101kms","status":"publish","type":"post","link":"https:\/\/www.rmcr.org\/en\/2015\/05\/11\/tres-companeros-de-la-rmr-participaron-en-los-101kms\/","title":{"rendered":"Tres compa\u00f1eros de la RMR participaron en los 101Kms"},"content":{"rendered":"<p><strong>El pasado 9 de mayo tuvo lugar la 18\u00ba edici\u00f3n de la prueba 101kms en 24 horas que organiza la Legi\u00f3n, tres compa\u00f1eros de la Escuela de Equitaci\u00f3n de la Real Maestranza de Caballer\u00eda de Ronda participaron como marchadores.<\/strong><\/p>\n<figure id=\"attachment_183\" aria-describedby=\"caption-attachment-183\" style=\"width: 470px\" class=\"wp-caption aligncenter\"><a href=\"https:\/\/www.rmcr.org\/wp-content\/uploads\/2015\/05\/img_0394.jpg\"><img fetchpriority=\"high\" decoding=\"async\" class=\"size-large wp-image-183\" src=\"https:\/\/www.rmcr.org\/wp-content\/uploads\/2015\/05\/img_0394.jpg?w=470\" alt=\"Compa\u00f1eros de la Real Maestranza de Ronda compiten en los 101 Kms\" width=\"470\" height=\"313\" \/><\/a><figcaption id=\"caption-attachment-183\" class=\"wp-caption-text\">Compa\u00f1eros de la Real Maestranza de Ronda compiten en los 101 Kms<\/figcaption><\/figure>\n<p style=\"text-align:center;\"><em>Juan Heredia, Ant\u00f3n V\u00e1zquez y Alex Ca\u00f1estro participaron en los 101 km<\/em><\/p>\n<p>Juan Heredia, Director de la Escuela de Equitaci\u00f3n de la RMR, participaba por segundo a\u00f1o consecutivo en los 101Kms. El a\u00f1o pasado no consigui\u00f3 llegar a la meta pero, en esta edici\u00f3n, a pesar de llevar varias semanas lesionado, logr\u00f3 completar el recorrido. Junto a \u00e9l llegaba, algo antes de las diez de la ma\u00f1ana, Ant\u00f3n V\u00e1zquez, profesor de la Escuela de Equitaci\u00f3n, que corr\u00eda por primera vez.<\/p>\n<p>Lamentablemente, Alex Ca\u00f1estro, mozo de cuadras, no pudo alcanzar la meta, era su tercera vez en esta prueba, y el a\u00f1o que viene volver\u00e1 a intentarlo. \u201cAl retirarse, se siente impotencia y una gran tristeza, es rabia, es decepci\u00f3n\u2026\u201d, comenta Alex.<\/p>\n<p>Para Ant\u00f3n ha sido una experiencia inolvidable: \u201ccorrer los 101 kil\u00f3metros es incre\u00edble, es realmente una experiencia de vida, cuando uno corre esta prueba aprende lo importante que es saber sufrir e ir siempre hacia adelante, en la vida hay muchas situaciones en las que se presentan dificultades y problemas pero cuando quieres algo, si te sacrificas, se puede conseguir. De hecho, lo que me gustar\u00eda es que mi hijo, que ahora tiene 15 a\u00f1os, pueda participar tambi\u00e9n cuando cumpla 18\u201d.<\/p>\n<p>Nuestros tres compa\u00f1eros coinciden en resaltar la emoci\u00f3n que se siente cuando toda la gente de Ronda y la comarca se vuelca con los participantes. \u201cAl principio hay ilusi\u00f3n y tambi\u00e9n muchos nervios, pero la gente se da cuenta de lo que est\u00e1s haciendo y sientes que te llevan en volandas\u201d, subraya Ant\u00f3n.<\/p>\n<p>Para Juan, es destacable c\u00f3mo La Legi\u00f3n transmite los valores de compa\u00f1erismo, sufrimiento y voluntad de vencer. \u201cLa Legi\u00f3n te impregna de todo eso, son 600 personas en la organizaci\u00f3n que est\u00e1n totalmente implicadas y si hay 7.000 participantes, un legionario repite 7.000 veces las mismas palabras de aliento; al final tienen la voz ronca, pero su apoyo y su \u00e1nimo nunca decaen\u201d. \u201cEn esta prueba es fundamental el equipo, a\u00f1ade Ant\u00f3n, se sufre en equipo para conseguir una meta, pero el equipo no es solo nosotros -Juan, Alex, yo\u2026- el equipo son las 7.000 personas y toda la organizaci\u00f3n\u201d.<\/p>\n<p>Este a\u00f1o hasido la primera vez que la carrera pasaba por el Ruedo de la Real Maestranza de Ronda. \u201cEntrar en la Plaza es un subid\u00f3n de energ\u00eda\u201d, dice Ant\u00f3n. \u201cLa Plaza es un s\u00edmbolo de Ronda, como lo es el Puente Nuevo y como es La Legi\u00f3n, por eso tambi\u00e9n tiene que formar parte de los 101Kms\u201d, a\u00f1ade Juan.<\/p>\n<p style=\"text-align:center;\"><a href=\"https:\/\/www.rmcr.org\/wp-content\/uploads\/2015\/05\/pc3bablico-en-plaza-en-los-101-km.jpg\"><img decoding=\"async\" class=\"aligncenter wp-image-190 size-large\" title=\"El p\u00fablico de Ronda y la comarca anim\u00f3 a los corredores desde el Tendido\" src=\"https:\/\/www.rmcr.org\/wp-content\/uploads\/2015\/05\/pc3bablico-en-plaza-en-los-101-km.jpg?w=470\" alt=\"\" width=\"470\" height=\"304\" \/><\/a><em>El p\u00fablico de Ronda y la comarca anim\u00f3 a los corredores desde el Tendido<\/em><\/p>\n","protected":false},"excerpt":{"rendered":"<p>El pasado 9 de mayo tuvo lugar la 18\u00ba edici\u00f3n de la prueba 101kms en 24 horas que organiza la Legi\u00f3n, tres compa\u00f1eros de la Escuela de Equitaci\u00f3n de la Real Maestranza de Caballer\u00eda de Ronda participaron como marchadores. Juan Heredia, Ant\u00f3n V\u00e1zquez y Alex Ca\u00f1estro participaron en los 101 km Juan Heredia, Director de [&hellip;]<\/p>\n","protected":false},"author":7,"featured_media":187,"comment_status":"open","ping_status":"open","sticky":false,"template":"","format":"standard","meta":{"footnotes":""},"categories":[277,301],"tags":[306],"class_list":["post-182","post","type-post","status-publish","format-standard","has-post-thumbnail","hentry","category-plaza-de-toros","category-real-maestranza","tag-101kms"],"yoast_head":"<!-- This site is optimized with the Yoast SEO plugin v27.5 - https:\/\/yoast.com\/product\/yoast-seo-wordpress\/ -->\n<title>Tres compa\u00f1eros de la RMR participaron en los 101Kms - Real Maestranza de Caballer\u00eda de Ronda<\/title>\n<meta name=\"robots\" content=\"index, follow, max-snippet:-1, max-image-preview:large, max-video-preview:-1\" \/>\n<link rel=\"canonical\" href=\"https:\/\/www.rmcr.org\/en\/2015\/05\/11\/tres-companeros-de-la-rmr-participaron-en-los-101kms\/\" \/>\n<meta property=\"og:locale\" content=\"en_US\" \/>\n<meta property=\"og:type\" content=\"article\" \/>\n<meta property=\"og:title\" content=\"Tres compa\u00f1eros de la RMR participaron en los 101Kms - Real Maestranza de Caballer\u00eda de Ronda\" \/>\n<meta property=\"og:description\" content=\"El pasado 9 de mayo tuvo lugar la 18\u00ba edici\u00f3n de la prueba 101kms en 24 horas que organiza la Legi\u00f3n, tres compa\u00f1eros de la Escuela de Equitaci\u00f3n de la Real Maestranza de Caballer\u00eda de Ronda participaron como marchadores. Juan Heredia, Ant\u00f3n V\u00e1zquez y Alex Ca\u00f1estro participaron en los 101 km Juan Heredia, Director de [&hellip;]\" \/>\n<meta property=\"og:url\" content=\"https:\/\/www.rmcr.org\/en\/2015\/05\/11\/tres-companeros-de-la-rmr-participaron-en-los-101kms\/\" \/>\n<meta property=\"og:site_name\" content=\"Real Maestranza de Caballer\u00eda de Ronda\" \/>\n<meta property=\"article:publisher\" content=\"https:\/\/www.facebook.com\/plazadetorosronda\" \/>\n<meta property=\"article:published_time\" content=\"2015-05-11T11:21:19+00:00\" \/>\n<meta property=\"og:image\" content=\"https:\/\/www.rmcr.org\/wp-content\/uploads\/2015\/05\/compac3b1eros-de-la-rmr-en-101-scaled.jpg\" \/>\n\t<meta property=\"og:image:width\" content=\"2560\" \/>\n\t<meta property=\"og:image:height\" content=\"1189\" \/>\n\t<meta property=\"og:image:type\" content=\"image\/jpeg\" \/>\n<meta name=\"author\" content=\"RMCR\" \/>\n<meta name=\"twitter:card\" content=\"summary_large_image\" \/>\n<meta name=\"twitter:creator\" content=\"@PlazatorosRMR\" \/>\n<meta name=\"twitter:site\" content=\"@PlazatorosRMR\" \/>\n<meta name=\"twitter:label1\" content=\"Written by\" \/>\n\t<meta name=\"twitter:data1\" content=\"RMCR\" \/>\n\t<meta name=\"twitter:label2\" content=\"Est. reading time\" \/>\n\t<meta name=\"twitter:data2\" content=\"3 minutes\" \/>\n<script type=\"application\/ld+json\" class=\"yoast-schema-graph\">{\"@context\":\"https:\\\/\\\/schema.org\",\"@graph\":[{\"@type\":\"Article\",\"@id\":\"https:\\\/\\\/www.rmcr.org\\\/en\\\/2015\\\/05\\\/11\\\/tres-companeros-de-la-rmr-participaron-en-los-101kms\\\/#article\",\"isPartOf\":{\"@id\":\"https:\\\/\\\/www.rmcr.org\\\/en\\\/2015\\\/05\\\/11\\\/tres-companeros-de-la-rmr-participaron-en-los-101kms\\\/\"},\"author\":{\"name\":\"RMCR\",\"@id\":\"https:\\\/\\\/www.rmcr.org\\\/en\\\/#\\\/schema\\\/person\\\/7ddd0dafda7edd0e407157f93a56df4f\"},\"headline\":\"Tres compa\u00f1eros de la RMR participaron en los 101Kms\",\"datePublished\":\"2015-05-11T11:21:19+00:00\",\"mainEntityOfPage\":{\"@id\":\"https:\\\/\\\/www.rmcr.org\\\/en\\\/2015\\\/05\\\/11\\\/tres-companeros-de-la-rmr-participaron-en-los-101kms\\\/\"},\"wordCount\":537,\"commentCount\":0,\"publisher\":{\"@id\":\"https:\\\/\\\/www.rmcr.org\\\/en\\\/#organization\"},\"image\":{\"@id\":\"https:\\\/\\\/www.rmcr.org\\\/en\\\/2015\\\/05\\\/11\\\/tres-companeros-de-la-rmr-participaron-en-los-101kms\\\/#primaryimage\"},\"thumbnailUrl\":\"https:\\\/\\\/www.rmcr.org\\\/wp-content\\\/uploads\\\/2015\\\/05\\\/compac3b1eros-de-la-rmr-en-101-scaled.jpg\",\"keywords\":[\"101kms\"],\"articleSection\":[\"Plaza de Toros\",\"Real Maestranza\"],\"inLanguage\":\"en-US\",\"potentialAction\":[{\"@type\":\"CommentAction\",\"name\":\"Comment\",\"target\":[\"https:\\\/\\\/www.rmcr.org\\\/en\\\/2015\\\/05\\\/11\\\/tres-companeros-de-la-rmr-participaron-en-los-101kms\\\/#respond\"]}]},{\"@type\":\"WebPage\",\"@id\":\"https:\\\/\\\/www.rmcr.org\\\/en\\\/2015\\\/05\\\/11\\\/tres-companeros-de-la-rmr-participaron-en-los-101kms\\\/\",\"url\":\"https:\\\/\\\/www.rmcr.org\\\/en\\\/2015\\\/05\\\/11\\\/tres-companeros-de-la-rmr-participaron-en-los-101kms\\\/\",\"name\":\"Tres compa\u00f1eros de la RMR participaron en los 101Kms - Real Maestranza de Caballer\u00eda de Ronda\",\"isPartOf\":{\"@id\":\"https:\\\/\\\/www.rmcr.org\\\/en\\\/#website\"},\"primaryImageOfPage\":{\"@id\":\"https:\\\/\\\/www.rmcr.org\\\/en\\\/2015\\\/05\\\/11\\\/tres-companeros-de-la-rmr-participaron-en-los-101kms\\\/#primaryimage\"},\"image\":{\"@id\":\"https:\\\/\\\/www.rmcr.org\\\/en\\\/2015\\\/05\\\/11\\\/tres-companeros-de-la-rmr-participaron-en-los-101kms\\\/#primaryimage\"},\"thumbnailUrl\":\"https:\\\/\\\/www.rmcr.org\\\/wp-content\\\/uploads\\\/2015\\\/05\\\/compac3b1eros-de-la-rmr-en-101-scaled.jpg\",\"datePublished\":\"2015-05-11T11:21:19+00:00\",\"breadcrumb\":{\"@id\":\"https:\\\/\\\/www.rmcr.org\\\/en\\\/2015\\\/05\\\/11\\\/tres-companeros-de-la-rmr-participaron-en-los-101kms\\\/#breadcrumb\"},\"inLanguage\":\"en-US\",\"potentialAction\":[{\"@type\":\"ReadAction\",\"target\":[\"https:\\\/\\\/www.rmcr.org\\\/en\\\/2015\\\/05\\\/11\\\/tres-companeros-de-la-rmr-participaron-en-los-101kms\\\/\"]}]},{\"@type\":\"ImageObject\",\"inLanguage\":\"en-US\",\"@id\":\"https:\\\/\\\/www.rmcr.org\\\/en\\\/2015\\\/05\\\/11\\\/tres-companeros-de-la-rmr-participaron-en-los-101kms\\\/#primaryimage\",\"url\":\"https:\\\/\\\/www.rmcr.org\\\/wp-content\\\/uploads\\\/2015\\\/05\\\/compac3b1eros-de-la-rmr-en-101-scaled.jpg\",\"contentUrl\":\"https:\\\/\\\/www.rmcr.org\\\/wp-content\\\/uploads\\\/2015\\\/05\\\/compac3b1eros-de-la-rmr-en-101-scaled.jpg\",\"width\":2560,\"height\":1189,\"caption\":\"Juan Heredia, Ant\u00f3n V\u00e1zquez y Alex Ca\u00f1estro en los 101km\"},{\"@type\":\"BreadcrumbList\",\"@id\":\"https:\\\/\\\/www.rmcr.org\\\/en\\\/2015\\\/05\\\/11\\\/tres-companeros-de-la-rmr-participaron-en-los-101kms\\\/#breadcrumb\",\"itemListElement\":[{\"@type\":\"ListItem\",\"position\":1,\"name\":\"REAL MAESTRANZA DE CABALLER\u00cdA DE RONDA\",\"item\":\"https:\\\/\\\/www.rmcr.org\\\/en\\\/\"},{\"@type\":\"ListItem\",\"position\":2,\"name\":\"Tres compa\u00f1eros de la RMR participaron en los 101Kms\"}]},{\"@type\":\"WebSite\",\"@id\":\"https:\\\/\\\/www.rmcr.org\\\/en\\\/#website\",\"url\":\"https:\\\/\\\/www.rmcr.org\\\/en\\\/\",\"name\":\"Real Maestranza de Caballer\u00eda de Ronda\",\"description\":\"Real Maestranza de Caballer\u00eda de Ronda\",\"publisher\":{\"@id\":\"https:\\\/\\\/www.rmcr.org\\\/en\\\/#organization\"},\"alternateName\":\"RMCR\",\"potentialAction\":[{\"@type\":\"SearchAction\",\"target\":{\"@type\":\"EntryPoint\",\"urlTemplate\":\"https:\\\/\\\/www.rmcr.org\\\/en\\\/?s={search_term_string}\"},\"query-input\":{\"@type\":\"PropertyValueSpecification\",\"valueRequired\":true,\"valueName\":\"search_term_string\"}}],\"inLanguage\":\"en-US\"},{\"@type\":\"Organization\",\"@id\":\"https:\\\/\\\/www.rmcr.org\\\/en\\\/#organization\",\"name\":\"Real Maestranza de Caballer\u00eda de Ronda\",\"alternateName\":\"RMR\",\"url\":\"https:\\\/\\\/www.rmcr.org\\\/en\\\/\",\"logo\":{\"@type\":\"ImageObject\",\"inLanguage\":\"en-US\",\"@id\":\"https:\\\/\\\/www.rmcr.org\\\/en\\\/#\\\/schema\\\/logo\\\/image\\\/\",\"url\":\"https:\\\/\\\/www.rmcr.org\\\/wp-content\\\/uploads\\\/2022\\\/07\\\/logo-rmr-blue.svg\",\"contentUrl\":\"https:\\\/\\\/www.rmcr.org\\\/wp-content\\\/uploads\\\/2022\\\/07\\\/logo-rmr-blue.svg\",\"width\":131,\"height\":129,\"caption\":\"Real Maestranza de Caballer\u00eda de Ronda\"},\"image\":{\"@id\":\"https:\\\/\\\/www.rmcr.org\\\/en\\\/#\\\/schema\\\/logo\\\/image\\\/\"},\"sameAs\":[\"https:\\\/\\\/www.facebook.com\\\/plazadetorosronda\",\"https:\\\/\\\/x.com\\\/PlazatorosRMR\",\"https:\\\/\\\/www.instagram.com\\\/realmaestranzaderonda\\\/\",\"https:\\\/\\\/www.youtube.com\\\/channel\\\/UCrbO5IUN-8v_QML739vM4zg\\\/videos\"]},{\"@type\":\"Person\",\"@id\":\"https:\\\/\\\/www.rmcr.org\\\/en\\\/#\\\/schema\\\/person\\\/7ddd0dafda7edd0e407157f93a56df4f\",\"name\":\"RMCR\",\"image\":{\"@type\":\"ImageObject\",\"inLanguage\":\"en-US\",\"@id\":\"https:\\\/\\\/secure.gravatar.com\\\/avatar\\\/adb75798b50800c24baa6a8706037b9469998c49eddeb95935f50f633cff80bb?s=96&d=mm&r=g\",\"url\":\"https:\\\/\\\/secure.gravatar.com\\\/avatar\\\/adb75798b50800c24baa6a8706037b9469998c49eddeb95935f50f633cff80bb?s=96&d=mm&r=g\",\"contentUrl\":\"https:\\\/\\\/secure.gravatar.com\\\/avatar\\\/adb75798b50800c24baa6a8706037b9469998c49eddeb95935f50f633cff80bb?s=96&d=mm&r=g\",\"caption\":\"RMCR\"},\"url\":\"https:\\\/\\\/www.rmcr.org\\\/en\\\/author\\\/bitniks77\\\/\"}]}<\/script>\n<!-- \/ Yoast SEO plugin. -->","yoast_head_json":{"title":"Tres compa\u00f1eros de la RMR participaron en los 101Kms - Real Maestranza de Caballer\u00eda de Ronda","robots":{"index":"index","follow":"follow","max-snippet":"max-snippet:-1","max-image-preview":"max-image-preview:large","max-video-preview":"max-video-preview:-1"},"canonical":"https:\/\/www.rmcr.org\/en\/2015\/05\/11\/tres-companeros-de-la-rmr-participaron-en-los-101kms\/","og_locale":"en_US","og_type":"article","og_title":"Tres compa\u00f1eros de la RMR participaron en los 101Kms - Real Maestranza de Caballer\u00eda de Ronda","og_description":"El pasado 9 de mayo tuvo lugar la 18\u00ba edici\u00f3n de la prueba 101kms en 24 horas que organiza la Legi\u00f3n, tres compa\u00f1eros de la Escuela de Equitaci\u00f3n de la Real Maestranza de Caballer\u00eda de Ronda participaron como marchadores. Juan Heredia, Ant\u00f3n V\u00e1zquez y Alex Ca\u00f1estro participaron en los 101 km Juan Heredia, Director de [&hellip;]","og_url":"https:\/\/www.rmcr.org\/en\/2015\/05\/11\/tres-companeros-de-la-rmr-participaron-en-los-101kms\/","og_site_name":"Real Maestranza de Caballer\u00eda de Ronda","article_publisher":"https:\/\/www.facebook.com\/plazadetorosronda","article_published_time":"2015-05-11T11:21:19+00:00","og_image":[{"width":2560,"height":1189,"url":"https:\/\/www.rmcr.org\/wp-content\/uploads\/2015\/05\/compac3b1eros-de-la-rmr-en-101-scaled.jpg","type":"image\/jpeg"}],"author":"RMCR","twitter_card":"summary_large_image","twitter_creator":"@PlazatorosRMR","twitter_site":"@PlazatorosRMR","twitter_misc":{"Written by":"RMCR","Est. reading time":"3 minutes"},"schema":{"@context":"https:\/\/schema.org","@graph":[{"@type":"Article","@id":"https:\/\/www.rmcr.org\/en\/2015\/05\/11\/tres-companeros-de-la-rmr-participaron-en-los-101kms\/#article","isPartOf":{"@id":"https:\/\/www.rmcr.org\/en\/2015\/05\/11\/tres-companeros-de-la-rmr-participaron-en-los-101kms\/"},"author":{"name":"RMCR","@id":"https:\/\/www.rmcr.org\/en\/#\/schema\/person\/7ddd0dafda7edd0e407157f93a56df4f"},"headline":"Tres compa\u00f1eros de la RMR participaron en los 101Kms","datePublished":"2015-05-11T11:21:19+00:00","mainEntityOfPage":{"@id":"https:\/\/www.rmcr.org\/en\/2015\/05\/11\/tres-companeros-de-la-rmr-participaron-en-los-101kms\/"},"wordCount":537,"commentCount":0,"publisher":{"@id":"https:\/\/www.rmcr.org\/en\/#organization"},"image":{"@id":"https:\/\/www.rmcr.org\/en\/2015\/05\/11\/tres-companeros-de-la-rmr-participaron-en-los-101kms\/#primaryimage"},"thumbnailUrl":"https:\/\/www.rmcr.org\/wp-content\/uploads\/2015\/05\/compac3b1eros-de-la-rmr-en-101-scaled.jpg","keywords":["101kms"],"articleSection":["Plaza de Toros","Real Maestranza"],"inLanguage":"en-US","potentialAction":[{"@type":"CommentAction","name":"Comment","target":["https:\/\/www.rmcr.org\/en\/2015\/05\/11\/tres-companeros-de-la-rmr-participaron-en-los-101kms\/#respond"]}]},{"@type":"WebPage","@id":"https:\/\/www.rmcr.org\/en\/2015\/05\/11\/tres-companeros-de-la-rmr-participaron-en-los-101kms\/","url":"https:\/\/www.rmcr.org\/en\/2015\/05\/11\/tres-companeros-de-la-rmr-participaron-en-los-101kms\/","name":"Tres compa\u00f1eros de la RMR participaron en los 101Kms - Real Maestranza de Caballer\u00eda de Ronda","isPartOf":{"@id":"https:\/\/www.rmcr.org\/en\/#website"},"primaryImageOfPage":{"@id":"https:\/\/www.rmcr.org\/en\/2015\/05\/11\/tres-companeros-de-la-rmr-participaron-en-los-101kms\/#primaryimage"},"image":{"@id":"https:\/\/www.rmcr.org\/en\/2015\/05\/11\/tres-companeros-de-la-rmr-participaron-en-los-101kms\/#primaryimage"},"thumbnailUrl":"https:\/\/www.rmcr.org\/wp-content\/uploads\/2015\/05\/compac3b1eros-de-la-rmr-en-101-scaled.jpg","datePublished":"2015-05-11T11:21:19+00:00","breadcrumb":{"@id":"https:\/\/www.rmcr.org\/en\/2015\/05\/11\/tres-companeros-de-la-rmr-participaron-en-los-101kms\/#breadcrumb"},"inLanguage":"en-US","potentialAction":[{"@type":"ReadAction","target":["https:\/\/www.rmcr.org\/en\/2015\/05\/11\/tres-companeros-de-la-rmr-participaron-en-los-101kms\/"]}]},{"@type":"ImageObject","inLanguage":"en-US","@id":"https:\/\/www.rmcr.org\/en\/2015\/05\/11\/tres-companeros-de-la-rmr-participaron-en-los-101kms\/#primaryimage","url":"https:\/\/www.rmcr.org\/wp-content\/uploads\/2015\/05\/compac3b1eros-de-la-rmr-en-101-scaled.jpg","contentUrl":"https:\/\/www.rmcr.org\/wp-content\/uploads\/2015\/05\/compac3b1eros-de-la-rmr-en-101-scaled.jpg","width":2560,"height":1189,"caption":"Juan Heredia, Ant\u00f3n V\u00e1zquez y Alex Ca\u00f1estro en los 101km"},{"@type":"BreadcrumbList","@id":"https:\/\/www.rmcr.org\/en\/2015\/05\/11\/tres-companeros-de-la-rmr-participaron-en-los-101kms\/#breadcrumb","itemListElement":[{"@type":"ListItem","position":1,"name":"REAL MAESTRANZA DE CABALLER\u00cdA DE RONDA","item":"https:\/\/www.rmcr.org\/en\/"},{"@type":"ListItem","position":2,"name":"Tres compa\u00f1eros de la RMR participaron en los 101Kms"}]},{"@type":"WebSite","@id":"https:\/\/www.rmcr.org\/en\/#website","url":"https:\/\/www.rmcr.org\/en\/","name":"Real Maestranza de Caballer\u00eda de Ronda","description":"Real Maestranza de Caballer\u00eda de Ronda","publisher":{"@id":"https:\/\/www.rmcr.org\/en\/#organization"},"alternateName":"RMCR","potentialAction":[{"@type":"SearchAction","target":{"@type":"EntryPoint","urlTemplate":"https:\/\/www.rmcr.org\/en\/?s={search_term_string}"},"query-input":{"@type":"PropertyValueSpecification","valueRequired":true,"valueName":"search_term_string"}}],"inLanguage":"en-US"},{"@type":"Organization","@id":"https:\/\/www.rmcr.org\/en\/#organization","name":"Real Maestranza de Caballer\u00eda de Ronda","alternateName":"RMR","url":"https:\/\/www.rmcr.org\/en\/","logo":{"@type":"ImageObject","inLanguage":"en-US","@id":"https:\/\/www.rmcr.org\/en\/#\/schema\/logo\/image\/","url":"https:\/\/www.rmcr.org\/wp-content\/uploads\/2022\/07\/logo-rmr-blue.svg","contentUrl":"https:\/\/www.rmcr.org\/wp-content\/uploads\/2022\/07\/logo-rmr-blue.svg","width":131,"height":129,"caption":"Real Maestranza de Caballer\u00eda de Ronda"},"image":{"@id":"https:\/\/www.rmcr.org\/en\/#\/schema\/logo\/image\/"},"sameAs":["https:\/\/www.facebook.com\/plazadetorosronda","https:\/\/x.com\/PlazatorosRMR","https:\/\/www.instagram.com\/realmaestranzaderonda\/","https:\/\/www.youtube.com\/channel\/UCrbO5IUN-8v_QML739vM4zg\/videos"]},{"@type":"Person","@id":"https:\/\/www.rmcr.org\/en\/#\/schema\/person\/7ddd0dafda7edd0e407157f93a56df4f","name":"RMCR","image":{"@type":"ImageObject","inLanguage":"en-US","@id":"https:\/\/secure.gravatar.com\/avatar\/adb75798b50800c24baa6a8706037b9469998c49eddeb95935f50f633cff80bb?s=96&d=mm&r=g","url":"https:\/\/secure.gravatar.com\/avatar\/adb75798b50800c24baa6a8706037b9469998c49eddeb95935f50f633cff80bb?s=96&d=mm&r=g","contentUrl":"https:\/\/secure.gravatar.com\/avatar\/adb75798b50800c24baa6a8706037b9469998c49eddeb95935f50f633cff80bb?s=96&d=mm&r=g","caption":"RMCR"},"url":"https:\/\/www.rmcr.org\/en\/author\/bitniks77\/"}]}},"_links":{"self":[{"href":"https:\/\/www.rmcr.org\/en\/wp-json\/wp\/v2\/posts\/182","targetHints":{"allow":["GET"]}}],"collection":[{"href":"https:\/\/www.rmcr.org\/en\/wp-json\/wp\/v2\/posts"}],"about":[{"href":"https:\/\/www.rmcr.org\/en\/wp-json\/wp\/v2\/types\/post"}],"author":[{"embeddable":true,"href":"https:\/\/www.rmcr.org\/en\/wp-json\/wp\/v2\/users\/7"}],"replies":[{"embeddable":true,"href":"https:\/\/www.rmcr.org\/en\/wp-json\/wp\/v2\/comments?post=182"}],"version-history":[{"count":0,"href":"https:\/\/www.rmcr.org\/en\/wp-json\/wp\/v2\/posts\/182\/revisions"}],"wp:featuredmedia":[{"embeddable":true,"href":"https:\/\/www.rmcr.org\/en\/wp-json\/wp\/v2\/media\/187"}],"wp:attachment":[{"href":"https:\/\/www.rmcr.org\/en\/wp-json\/wp\/v2\/media?parent=182"}],"wp:term":[{"taxonomy":"category","embeddable":true,"href":"https:\/\/www.rmcr.org\/en\/wp-json\/wp\/v2\/categories?post=182"},{"taxonomy":"post_tag","embeddable":true,"href":"https:\/\/www.rmcr.org\/en\/wp-json\/wp\/v2\/tags?post=182"}],"curies":[{"name":"wp","href":"https:\/\/api.w.org\/{rel}","templated":true}]}}