{"id":17843,"date":"2023-08-07T11:47:03","date_gmt":"2023-08-07T11:47:03","guid":{"rendered":"https:\/\/www.rmcr.org\/?p=17843"},"modified":"2025-05-28T07:55:29","modified_gmt":"2025-05-28T07:55:29","slug":"convocatoria-del-curso-de-tecnico-deportivo-2023-24","status":"publish","type":"post","link":"https:\/\/www.rmcr.org\/en\/2023\/08\/07\/convocatoria-del-curso-de-tecnico-deportivo-2023-24\/","title":{"rendered":"Convocatoria del Curso de T\u00e9cnico Deportivo 2023-24"},"content":{"rendered":"\n<p>La Real Maestranza de Caballer\u00eda de Ronda convoca las pruebas de acceso al Ciclo Inicial del T\u00edtulo del T\u00e9cnico Deportivo de Grado Medio en H\u00edpica. <\/p>\n\n\n\n<p><strong>Ciclo Inicial en h\u00edpica<\/strong><\/p>\n\n\n\n<p>La competencia general del Ciclo Inicial de Grado Medio en h\u00edpica consiste en dinamizar, instruir y concretar la iniciaci\u00f3n deportiva de la equitaci\u00f3n; organizar, acompa\u00f1ar y tutelar a los deportistas durante su participaci\u00f3n en actividades, competiciones y eventos propios de este nivel, guiar a usuarios a caballo por terrenos variados; y todo ello conforme a las directrices establecidas en la programaci\u00f3n de referencia, en condiciones de seguridad y respeto al medio ambiente y con el nivel \u00f3ptimo de calidad que permita la satisfacci\u00f3n de los deportistas en la actividad.<\/p>\n\n\n\n<figure class=\"wp-block-image size-large\"><a href=\"https:\/\/www.rmcr.org\/escuela-equitacion-tecnico-deportivo\/\"><img fetchpriority=\"high\" decoding=\"async\" width=\"1024\" height=\"737\" src=\"https:\/\/www.rmcr.org\/wp-content\/uploads\/2023\/08\/ESCUELA-EQUITACION_049-1024x737.jpg\" alt=\"\" class=\"wp-image-17856\" srcset=\"https:\/\/www.rmcr.org\/wp-content\/uploads\/2023\/08\/ESCUELA-EQUITACION_049-1024x737.jpg 1024w, https:\/\/www.rmcr.org\/wp-content\/uploads\/2023\/08\/ESCUELA-EQUITACION_049-300x216.jpg 300w, https:\/\/www.rmcr.org\/wp-content\/uploads\/2023\/08\/ESCUELA-EQUITACION_049-768x553.jpg 768w, https:\/\/www.rmcr.org\/wp-content\/uploads\/2023\/08\/ESCUELA-EQUITACION_049-1536x1106.jpg 1536w, https:\/\/www.rmcr.org\/wp-content\/uploads\/2023\/08\/ESCUELA-EQUITACION_049-2048x1475.jpg 2048w\" sizes=\"(max-width: 1024px) 100vw, 1024px\" \/><\/a><\/figure>\n\n\n\n<p><strong>Duraci\u00f3n<\/strong><\/p>\n\n\n\n<p>Ciclo Inicial en h\u00edpica: 620 horas<\/p>\n\n\n\n<p><strong>Campo profesional<\/strong><\/p>\n\n\n\n<p>La ocupaci\u00f3n y puestos de trabajo m\u00e1s relevantes:<\/p>\n\n\n\n<ul class=\"wp-block-list\">\n<li>Ciclo Inicial superado:<ul><li>Monitor de iniciaci\u00f3n a la equitaci\u00f3n<\/li><\/ul><ul><li>Entrenador de iniciaci\u00f3n a la competici\u00f3n h\u00edpica<\/li><\/ul>\n<ul class=\"wp-block-list\">\n<li>Conductor por itinerarios a caballo por terrenos variados<\/li>\n<\/ul>\n<\/li>\n<\/ul>\n\n\n\n<p>Para m\u00e1s informaci\u00f3n descargar la siguiente documentaci\u00f3n:<\/p>\n\n\n\n<p><a href=\"https:\/\/www.rmcr.org\/wp-content\/uploads\/2023\/08\/Convocatoria-pruebas-de-acceso-2023.pdf\">Pulsa aqu\u00ed para descargar la convocatoria del Curso T\u00e9cnico Deportivo 2023-24<\/a><\/p>\n\n\n\n<p><a href=\"https:\/\/www.rmcr.org\/wp-content\/uploads\/2023\/08\/ANEXO-II-2023.pdf\">Pulsa aqu\u00ed descargar el Anexo de la Consejer\u00eda de Desarrollo Educativo y Formaci\u00f3n Profesional de la Junta de Andaluc\u00eda<\/a><\/p>\n\n\n\n<p>Toda la documentaci\u00f3n se deber\u00e1 enviar al email escuela@realmaestranza.org o entregar en las oficinas de la RMR, C\/ Virgen de la Paz, 15 29400 Ronda (frene a la oficina de correos)<\/p>\n","protected":false},"excerpt":{"rendered":"<p>\u00abLa Real Maestranza de Caballer\u00eda de Ronda presenta el Curso de T\u00e9cnico Deportivo 2023-24, con un enfoque en el Ciclo Inicial en h\u00edpica. El objetivo es dinamizar y guiar la iniciaci\u00f3n deportiva en equitaci\u00f3n, acompa\u00f1ando a los deportistas en actividades y competiciones, respetando el medio ambiente y asegurando la satisfacci\u00f3n de los participantes. El curso proporcionar\u00e1 las habilidades necesarias para instruir en terrenos variados, garantizando la seguridad y calidad en la pr\u00e1ctica deportiva\u00bb<\/p>\n","protected":false},"author":11,"featured_media":17854,"comment_status":"closed","ping_status":"open","sticky":false,"template":"","format":"standard","meta":{"footnotes":""},"categories":[56,63],"tags":[74,101,48,40,96,97,587,586,98,585],"class_list":["post-17843","post","type-post","status-publish","format-standard","has-post-thumbnail","hentry","category-escuela-de-equitacion","category-tecnico-deportivo","tag-alumnos","tag-caballos","tag-centro-de-formacion","tag-ensenanza","tag-equitacion","tag-escuela-de-equitacion-rmcr","tag-hipica","tag-jinetes","tag-real-maestranza-de-caballeria-de-ronda","tag-tecnico-deportivo"],"yoast_head":"<!-- This site is optimized with the Yoast SEO plugin v27.5 - https:\/\/yoast.com\/product\/yoast-seo-wordpress\/ -->\n<title>Convocatoria del Curso de T\u00e9cnico Deportivo 2023-24 - Real Maestranza de Caballer\u00eda de Ronda<\/title>\n<meta name=\"robots\" content=\"index, follow, max-snippet:-1, max-image-preview:large, max-video-preview:-1\" \/>\n<link rel=\"canonical\" href=\"https:\/\/www.rmcr.org\/en\/2023\/08\/07\/convocatoria-del-curso-de-tecnico-deportivo-2023-24\/\" \/>\n<meta property=\"og:locale\" content=\"en_US\" \/>\n<meta property=\"og:type\" content=\"article\" \/>\n<meta property=\"og:title\" content=\"Convocatoria del Curso de T\u00e9cnico Deportivo 2023-24 - Real Maestranza de Caballer\u00eda de Ronda\" \/>\n<meta property=\"og:description\" content=\"\u00abLa Real Maestranza de Caballer\u00eda de Ronda presenta el Curso de T\u00e9cnico Deportivo 2023-24, con un enfoque en el Ciclo Inicial en h\u00edpica. El objetivo es dinamizar y guiar la iniciaci\u00f3n deportiva en equitaci\u00f3n, acompa\u00f1ando a los deportistas en actividades y competiciones, respetando el medio ambiente y asegurando la satisfacci\u00f3n de los participantes. El curso proporcionar\u00e1 las habilidades necesarias para instruir en terrenos variados, garantizando la seguridad y calidad en la pr\u00e1ctica deportiva\u00bb\" \/>\n<meta property=\"og:url\" content=\"https:\/\/www.rmcr.org\/en\/2023\/08\/07\/convocatoria-del-curso-de-tecnico-deportivo-2023-24\/\" \/>\n<meta property=\"og:site_name\" content=\"Real Maestranza de Caballer\u00eda de Ronda\" \/>\n<meta property=\"article:publisher\" content=\"https:\/\/www.facebook.com\/plazadetorosronda\" \/>\n<meta property=\"article:published_time\" content=\"2023-08-07T11:47:03+00:00\" \/>\n<meta property=\"article:modified_time\" content=\"2025-05-28T07:55:29+00:00\" \/>\n<meta property=\"og:image\" content=\"https:\/\/www.rmcr.org\/wp-content\/uploads\/2023\/08\/RMR_Tecnico.png\" \/>\n\t<meta property=\"og:image:width\" content=\"940\" \/>\n\t<meta property=\"og:image:height\" content=\"280\" \/>\n\t<meta property=\"og:image:type\" content=\"image\/png\" \/>\n<meta name=\"author\" content=\"ESCUELA\" \/>\n<meta name=\"twitter:card\" content=\"summary_large_image\" \/>\n<meta name=\"twitter:creator\" content=\"@PlazatorosRMR\" \/>\n<meta name=\"twitter:site\" content=\"@PlazatorosRMR\" \/>\n<meta name=\"twitter:label1\" content=\"Written by\" \/>\n\t<meta name=\"twitter:data1\" content=\"ESCUELA\" \/>\n\t<meta name=\"twitter:label2\" content=\"Est. reading time\" \/>\n\t<meta name=\"twitter:data2\" content=\"1 minute\" \/>\n<script type=\"application\/ld+json\" class=\"yoast-schema-graph\">{\"@context\":\"https:\\\/\\\/schema.org\",\"@graph\":[{\"@type\":\"Article\",\"@id\":\"https:\\\/\\\/www.rmcr.org\\\/en\\\/2023\\\/08\\\/07\\\/convocatoria-del-curso-de-tecnico-deportivo-2023-24\\\/#article\",\"isPartOf\":{\"@id\":\"https:\\\/\\\/www.rmcr.org\\\/en\\\/2023\\\/08\\\/07\\\/convocatoria-del-curso-de-tecnico-deportivo-2023-24\\\/\"},\"author\":{\"name\":\"ESCUELA\",\"@id\":\"https:\\\/\\\/www.rmcr.org\\\/en\\\/#\\\/schema\\\/person\\\/eaba3818c6c615cf6cc53c6ca58138ff\"},\"headline\":\"Convocatoria del Curso de T\u00e9cnico Deportivo 2023-24\",\"datePublished\":\"2023-08-07T11:47:03+00:00\",\"dateModified\":\"2025-05-28T07:55:29+00:00\",\"mainEntityOfPage\":{\"@id\":\"https:\\\/\\\/www.rmcr.org\\\/en\\\/2023\\\/08\\\/07\\\/convocatoria-del-curso-de-tecnico-deportivo-2023-24\\\/\"},\"wordCount\":263,\"publisher\":{\"@id\":\"https:\\\/\\\/www.rmcr.org\\\/en\\\/#organization\"},\"image\":{\"@id\":\"https:\\\/\\\/www.rmcr.org\\\/en\\\/2023\\\/08\\\/07\\\/convocatoria-del-curso-de-tecnico-deportivo-2023-24\\\/#primaryimage\"},\"thumbnailUrl\":\"https:\\\/\\\/www.rmcr.org\\\/wp-content\\\/uploads\\\/2023\\\/08\\\/RMR_Tecnico.png\",\"keywords\":[\"Alumnos\",\"Caballos\",\"Centro de Formaci\u00f3n\",\"Ense\u00f1anza\",\"Equitaci\u00f3n\",\"Escuela de Equitaci\u00f3n RMCR\",\"H\u00edpica\",\"Jinetes\",\"Real Maestranza de Caballer\u00eda de Ronda\",\"T\u00e9cnico Deportivo\"],\"articleSection\":[\"Escuela de Equitaci\u00f3n\",\"T\u00e9cnico Deportivo\"],\"inLanguage\":\"en-US\"},{\"@type\":\"WebPage\",\"@id\":\"https:\\\/\\\/www.rmcr.org\\\/en\\\/2023\\\/08\\\/07\\\/convocatoria-del-curso-de-tecnico-deportivo-2023-24\\\/\",\"url\":\"https:\\\/\\\/www.rmcr.org\\\/en\\\/2023\\\/08\\\/07\\\/convocatoria-del-curso-de-tecnico-deportivo-2023-24\\\/\",\"name\":\"Convocatoria del Curso de T\u00e9cnico Deportivo 2023-24 - Real Maestranza de Caballer\u00eda de Ronda\",\"isPartOf\":{\"@id\":\"https:\\\/\\\/www.rmcr.org\\\/en\\\/#website\"},\"primaryImageOfPage\":{\"@id\":\"https:\\\/\\\/www.rmcr.org\\\/en\\\/2023\\\/08\\\/07\\\/convocatoria-del-curso-de-tecnico-deportivo-2023-24\\\/#primaryimage\"},\"image\":{\"@id\":\"https:\\\/\\\/www.rmcr.org\\\/en\\\/2023\\\/08\\\/07\\\/convocatoria-del-curso-de-tecnico-deportivo-2023-24\\\/#primaryimage\"},\"thumbnailUrl\":\"https:\\\/\\\/www.rmcr.org\\\/wp-content\\\/uploads\\\/2023\\\/08\\\/RMR_Tecnico.png\",\"datePublished\":\"2023-08-07T11:47:03+00:00\",\"dateModified\":\"2025-05-28T07:55:29+00:00\",\"breadcrumb\":{\"@id\":\"https:\\\/\\\/www.rmcr.org\\\/en\\\/2023\\\/08\\\/07\\\/convocatoria-del-curso-de-tecnico-deportivo-2023-24\\\/#breadcrumb\"},\"inLanguage\":\"en-US\",\"potentialAction\":[{\"@type\":\"ReadAction\",\"target\":[\"https:\\\/\\\/www.rmcr.org\\\/en\\\/2023\\\/08\\\/07\\\/convocatoria-del-curso-de-tecnico-deportivo-2023-24\\\/\"]}]},{\"@type\":\"ImageObject\",\"inLanguage\":\"en-US\",\"@id\":\"https:\\\/\\\/www.rmcr.org\\\/en\\\/2023\\\/08\\\/07\\\/convocatoria-del-curso-de-tecnico-deportivo-2023-24\\\/#primaryimage\",\"url\":\"https:\\\/\\\/www.rmcr.org\\\/wp-content\\\/uploads\\\/2023\\\/08\\\/RMR_Tecnico.png\",\"contentUrl\":\"https:\\\/\\\/www.rmcr.org\\\/wp-content\\\/uploads\\\/2023\\\/08\\\/RMR_Tecnico.png\",\"width\":940,\"height\":280},{\"@type\":\"BreadcrumbList\",\"@id\":\"https:\\\/\\\/www.rmcr.org\\\/en\\\/2023\\\/08\\\/07\\\/convocatoria-del-curso-de-tecnico-deportivo-2023-24\\\/#breadcrumb\",\"itemListElement\":[{\"@type\":\"ListItem\",\"position\":1,\"name\":\"REAL MAESTRANZA DE CABALLER\u00cdA DE RONDA\",\"item\":\"https:\\\/\\\/www.rmcr.org\\\/en\\\/\"},{\"@type\":\"ListItem\",\"position\":2,\"name\":\"Convocatoria del Curso de T\u00e9cnico Deportivo 2023-24\"}]},{\"@type\":\"WebSite\",\"@id\":\"https:\\\/\\\/www.rmcr.org\\\/en\\\/#website\",\"url\":\"https:\\\/\\\/www.rmcr.org\\\/en\\\/\",\"name\":\"Real Maestranza de Caballer\u00eda de Ronda\",\"description\":\"Real Maestranza de Caballer\u00eda de Ronda\",\"publisher\":{\"@id\":\"https:\\\/\\\/www.rmcr.org\\\/en\\\/#organization\"},\"alternateName\":\"RMCR\",\"potentialAction\":[{\"@type\":\"SearchAction\",\"target\":{\"@type\":\"EntryPoint\",\"urlTemplate\":\"https:\\\/\\\/www.rmcr.org\\\/en\\\/?s={search_term_string}\"},\"query-input\":{\"@type\":\"PropertyValueSpecification\",\"valueRequired\":true,\"valueName\":\"search_term_string\"}}],\"inLanguage\":\"en-US\"},{\"@type\":\"Organization\",\"@id\":\"https:\\\/\\\/www.rmcr.org\\\/en\\\/#organization\",\"name\":\"Real Maestranza de Caballer\u00eda de Ronda\",\"alternateName\":\"RMR\",\"url\":\"https:\\\/\\\/www.rmcr.org\\\/en\\\/\",\"logo\":{\"@type\":\"ImageObject\",\"inLanguage\":\"en-US\",\"@id\":\"https:\\\/\\\/www.rmcr.org\\\/en\\\/#\\\/schema\\\/logo\\\/image\\\/\",\"url\":\"https:\\\/\\\/www.rmcr.org\\\/wp-content\\\/uploads\\\/2022\\\/07\\\/logo-rmr-blue.svg\",\"contentUrl\":\"https:\\\/\\\/www.rmcr.org\\\/wp-content\\\/uploads\\\/2022\\\/07\\\/logo-rmr-blue.svg\",\"width\":131,\"height\":129,\"caption\":\"Real Maestranza de Caballer\u00eda de Ronda\"},\"image\":{\"@id\":\"https:\\\/\\\/www.rmcr.org\\\/en\\\/#\\\/schema\\\/logo\\\/image\\\/\"},\"sameAs\":[\"https:\\\/\\\/www.facebook.com\\\/plazadetorosronda\",\"https:\\\/\\\/x.com\\\/PlazatorosRMR\",\"https:\\\/\\\/www.instagram.com\\\/realmaestranzaderonda\\\/\",\"https:\\\/\\\/www.youtube.com\\\/channel\\\/UCrbO5IUN-8v_QML739vM4zg\\\/videos\"]},{\"@type\":\"Person\",\"@id\":\"https:\\\/\\\/www.rmcr.org\\\/en\\\/#\\\/schema\\\/person\\\/eaba3818c6c615cf6cc53c6ca58138ff\",\"name\":\"ESCUELA\",\"image\":{\"@type\":\"ImageObject\",\"inLanguage\":\"en-US\",\"@id\":\"https:\\\/\\\/www.rmcr.org\\\/wp-content\\\/uploads\\\/2022\\\/11\\\/avatar-rmcr-96x96.png\",\"url\":\"https:\\\/\\\/www.rmcr.org\\\/wp-content\\\/uploads\\\/2022\\\/11\\\/avatar-rmcr-96x96.png\",\"contentUrl\":\"https:\\\/\\\/www.rmcr.org\\\/wp-content\\\/uploads\\\/2022\\\/11\\\/avatar-rmcr-96x96.png\",\"caption\":\"ESCUELA\"},\"url\":\"https:\\\/\\\/www.rmcr.org\\\/en\\\/author\\\/rocio-hidalgo\\\/\"}]}<\/script>\n<!-- \/ Yoast SEO plugin. -->","yoast_head_json":{"title":"Convocatoria del Curso de T\u00e9cnico Deportivo 2023-24 - Real Maestranza de Caballer\u00eda de Ronda","robots":{"index":"index","follow":"follow","max-snippet":"max-snippet:-1","max-image-preview":"max-image-preview:large","max-video-preview":"max-video-preview:-1"},"canonical":"https:\/\/www.rmcr.org\/en\/2023\/08\/07\/convocatoria-del-curso-de-tecnico-deportivo-2023-24\/","og_locale":"en_US","og_type":"article","og_title":"Convocatoria del Curso de T\u00e9cnico Deportivo 2023-24 - Real Maestranza de Caballer\u00eda de Ronda","og_description":"\u00abLa Real Maestranza de Caballer\u00eda de Ronda presenta el Curso de T\u00e9cnico Deportivo 2023-24, con un enfoque en el Ciclo Inicial en h\u00edpica. El objetivo es dinamizar y guiar la iniciaci\u00f3n deportiva en equitaci\u00f3n, acompa\u00f1ando a los deportistas en actividades y competiciones, respetando el medio ambiente y asegurando la satisfacci\u00f3n de los participantes. El curso proporcionar\u00e1 las habilidades necesarias para instruir en terrenos variados, garantizando la seguridad y calidad en la pr\u00e1ctica deportiva\u00bb","og_url":"https:\/\/www.rmcr.org\/en\/2023\/08\/07\/convocatoria-del-curso-de-tecnico-deportivo-2023-24\/","og_site_name":"Real Maestranza de Caballer\u00eda de Ronda","article_publisher":"https:\/\/www.facebook.com\/plazadetorosronda","article_published_time":"2023-08-07T11:47:03+00:00","article_modified_time":"2025-05-28T07:55:29+00:00","og_image":[{"width":940,"height":280,"url":"https:\/\/www.rmcr.org\/wp-content\/uploads\/2023\/08\/RMR_Tecnico.png","type":"image\/png"}],"author":"ESCUELA","twitter_card":"summary_large_image","twitter_creator":"@PlazatorosRMR","twitter_site":"@PlazatorosRMR","twitter_misc":{"Written by":"ESCUELA","Est. reading time":"1 minute"},"schema":{"@context":"https:\/\/schema.org","@graph":[{"@type":"Article","@id":"https:\/\/www.rmcr.org\/en\/2023\/08\/07\/convocatoria-del-curso-de-tecnico-deportivo-2023-24\/#article","isPartOf":{"@id":"https:\/\/www.rmcr.org\/en\/2023\/08\/07\/convocatoria-del-curso-de-tecnico-deportivo-2023-24\/"},"author":{"name":"ESCUELA","@id":"https:\/\/www.rmcr.org\/en\/#\/schema\/person\/eaba3818c6c615cf6cc53c6ca58138ff"},"headline":"Convocatoria del Curso de T\u00e9cnico Deportivo 2023-24","datePublished":"2023-08-07T11:47:03+00:00","dateModified":"2025-05-28T07:55:29+00:00","mainEntityOfPage":{"@id":"https:\/\/www.rmcr.org\/en\/2023\/08\/07\/convocatoria-del-curso-de-tecnico-deportivo-2023-24\/"},"wordCount":263,"publisher":{"@id":"https:\/\/www.rmcr.org\/en\/#organization"},"image":{"@id":"https:\/\/www.rmcr.org\/en\/2023\/08\/07\/convocatoria-del-curso-de-tecnico-deportivo-2023-24\/#primaryimage"},"thumbnailUrl":"https:\/\/www.rmcr.org\/wp-content\/uploads\/2023\/08\/RMR_Tecnico.png","keywords":["Alumnos","Caballos","Centro de Formaci\u00f3n","Ense\u00f1anza","Equitaci\u00f3n","Escuela de Equitaci\u00f3n RMCR","H\u00edpica","Jinetes","Real Maestranza de Caballer\u00eda de Ronda","T\u00e9cnico Deportivo"],"articleSection":["Escuela de Equitaci\u00f3n","T\u00e9cnico Deportivo"],"inLanguage":"en-US"},{"@type":"WebPage","@id":"https:\/\/www.rmcr.org\/en\/2023\/08\/07\/convocatoria-del-curso-de-tecnico-deportivo-2023-24\/","url":"https:\/\/www.rmcr.org\/en\/2023\/08\/07\/convocatoria-del-curso-de-tecnico-deportivo-2023-24\/","name":"Convocatoria del Curso de T\u00e9cnico Deportivo 2023-24 - Real Maestranza de Caballer\u00eda de Ronda","isPartOf":{"@id":"https:\/\/www.rmcr.org\/en\/#website"},"primaryImageOfPage":{"@id":"https:\/\/www.rmcr.org\/en\/2023\/08\/07\/convocatoria-del-curso-de-tecnico-deportivo-2023-24\/#primaryimage"},"image":{"@id":"https:\/\/www.rmcr.org\/en\/2023\/08\/07\/convocatoria-del-curso-de-tecnico-deportivo-2023-24\/#primaryimage"},"thumbnailUrl":"https:\/\/www.rmcr.org\/wp-content\/uploads\/2023\/08\/RMR_Tecnico.png","datePublished":"2023-08-07T11:47:03+00:00","dateModified":"2025-05-28T07:55:29+00:00","breadcrumb":{"@id":"https:\/\/www.rmcr.org\/en\/2023\/08\/07\/convocatoria-del-curso-de-tecnico-deportivo-2023-24\/#breadcrumb"},"inLanguage":"en-US","potentialAction":[{"@type":"ReadAction","target":["https:\/\/www.rmcr.org\/en\/2023\/08\/07\/convocatoria-del-curso-de-tecnico-deportivo-2023-24\/"]}]},{"@type":"ImageObject","inLanguage":"en-US","@id":"https:\/\/www.rmcr.org\/en\/2023\/08\/07\/convocatoria-del-curso-de-tecnico-deportivo-2023-24\/#primaryimage","url":"https:\/\/www.rmcr.org\/wp-content\/uploads\/2023\/08\/RMR_Tecnico.png","contentUrl":"https:\/\/www.rmcr.org\/wp-content\/uploads\/2023\/08\/RMR_Tecnico.png","width":940,"height":280},{"@type":"BreadcrumbList","@id":"https:\/\/www.rmcr.org\/en\/2023\/08\/07\/convocatoria-del-curso-de-tecnico-deportivo-2023-24\/#breadcrumb","itemListElement":[{"@type":"ListItem","position":1,"name":"REAL MAESTRANZA DE CABALLER\u00cdA DE RONDA","item":"https:\/\/www.rmcr.org\/en\/"},{"@type":"ListItem","position":2,"name":"Convocatoria del Curso de T\u00e9cnico Deportivo 2023-24"}]},{"@type":"WebSite","@id":"https:\/\/www.rmcr.org\/en\/#website","url":"https:\/\/www.rmcr.org\/en\/","name":"Real Maestranza de Caballer\u00eda de Ronda","description":"Real Maestranza de Caballer\u00eda de Ronda","publisher":{"@id":"https:\/\/www.rmcr.org\/en\/#organization"},"alternateName":"RMCR","potentialAction":[{"@type":"SearchAction","target":{"@type":"EntryPoint","urlTemplate":"https:\/\/www.rmcr.org\/en\/?s={search_term_string}"},"query-input":{"@type":"PropertyValueSpecification","valueRequired":true,"valueName":"search_term_string"}}],"inLanguage":"en-US"},{"@type":"Organization","@id":"https:\/\/www.rmcr.org\/en\/#organization","name":"Real Maestranza de Caballer\u00eda de Ronda","alternateName":"RMR","url":"https:\/\/www.rmcr.org\/en\/","logo":{"@type":"ImageObject","inLanguage":"en-US","@id":"https:\/\/www.rmcr.org\/en\/#\/schema\/logo\/image\/","url":"https:\/\/www.rmcr.org\/wp-content\/uploads\/2022\/07\/logo-rmr-blue.svg","contentUrl":"https:\/\/www.rmcr.org\/wp-content\/uploads\/2022\/07\/logo-rmr-blue.svg","width":131,"height":129,"caption":"Real Maestranza de Caballer\u00eda de Ronda"},"image":{"@id":"https:\/\/www.rmcr.org\/en\/#\/schema\/logo\/image\/"},"sameAs":["https:\/\/www.facebook.com\/plazadetorosronda","https:\/\/x.com\/PlazatorosRMR","https:\/\/www.instagram.com\/realmaestranzaderonda\/","https:\/\/www.youtube.com\/channel\/UCrbO5IUN-8v_QML739vM4zg\/videos"]},{"@type":"Person","@id":"https:\/\/www.rmcr.org\/en\/#\/schema\/person\/eaba3818c6c615cf6cc53c6ca58138ff","name":"ESCUELA","image":{"@type":"ImageObject","inLanguage":"en-US","@id":"https:\/\/www.rmcr.org\/wp-content\/uploads\/2022\/11\/avatar-rmcr-96x96.png","url":"https:\/\/www.rmcr.org\/wp-content\/uploads\/2022\/11\/avatar-rmcr-96x96.png","contentUrl":"https:\/\/www.rmcr.org\/wp-content\/uploads\/2022\/11\/avatar-rmcr-96x96.png","caption":"ESCUELA"},"url":"https:\/\/www.rmcr.org\/en\/author\/rocio-hidalgo\/"}]}},"_links":{"self":[{"href":"https:\/\/www.rmcr.org\/en\/wp-json\/wp\/v2\/posts\/17843","targetHints":{"allow":["GET"]}}],"collection":[{"href":"https:\/\/www.rmcr.org\/en\/wp-json\/wp\/v2\/posts"}],"about":[{"href":"https:\/\/www.rmcr.org\/en\/wp-json\/wp\/v2\/types\/post"}],"author":[{"embeddable":true,"href":"https:\/\/www.rmcr.org\/en\/wp-json\/wp\/v2\/users\/11"}],"replies":[{"embeddable":true,"href":"https:\/\/www.rmcr.org\/en\/wp-json\/wp\/v2\/comments?post=17843"}],"version-history":[{"count":2,"href":"https:\/\/www.rmcr.org\/en\/wp-json\/wp\/v2\/posts\/17843\/revisions"}],"predecessor-version":[{"id":17859,"href":"https:\/\/www.rmcr.org\/en\/wp-json\/wp\/v2\/posts\/17843\/revisions\/17859"}],"wp:featuredmedia":[{"embeddable":true,"href":"https:\/\/www.rmcr.org\/en\/wp-json\/wp\/v2\/media\/17854"}],"wp:attachment":[{"href":"https:\/\/www.rmcr.org\/en\/wp-json\/wp\/v2\/media?parent=17843"}],"wp:term":[{"taxonomy":"category","embeddable":true,"href":"https:\/\/www.rmcr.org\/en\/wp-json\/wp\/v2\/categories?post=17843"},{"taxonomy":"post_tag","embeddable":true,"href":"https:\/\/www.rmcr.org\/en\/wp-json\/wp\/v2\/tags?post=17843"}],"curies":[{"name":"wp","href":"https:\/\/api.w.org\/{rel}","templated":true}]}}