{"id":1705,"date":"2018-08-10T09:58:09","date_gmt":"2018-08-10T09:58:09","guid":{"rendered":"https:\/\/www.rmcr.org\/?p=1705"},"modified":"2025-04-03T09:02:51","modified_gmt":"2025-04-03T09:02:51","slug":"biblioteca-rmr-no-56-ex-libris-4-agosto-2018","status":"publish","type":"post","link":"https:\/\/www.rmcr.org\/en\/2018\/08\/10\/biblioteca-rmr-no-56-ex-libris-4-agosto-2018\/","title":{"rendered":"Biblioteca-RMR: N\u00ba 56. Ex libris (4). Agosto 2018."},"content":{"rendered":"<p style=\"text-align:center;\"><span ><strong>\u00b7 ART\u00cdCULO \u00b7<\/strong><\/span><br \/>\n<span ><strong>\u00b7 BIBLIOTECA DE LA REAL MAESTRANZA DE CABALLER\u00cdA DE RONDA \u00b7<\/strong><\/span><br \/>\n<span ><strong>\u00b7 AGOSTO 2018 \u00b7<\/strong><\/span><\/p>\n<p style=\"text-align:center;\"><span ><strong>\u00b7 FONDO BIBLIOTECONOM\u00cdA \u00b7<\/strong><\/span><\/p>\n<p>Como viene siendo habitual, dedicamos la entrada del blog del mes de agosto a los ex libris que aparecen en algunos de los ejemplares que componen la Biblioteca de la Real Maestranza.<\/p>\n<p>El ex libris suele ser un fragmento de papel pegado en un libro, que lleva el nombre del propietario precedido de &#8220;Ex libris&#8221; u otra expresi\u00f3n como &#8220;soy de&#8221;. En ocasiones va acompa\u00f1ado de alguna figura simb\u00f3lica y de una leyenda alusiva a la profesi\u00f3n o gustos de quien es due\u00f1o del libro, siendo una manifestaci\u00f3n est\u00e9tica de las se\u00f1as de identidad que expresan la pasi\u00f3n por el libro y la lectura.<\/p>\n<p>Podemos decir que es una afirmaci\u00f3n de propiedad, personal, exclusiva, sencilla a veces y ostentosa o rara en otras.<\/p>\n<p>Los seleccionados para esta cuarta serie representan distintas tipolog\u00edas de ex libris, como pueden ser &#8220;nominal&#8221;, formado por las iniciales o el nombre y apellidos del titular; &#8220;figurativo&#8221;, donde el nombre del propietario se muestra acompa\u00f1ado de un motivo ornamental; o &#8220;her\u00e1ldico&#8221; en el cual el bibli\u00f3filo decide incluir un escudo de armas ilustrativo.<\/p>\n<p><a href=\"https:\/\/www.rmcr.org\/2018\/08\/cb1024364.jpg\"><img fetchpriority=\"high\" decoding=\"async\" class=\"aligncenter size-full wp-image-1708\" src=\"https:\/\/www.rmcr.org\/wp-content\/uploads\/2018\/08\/cb1024364.jpg\" alt=\"\" width=\"417\" height=\"669\"><\/a><\/p>\n<p>Leyenda: &#8220;Librum Reddere Lectum. Triplex Victoria Flammis. Aspice Pierrot Pendu qui librum n&#8217;a pas rendu si ce livre reddidisset Pierrot Pendu non fuisset\u201d &#8212;&nbsp;Inscripci\u00f3n: &#8220;AE&#8221; &#8212; Firma: Gilbert Roux &#8212; S.l. : 1906, 115 x 72 mm &#8212; Fondo R\u00fajula &#8212; CB1024364.<\/p>\n<p><a href=\"https:\/\/www.rmcr.org\/2018\/08\/cb1023952.jpg\"><img decoding=\"async\" class=\"aligncenter size-full wp-image-1710\" src=\"https:\/\/www.rmcr.org\/wp-content\/uploads\/2018\/08\/cb1023952.jpg\" alt=\"\" width=\"470\" height=\"541\"><\/a><\/p>\n<p>Sin leyenda &#8212; Inscripci\u00f3n: &#8220;Marques de la Torrecilla&#8221; &#8212; Firmado: &#8220;Stern. Graveur&#8221; &#8212; Paris: s.a., 105 x 95 mm &#8212; Fondo Propio &#8212; CB1023952.<\/p>\n<p><a href=\"https:\/\/www.rmcr.org\/2018\/08\/cb1024197.jpg\"><img decoding=\"async\" class=\"aligncenter size-full wp-image-1712\" src=\"https:\/\/www.rmcr.org\/wp-content\/uploads\/2018\/08\/cb1024197.jpg\" alt=\"\" width=\"389\" height=\"401\"><\/a><\/p>\n<p>Sin leyenda &#8212; Inscripci\u00f3n: &#8220;Vicente Casta\u00f1eda. Pro: Veritate&#8221; &#8212; Sin firma &#8212; S.l. : s.a., 60 x 60 mm &#8212; Fondo R\u00fajula &#8212; CB1024197.<\/p>\n<p><a href=\"https:\/\/www.rmcr.org\/2018\/08\/cb1012312.jpg\"><img loading=\"lazy\" decoding=\"async\" class=\"aligncenter size-full wp-image-1713\" src=\"https:\/\/www.rmcr.org\/wp-content\/uploads\/2018\/08\/cb1012312.jpg\" alt=\"\" width=\"470\" height=\"473\"><\/a><\/p>\n<p>Sin leyenda &#8212; Inscripci\u00f3n: &#8220;Ex libris Beatrice Cornish&#8221; &#8212; Sin firma &#8212; S.l. : s.a., 80 x 80 mm &#8212; Fondo Propio &#8212; CB1012312.<\/p>\n<p><a href=\"https:\/\/www.rmcr.org\/2018\/08\/cb1024229.jpg\"><img loading=\"lazy\" decoding=\"async\" class=\"aligncenter size-full wp-image-1714\" src=\"https:\/\/www.rmcr.org\/wp-content\/uploads\/2018\/08\/cb1024229.jpg\" alt=\"\" width=\"470\" height=\"339\"><\/a><\/p>\n<p>Sin leyenda &#8212; Inscripci\u00f3n: &#8220;Soy del Sr. D. Antonio Rujula y Busel&#8221; &#8212; Sin firma &#8212; S.l. : s.a., 70 x 35 mm &#8212; Fondo R\u00fajula &#8212; CB1024229.<\/p>\n<p><a href=\"https:\/\/www.rmcr.org\/2018\/08\/cb1024335.jpg\"><img loading=\"lazy\" decoding=\"async\" class=\"aligncenter size-full wp-image-1715\" src=\"https:\/\/www.rmcr.org\/wp-content\/uploads\/2018\/08\/cb1024335.jpg\" alt=\"\" width=\"415\" height=\"458\"><\/a><\/p>\n<p>Sin leyenda &#8212; Inscripci\u00f3n: &#8220;Ex-Libris F.F. de B\u00e9thencourt &#8212; Sin firma &#8212; S.l. : s.a., 80 x 70 mm &#8212; Fondo R\u00fajula &#8212; CB1024335.<\/p>\n","protected":false},"excerpt":{"rendered":"<p>\u00b7 ART\u00cdCULO \u00b7 \u00b7 BIBLIOTECA DE LA REAL MAESTRANZA DE CABALLER\u00cdA DE RONDA \u00b7 \u00b7 AGOSTO 2018 \u00b7 \u00b7 FONDO BIBLIOTECONOM\u00cdA \u00b7 Como viene siendo habitual, dedicamos la entrada del blog del mes de agosto a los ex libris que aparecen en algunos de los ejemplares que componen la Biblioteca de la Real Maestranza. El [&hellip;]<\/p>\n","protected":false},"author":2,"featured_media":11674,"comment_status":"open","ping_status":"open","sticky":false,"template":"","format":"standard","meta":{"footnotes":""},"categories":[140,791],"tags":[105,252,176,202,137],"class_list":["post-1705","post","type-post","status-publish","format-standard","has-post-thumbnail","hentry","category-biblioteca","category-boletin-bibliografico-biblioteca-rmr","tag-biblioteca-general","tag-biblioteca-rmr","tag-boletin-mensual-bibliografico","tag-ex-libris","tag-libros"],"yoast_head":"<!-- This site is optimized with the Yoast SEO plugin v27.5 - https:\/\/yoast.com\/product\/yoast-seo-wordpress\/ -->\n<title>Biblioteca-RMR: N\u00ba 56. Ex libris (4). Agosto 2018. - Real Maestranza de Caballer\u00eda de Ronda<\/title>\n<meta name=\"robots\" content=\"index, follow, max-snippet:-1, max-image-preview:large, max-video-preview:-1\" \/>\n<link rel=\"canonical\" href=\"https:\/\/www.rmcr.org\/en\/2018\/08\/10\/biblioteca-rmr-no-56-ex-libris-4-agosto-2018\/\" \/>\n<meta property=\"og:locale\" content=\"en_US\" \/>\n<meta property=\"og:type\" content=\"article\" \/>\n<meta property=\"og:title\" content=\"Biblioteca-RMR: N\u00ba 56. Ex libris (4). Agosto 2018. - Real Maestranza de Caballer\u00eda de Ronda\" \/>\n<meta property=\"og:description\" content=\"\u00b7 ART\u00cdCULO \u00b7 \u00b7 BIBLIOTECA DE LA REAL MAESTRANZA DE CABALLER\u00cdA DE RONDA \u00b7 \u00b7 AGOSTO 2018 \u00b7 \u00b7 FONDO BIBLIOTECONOM\u00cdA \u00b7 Como viene siendo habitual, dedicamos la entrada del blog del mes de agosto a los ex libris que aparecen en algunos de los ejemplares que componen la Biblioteca de la Real Maestranza. El [&hellip;]\" \/>\n<meta property=\"og:url\" content=\"https:\/\/www.rmcr.org\/en\/2018\/08\/10\/biblioteca-rmr-no-56-ex-libris-4-agosto-2018\/\" \/>\n<meta property=\"og:site_name\" content=\"Real Maestranza de Caballer\u00eda de Ronda\" \/>\n<meta property=\"article:publisher\" content=\"https:\/\/www.facebook.com\/plazadetorosronda\" \/>\n<meta property=\"article:published_time\" content=\"2018-08-10T09:58:09+00:00\" \/>\n<meta property=\"article:modified_time\" content=\"2025-04-03T09:02:51+00:00\" \/>\n<meta property=\"og:image\" content=\"https:\/\/www.rmcr.org\/wp-content\/uploads\/2022\/10\/portada.jpg\" \/>\n\t<meta property=\"og:image:width\" content=\"948\" \/>\n\t<meta property=\"og:image:height\" content=\"305\" \/>\n\t<meta property=\"og:image:type\" content=\"image\/jpeg\" \/>\n<meta name=\"author\" content=\"BIBLIOTECA\" \/>\n<meta name=\"twitter:card\" content=\"summary_large_image\" \/>\n<meta name=\"twitter:creator\" content=\"@PlazatorosRMR\" \/>\n<meta name=\"twitter:site\" content=\"@PlazatorosRMR\" \/>\n<meta name=\"twitter:label1\" content=\"Written by\" \/>\n\t<meta name=\"twitter:data1\" content=\"BIBLIOTECA\" \/>\n\t<meta name=\"twitter:label2\" content=\"Est. reading time\" \/>\n\t<meta name=\"twitter:data2\" content=\"2 minutes\" \/>\n<script type=\"application\/ld+json\" class=\"yoast-schema-graph\">{\"@context\":\"https:\\\/\\\/schema.org\",\"@graph\":[{\"@type\":\"Article\",\"@id\":\"https:\\\/\\\/www.rmcr.org\\\/en\\\/2018\\\/08\\\/10\\\/biblioteca-rmr-no-56-ex-libris-4-agosto-2018\\\/#article\",\"isPartOf\":{\"@id\":\"https:\\\/\\\/www.rmcr.org\\\/en\\\/2018\\\/08\\\/10\\\/biblioteca-rmr-no-56-ex-libris-4-agosto-2018\\\/\"},\"author\":{\"name\":\"BIBLIOTECA\",\"@id\":\"https:\\\/\\\/www.rmcr.org\\\/en\\\/#\\\/schema\\\/person\\\/80849edee7ef556893505128619ea1d0\"},\"headline\":\"Biblioteca-RMR: N\u00ba 56. Ex libris (4). Agosto 2018.\",\"datePublished\":\"2018-08-10T09:58:09+00:00\",\"dateModified\":\"2025-04-03T09:02:51+00:00\",\"mainEntityOfPage\":{\"@id\":\"https:\\\/\\\/www.rmcr.org\\\/en\\\/2018\\\/08\\\/10\\\/biblioteca-rmr-no-56-ex-libris-4-agosto-2018\\\/\"},\"wordCount\":386,\"commentCount\":0,\"publisher\":{\"@id\":\"https:\\\/\\\/www.rmcr.org\\\/en\\\/#organization\"},\"image\":{\"@id\":\"https:\\\/\\\/www.rmcr.org\\\/en\\\/2018\\\/08\\\/10\\\/biblioteca-rmr-no-56-ex-libris-4-agosto-2018\\\/#primaryimage\"},\"thumbnailUrl\":\"https:\\\/\\\/www.rmcr.org\\\/wp-content\\\/uploads\\\/2022\\\/10\\\/portada.jpg\",\"keywords\":[\"Biblioteca\",\"Biblioteca-RMR\",\"Bolet\u00edn mensual bibliogr\u00e1fico\",\"Ex libris\",\"Libros\"],\"articleSection\":[\"Biblioteca\",\"Bolet\u00edn bibliogr\u00e1fico Biblioteca-RMR\"],\"inLanguage\":\"en-US\",\"potentialAction\":[{\"@type\":\"CommentAction\",\"name\":\"Comment\",\"target\":[\"https:\\\/\\\/www.rmcr.org\\\/en\\\/2018\\\/08\\\/10\\\/biblioteca-rmr-no-56-ex-libris-4-agosto-2018\\\/#respond\"]}]},{\"@type\":\"WebPage\",\"@id\":\"https:\\\/\\\/www.rmcr.org\\\/en\\\/2018\\\/08\\\/10\\\/biblioteca-rmr-no-56-ex-libris-4-agosto-2018\\\/\",\"url\":\"https:\\\/\\\/www.rmcr.org\\\/en\\\/2018\\\/08\\\/10\\\/biblioteca-rmr-no-56-ex-libris-4-agosto-2018\\\/\",\"name\":\"Biblioteca-RMR: N\u00ba 56. Ex libris (4). Agosto 2018. - Real Maestranza de Caballer\u00eda de Ronda\",\"isPartOf\":{\"@id\":\"https:\\\/\\\/www.rmcr.org\\\/en\\\/#website\"},\"primaryImageOfPage\":{\"@id\":\"https:\\\/\\\/www.rmcr.org\\\/en\\\/2018\\\/08\\\/10\\\/biblioteca-rmr-no-56-ex-libris-4-agosto-2018\\\/#primaryimage\"},\"image\":{\"@id\":\"https:\\\/\\\/www.rmcr.org\\\/en\\\/2018\\\/08\\\/10\\\/biblioteca-rmr-no-56-ex-libris-4-agosto-2018\\\/#primaryimage\"},\"thumbnailUrl\":\"https:\\\/\\\/www.rmcr.org\\\/wp-content\\\/uploads\\\/2022\\\/10\\\/portada.jpg\",\"datePublished\":\"2018-08-10T09:58:09+00:00\",\"dateModified\":\"2025-04-03T09:02:51+00:00\",\"breadcrumb\":{\"@id\":\"https:\\\/\\\/www.rmcr.org\\\/en\\\/2018\\\/08\\\/10\\\/biblioteca-rmr-no-56-ex-libris-4-agosto-2018\\\/#breadcrumb\"},\"inLanguage\":\"en-US\",\"potentialAction\":[{\"@type\":\"ReadAction\",\"target\":[\"https:\\\/\\\/www.rmcr.org\\\/en\\\/2018\\\/08\\\/10\\\/biblioteca-rmr-no-56-ex-libris-4-agosto-2018\\\/\"]}]},{\"@type\":\"ImageObject\",\"inLanguage\":\"en-US\",\"@id\":\"https:\\\/\\\/www.rmcr.org\\\/en\\\/2018\\\/08\\\/10\\\/biblioteca-rmr-no-56-ex-libris-4-agosto-2018\\\/#primaryimage\",\"url\":\"https:\\\/\\\/www.rmcr.org\\\/wp-content\\\/uploads\\\/2022\\\/10\\\/portada.jpg\",\"contentUrl\":\"https:\\\/\\\/www.rmcr.org\\\/wp-content\\\/uploads\\\/2022\\\/10\\\/portada.jpg\",\"width\":948,\"height\":305},{\"@type\":\"BreadcrumbList\",\"@id\":\"https:\\\/\\\/www.rmcr.org\\\/en\\\/2018\\\/08\\\/10\\\/biblioteca-rmr-no-56-ex-libris-4-agosto-2018\\\/#breadcrumb\",\"itemListElement\":[{\"@type\":\"ListItem\",\"position\":1,\"name\":\"REAL MAESTRANZA DE CABALLER\u00cdA DE RONDA\",\"item\":\"https:\\\/\\\/www.rmcr.org\\\/en\\\/\"},{\"@type\":\"ListItem\",\"position\":2,\"name\":\"Biblioteca-RMR: N\u00ba 56. Ex libris (4). Agosto 2018.\"}]},{\"@type\":\"WebSite\",\"@id\":\"https:\\\/\\\/www.rmcr.org\\\/en\\\/#website\",\"url\":\"https:\\\/\\\/www.rmcr.org\\\/en\\\/\",\"name\":\"Real Maestranza de Caballer\u00eda de Ronda\",\"description\":\"Real Maestranza de Caballer\u00eda de Ronda\",\"publisher\":{\"@id\":\"https:\\\/\\\/www.rmcr.org\\\/en\\\/#organization\"},\"alternateName\":\"RMCR\",\"potentialAction\":[{\"@type\":\"SearchAction\",\"target\":{\"@type\":\"EntryPoint\",\"urlTemplate\":\"https:\\\/\\\/www.rmcr.org\\\/en\\\/?s={search_term_string}\"},\"query-input\":{\"@type\":\"PropertyValueSpecification\",\"valueRequired\":true,\"valueName\":\"search_term_string\"}}],\"inLanguage\":\"en-US\"},{\"@type\":\"Organization\",\"@id\":\"https:\\\/\\\/www.rmcr.org\\\/en\\\/#organization\",\"name\":\"Real Maestranza de Caballer\u00eda de Ronda\",\"alternateName\":\"RMR\",\"url\":\"https:\\\/\\\/www.rmcr.org\\\/en\\\/\",\"logo\":{\"@type\":\"ImageObject\",\"inLanguage\":\"en-US\",\"@id\":\"https:\\\/\\\/www.rmcr.org\\\/en\\\/#\\\/schema\\\/logo\\\/image\\\/\",\"url\":\"https:\\\/\\\/www.rmcr.org\\\/wp-content\\\/uploads\\\/2022\\\/07\\\/logo-rmr-blue.svg\",\"contentUrl\":\"https:\\\/\\\/www.rmcr.org\\\/wp-content\\\/uploads\\\/2022\\\/07\\\/logo-rmr-blue.svg\",\"width\":131,\"height\":129,\"caption\":\"Real Maestranza de Caballer\u00eda de Ronda\"},\"image\":{\"@id\":\"https:\\\/\\\/www.rmcr.org\\\/en\\\/#\\\/schema\\\/logo\\\/image\\\/\"},\"sameAs\":[\"https:\\\/\\\/www.facebook.com\\\/plazadetorosronda\",\"https:\\\/\\\/x.com\\\/PlazatorosRMR\",\"https:\\\/\\\/www.instagram.com\\\/realmaestranzaderonda\\\/\",\"https:\\\/\\\/www.youtube.com\\\/channel\\\/UCrbO5IUN-8v_QML739vM4zg\\\/videos\"]},{\"@type\":\"Person\",\"@id\":\"https:\\\/\\\/www.rmcr.org\\\/en\\\/#\\\/schema\\\/person\\\/80849edee7ef556893505128619ea1d0\",\"name\":\"BIBLIOTECA\",\"image\":{\"@type\":\"ImageObject\",\"inLanguage\":\"en-US\",\"@id\":\"https:\\\/\\\/www.rmcr.org\\\/wp-content\\\/uploads\\\/2022\\\/11\\\/avatar-rmcr-96x96.png\",\"url\":\"https:\\\/\\\/www.rmcr.org\\\/wp-content\\\/uploads\\\/2022\\\/11\\\/avatar-rmcr-96x96.png\",\"contentUrl\":\"https:\\\/\\\/www.rmcr.org\\\/wp-content\\\/uploads\\\/2022\\\/11\\\/avatar-rmcr-96x96.png\",\"caption\":\"BIBLIOTECA\"},\"url\":\"https:\\\/\\\/www.rmcr.org\\\/en\\\/author\\\/juan-antonio-moreno\\\/\"}]}<\/script>\n<!-- \/ Yoast SEO plugin. -->","yoast_head_json":{"title":"Biblioteca-RMR: N\u00ba 56. Ex libris (4). Agosto 2018. - Real Maestranza de Caballer\u00eda de Ronda","robots":{"index":"index","follow":"follow","max-snippet":"max-snippet:-1","max-image-preview":"max-image-preview:large","max-video-preview":"max-video-preview:-1"},"canonical":"https:\/\/www.rmcr.org\/en\/2018\/08\/10\/biblioteca-rmr-no-56-ex-libris-4-agosto-2018\/","og_locale":"en_US","og_type":"article","og_title":"Biblioteca-RMR: N\u00ba 56. Ex libris (4). Agosto 2018. - Real Maestranza de Caballer\u00eda de Ronda","og_description":"\u00b7 ART\u00cdCULO \u00b7 \u00b7 BIBLIOTECA DE LA REAL MAESTRANZA DE CABALLER\u00cdA DE RONDA \u00b7 \u00b7 AGOSTO 2018 \u00b7 \u00b7 FONDO BIBLIOTECONOM\u00cdA \u00b7 Como viene siendo habitual, dedicamos la entrada del blog del mes de agosto a los ex libris que aparecen en algunos de los ejemplares que componen la Biblioteca de la Real Maestranza. El [&hellip;]","og_url":"https:\/\/www.rmcr.org\/en\/2018\/08\/10\/biblioteca-rmr-no-56-ex-libris-4-agosto-2018\/","og_site_name":"Real Maestranza de Caballer\u00eda de Ronda","article_publisher":"https:\/\/www.facebook.com\/plazadetorosronda","article_published_time":"2018-08-10T09:58:09+00:00","article_modified_time":"2025-04-03T09:02:51+00:00","og_image":[{"width":948,"height":305,"url":"https:\/\/www.rmcr.org\/wp-content\/uploads\/2022\/10\/portada.jpg","type":"image\/jpeg"}],"author":"BIBLIOTECA","twitter_card":"summary_large_image","twitter_creator":"@PlazatorosRMR","twitter_site":"@PlazatorosRMR","twitter_misc":{"Written by":"BIBLIOTECA","Est. reading time":"2 minutes"},"schema":{"@context":"https:\/\/schema.org","@graph":[{"@type":"Article","@id":"https:\/\/www.rmcr.org\/en\/2018\/08\/10\/biblioteca-rmr-no-56-ex-libris-4-agosto-2018\/#article","isPartOf":{"@id":"https:\/\/www.rmcr.org\/en\/2018\/08\/10\/biblioteca-rmr-no-56-ex-libris-4-agosto-2018\/"},"author":{"name":"BIBLIOTECA","@id":"https:\/\/www.rmcr.org\/en\/#\/schema\/person\/80849edee7ef556893505128619ea1d0"},"headline":"Biblioteca-RMR: N\u00ba 56. Ex libris (4). Agosto 2018.","datePublished":"2018-08-10T09:58:09+00:00","dateModified":"2025-04-03T09:02:51+00:00","mainEntityOfPage":{"@id":"https:\/\/www.rmcr.org\/en\/2018\/08\/10\/biblioteca-rmr-no-56-ex-libris-4-agosto-2018\/"},"wordCount":386,"commentCount":0,"publisher":{"@id":"https:\/\/www.rmcr.org\/en\/#organization"},"image":{"@id":"https:\/\/www.rmcr.org\/en\/2018\/08\/10\/biblioteca-rmr-no-56-ex-libris-4-agosto-2018\/#primaryimage"},"thumbnailUrl":"https:\/\/www.rmcr.org\/wp-content\/uploads\/2022\/10\/portada.jpg","keywords":["Biblioteca","Biblioteca-RMR","Bolet\u00edn mensual bibliogr\u00e1fico","Ex libris","Libros"],"articleSection":["Biblioteca","Bolet\u00edn bibliogr\u00e1fico Biblioteca-RMR"],"inLanguage":"en-US","potentialAction":[{"@type":"CommentAction","name":"Comment","target":["https:\/\/www.rmcr.org\/en\/2018\/08\/10\/biblioteca-rmr-no-56-ex-libris-4-agosto-2018\/#respond"]}]},{"@type":"WebPage","@id":"https:\/\/www.rmcr.org\/en\/2018\/08\/10\/biblioteca-rmr-no-56-ex-libris-4-agosto-2018\/","url":"https:\/\/www.rmcr.org\/en\/2018\/08\/10\/biblioteca-rmr-no-56-ex-libris-4-agosto-2018\/","name":"Biblioteca-RMR: N\u00ba 56. Ex libris (4). Agosto 2018. - Real Maestranza de Caballer\u00eda de Ronda","isPartOf":{"@id":"https:\/\/www.rmcr.org\/en\/#website"},"primaryImageOfPage":{"@id":"https:\/\/www.rmcr.org\/en\/2018\/08\/10\/biblioteca-rmr-no-56-ex-libris-4-agosto-2018\/#primaryimage"},"image":{"@id":"https:\/\/www.rmcr.org\/en\/2018\/08\/10\/biblioteca-rmr-no-56-ex-libris-4-agosto-2018\/#primaryimage"},"thumbnailUrl":"https:\/\/www.rmcr.org\/wp-content\/uploads\/2022\/10\/portada.jpg","datePublished":"2018-08-10T09:58:09+00:00","dateModified":"2025-04-03T09:02:51+00:00","breadcrumb":{"@id":"https:\/\/www.rmcr.org\/en\/2018\/08\/10\/biblioteca-rmr-no-56-ex-libris-4-agosto-2018\/#breadcrumb"},"inLanguage":"en-US","potentialAction":[{"@type":"ReadAction","target":["https:\/\/www.rmcr.org\/en\/2018\/08\/10\/biblioteca-rmr-no-56-ex-libris-4-agosto-2018\/"]}]},{"@type":"ImageObject","inLanguage":"en-US","@id":"https:\/\/www.rmcr.org\/en\/2018\/08\/10\/biblioteca-rmr-no-56-ex-libris-4-agosto-2018\/#primaryimage","url":"https:\/\/www.rmcr.org\/wp-content\/uploads\/2022\/10\/portada.jpg","contentUrl":"https:\/\/www.rmcr.org\/wp-content\/uploads\/2022\/10\/portada.jpg","width":948,"height":305},{"@type":"BreadcrumbList","@id":"https:\/\/www.rmcr.org\/en\/2018\/08\/10\/biblioteca-rmr-no-56-ex-libris-4-agosto-2018\/#breadcrumb","itemListElement":[{"@type":"ListItem","position":1,"name":"REAL MAESTRANZA DE CABALLER\u00cdA DE RONDA","item":"https:\/\/www.rmcr.org\/en\/"},{"@type":"ListItem","position":2,"name":"Biblioteca-RMR: N\u00ba 56. Ex libris (4). Agosto 2018."}]},{"@type":"WebSite","@id":"https:\/\/www.rmcr.org\/en\/#website","url":"https:\/\/www.rmcr.org\/en\/","name":"Real Maestranza de Caballer\u00eda de Ronda","description":"Real Maestranza de Caballer\u00eda de Ronda","publisher":{"@id":"https:\/\/www.rmcr.org\/en\/#organization"},"alternateName":"RMCR","potentialAction":[{"@type":"SearchAction","target":{"@type":"EntryPoint","urlTemplate":"https:\/\/www.rmcr.org\/en\/?s={search_term_string}"},"query-input":{"@type":"PropertyValueSpecification","valueRequired":true,"valueName":"search_term_string"}}],"inLanguage":"en-US"},{"@type":"Organization","@id":"https:\/\/www.rmcr.org\/en\/#organization","name":"Real Maestranza de Caballer\u00eda de Ronda","alternateName":"RMR","url":"https:\/\/www.rmcr.org\/en\/","logo":{"@type":"ImageObject","inLanguage":"en-US","@id":"https:\/\/www.rmcr.org\/en\/#\/schema\/logo\/image\/","url":"https:\/\/www.rmcr.org\/wp-content\/uploads\/2022\/07\/logo-rmr-blue.svg","contentUrl":"https:\/\/www.rmcr.org\/wp-content\/uploads\/2022\/07\/logo-rmr-blue.svg","width":131,"height":129,"caption":"Real Maestranza de Caballer\u00eda de Ronda"},"image":{"@id":"https:\/\/www.rmcr.org\/en\/#\/schema\/logo\/image\/"},"sameAs":["https:\/\/www.facebook.com\/plazadetorosronda","https:\/\/x.com\/PlazatorosRMR","https:\/\/www.instagram.com\/realmaestranzaderonda\/","https:\/\/www.youtube.com\/channel\/UCrbO5IUN-8v_QML739vM4zg\/videos"]},{"@type":"Person","@id":"https:\/\/www.rmcr.org\/en\/#\/schema\/person\/80849edee7ef556893505128619ea1d0","name":"BIBLIOTECA","image":{"@type":"ImageObject","inLanguage":"en-US","@id":"https:\/\/www.rmcr.org\/wp-content\/uploads\/2022\/11\/avatar-rmcr-96x96.png","url":"https:\/\/www.rmcr.org\/wp-content\/uploads\/2022\/11\/avatar-rmcr-96x96.png","contentUrl":"https:\/\/www.rmcr.org\/wp-content\/uploads\/2022\/11\/avatar-rmcr-96x96.png","caption":"BIBLIOTECA"},"url":"https:\/\/www.rmcr.org\/en\/author\/juan-antonio-moreno\/"}]}},"_links":{"self":[{"href":"https:\/\/www.rmcr.org\/en\/wp-json\/wp\/v2\/posts\/1705","targetHints":{"allow":["GET"]}}],"collection":[{"href":"https:\/\/www.rmcr.org\/en\/wp-json\/wp\/v2\/posts"}],"about":[{"href":"https:\/\/www.rmcr.org\/en\/wp-json\/wp\/v2\/types\/post"}],"author":[{"embeddable":true,"href":"https:\/\/www.rmcr.org\/en\/wp-json\/wp\/v2\/users\/2"}],"replies":[{"embeddable":true,"href":"https:\/\/www.rmcr.org\/en\/wp-json\/wp\/v2\/comments?post=1705"}],"version-history":[{"count":2,"href":"https:\/\/www.rmcr.org\/en\/wp-json\/wp\/v2\/posts\/1705\/revisions"}],"predecessor-version":[{"id":18248,"href":"https:\/\/www.rmcr.org\/en\/wp-json\/wp\/v2\/posts\/1705\/revisions\/18248"}],"wp:featuredmedia":[{"embeddable":true,"href":"https:\/\/www.rmcr.org\/en\/wp-json\/wp\/v2\/media\/11674"}],"wp:attachment":[{"href":"https:\/\/www.rmcr.org\/en\/wp-json\/wp\/v2\/media?parent=1705"}],"wp:term":[{"taxonomy":"category","embeddable":true,"href":"https:\/\/www.rmcr.org\/en\/wp-json\/wp\/v2\/categories?post=1705"},{"taxonomy":"post_tag","embeddable":true,"href":"https:\/\/www.rmcr.org\/en\/wp-json\/wp\/v2\/tags?post=1705"}],"curies":[{"name":"wp","href":"https:\/\/api.w.org\/{rel}","templated":true}]}}