{"id":170,"date":"2015-04-09T12:15:22","date_gmt":"2015-04-09T12:15:22","guid":{"rendered":"https:\/\/www.rmcr.org\/?p=170"},"modified":"2023-02-13T13:08:24","modified_gmt":"2023-02-13T13:08:24","slug":"reapertura-de-la-cafeteria-daver-en-la-plaza-de-toros","status":"publish","type":"post","link":"https:\/\/www.rmcr.org\/en\/2015\/04\/09\/reapertura-de-la-cafeteria-daver-en-la-plaza-de-toros\/","title":{"rendered":"Reapertura de la cafeter\u00eda Daver en la Plaza de Toros"},"content":{"rendered":"\t\t<div data-elementor-type=\"wp-post\" data-elementor-id=\"170\" class=\"elementor elementor-170\" data-elementor-post-type=\"post\">\n\t\t\t\t\t\t<section class=\"elementor-section elementor-top-section elementor-element elementor-element-42020787 elementor-section-boxed elementor-section-height-default elementor-section-height-default\" data-id=\"42020787\" data-element_type=\"section\" data-e-type=\"section\">\n\t\t\t\t\t\t<div class=\"elementor-container elementor-column-gap-default\">\n\t\t\t\t\t<div class=\"elementor-column elementor-col-100 elementor-top-column elementor-element elementor-element-22961af6\" data-id=\"22961af6\" data-element_type=\"column\" data-e-type=\"column\">\n\t\t\t<div class=\"elementor-widget-wrap elementor-element-populated\">\n\t\t\t\t\t\t<div class=\"elementor-element elementor-element-6ced2a69 elementor-widget elementor-widget-text-editor\" data-id=\"6ced2a69\" data-element_type=\"widget\" data-e-type=\"widget\" data-widget_type=\"text-editor.default\">\n\t\t\t\t<div class=\"elementor-widget-container\">\n\t\t\t\t\t\t\t\t\t<p>A partir del lunes 13 de abril se abrir\u00e1 a todos los ronde\u00f1os y visitantes la cafeter\u00eda Daver en la Plaza de Toros de la Real Maestranza.<\/p><p>El horario de atenci\u00f3n al p\u00fablico ser\u00e1 de 10:00 a 16:00 h. de lunes a domingo.<\/p><p>El acceso a la cafeter\u00eda se realiza a trav\u00e9s la recepci\u00f3n de la taquilla al monumento, y ser\u00e1 independiente de la visita tur\u00edstica.<\/p><p>\u00a0<\/p><p><img fetchpriority=\"high\" decoding=\"async\" class=\"aligncenter wp-image-8108 size-full\" src=\"https:\/\/www.rmcr.org\/wp-content\/uploads\/2015\/04\/e12_0018-editar1.jpg\" alt=\"\" width=\"768\" height=\"865\" srcset=\"https:\/\/www.rmcr.org\/wp-content\/uploads\/2015\/04\/e12_0018-editar1.jpg 768w, https:\/\/www.rmcr.org\/wp-content\/uploads\/2015\/04\/e12_0018-editar1-266x300.jpg 266w\" sizes=\"(max-width: 768px) 100vw, 768px\" \/><\/p><p>Esta cafeter\u00eda, llamada Ronda Gourmet Point, pretende convertirse en un punto de referencia de los productos de Ronda y la serran\u00eda.<\/p><p>\u00a0<\/p><p><img decoding=\"async\" class=\"aligncenter wp-image-8116 size-large\" src=\"https:\/\/www.rmcr.org\/wp-content\/uploads\/2015\/04\/folleto-espac3b1ol-cafeterc3ada-488x1024.jpg\" alt=\"\" width=\"488\" height=\"1024\" srcset=\"https:\/\/www.rmcr.org\/wp-content\/uploads\/2015\/04\/folleto-espac3b1ol-cafeterc3ada-488x1024.jpg 488w, https:\/\/www.rmcr.org\/wp-content\/uploads\/2015\/04\/folleto-espac3b1ol-cafeterc3ada-143x300.jpg 143w, https:\/\/www.rmcr.org\/wp-content\/uploads\/2015\/04\/folleto-espac3b1ol-cafeterc3ada.jpg 591w\" sizes=\"(max-width: 488px) 100vw, 488px\" \/><\/p>\t\t\t\t\t\t\t\t<\/div>\n\t\t\t\t<\/div>\n\t\t\t\t\t<\/div>\n\t\t<\/div>\n\t\t\t\t\t<\/div>\n\t\t<\/section>\n\t\t\t\t<\/div>\n\t\t","protected":false},"excerpt":{"rendered":"<p>A partir del lunes 13 de abril se abrir\u00e1 a todos los ronde\u00f1os y visitantes la cafeter\u00eda Daver en la Plaza de Toros de la Real Maestranza. El horario de atenci\u00f3n al p\u00fablico ser\u00e1 de 10:00 a 16:00 h. de lunes a domingo. El acceso a la cafeter\u00eda se realiza a trav\u00e9s la recepci\u00f3n de [&hellip;]<\/p>\n","protected":false},"author":7,"featured_media":7171,"comment_status":"open","ping_status":"open","sticky":false,"template":"","format":"standard","meta":{"footnotes":""},"categories":[277],"tags":[304,285,305],"class_list":["post-170","post","type-post","status-publish","format-standard","has-post-thumbnail","hentry","category-plaza-de-toros","tag-cafeteria","tag-instalaciones","tag-restauracion"],"yoast_head":"<!-- This site is optimized with the Yoast SEO plugin v27.5 - https:\/\/yoast.com\/product\/yoast-seo-wordpress\/ -->\n<title>Reapertura de la cafeter\u00eda Daver en la Plaza de Toros - Real Maestranza de Caballer\u00eda de Ronda<\/title>\n<meta name=\"robots\" content=\"index, follow, max-snippet:-1, max-image-preview:large, max-video-preview:-1\" \/>\n<link rel=\"canonical\" href=\"https:\/\/www.rmcr.org\/en\/2015\/04\/09\/reapertura-de-la-cafeteria-daver-en-la-plaza-de-toros\/\" \/>\n<meta property=\"og:locale\" content=\"en_US\" \/>\n<meta property=\"og:type\" content=\"article\" \/>\n<meta property=\"og:title\" content=\"Reapertura de la cafeter\u00eda Daver en la Plaza de Toros - Real Maestranza de Caballer\u00eda de Ronda\" \/>\n<meta property=\"og:description\" content=\"A partir del lunes 13 de abril se abrir\u00e1 a todos los ronde\u00f1os y visitantes la cafeter\u00eda Daver en la Plaza de Toros de la Real Maestranza. El horario de atenci\u00f3n al p\u00fablico ser\u00e1 de 10:00 a 16:00 h. de lunes a domingo. El acceso a la cafeter\u00eda se realiza a trav\u00e9s la recepci\u00f3n de [&hellip;]\" \/>\n<meta property=\"og:url\" content=\"https:\/\/www.rmcr.org\/en\/2015\/04\/09\/reapertura-de-la-cafeteria-daver-en-la-plaza-de-toros\/\" \/>\n<meta property=\"og:site_name\" content=\"Real Maestranza de Caballer\u00eda de Ronda\" \/>\n<meta property=\"article:publisher\" content=\"https:\/\/www.facebook.com\/plazadetorosronda\" \/>\n<meta property=\"article:published_time\" content=\"2015-04-09T12:15:22+00:00\" \/>\n<meta property=\"article:modified_time\" content=\"2023-02-13T13:08:24+00:00\" \/>\n<meta property=\"og:image\" content=\"https:\/\/www.rmcr.org\/wp-content\/uploads\/2015\/04\/folleto-espac3b1ol-cafeterc3ada-copia.jpg\" \/>\n\t<meta property=\"og:image:width\" content=\"591\" \/>\n\t<meta property=\"og:image:height\" content=\"173\" \/>\n\t<meta property=\"og:image:type\" content=\"image\/jpeg\" \/>\n<meta name=\"author\" content=\"RMCR\" \/>\n<meta name=\"twitter:card\" content=\"summary_large_image\" \/>\n<meta name=\"twitter:creator\" content=\"@PlazatorosRMR\" \/>\n<meta name=\"twitter:site\" content=\"@PlazatorosRMR\" \/>\n<meta name=\"twitter:label1\" content=\"Written by\" \/>\n\t<meta name=\"twitter:data1\" content=\"RMCR\" \/>\n<script type=\"application\/ld+json\" class=\"yoast-schema-graph\">{\"@context\":\"https:\\\/\\\/schema.org\",\"@graph\":[{\"@type\":\"Article\",\"@id\":\"https:\\\/\\\/www.rmcr.org\\\/en\\\/2015\\\/04\\\/09\\\/reapertura-de-la-cafeteria-daver-en-la-plaza-de-toros\\\/#article\",\"isPartOf\":{\"@id\":\"https:\\\/\\\/www.rmcr.org\\\/en\\\/2015\\\/04\\\/09\\\/reapertura-de-la-cafeteria-daver-en-la-plaza-de-toros\\\/\"},\"author\":{\"name\":\"RMCR\",\"@id\":\"https:\\\/\\\/www.rmcr.org\\\/en\\\/#\\\/schema\\\/person\\\/7ddd0dafda7edd0e407157f93a56df4f\"},\"headline\":\"Reapertura de la cafeter\u00eda Daver en la Plaza de Toros\",\"datePublished\":\"2015-04-09T12:15:22+00:00\",\"dateModified\":\"2023-02-13T13:08:24+00:00\",\"mainEntityOfPage\":{\"@id\":\"https:\\\/\\\/www.rmcr.org\\\/en\\\/2015\\\/04\\\/09\\\/reapertura-de-la-cafeteria-daver-en-la-plaza-de-toros\\\/\"},\"wordCount\":105,\"commentCount\":0,\"publisher\":{\"@id\":\"https:\\\/\\\/www.rmcr.org\\\/en\\\/#organization\"},\"image\":{\"@id\":\"https:\\\/\\\/www.rmcr.org\\\/en\\\/2015\\\/04\\\/09\\\/reapertura-de-la-cafeteria-daver-en-la-plaza-de-toros\\\/#primaryimage\"},\"thumbnailUrl\":\"https:\\\/\\\/www.rmcr.org\\\/wp-content\\\/uploads\\\/2015\\\/04\\\/folleto-espac3b1ol-cafeterc3ada-copia.jpg\",\"keywords\":[\"Cafeter\u00eda\",\"Instalaciones\",\"Restauraci\u00f3n\"],\"articleSection\":[\"Plaza de Toros\"],\"inLanguage\":\"en-US\",\"potentialAction\":[{\"@type\":\"CommentAction\",\"name\":\"Comment\",\"target\":[\"https:\\\/\\\/www.rmcr.org\\\/en\\\/2015\\\/04\\\/09\\\/reapertura-de-la-cafeteria-daver-en-la-plaza-de-toros\\\/#respond\"]}]},{\"@type\":\"WebPage\",\"@id\":\"https:\\\/\\\/www.rmcr.org\\\/en\\\/2015\\\/04\\\/09\\\/reapertura-de-la-cafeteria-daver-en-la-plaza-de-toros\\\/\",\"url\":\"https:\\\/\\\/www.rmcr.org\\\/en\\\/2015\\\/04\\\/09\\\/reapertura-de-la-cafeteria-daver-en-la-plaza-de-toros\\\/\",\"name\":\"Reapertura de la cafeter\u00eda Daver en la Plaza de Toros - Real Maestranza de Caballer\u00eda de Ronda\",\"isPartOf\":{\"@id\":\"https:\\\/\\\/www.rmcr.org\\\/en\\\/#website\"},\"primaryImageOfPage\":{\"@id\":\"https:\\\/\\\/www.rmcr.org\\\/en\\\/2015\\\/04\\\/09\\\/reapertura-de-la-cafeteria-daver-en-la-plaza-de-toros\\\/#primaryimage\"},\"image\":{\"@id\":\"https:\\\/\\\/www.rmcr.org\\\/en\\\/2015\\\/04\\\/09\\\/reapertura-de-la-cafeteria-daver-en-la-plaza-de-toros\\\/#primaryimage\"},\"thumbnailUrl\":\"https:\\\/\\\/www.rmcr.org\\\/wp-content\\\/uploads\\\/2015\\\/04\\\/folleto-espac3b1ol-cafeterc3ada-copia.jpg\",\"datePublished\":\"2015-04-09T12:15:22+00:00\",\"dateModified\":\"2023-02-13T13:08:24+00:00\",\"breadcrumb\":{\"@id\":\"https:\\\/\\\/www.rmcr.org\\\/en\\\/2015\\\/04\\\/09\\\/reapertura-de-la-cafeteria-daver-en-la-plaza-de-toros\\\/#breadcrumb\"},\"inLanguage\":\"en-US\",\"potentialAction\":[{\"@type\":\"ReadAction\",\"target\":[\"https:\\\/\\\/www.rmcr.org\\\/en\\\/2015\\\/04\\\/09\\\/reapertura-de-la-cafeteria-daver-en-la-plaza-de-toros\\\/\"]}]},{\"@type\":\"ImageObject\",\"inLanguage\":\"en-US\",\"@id\":\"https:\\\/\\\/www.rmcr.org\\\/en\\\/2015\\\/04\\\/09\\\/reapertura-de-la-cafeteria-daver-en-la-plaza-de-toros\\\/#primaryimage\",\"url\":\"https:\\\/\\\/www.rmcr.org\\\/wp-content\\\/uploads\\\/2015\\\/04\\\/folleto-espac3b1ol-cafeterc3ada-copia.jpg\",\"contentUrl\":\"https:\\\/\\\/www.rmcr.org\\\/wp-content\\\/uploads\\\/2015\\\/04\\\/folleto-espac3b1ol-cafeterc3ada-copia.jpg\",\"width\":591,\"height\":173},{\"@type\":\"BreadcrumbList\",\"@id\":\"https:\\\/\\\/www.rmcr.org\\\/en\\\/2015\\\/04\\\/09\\\/reapertura-de-la-cafeteria-daver-en-la-plaza-de-toros\\\/#breadcrumb\",\"itemListElement\":[{\"@type\":\"ListItem\",\"position\":1,\"name\":\"REAL MAESTRANZA DE CABALLER\u00cdA DE RONDA\",\"item\":\"https:\\\/\\\/www.rmcr.org\\\/en\\\/\"},{\"@type\":\"ListItem\",\"position\":2,\"name\":\"Reapertura de la cafeter\u00eda Daver en la Plaza de Toros\"}]},{\"@type\":\"WebSite\",\"@id\":\"https:\\\/\\\/www.rmcr.org\\\/en\\\/#website\",\"url\":\"https:\\\/\\\/www.rmcr.org\\\/en\\\/\",\"name\":\"Real Maestranza de Caballer\u00eda de Ronda\",\"description\":\"Real Maestranza de Caballer\u00eda de Ronda\",\"publisher\":{\"@id\":\"https:\\\/\\\/www.rmcr.org\\\/en\\\/#organization\"},\"alternateName\":\"RMCR\",\"potentialAction\":[{\"@type\":\"SearchAction\",\"target\":{\"@type\":\"EntryPoint\",\"urlTemplate\":\"https:\\\/\\\/www.rmcr.org\\\/en\\\/?s={search_term_string}\"},\"query-input\":{\"@type\":\"PropertyValueSpecification\",\"valueRequired\":true,\"valueName\":\"search_term_string\"}}],\"inLanguage\":\"en-US\"},{\"@type\":\"Organization\",\"@id\":\"https:\\\/\\\/www.rmcr.org\\\/en\\\/#organization\",\"name\":\"Real Maestranza de Caballer\u00eda de Ronda\",\"alternateName\":\"RMR\",\"url\":\"https:\\\/\\\/www.rmcr.org\\\/en\\\/\",\"logo\":{\"@type\":\"ImageObject\",\"inLanguage\":\"en-US\",\"@id\":\"https:\\\/\\\/www.rmcr.org\\\/en\\\/#\\\/schema\\\/logo\\\/image\\\/\",\"url\":\"https:\\\/\\\/www.rmcr.org\\\/wp-content\\\/uploads\\\/2022\\\/07\\\/logo-rmr-blue.svg\",\"contentUrl\":\"https:\\\/\\\/www.rmcr.org\\\/wp-content\\\/uploads\\\/2022\\\/07\\\/logo-rmr-blue.svg\",\"width\":131,\"height\":129,\"caption\":\"Real Maestranza de Caballer\u00eda de Ronda\"},\"image\":{\"@id\":\"https:\\\/\\\/www.rmcr.org\\\/en\\\/#\\\/schema\\\/logo\\\/image\\\/\"},\"sameAs\":[\"https:\\\/\\\/www.facebook.com\\\/plazadetorosronda\",\"https:\\\/\\\/x.com\\\/PlazatorosRMR\",\"https:\\\/\\\/www.instagram.com\\\/realmaestranzaderonda\\\/\",\"https:\\\/\\\/www.youtube.com\\\/channel\\\/UCrbO5IUN-8v_QML739vM4zg\\\/videos\"]},{\"@type\":\"Person\",\"@id\":\"https:\\\/\\\/www.rmcr.org\\\/en\\\/#\\\/schema\\\/person\\\/7ddd0dafda7edd0e407157f93a56df4f\",\"name\":\"RMCR\",\"image\":{\"@type\":\"ImageObject\",\"inLanguage\":\"en-US\",\"@id\":\"https:\\\/\\\/secure.gravatar.com\\\/avatar\\\/adb75798b50800c24baa6a8706037b9469998c49eddeb95935f50f633cff80bb?s=96&d=mm&r=g\",\"url\":\"https:\\\/\\\/secure.gravatar.com\\\/avatar\\\/adb75798b50800c24baa6a8706037b9469998c49eddeb95935f50f633cff80bb?s=96&d=mm&r=g\",\"contentUrl\":\"https:\\\/\\\/secure.gravatar.com\\\/avatar\\\/adb75798b50800c24baa6a8706037b9469998c49eddeb95935f50f633cff80bb?s=96&d=mm&r=g\",\"caption\":\"RMCR\"},\"url\":\"https:\\\/\\\/www.rmcr.org\\\/en\\\/author\\\/bitniks77\\\/\"}]}<\/script>\n<!-- \/ Yoast SEO plugin. -->","yoast_head_json":{"title":"Reapertura de la cafeter\u00eda Daver en la Plaza de Toros - Real Maestranza de Caballer\u00eda de Ronda","robots":{"index":"index","follow":"follow","max-snippet":"max-snippet:-1","max-image-preview":"max-image-preview:large","max-video-preview":"max-video-preview:-1"},"canonical":"https:\/\/www.rmcr.org\/en\/2015\/04\/09\/reapertura-de-la-cafeteria-daver-en-la-plaza-de-toros\/","og_locale":"en_US","og_type":"article","og_title":"Reapertura de la cafeter\u00eda Daver en la Plaza de Toros - Real Maestranza de Caballer\u00eda de Ronda","og_description":"A partir del lunes 13 de abril se abrir\u00e1 a todos los ronde\u00f1os y visitantes la cafeter\u00eda Daver en la Plaza de Toros de la Real Maestranza. El horario de atenci\u00f3n al p\u00fablico ser\u00e1 de 10:00 a 16:00 h. de lunes a domingo. El acceso a la cafeter\u00eda se realiza a trav\u00e9s la recepci\u00f3n de [&hellip;]","og_url":"https:\/\/www.rmcr.org\/en\/2015\/04\/09\/reapertura-de-la-cafeteria-daver-en-la-plaza-de-toros\/","og_site_name":"Real Maestranza de Caballer\u00eda de Ronda","article_publisher":"https:\/\/www.facebook.com\/plazadetorosronda","article_published_time":"2015-04-09T12:15:22+00:00","article_modified_time":"2023-02-13T13:08:24+00:00","og_image":[{"width":591,"height":173,"url":"https:\/\/www.rmcr.org\/wp-content\/uploads\/2015\/04\/folleto-espac3b1ol-cafeterc3ada-copia.jpg","type":"image\/jpeg"}],"author":"RMCR","twitter_card":"summary_large_image","twitter_creator":"@PlazatorosRMR","twitter_site":"@PlazatorosRMR","twitter_misc":{"Written by":"RMCR"},"schema":{"@context":"https:\/\/schema.org","@graph":[{"@type":"Article","@id":"https:\/\/www.rmcr.org\/en\/2015\/04\/09\/reapertura-de-la-cafeteria-daver-en-la-plaza-de-toros\/#article","isPartOf":{"@id":"https:\/\/www.rmcr.org\/en\/2015\/04\/09\/reapertura-de-la-cafeteria-daver-en-la-plaza-de-toros\/"},"author":{"name":"RMCR","@id":"https:\/\/www.rmcr.org\/en\/#\/schema\/person\/7ddd0dafda7edd0e407157f93a56df4f"},"headline":"Reapertura de la cafeter\u00eda Daver en la Plaza de Toros","datePublished":"2015-04-09T12:15:22+00:00","dateModified":"2023-02-13T13:08:24+00:00","mainEntityOfPage":{"@id":"https:\/\/www.rmcr.org\/en\/2015\/04\/09\/reapertura-de-la-cafeteria-daver-en-la-plaza-de-toros\/"},"wordCount":105,"commentCount":0,"publisher":{"@id":"https:\/\/www.rmcr.org\/en\/#organization"},"image":{"@id":"https:\/\/www.rmcr.org\/en\/2015\/04\/09\/reapertura-de-la-cafeteria-daver-en-la-plaza-de-toros\/#primaryimage"},"thumbnailUrl":"https:\/\/www.rmcr.org\/wp-content\/uploads\/2015\/04\/folleto-espac3b1ol-cafeterc3ada-copia.jpg","keywords":["Cafeter\u00eda","Instalaciones","Restauraci\u00f3n"],"articleSection":["Plaza de Toros"],"inLanguage":"en-US","potentialAction":[{"@type":"CommentAction","name":"Comment","target":["https:\/\/www.rmcr.org\/en\/2015\/04\/09\/reapertura-de-la-cafeteria-daver-en-la-plaza-de-toros\/#respond"]}]},{"@type":"WebPage","@id":"https:\/\/www.rmcr.org\/en\/2015\/04\/09\/reapertura-de-la-cafeteria-daver-en-la-plaza-de-toros\/","url":"https:\/\/www.rmcr.org\/en\/2015\/04\/09\/reapertura-de-la-cafeteria-daver-en-la-plaza-de-toros\/","name":"Reapertura de la cafeter\u00eda Daver en la Plaza de Toros - Real Maestranza de Caballer\u00eda de Ronda","isPartOf":{"@id":"https:\/\/www.rmcr.org\/en\/#website"},"primaryImageOfPage":{"@id":"https:\/\/www.rmcr.org\/en\/2015\/04\/09\/reapertura-de-la-cafeteria-daver-en-la-plaza-de-toros\/#primaryimage"},"image":{"@id":"https:\/\/www.rmcr.org\/en\/2015\/04\/09\/reapertura-de-la-cafeteria-daver-en-la-plaza-de-toros\/#primaryimage"},"thumbnailUrl":"https:\/\/www.rmcr.org\/wp-content\/uploads\/2015\/04\/folleto-espac3b1ol-cafeterc3ada-copia.jpg","datePublished":"2015-04-09T12:15:22+00:00","dateModified":"2023-02-13T13:08:24+00:00","breadcrumb":{"@id":"https:\/\/www.rmcr.org\/en\/2015\/04\/09\/reapertura-de-la-cafeteria-daver-en-la-plaza-de-toros\/#breadcrumb"},"inLanguage":"en-US","potentialAction":[{"@type":"ReadAction","target":["https:\/\/www.rmcr.org\/en\/2015\/04\/09\/reapertura-de-la-cafeteria-daver-en-la-plaza-de-toros\/"]}]},{"@type":"ImageObject","inLanguage":"en-US","@id":"https:\/\/www.rmcr.org\/en\/2015\/04\/09\/reapertura-de-la-cafeteria-daver-en-la-plaza-de-toros\/#primaryimage","url":"https:\/\/www.rmcr.org\/wp-content\/uploads\/2015\/04\/folleto-espac3b1ol-cafeterc3ada-copia.jpg","contentUrl":"https:\/\/www.rmcr.org\/wp-content\/uploads\/2015\/04\/folleto-espac3b1ol-cafeterc3ada-copia.jpg","width":591,"height":173},{"@type":"BreadcrumbList","@id":"https:\/\/www.rmcr.org\/en\/2015\/04\/09\/reapertura-de-la-cafeteria-daver-en-la-plaza-de-toros\/#breadcrumb","itemListElement":[{"@type":"ListItem","position":1,"name":"REAL MAESTRANZA DE CABALLER\u00cdA DE RONDA","item":"https:\/\/www.rmcr.org\/en\/"},{"@type":"ListItem","position":2,"name":"Reapertura de la cafeter\u00eda Daver en la Plaza de Toros"}]},{"@type":"WebSite","@id":"https:\/\/www.rmcr.org\/en\/#website","url":"https:\/\/www.rmcr.org\/en\/","name":"Real Maestranza de Caballer\u00eda de Ronda","description":"Real Maestranza de Caballer\u00eda de Ronda","publisher":{"@id":"https:\/\/www.rmcr.org\/en\/#organization"},"alternateName":"RMCR","potentialAction":[{"@type":"SearchAction","target":{"@type":"EntryPoint","urlTemplate":"https:\/\/www.rmcr.org\/en\/?s={search_term_string}"},"query-input":{"@type":"PropertyValueSpecification","valueRequired":true,"valueName":"search_term_string"}}],"inLanguage":"en-US"},{"@type":"Organization","@id":"https:\/\/www.rmcr.org\/en\/#organization","name":"Real Maestranza de Caballer\u00eda de Ronda","alternateName":"RMR","url":"https:\/\/www.rmcr.org\/en\/","logo":{"@type":"ImageObject","inLanguage":"en-US","@id":"https:\/\/www.rmcr.org\/en\/#\/schema\/logo\/image\/","url":"https:\/\/www.rmcr.org\/wp-content\/uploads\/2022\/07\/logo-rmr-blue.svg","contentUrl":"https:\/\/www.rmcr.org\/wp-content\/uploads\/2022\/07\/logo-rmr-blue.svg","width":131,"height":129,"caption":"Real Maestranza de Caballer\u00eda de Ronda"},"image":{"@id":"https:\/\/www.rmcr.org\/en\/#\/schema\/logo\/image\/"},"sameAs":["https:\/\/www.facebook.com\/plazadetorosronda","https:\/\/x.com\/PlazatorosRMR","https:\/\/www.instagram.com\/realmaestranzaderonda\/","https:\/\/www.youtube.com\/channel\/UCrbO5IUN-8v_QML739vM4zg\/videos"]},{"@type":"Person","@id":"https:\/\/www.rmcr.org\/en\/#\/schema\/person\/7ddd0dafda7edd0e407157f93a56df4f","name":"RMCR","image":{"@type":"ImageObject","inLanguage":"en-US","@id":"https:\/\/secure.gravatar.com\/avatar\/adb75798b50800c24baa6a8706037b9469998c49eddeb95935f50f633cff80bb?s=96&d=mm&r=g","url":"https:\/\/secure.gravatar.com\/avatar\/adb75798b50800c24baa6a8706037b9469998c49eddeb95935f50f633cff80bb?s=96&d=mm&r=g","contentUrl":"https:\/\/secure.gravatar.com\/avatar\/adb75798b50800c24baa6a8706037b9469998c49eddeb95935f50f633cff80bb?s=96&d=mm&r=g","caption":"RMCR"},"url":"https:\/\/www.rmcr.org\/en\/author\/bitniks77\/"}]}},"_links":{"self":[{"href":"https:\/\/www.rmcr.org\/en\/wp-json\/wp\/v2\/posts\/170","targetHints":{"allow":["GET"]}}],"collection":[{"href":"https:\/\/www.rmcr.org\/en\/wp-json\/wp\/v2\/posts"}],"about":[{"href":"https:\/\/www.rmcr.org\/en\/wp-json\/wp\/v2\/types\/post"}],"author":[{"embeddable":true,"href":"https:\/\/www.rmcr.org\/en\/wp-json\/wp\/v2\/users\/7"}],"replies":[{"embeddable":true,"href":"https:\/\/www.rmcr.org\/en\/wp-json\/wp\/v2\/comments?post=170"}],"version-history":[{"count":6,"href":"https:\/\/www.rmcr.org\/en\/wp-json\/wp\/v2\/posts\/170\/revisions"}],"predecessor-version":[{"id":15314,"href":"https:\/\/www.rmcr.org\/en\/wp-json\/wp\/v2\/posts\/170\/revisions\/15314"}],"wp:featuredmedia":[{"embeddable":true,"href":"https:\/\/www.rmcr.org\/en\/wp-json\/wp\/v2\/media\/7171"}],"wp:attachment":[{"href":"https:\/\/www.rmcr.org\/en\/wp-json\/wp\/v2\/media?parent=170"}],"wp:term":[{"taxonomy":"category","embeddable":true,"href":"https:\/\/www.rmcr.org\/en\/wp-json\/wp\/v2\/categories?post=170"},{"taxonomy":"post_tag","embeddable":true,"href":"https:\/\/www.rmcr.org\/en\/wp-json\/wp\/v2\/tags?post=170"}],"curies":[{"name":"wp","href":"https:\/\/api.w.org\/{rel}","templated":true}]}}