{"id":1599,"date":"2021-08-05T08:22:11","date_gmt":"2021-08-05T08:22:11","guid":{"rendered":"https:\/\/www.rmcr.org\/?p=1599"},"modified":"2021-08-05T08:22:11","modified_gmt":"2021-08-05T08:22:11","slug":"toreros-historicos-en-la-plaza-de-toros-de-ronda-xxi-antonio-carmona-el-gordito-el-rey-del-quiebro","status":"publish","type":"post","link":"https:\/\/www.rmcr.org\/en\/2021\/08\/05\/toreros-historicos-en-la-plaza-de-toros-de-ronda-xxi-antonio-carmona-el-gordito-el-rey-del-quiebro\/","title":{"rendered":"Toreros hist\u00f3ricos en la Plaza de Toros de Ronda (XXII). Antonio Carmona &#8220;el Gordito&#8221;, el rey del quiebro"},"content":{"rendered":"\n<p>La apariencia de su aspecto, algo encorvado y de figura redondeada, que dar\u00eda pie a su apodo desde peque\u00f1o, era el disfraz de un aut\u00e9ntico gimnasta. No se trata de una exageraci\u00f3n. Cuando el franc\u00e9s Victor Venitien, precursor de la educaci\u00f3n f\u00edsica y disc\u00edpulo en Francia del coronel espa\u00f1ol Francisco Amor\u00f3s, abri\u00f3 el primer gimnasio higi\u00e9nico contempor\u00e1neo en Sevilla a mediados del siglo XIX dedicado al \u00e1mbito del espect\u00e1culo educativo, Antonio Carmona fue uno de sus distinguidos clientes. All\u00ed se entrenaban los volatines, cuyas demostraciones eran muy populares en plazas y teatros de aquel tiempo, y acr\u00f3batas de circo.&nbsp;<\/p>\n\n\n\n<p>Natural del barrio de San Bernardo en Sevilla, como tantos otros toreros de fama, la fecha de su nacimiento es motivo de debate entre los historiadores taurinos, que oscila entre 1834 y 1838. Hijo de un panadero, cuando el negocio familiar se vino abajo sus dos hermanos mayores Jos\u00e9 y Manuel apostaron por iniciar una carrera taurina como forma de sost\u00e9n econ\u00f3mico. Hab\u00edan sobrevivido al bombardeo de la ciudad durante la sublevaci\u00f3n en 1843 contra el general Espartero, a la saz\u00f3n regente del Reino de Espa\u00f1a, poco antes de que partiera hacia el exilio. Su barrio result\u00f3 el m\u00e1s castigado, con gran n\u00famero de muertos y heridos y mucho destrozo.<\/p>\n\n\n\n<div class=\"wp-block-image\"><figure class=\"aligncenter size-large is-resized\"><a href=\"https:\/\/www.rmcr.org\/2021\/08\/antonio-carmona_rmr.png\"><img fetchpriority=\"high\" decoding=\"async\" src=\"https:\/\/www.rmcr.org\/wp-content\/uploads\/2021\/08\/antonio-carmona_rmr.png?w=755\" alt=\"\" class=\"wp-image-1602\" width=\"349\" height=\"463\" \/><\/a><\/figure><\/div>\n\n\n\n<p class=\"has-text-align-center\"><em>Antonio Carmona, Gordito,\u00a0<em>por Teodoro Ar\u00e1mburu. \u201cAnales del toreo\u201d de Jos\u00e9 Vel\u00e1zquez y S\u00e1nchez (Sevilla, 1868).<\/em><\/em>\u00a0<em>Biblioteca-RMR<\/em><\/p>\n\n\n\n<p>Era una salida profesional muy corriente en ese enclave de legendaria tradici\u00f3n taurina. Fueron conocidos como \u201clos Panaderos\u201d. Antonio, como muchos chiquillos, tambi\u00e9n se dej\u00f3 llevar por la corriente; se cuenta con algo de posible exageraci\u00f3n que a los ocho a\u00f1os se escapaba de casa y ya se atrev\u00eda a capear las reses que llegaban al matadero. Mientras sus hermanos se buscaban la vida como peones en alguna cuadrilla o participando en capeas pueblerinas, se especula que el peque\u00f1o de los hermanos pudiera acompa\u00f1arlos en plazas cercanas. En 1851-52 Coss\u00edo se\u00f1ala que se apart\u00f3 moment\u00e1neamente del asunto y se puso a trabajar en la fundici\u00f3n de ca\u00f1ones de la Real F\u00e1brica de Artiller\u00eda, establecimiento aleda\u00f1o al barrio donde se dice que se fabric\u00f3 la bala que dej\u00f3 manco a Nelson en el asedio de Tenerife.<\/p>\n\n\n\n<p>No debi\u00f3 pasar mucho tiempo all\u00ed, porque poco despu\u00e9s se uni\u00f3 a sus dos hermanos y con doce lidi\u00f3 un becerro en la plaza de Sevilla, aunque estos datos est\u00e1n sujetos a su aut\u00e9ntica fecha de nacimiento. Hacia 1853 aparece contratado por el gitano Francisco Rodr\u00edguez Alegr\u00eda, banderillero emigrado a Portugal que alcanz\u00f3 notoriedad como empresario de la plaza del Campo de Santa Ana en Lisboa y de una cuadrilla de pegadores portugueses y de indios farpeadores de Brasil (la farpa es una especie de rej\u00f3n, un poco m\u00e1s larga que una banderilla). Con esta peculiar formaci\u00f3n recorri\u00f3 Portugal, el norte de Espa\u00f1a (donde Carmona se aficion\u00f3 a la pelota vasca) y Bayona.<\/p>\n\n\n\n<p>En la temporada siguiente viaja a Lisboa con Manuel Trigo, torero reservado y serio, que hab\u00eda sido pe\u00f3n de Montes y que hab\u00eda asombrado al <em>Chiclanero<\/em> con las banderillas, en demostraciones ins\u00f3litas como poner los rehiletes con las manos atadas con un pa\u00f1uelo. Es posible que esta relaci\u00f3n fuera fundamental para la que ser\u00eda la m\u00e1xima habilidad de Carmona. Manuel Trigo muri\u00f3 apu\u00f1alado un a\u00f1o despu\u00e9s durante una reyerta en una taberna, cuando compart\u00eda mesa con <em>Desperdicios<\/em>.<\/p>\n\n\n\n<p>Unido de nuevo a la formaci\u00f3n de sus hermanos, al poco inici\u00f3 el amplio repertorio con las banderillas que lo har\u00eda c\u00e9lebre, para asombro del p\u00fablico. Como hab\u00eda visto en Portugal, las colocaba al quiebro, a pie quieto y a cuerpo descubierto en el centro del redondel, con los pies juntos sobre un sombrero o en un aro, o con grilletes, con las manos atadas, o sentado en una silla, como lo reflej\u00f3 Gustave Dor\u00e9, o con otro pe\u00f3n tumbado entre sus piernas. Citaba al toro, lo ve\u00eda llegar, insinuaba la salida por un lado, sin moverse, y clavaba las banderillas, en un alarde de precisi\u00f3n y valor que levantaba al p\u00fablico entusiasmado. Una tarde en Sevilla arranc\u00f3 la mo\u00f1a que llevaba el toro despu\u00e9s de quebrarlo y se la ofreci\u00f3 a los duques de Montpensier, que lo citaron luego en su palacio de San Telmo para hacerle un valioso regalo, un estuche de av\u00edos de fumar en oro esmaltado. En la misma plaza y en distintas actuaciones tambi\u00e9n le hicieron obsequios la emperatriz de Austria e Isabel II. En otra ocasi\u00f3n, el marqu\u00e9s de Salamanca le arroj\u00f3 dos puros envueltos en billetes de mil pesetas.<\/p>\n\n\n\n<div class=\"wp-block-image\"><figure class=\"aligncenter size-large is-resized\"><a href=\"https:\/\/www.rmcr.org\/2021\/08\/gustave-dorecc81_rmr.png\"><img decoding=\"async\" src=\"https:\/\/www.rmcr.org\/wp-content\/uploads\/2021\/08\/gustave-dorecc81_rmr.png?w=1024\" alt=\"\" class=\"wp-image-1607\" width=\"474\" height=\"313\" \/><\/a><\/figure><\/div>\n\n\n\n<p class=\"has-text-align-center\"><em>Gustavo Dor\u00e9. Grabado de 1862. L&#8217;Espagne. Jean Charles Davillier. Libraire Hachette, Par\u00eds, 1875. Biblioteca-RMR<\/em><\/p>\n\n\n\n<p>Fue tanta su notoriedad que en algunos carteles su nombre aparec\u00eda en cuerpos de letra superiores a los de sus hermanos, y sus emolumentos eran superiores. En esta compa\u00f1\u00eda familiar recorri\u00f3 Espa\u00f1a durante varias temporadas, incluida Ronda, hasta su alternativa en 1862 en C\u00f3rdoba con su hermano Jos\u00e9 de padrino, confirmada con <em>C\u00fachares<\/em> en Madrid en el 63. Al a\u00f1o siguiente contrajo matrimonio con la hija de un rico panadero, estableciendo as\u00ed una curiosa continuidad con el gremio de sus or\u00edgenes.<\/p>\n\n\n\n<p>Su tauromaquia prolong\u00f3 la forma bulliciosa, efectista, movida y en ocasiones ventajista que hab\u00eda iniciado <em>C\u00fachares<\/em>. Sus quiebros, que le hicieron famoso y que abrieron una versi\u00f3n en el segundo tercio que se sigue practicando, fueron criticados por no pocos. Jos\u00e9 D\u00e1maso Rodr\u00edguez <em>Pepete<\/em> proclam\u00f3 que \u201ceso ya no es torear, sino hacer t\u00edteres con los toros\u201d. En otros \u00e1mbitos de cr\u00edtica taurina se admit\u00eda que eran de mucho lucimiento, pero ten\u00edan el inconveniente de que los toros \u201cse quebrantan en exceso y salen descoyuntados\u201d. Su personalidad, dibujada por Vel\u00e1zquez y S\u00e1nchez como \u201cextremadamente simp\u00e1tico, de trato cari\u00f1oso, amigo de complacer y comedido hasta lo sumo en palabras y obras\u201d fuera de las plazas, contrastaba con cierta insolencia imprudente en el terreno profesional, proclive a litigios con otros compa\u00f1eros, cr\u00edticos taurinos y empresarios.<\/p>\n\n\n\n<p>Su rivalidad con <em>El Tato<\/em>, \u00eddolo de la plaza de Madrid, superior con el estoque y de corte m\u00e1s cl\u00e1sico, le gan\u00f3 las antipat\u00edas del p\u00fablico de la capital, que lo recib\u00eda de u\u00f1as con orquestaci\u00f3n de silbidos y cencerros, hasta el punto de descomponerlo. El peri\u00f3dico El Mengue, en la cr\u00f3nica de una faena suya no se anda con rodeos: \u201cHizo alarde de cuantas gracias y piruetas caracterizan al consumado payaso de una compa\u00f1\u00eda de titiriteros\u201d. Diestro con la capa y la muleta, sin embargo, obtuvo \u00e9xitos importantes que le sirvieron para prolongar su carrera, que declin\u00f3 cuando comenz\u00f3 otra rivalidad con una figura emergente que ser\u00eda capital en el devenir de la fiesta, Rafael Molina <em>Lagartijo<\/em>, miembro de su cuadrilla durante cuatro a\u00f1os.<\/p>\n\n\n\n<p>Se retir\u00f3 poco despu\u00e9s de sus \u00faltimos duelos con <em>Lagartijo<\/em> en 1880, y aunque tuvo una breve pero insulsa reaparici\u00f3n, pudo disfrutar del capital conseguido llevando una vida pl\u00e1cida en Sevilla hasta su fallecimiento en 1920, cuando era el decano de los toreros.<\/p>\n\n\n\n<p><strong>Bibliograf\u00eda<\/strong><\/p>\n\n\n\n<p>Vel\u00e1zquez y S\u00e1nchez.&nbsp; <em>Anales del toreo.<\/em>&nbsp; Imprenta y ed. Juan Moyano, Sevilla, 1868.<\/p>\n\n\n\n<p>J. S\u00e1nchez de Neira. <em>El Toreo.<\/em> <em>Gran diccionario taurom\u00e1quico<\/em>. Imprenta de Miguel Guijarro, Madrid, 1879 (Turner, Madrid, 1988).<\/p>\n\n\n\n<p>J. M. Coss\u00edo. <em>Los toros. Tratado t\u00e9cnico e hist\u00f3ric<\/em>o, vol. III. Espasa Calpe, Madrid, 1943.<\/p>\n\n\n\n<p>Nestor Luj\u00e1n. <em>Historia del toreo<\/em>. Ediciones Destino, Barcelona, 1954.<\/p>\n\n\n\n<p>Rom\u00e1n Romero, Jose Antonio.<strong> <\/strong><em>De hombres, toros y caballos.<\/em><a href=\"http:\/\/gestauro.blogspot.com\/\"><strong> <\/strong>http:\/\/gestauro.blogspot.com\/<\/a><\/p>\n\n\n\n<p>Bentura Remacha, Benjam\u00edn. <em>Amores y desamores toreros. La vida sentimental en el mundo taurino<\/em>. Los sabios del toreo. Madrid, 2004.<\/p>\n","protected":false},"excerpt":{"rendered":"<p>Antonio Carmona natural del barrio sevillano de San Bernardo en Sevilla, como tantos otros toreros de fama, la fecha de su nacimiento es motivo de debate entre los historiadores taurinos, que oscila entre 1834 y 1838. Hijo de un panadero, cuando el negocio familiar se vino abajo sus dos hermanos mayores Jos\u00e9 y Manuel apostaron por iniciar una carrera taurina como forma de sost\u00e9n econ\u00f3mico. Hab\u00edan sobrevivido al bombardeo de la ciudad durante la sublevaci\u00f3n en 1843 contra el general Espartero, a la saz\u00f3n regente del Reino de Espa\u00f1a, poco antes de que partiera hacia el exilio. Su barrio result\u00f3 el m\u00e1s castigado, con gran n\u00famero de muertos y heridos y mucho destrozo.<\/p>\n","protected":false},"author":7,"featured_media":7442,"comment_status":"open","ping_status":"open","sticky":false,"template":"","format":"standard","meta":{"footnotes":""},"categories":[284,277,278],"tags":[],"class_list":["post-1599","post","type-post","status-publish","format-standard","has-post-thumbnail","hentry","category-historia","category-plaza-de-toros","category-tauromaquia"],"yoast_head":"<!-- This site is optimized with the Yoast SEO plugin v27.5 - https:\/\/yoast.com\/product\/yoast-seo-wordpress\/ -->\n<title>Toreros hist\u00f3ricos en la Plaza de Toros de Ronda (XXII). Antonio Carmona &quot;el Gordito&quot;, el rey del quiebro - Real Maestranza de Caballer\u00eda de Ronda<\/title>\n<meta name=\"robots\" content=\"index, follow, max-snippet:-1, max-image-preview:large, max-video-preview:-1\" \/>\n<link rel=\"canonical\" href=\"https:\/\/www.rmcr.org\/en\/2021\/08\/05\/toreros-historicos-en-la-plaza-de-toros-de-ronda-xxi-antonio-carmona-el-gordito-el-rey-del-quiebro\/\" \/>\n<meta property=\"og:locale\" content=\"en_US\" \/>\n<meta property=\"og:type\" content=\"article\" \/>\n<meta property=\"og:title\" content=\"Toreros hist\u00f3ricos en la Plaza de Toros de Ronda (XXII). Antonio Carmona &quot;el Gordito&quot;, el rey del quiebro - Real Maestranza de Caballer\u00eda de Ronda\" \/>\n<meta property=\"og:description\" content=\"Antonio Carmona natural del barrio sevillano de San Bernardo en Sevilla, como tantos otros toreros de fama, la fecha de su nacimiento es motivo de debate entre los historiadores taurinos, que oscila entre 1834 y 1838. Hijo de un panadero, cuando el negocio familiar se vino abajo sus dos hermanos mayores Jos\u00e9 y Manuel apostaron por iniciar una carrera taurina como forma de sost\u00e9n econ\u00f3mico. Hab\u00edan sobrevivido al bombardeo de la ciudad durante la sublevaci\u00f3n en 1843 contra el general Espartero, a la saz\u00f3n regente del Reino de Espa\u00f1a, poco antes de que partiera hacia el exilio. Su barrio result\u00f3 el m\u00e1s castigado, con gran n\u00famero de muertos y heridos y mucho destrozo.\" \/>\n<meta property=\"og:url\" content=\"https:\/\/www.rmcr.org\/en\/2021\/08\/05\/toreros-historicos-en-la-plaza-de-toros-de-ronda-xxi-antonio-carmona-el-gordito-el-rey-del-quiebro\/\" \/>\n<meta property=\"og:site_name\" content=\"Real Maestranza de Caballer\u00eda de Ronda\" \/>\n<meta property=\"article:publisher\" content=\"https:\/\/www.facebook.com\/plazadetorosronda\" \/>\n<meta property=\"article:published_time\" content=\"2021-08-05T08:22:11+00:00\" \/>\n<meta property=\"og:image\" content=\"https:\/\/www.rmcr.org\/wp-content\/uploads\/2021\/08\/1-1.png\" \/>\n\t<meta property=\"og:image:width\" content=\"482\" \/>\n\t<meta property=\"og:image:height\" content=\"144\" \/>\n\t<meta property=\"og:image:type\" content=\"image\/png\" \/>\n<meta name=\"author\" content=\"RMCR\" \/>\n<meta name=\"twitter:card\" content=\"summary_large_image\" \/>\n<meta name=\"twitter:creator\" content=\"@PlazatorosRMR\" \/>\n<meta name=\"twitter:site\" content=\"@PlazatorosRMR\" \/>\n<meta name=\"twitter:label1\" content=\"Written by\" \/>\n\t<meta name=\"twitter:data1\" content=\"RMCR\" \/>\n\t<meta name=\"twitter:label2\" content=\"Est. reading time\" \/>\n\t<meta name=\"twitter:data2\" content=\"7 minutes\" \/>\n<script type=\"application\/ld+json\" class=\"yoast-schema-graph\">{\"@context\":\"https:\\\/\\\/schema.org\",\"@graph\":[{\"@type\":\"Article\",\"@id\":\"https:\\\/\\\/www.rmcr.org\\\/en\\\/2021\\\/08\\\/05\\\/toreros-historicos-en-la-plaza-de-toros-de-ronda-xxi-antonio-carmona-el-gordito-el-rey-del-quiebro\\\/#article\",\"isPartOf\":{\"@id\":\"https:\\\/\\\/www.rmcr.org\\\/en\\\/2021\\\/08\\\/05\\\/toreros-historicos-en-la-plaza-de-toros-de-ronda-xxi-antonio-carmona-el-gordito-el-rey-del-quiebro\\\/\"},\"author\":{\"name\":\"RMCR\",\"@id\":\"https:\\\/\\\/www.rmcr.org\\\/en\\\/#\\\/schema\\\/person\\\/7ddd0dafda7edd0e407157f93a56df4f\"},\"headline\":\"Toreros hist\u00f3ricos en la Plaza de Toros de Ronda (XXII). Antonio Carmona &#8220;el Gordito&#8221;, el rey del quiebro\",\"datePublished\":\"2021-08-05T08:22:11+00:00\",\"mainEntityOfPage\":{\"@id\":\"https:\\\/\\\/www.rmcr.org\\\/en\\\/2021\\\/08\\\/05\\\/toreros-historicos-en-la-plaza-de-toros-de-ronda-xxi-antonio-carmona-el-gordito-el-rey-del-quiebro\\\/\"},\"wordCount\":1363,\"commentCount\":0,\"publisher\":{\"@id\":\"https:\\\/\\\/www.rmcr.org\\\/en\\\/#organization\"},\"image\":{\"@id\":\"https:\\\/\\\/www.rmcr.org\\\/en\\\/2021\\\/08\\\/05\\\/toreros-historicos-en-la-plaza-de-toros-de-ronda-xxi-antonio-carmona-el-gordito-el-rey-del-quiebro\\\/#primaryimage\"},\"thumbnailUrl\":\"https:\\\/\\\/www.rmcr.org\\\/wp-content\\\/uploads\\\/2021\\\/08\\\/1-1.png\",\"articleSection\":[\"Historia\",\"Plaza de Toros\",\"Tauromaquia\"],\"inLanguage\":\"en-US\",\"potentialAction\":[{\"@type\":\"CommentAction\",\"name\":\"Comment\",\"target\":[\"https:\\\/\\\/www.rmcr.org\\\/en\\\/2021\\\/08\\\/05\\\/toreros-historicos-en-la-plaza-de-toros-de-ronda-xxi-antonio-carmona-el-gordito-el-rey-del-quiebro\\\/#respond\"]}]},{\"@type\":\"WebPage\",\"@id\":\"https:\\\/\\\/www.rmcr.org\\\/en\\\/2021\\\/08\\\/05\\\/toreros-historicos-en-la-plaza-de-toros-de-ronda-xxi-antonio-carmona-el-gordito-el-rey-del-quiebro\\\/\",\"url\":\"https:\\\/\\\/www.rmcr.org\\\/en\\\/2021\\\/08\\\/05\\\/toreros-historicos-en-la-plaza-de-toros-de-ronda-xxi-antonio-carmona-el-gordito-el-rey-del-quiebro\\\/\",\"name\":\"Toreros hist\u00f3ricos en la Plaza de Toros de Ronda (XXII). Antonio Carmona \\\"el Gordito\\\", el rey del quiebro - Real Maestranza de Caballer\u00eda de Ronda\",\"isPartOf\":{\"@id\":\"https:\\\/\\\/www.rmcr.org\\\/en\\\/#website\"},\"primaryImageOfPage\":{\"@id\":\"https:\\\/\\\/www.rmcr.org\\\/en\\\/2021\\\/08\\\/05\\\/toreros-historicos-en-la-plaza-de-toros-de-ronda-xxi-antonio-carmona-el-gordito-el-rey-del-quiebro\\\/#primaryimage\"},\"image\":{\"@id\":\"https:\\\/\\\/www.rmcr.org\\\/en\\\/2021\\\/08\\\/05\\\/toreros-historicos-en-la-plaza-de-toros-de-ronda-xxi-antonio-carmona-el-gordito-el-rey-del-quiebro\\\/#primaryimage\"},\"thumbnailUrl\":\"https:\\\/\\\/www.rmcr.org\\\/wp-content\\\/uploads\\\/2021\\\/08\\\/1-1.png\",\"datePublished\":\"2021-08-05T08:22:11+00:00\",\"breadcrumb\":{\"@id\":\"https:\\\/\\\/www.rmcr.org\\\/en\\\/2021\\\/08\\\/05\\\/toreros-historicos-en-la-plaza-de-toros-de-ronda-xxi-antonio-carmona-el-gordito-el-rey-del-quiebro\\\/#breadcrumb\"},\"inLanguage\":\"en-US\",\"potentialAction\":[{\"@type\":\"ReadAction\",\"target\":[\"https:\\\/\\\/www.rmcr.org\\\/en\\\/2021\\\/08\\\/05\\\/toreros-historicos-en-la-plaza-de-toros-de-ronda-xxi-antonio-carmona-el-gordito-el-rey-del-quiebro\\\/\"]}]},{\"@type\":\"ImageObject\",\"inLanguage\":\"en-US\",\"@id\":\"https:\\\/\\\/www.rmcr.org\\\/en\\\/2021\\\/08\\\/05\\\/toreros-historicos-en-la-plaza-de-toros-de-ronda-xxi-antonio-carmona-el-gordito-el-rey-del-quiebro\\\/#primaryimage\",\"url\":\"https:\\\/\\\/www.rmcr.org\\\/wp-content\\\/uploads\\\/2021\\\/08\\\/1-1.png\",\"contentUrl\":\"https:\\\/\\\/www.rmcr.org\\\/wp-content\\\/uploads\\\/2021\\\/08\\\/1-1.png\",\"width\":482,\"height\":144},{\"@type\":\"BreadcrumbList\",\"@id\":\"https:\\\/\\\/www.rmcr.org\\\/en\\\/2021\\\/08\\\/05\\\/toreros-historicos-en-la-plaza-de-toros-de-ronda-xxi-antonio-carmona-el-gordito-el-rey-del-quiebro\\\/#breadcrumb\",\"itemListElement\":[{\"@type\":\"ListItem\",\"position\":1,\"name\":\"REAL MAESTRANZA DE CABALLER\u00cdA DE RONDA\",\"item\":\"https:\\\/\\\/www.rmcr.org\\\/en\\\/\"},{\"@type\":\"ListItem\",\"position\":2,\"name\":\"Toreros hist\u00f3ricos en la Plaza de Toros de Ronda (XXII). Antonio Carmona \u00abel Gordito\u00bb, el rey del quiebro\"}]},{\"@type\":\"WebSite\",\"@id\":\"https:\\\/\\\/www.rmcr.org\\\/en\\\/#website\",\"url\":\"https:\\\/\\\/www.rmcr.org\\\/en\\\/\",\"name\":\"Real Maestranza de Caballer\u00eda de Ronda\",\"description\":\"Real Maestranza de Caballer\u00eda de Ronda\",\"publisher\":{\"@id\":\"https:\\\/\\\/www.rmcr.org\\\/en\\\/#organization\"},\"alternateName\":\"RMCR\",\"potentialAction\":[{\"@type\":\"SearchAction\",\"target\":{\"@type\":\"EntryPoint\",\"urlTemplate\":\"https:\\\/\\\/www.rmcr.org\\\/en\\\/?s={search_term_string}\"},\"query-input\":{\"@type\":\"PropertyValueSpecification\",\"valueRequired\":true,\"valueName\":\"search_term_string\"}}],\"inLanguage\":\"en-US\"},{\"@type\":\"Organization\",\"@id\":\"https:\\\/\\\/www.rmcr.org\\\/en\\\/#organization\",\"name\":\"Real Maestranza de Caballer\u00eda de Ronda\",\"alternateName\":\"RMR\",\"url\":\"https:\\\/\\\/www.rmcr.org\\\/en\\\/\",\"logo\":{\"@type\":\"ImageObject\",\"inLanguage\":\"en-US\",\"@id\":\"https:\\\/\\\/www.rmcr.org\\\/en\\\/#\\\/schema\\\/logo\\\/image\\\/\",\"url\":\"https:\\\/\\\/www.rmcr.org\\\/wp-content\\\/uploads\\\/2022\\\/07\\\/logo-rmr-blue.svg\",\"contentUrl\":\"https:\\\/\\\/www.rmcr.org\\\/wp-content\\\/uploads\\\/2022\\\/07\\\/logo-rmr-blue.svg\",\"width\":131,\"height\":129,\"caption\":\"Real Maestranza de Caballer\u00eda de Ronda\"},\"image\":{\"@id\":\"https:\\\/\\\/www.rmcr.org\\\/en\\\/#\\\/schema\\\/logo\\\/image\\\/\"},\"sameAs\":[\"https:\\\/\\\/www.facebook.com\\\/plazadetorosronda\",\"https:\\\/\\\/x.com\\\/PlazatorosRMR\",\"https:\\\/\\\/www.instagram.com\\\/realmaestranzaderonda\\\/\",\"https:\\\/\\\/www.youtube.com\\\/channel\\\/UCrbO5IUN-8v_QML739vM4zg\\\/videos\"]},{\"@type\":\"Person\",\"@id\":\"https:\\\/\\\/www.rmcr.org\\\/en\\\/#\\\/schema\\\/person\\\/7ddd0dafda7edd0e407157f93a56df4f\",\"name\":\"RMCR\",\"image\":{\"@type\":\"ImageObject\",\"inLanguage\":\"en-US\",\"@id\":\"https:\\\/\\\/secure.gravatar.com\\\/avatar\\\/adb75798b50800c24baa6a8706037b9469998c49eddeb95935f50f633cff80bb?s=96&d=mm&r=g\",\"url\":\"https:\\\/\\\/secure.gravatar.com\\\/avatar\\\/adb75798b50800c24baa6a8706037b9469998c49eddeb95935f50f633cff80bb?s=96&d=mm&r=g\",\"contentUrl\":\"https:\\\/\\\/secure.gravatar.com\\\/avatar\\\/adb75798b50800c24baa6a8706037b9469998c49eddeb95935f50f633cff80bb?s=96&d=mm&r=g\",\"caption\":\"RMCR\"},\"url\":\"https:\\\/\\\/www.rmcr.org\\\/en\\\/author\\\/bitniks77\\\/\"}]}<\/script>\n<!-- \/ Yoast SEO plugin. -->","yoast_head_json":{"title":"Toreros hist\u00f3ricos en la Plaza de Toros de Ronda (XXII). Antonio Carmona \"el Gordito\", el rey del quiebro - Real Maestranza de Caballer\u00eda de Ronda","robots":{"index":"index","follow":"follow","max-snippet":"max-snippet:-1","max-image-preview":"max-image-preview:large","max-video-preview":"max-video-preview:-1"},"canonical":"https:\/\/www.rmcr.org\/en\/2021\/08\/05\/toreros-historicos-en-la-plaza-de-toros-de-ronda-xxi-antonio-carmona-el-gordito-el-rey-del-quiebro\/","og_locale":"en_US","og_type":"article","og_title":"Toreros hist\u00f3ricos en la Plaza de Toros de Ronda (XXII). Antonio Carmona \"el Gordito\", el rey del quiebro - Real Maestranza de Caballer\u00eda de Ronda","og_description":"Antonio Carmona natural del barrio sevillano de San Bernardo en Sevilla, como tantos otros toreros de fama, la fecha de su nacimiento es motivo de debate entre los historiadores taurinos, que oscila entre 1834 y 1838. Hijo de un panadero, cuando el negocio familiar se vino abajo sus dos hermanos mayores Jos\u00e9 y Manuel apostaron por iniciar una carrera taurina como forma de sost\u00e9n econ\u00f3mico. Hab\u00edan sobrevivido al bombardeo de la ciudad durante la sublevaci\u00f3n en 1843 contra el general Espartero, a la saz\u00f3n regente del Reino de Espa\u00f1a, poco antes de que partiera hacia el exilio. Su barrio result\u00f3 el m\u00e1s castigado, con gran n\u00famero de muertos y heridos y mucho destrozo.","og_url":"https:\/\/www.rmcr.org\/en\/2021\/08\/05\/toreros-historicos-en-la-plaza-de-toros-de-ronda-xxi-antonio-carmona-el-gordito-el-rey-del-quiebro\/","og_site_name":"Real Maestranza de Caballer\u00eda de Ronda","article_publisher":"https:\/\/www.facebook.com\/plazadetorosronda","article_published_time":"2021-08-05T08:22:11+00:00","og_image":[{"width":482,"height":144,"url":"https:\/\/www.rmcr.org\/wp-content\/uploads\/2021\/08\/1-1.png","type":"image\/png"}],"author":"RMCR","twitter_card":"summary_large_image","twitter_creator":"@PlazatorosRMR","twitter_site":"@PlazatorosRMR","twitter_misc":{"Written by":"RMCR","Est. reading time":"7 minutes"},"schema":{"@context":"https:\/\/schema.org","@graph":[{"@type":"Article","@id":"https:\/\/www.rmcr.org\/en\/2021\/08\/05\/toreros-historicos-en-la-plaza-de-toros-de-ronda-xxi-antonio-carmona-el-gordito-el-rey-del-quiebro\/#article","isPartOf":{"@id":"https:\/\/www.rmcr.org\/en\/2021\/08\/05\/toreros-historicos-en-la-plaza-de-toros-de-ronda-xxi-antonio-carmona-el-gordito-el-rey-del-quiebro\/"},"author":{"name":"RMCR","@id":"https:\/\/www.rmcr.org\/en\/#\/schema\/person\/7ddd0dafda7edd0e407157f93a56df4f"},"headline":"Toreros hist\u00f3ricos en la Plaza de Toros de Ronda (XXII). Antonio Carmona &#8220;el Gordito&#8221;, el rey del quiebro","datePublished":"2021-08-05T08:22:11+00:00","mainEntityOfPage":{"@id":"https:\/\/www.rmcr.org\/en\/2021\/08\/05\/toreros-historicos-en-la-plaza-de-toros-de-ronda-xxi-antonio-carmona-el-gordito-el-rey-del-quiebro\/"},"wordCount":1363,"commentCount":0,"publisher":{"@id":"https:\/\/www.rmcr.org\/en\/#organization"},"image":{"@id":"https:\/\/www.rmcr.org\/en\/2021\/08\/05\/toreros-historicos-en-la-plaza-de-toros-de-ronda-xxi-antonio-carmona-el-gordito-el-rey-del-quiebro\/#primaryimage"},"thumbnailUrl":"https:\/\/www.rmcr.org\/wp-content\/uploads\/2021\/08\/1-1.png","articleSection":["Historia","Plaza de Toros","Tauromaquia"],"inLanguage":"en-US","potentialAction":[{"@type":"CommentAction","name":"Comment","target":["https:\/\/www.rmcr.org\/en\/2021\/08\/05\/toreros-historicos-en-la-plaza-de-toros-de-ronda-xxi-antonio-carmona-el-gordito-el-rey-del-quiebro\/#respond"]}]},{"@type":"WebPage","@id":"https:\/\/www.rmcr.org\/en\/2021\/08\/05\/toreros-historicos-en-la-plaza-de-toros-de-ronda-xxi-antonio-carmona-el-gordito-el-rey-del-quiebro\/","url":"https:\/\/www.rmcr.org\/en\/2021\/08\/05\/toreros-historicos-en-la-plaza-de-toros-de-ronda-xxi-antonio-carmona-el-gordito-el-rey-del-quiebro\/","name":"Toreros hist\u00f3ricos en la Plaza de Toros de Ronda (XXII). Antonio Carmona \"el Gordito\", el rey del quiebro - Real Maestranza de Caballer\u00eda de Ronda","isPartOf":{"@id":"https:\/\/www.rmcr.org\/en\/#website"},"primaryImageOfPage":{"@id":"https:\/\/www.rmcr.org\/en\/2021\/08\/05\/toreros-historicos-en-la-plaza-de-toros-de-ronda-xxi-antonio-carmona-el-gordito-el-rey-del-quiebro\/#primaryimage"},"image":{"@id":"https:\/\/www.rmcr.org\/en\/2021\/08\/05\/toreros-historicos-en-la-plaza-de-toros-de-ronda-xxi-antonio-carmona-el-gordito-el-rey-del-quiebro\/#primaryimage"},"thumbnailUrl":"https:\/\/www.rmcr.org\/wp-content\/uploads\/2021\/08\/1-1.png","datePublished":"2021-08-05T08:22:11+00:00","breadcrumb":{"@id":"https:\/\/www.rmcr.org\/en\/2021\/08\/05\/toreros-historicos-en-la-plaza-de-toros-de-ronda-xxi-antonio-carmona-el-gordito-el-rey-del-quiebro\/#breadcrumb"},"inLanguage":"en-US","potentialAction":[{"@type":"ReadAction","target":["https:\/\/www.rmcr.org\/en\/2021\/08\/05\/toreros-historicos-en-la-plaza-de-toros-de-ronda-xxi-antonio-carmona-el-gordito-el-rey-del-quiebro\/"]}]},{"@type":"ImageObject","inLanguage":"en-US","@id":"https:\/\/www.rmcr.org\/en\/2021\/08\/05\/toreros-historicos-en-la-plaza-de-toros-de-ronda-xxi-antonio-carmona-el-gordito-el-rey-del-quiebro\/#primaryimage","url":"https:\/\/www.rmcr.org\/wp-content\/uploads\/2021\/08\/1-1.png","contentUrl":"https:\/\/www.rmcr.org\/wp-content\/uploads\/2021\/08\/1-1.png","width":482,"height":144},{"@type":"BreadcrumbList","@id":"https:\/\/www.rmcr.org\/en\/2021\/08\/05\/toreros-historicos-en-la-plaza-de-toros-de-ronda-xxi-antonio-carmona-el-gordito-el-rey-del-quiebro\/#breadcrumb","itemListElement":[{"@type":"ListItem","position":1,"name":"REAL MAESTRANZA DE CABALLER\u00cdA DE RONDA","item":"https:\/\/www.rmcr.org\/en\/"},{"@type":"ListItem","position":2,"name":"Toreros hist\u00f3ricos en la Plaza de Toros de Ronda (XXII). Antonio Carmona \u00abel Gordito\u00bb, el rey del quiebro"}]},{"@type":"WebSite","@id":"https:\/\/www.rmcr.org\/en\/#website","url":"https:\/\/www.rmcr.org\/en\/","name":"Real Maestranza de Caballer\u00eda de Ronda","description":"Real Maestranza de Caballer\u00eda de Ronda","publisher":{"@id":"https:\/\/www.rmcr.org\/en\/#organization"},"alternateName":"RMCR","potentialAction":[{"@type":"SearchAction","target":{"@type":"EntryPoint","urlTemplate":"https:\/\/www.rmcr.org\/en\/?s={search_term_string}"},"query-input":{"@type":"PropertyValueSpecification","valueRequired":true,"valueName":"search_term_string"}}],"inLanguage":"en-US"},{"@type":"Organization","@id":"https:\/\/www.rmcr.org\/en\/#organization","name":"Real Maestranza de Caballer\u00eda de Ronda","alternateName":"RMR","url":"https:\/\/www.rmcr.org\/en\/","logo":{"@type":"ImageObject","inLanguage":"en-US","@id":"https:\/\/www.rmcr.org\/en\/#\/schema\/logo\/image\/","url":"https:\/\/www.rmcr.org\/wp-content\/uploads\/2022\/07\/logo-rmr-blue.svg","contentUrl":"https:\/\/www.rmcr.org\/wp-content\/uploads\/2022\/07\/logo-rmr-blue.svg","width":131,"height":129,"caption":"Real Maestranza de Caballer\u00eda de Ronda"},"image":{"@id":"https:\/\/www.rmcr.org\/en\/#\/schema\/logo\/image\/"},"sameAs":["https:\/\/www.facebook.com\/plazadetorosronda","https:\/\/x.com\/PlazatorosRMR","https:\/\/www.instagram.com\/realmaestranzaderonda\/","https:\/\/www.youtube.com\/channel\/UCrbO5IUN-8v_QML739vM4zg\/videos"]},{"@type":"Person","@id":"https:\/\/www.rmcr.org\/en\/#\/schema\/person\/7ddd0dafda7edd0e407157f93a56df4f","name":"RMCR","image":{"@type":"ImageObject","inLanguage":"en-US","@id":"https:\/\/secure.gravatar.com\/avatar\/adb75798b50800c24baa6a8706037b9469998c49eddeb95935f50f633cff80bb?s=96&d=mm&r=g","url":"https:\/\/secure.gravatar.com\/avatar\/adb75798b50800c24baa6a8706037b9469998c49eddeb95935f50f633cff80bb?s=96&d=mm&r=g","contentUrl":"https:\/\/secure.gravatar.com\/avatar\/adb75798b50800c24baa6a8706037b9469998c49eddeb95935f50f633cff80bb?s=96&d=mm&r=g","caption":"RMCR"},"url":"https:\/\/www.rmcr.org\/en\/author\/bitniks77\/"}]}},"_links":{"self":[{"href":"https:\/\/www.rmcr.org\/en\/wp-json\/wp\/v2\/posts\/1599","targetHints":{"allow":["GET"]}}],"collection":[{"href":"https:\/\/www.rmcr.org\/en\/wp-json\/wp\/v2\/posts"}],"about":[{"href":"https:\/\/www.rmcr.org\/en\/wp-json\/wp\/v2\/types\/post"}],"author":[{"embeddable":true,"href":"https:\/\/www.rmcr.org\/en\/wp-json\/wp\/v2\/users\/7"}],"replies":[{"embeddable":true,"href":"https:\/\/www.rmcr.org\/en\/wp-json\/wp\/v2\/comments?post=1599"}],"version-history":[{"count":0,"href":"https:\/\/www.rmcr.org\/en\/wp-json\/wp\/v2\/posts\/1599\/revisions"}],"wp:featuredmedia":[{"embeddable":true,"href":"https:\/\/www.rmcr.org\/en\/wp-json\/wp\/v2\/media\/7442"}],"wp:attachment":[{"href":"https:\/\/www.rmcr.org\/en\/wp-json\/wp\/v2\/media?parent=1599"}],"wp:term":[{"taxonomy":"category","embeddable":true,"href":"https:\/\/www.rmcr.org\/en\/wp-json\/wp\/v2\/categories?post=1599"},{"taxonomy":"post_tag","embeddable":true,"href":"https:\/\/www.rmcr.org\/en\/wp-json\/wp\/v2\/tags?post=1599"}],"curies":[{"name":"wp","href":"https:\/\/api.w.org\/{rel}","templated":true}]}}