{"id":15763,"date":"2023-02-28T10:51:01","date_gmt":"2023-02-28T10:51:01","guid":{"rendered":"https:\/\/www.rmcr.org\/?p=15763"},"modified":"2025-04-02T18:07:21","modified_gmt":"2025-04-02T18:07:21","slug":"biblioteca-rmr-no-113-rilke-y-ronda-110-anos-de-la-estancia-inspiradora-del-escritor-en-la-ciudad-sonada-febrero-2023","status":"publish","type":"post","link":"https:\/\/www.rmcr.org\/en\/2023\/02\/28\/biblioteca-rmr-no-113-rilke-y-ronda-110-anos-de-la-estancia-inspiradora-del-escritor-en-la-ciudad-sonada-febrero-2023\/","title":{"rendered":"Biblioteca-RMR: N\u00ba 113. Rilke y Ronda. 110 a\u00f1os de la estancia inspiradora del escritor en \u00abla ciudad so\u00f1ada\u00bb. Febrero 2023."},"content":{"rendered":"<p style=\"text-align: center;\"><strong>\u00b7 MONOGR\u00c1FICO \u00b7<\/strong><br><strong>\u00b7 BIBLIOTECA DE LA REAL MAESTRANZA DE CABALLER\u00cdA DE RONDA \u00b7<\/strong><br><strong>\u00b7 FEBRERO 2023 \u00b7<\/strong><\/p>\n<p style=\"text-align: center;\"><strong>\u00b7 FONDO RONDA \u00b7<\/strong><\/p>\n<p>Al entrar en el universo po\u00e9tico de Rilke nos encontramos con una ambivalencia infinita. Puede parecer que el producto de su actividad creativa culmina en simples elogios y afirmaciones, pero aquello que se afirmaba ten\u00eda para Rilke, con frecuencia, el atractivo de un para\u00edso perdido. La lectura de los textos que escribi\u00f3 en Ronda revela hasta qu\u00e9 punto para \u00e9l era complejo el proceso creativo.<\/p>\n<p>Un relato simple de su estancia en Ronda podr\u00eda hacerse de esta manera: Cuando Rilke emprendi\u00f3 su viaje por Espa\u00f1a, no hab\u00eda o\u00eddo hablar de Ronda, donde lleg\u00f3 casi por casualidad. Se sinti\u00f3 abrumado por la majestuosidad del paisaje y decidi\u00f3 quedarse por un tiempo; al final, estuvo all\u00ed desde diciembre de 1912 hasta febrero de 1913.<\/p>\n<p>Aprovech\u00f3 el anonimato, un turista extranjero en un hotel pr\u00e1cticamente vac\u00edo, para realizar un ejercicio de introspecci\u00f3n y plantearse intensamente la direcci\u00f3n que habr\u00eda de tomar su obra, y tuvo un brote de creatividad, al contrario de lo que le hab\u00eda sucedido en Toledo. Desde Ronda consigui\u00f3 un nuevo estudio en Par\u00eds y parti\u00f3 en febrero para enfrentarse una vez m\u00e1s a la dura prueba que esta ciudad representaba para \u00e9l desde que, en 1902, la visitara por primera vez.<\/p>\n<p>Ronda, por lo tanto, podr\u00eda considerarse un lugar de descanso, un periodo de tregua en el peregrinaje, a menudo atormentado, de Rilke por los pa\u00edses de Europa, y una \u00edntima experiencia de un paisaje cuyas caracter\u00edsticas numinosas tuvieron una profunda resonancia en su interior.<\/p>\n<p>\u00c9ste es un relato simple y no hay en \u00e9l nada falso, pero carece de la perspectiva que nos ofrece el conocimiento riguroso de la obra de Rilke y que es necesaria para comprender los textos que escribi\u00f3 en Ronda en toda su complejidad.<\/p>\n<p style=\"text-align: right;\"><em>En Ronda. Cartas y poemas, <\/em>introducci\u00f3n de <strong>Anthony Stephens<\/strong> (Editorial Pre-Textos y Real Maestranza de Caballer\u00eda de Ronda, 2012).<\/p>\n<p>A continuaci\u00f3n se presenta una breve selecci\u00f3n bibliogr\u00e1fica de t\u00edtulos que versan sobre la figura del afamado escritor del primer cuarto del siglo XX (Praga, Rep\u00fablica Checa, 1875 &#8211; Valmont, Suiza, 1926), todos ellos presentes en la colecci\u00f3n de la Biblioteca de la Real Maestranza.<\/p>\n<p><\/p>\n\n\n<figure class=\"wp-block-image aligncenter size-full\"><img fetchpriority=\"high\" decoding=\"async\" width=\"450\" height=\"700\" src=\"https:\/\/www.rmcr.org\/wp-content\/uploads\/2023\/03\/Rilke-07b.jpg\" alt=\"\" class=\"wp-image-15766\" srcset=\"https:\/\/www.rmcr.org\/wp-content\/uploads\/2023\/03\/Rilke-07b.jpg 450w, https:\/\/www.rmcr.org\/wp-content\/uploads\/2023\/03\/Rilke-07b-193x300.jpg 193w\" sizes=\"(max-width: 450px) 100vw, 450px\" \/><\/figure>\n\n\n<p><\/p>\n<p><em>En Ronda : cartas y poemas<\/em> \/ <strong>Rainer Maria Rilke<\/strong> ; introducci\u00f3n y notas de <strong>Anthony Stephens<\/strong>. &#8212; Valencia : Pre-Textos : Real Maestranza de Caballer\u00eda de Ronda, 2012. &#8212; 88 p., [10] p. de l\u00e1m. ; 22 cm. &#8212; (Textos y pretextos ; 1212). &#8212; D.L. V. 3554-2012. &#8212; ISBN 978-84-15576-28-0.<\/p>\n<p><\/p>\n\n\n<figure class=\"wp-block-image aligncenter size-full\"><img decoding=\"async\" width=\"450\" height=\"700\" src=\"https:\/\/www.rmcr.org\/wp-content\/uploads\/2023\/03\/Rilke-10b.jpg\" alt=\"\" class=\"wp-image-15768\" srcset=\"https:\/\/www.rmcr.org\/wp-content\/uploads\/2023\/03\/Rilke-10b.jpg 450w, https:\/\/www.rmcr.org\/wp-content\/uploads\/2023\/03\/Rilke-10b-193x300.jpg 193w\" sizes=\"(max-width: 450px) 100vw, 450px\" \/><\/figure>\n\n\n<p><\/p>\n<p><em>Las ciudades de Rilke : conferencias del ciclo plurianual &#8220;Correspondencias europeas&#8221; ofrecidas en la Residencia de Estudiantes entre mayo y octubre de 2021<\/em> \/ edici\u00f3n de <strong>Carolina B. Garc\u00eda-Est\u00e9vez<\/strong>. &#8212; Madrid : Publicaciones de la Residencia de Estudiantes, 2022.&#8211; 309 p. : il. ; 22 cm. &#8212; M. 21139-2022. &#8212; 978-84-949650-4-3.<\/p>\n<p><\/p>\n\n\n<figure class=\"wp-block-image aligncenter size-full\"><img decoding=\"async\" width=\"450\" height=\"639\" src=\"https:\/\/www.rmcr.org\/wp-content\/uploads\/2023\/03\/Rilke-01b.jpg\" alt=\"\" class=\"wp-image-15770\" srcset=\"https:\/\/www.rmcr.org\/wp-content\/uploads\/2023\/03\/Rilke-01b.jpg 450w, https:\/\/www.rmcr.org\/wp-content\/uploads\/2023\/03\/Rilke-01b-211x300.jpg 211w\" sizes=\"(max-width: 450px) 100vw, 450px\" \/><\/figure>\n\n\n<p><\/p>\n<p><em>Viaje al sur : Rilke en Ronda<\/em> \/ <strong>Carmen Rivas Rubiales<\/strong> ; pr\u00f3logo de <strong>Antonio Pau<\/strong>. &#8212; M\u00e1laga : Fundaci\u00f3n Unicaja, 2019. &#8212; 250 p. : il. ; 25 cm + 1 CD. &#8212; D.L. MA. 327-2019. &#8212; ISBN 978-84-92526-78-9.<\/p>\n<p><\/p>\n\n\n<figure class=\"wp-block-image aligncenter size-full\"><img loading=\"lazy\" decoding=\"async\" width=\"450\" height=\"728\" src=\"https:\/\/www.rmcr.org\/wp-content\/uploads\/2023\/03\/Rilke-04b.jpg\" alt=\"\" class=\"wp-image-15773\" srcset=\"https:\/\/www.rmcr.org\/wp-content\/uploads\/2023\/03\/Rilke-04b.jpg 450w, https:\/\/www.rmcr.org\/wp-content\/uploads\/2023\/03\/Rilke-04b-185x300.jpg 185w\" sizes=\"(max-width: 450px) 100vw, 450px\" \/><\/figure>\n\n\n<p><\/p>\n<p><em>Rilke y la m\u00fasica<\/em> \/ <strong>Antonio Pau<\/strong>. &#8212; Madrid : Trotta, 2016. &#8212; 109 p. : il. ; 23 cm. &#8212; (La dicha de enmudecer). &#8212; D.L. M. 38845-2016. &#8212; ISBN 978-84-9879-665-0.<\/p>\n<p><\/p>\n\n\n<figure class=\"wp-block-image aligncenter size-full\"><img loading=\"lazy\" decoding=\"async\" width=\"450\" height=\"742\" src=\"https:\/\/www.rmcr.org\/wp-content\/uploads\/2023\/03\/Rilke-02b.jpg\" alt=\"\" class=\"wp-image-15775\" srcset=\"https:\/\/www.rmcr.org\/wp-content\/uploads\/2023\/03\/Rilke-02b.jpg 450w, https:\/\/www.rmcr.org\/wp-content\/uploads\/2023\/03\/Rilke-02b-182x300.jpg 182w\" sizes=\"(max-width: 450px) 100vw, 450px\" \/><\/figure>\n\n\n<p><\/p>\n<p><em>Rainer Maria Rilke : (el vidente y lo oculto)<\/em> \/ <strong>Mauricio Wiesenthal<\/strong>. &#8212; Barcelona : Acantilado, 2015. &#8212; 1157 p. ; 22 cm. &#8212; (El Acantilado ; 322). &#8212; D.L. B. 24711-2015. &#8212; ISBN 978-84-16011-78-0.<\/p>\n<p><\/p>\n\n\n<figure class=\"wp-block-image aligncenter size-full\"><img loading=\"lazy\" decoding=\"async\" width=\"450\" height=\"707\" src=\"https:\/\/www.rmcr.org\/wp-content\/uploads\/2023\/03\/Rilke-05b.jpg\" alt=\"\" class=\"wp-image-15777\" srcset=\"https:\/\/www.rmcr.org\/wp-content\/uploads\/2023\/03\/Rilke-05b.jpg 450w, https:\/\/www.rmcr.org\/wp-content\/uploads\/2023\/03\/Rilke-05b-191x300.jpg 191w\" sizes=\"(max-width: 450px) 100vw, 450px\" \/><\/figure>\n\n\n<p><\/p>\n<p><em>Espa\u00f1a en Rilke<\/em> \/ <strong>Jaime Ferreiro Alemparte<\/strong>. &#8212; Madrid : Taurus, 1966. &#8212; 479 p. : il. ; 21 cm. &#8212; (Persiles ; 32). &#8212; D.L. M. 13109-1966.<\/p>\n<p><\/p>\n\n\n<figure class=\"wp-block-image aligncenter size-full\"><img loading=\"lazy\" decoding=\"async\" width=\"450\" height=\"597\" src=\"https:\/\/www.rmcr.org\/wp-content\/uploads\/2023\/03\/Rilke-03b.jpg\" alt=\"\" class=\"wp-image-15779\" srcset=\"https:\/\/www.rmcr.org\/wp-content\/uploads\/2023\/03\/Rilke-03b.jpg 450w, https:\/\/www.rmcr.org\/wp-content\/uploads\/2023\/03\/Rilke-03b-226x300.jpg 226w\" sizes=\"(max-width: 450px) 100vw, 450px\" \/><\/figure>\n\n\n<p><\/p>\n<p><em>40 Aniversario de la muerte de Rainer Mar\u00eda Rilke : 18, 19, 20 noviembre 1966 : me<\/em>moria \/ ofrecido por la <strong>Caja de Ahorros de Ronda<\/strong>. &#8212; Ronda (M\u00e1laga) : Caja de Ahorros, 1968. &#8212; 68 p. : il. ; 26 cm. &#8212; D.L. MA. 191-1968.<\/p>\n<p><\/p>\n\n\n<figure class=\"wp-block-image aligncenter size-full\"><img loading=\"lazy\" decoding=\"async\" width=\"450\" height=\"517\" src=\"https:\/\/www.rmcr.org\/wp-content\/uploads\/2023\/03\/Rilke-06b.jpg\" alt=\"\" class=\"wp-image-15785\" srcset=\"https:\/\/www.rmcr.org\/wp-content\/uploads\/2023\/03\/Rilke-06b.jpg 450w, https:\/\/www.rmcr.org\/wp-content\/uploads\/2023\/03\/Rilke-06b-261x300.jpg 261w\" sizes=\"(max-width: 450px) 100vw, 450px\" \/><\/figure>\n\n\n<p><\/p>\n<p><em>Rilke en Toledo<\/em> \/ <strong>Antonio Pau Pedr\u00f3n<\/strong>. &#8212; Madrid : Trotta, 1997. &#8212; 118 p. : il. ; 25 cm. &#8212; D.L. VA. 480-1997. &#8212; ISBN 84-8164-177-4.<\/p>\n<p><\/p>\n\n\n<figure class=\"wp-block-image aligncenter size-full\"><img loading=\"lazy\" decoding=\"async\" width=\"450\" height=\"687\" src=\"https:\/\/www.rmcr.org\/wp-content\/uploads\/2023\/03\/Rilke-08b.jpg\" alt=\"\" class=\"wp-image-15787\" srcset=\"https:\/\/www.rmcr.org\/wp-content\/uploads\/2023\/03\/Rilke-08b.jpg 450w, https:\/\/www.rmcr.org\/wp-content\/uploads\/2023\/03\/Rilke-08b-197x300.jpg 197w\" sizes=\"(max-width: 450px) 100vw, 450px\" \/><\/figure>\n\n\n<p><\/p>\n<p><em>Rilke, l&#8217;Andalou<\/em> \/ \u00c9<strong>velyne Abitbol<\/strong> ; pr\u00e9face de <strong>Michel Duchesne<\/strong> ; illustrations, <strong>Salvador Chica Jim\u00e9nez<\/strong>. &#8212; Montr\u00e9al : \u00c9ditions Dialogue Nord-Sud, 2021. &#8212; 171 p. : il. ; 23 cm. &#8212; 978-2-92410-771-3.<\/p>\n<p><\/p>\n\n\n<figure class=\"wp-block-image aligncenter size-full\"><img loading=\"lazy\" decoding=\"async\" width=\"450\" height=\"697\" src=\"https:\/\/www.rmcr.org\/wp-content\/uploads\/2023\/03\/Rilke-09b.jpg\" alt=\"\" class=\"wp-image-15789\" srcset=\"https:\/\/www.rmcr.org\/wp-content\/uploads\/2023\/03\/Rilke-09b.jpg 450w, https:\/\/www.rmcr.org\/wp-content\/uploads\/2023\/03\/Rilke-09b-194x300.jpg 194w\" sizes=\"(max-width: 450px) 100vw, 450px\" \/><\/figure>\n\n\n<p><\/p>\n<p><em>Rilke : bio novel<\/em> \/ <strong>Farrol Kahn<\/strong>. &#8212; Naters : Valais Book, 2021. &#8212; 798 p. : il. ; 25 cm. &#8212; 978-3-9524208-6-7.<\/p>","protected":false},"excerpt":{"rendered":"<p>\u00abCuando Rilke emprendi\u00f3 su viaje por Espa\u00f1a, no hab\u00eda o\u00eddo hablar de Ronda, donde lleg\u00f3 casi por casualidad. Se sinti\u00f3 abrumado por la majestuosidad del paisaje y decidi\u00f3 quedarse por un tiempo; al final, estuvo all\u00ed desde diciembre de 1912 hasta febrero de 1913\u00bb<\/p>\n","protected":false},"author":2,"featured_media":15781,"comment_status":"closed","ping_status":"open","sticky":false,"template":"","format":"standard","meta":{"footnotes":""},"categories":[140,791],"tags":[237,105,252,176,137,139],"class_list":["post-15763","post","type-post","status-publish","format-standard","has-post-thumbnail","hentry","category-biblioteca","category-boletin-bibliografico-biblioteca-rmr","tag-bibliografias","tag-biblioteca-general","tag-biblioteca-rmr","tag-boletin-mensual-bibliografico","tag-libros","tag-rilke"],"yoast_head":"<!-- This site is optimized with the Yoast SEO plugin v27.5 - https:\/\/yoast.com\/product\/yoast-seo-wordpress\/ -->\n<title>Biblioteca-RMR: N\u00ba 113. Rilke y Ronda. 110 a\u00f1os de la estancia inspiradora del escritor en \u00abla ciudad so\u00f1ada\u00bb. Febrero 2023. - Real Maestranza de Caballer\u00eda de Ronda<\/title>\n<meta name=\"robots\" content=\"index, follow, max-snippet:-1, max-image-preview:large, max-video-preview:-1\" \/>\n<link rel=\"canonical\" href=\"https:\/\/www.rmcr.org\/en\/2023\/02\/28\/biblioteca-rmr-no-113-rilke-y-ronda-110-anos-de-la-estancia-inspiradora-del-escritor-en-la-ciudad-sonada-febrero-2023\/\" \/>\n<meta property=\"og:locale\" content=\"en_US\" \/>\n<meta property=\"og:type\" content=\"article\" \/>\n<meta property=\"og:title\" content=\"Biblioteca-RMR: N\u00ba 113. Rilke y Ronda. 110 a\u00f1os de la estancia inspiradora del escritor en \u00abla ciudad so\u00f1ada\u00bb. Febrero 2023. - Real Maestranza de Caballer\u00eda de Ronda\" \/>\n<meta property=\"og:description\" content=\"\u00abCuando Rilke emprendi\u00f3 su viaje por Espa\u00f1a, no hab\u00eda o\u00eddo hablar de Ronda, donde lleg\u00f3 casi por casualidad. Se sinti\u00f3 abrumado por la majestuosidad del paisaje y decidi\u00f3 quedarse por un tiempo; al final, estuvo all\u00ed desde diciembre de 1912 hasta febrero de 1913\u00bb\" \/>\n<meta property=\"og:url\" content=\"https:\/\/www.rmcr.org\/en\/2023\/02\/28\/biblioteca-rmr-no-113-rilke-y-ronda-110-anos-de-la-estancia-inspiradora-del-escritor-en-la-ciudad-sonada-febrero-2023\/\" \/>\n<meta property=\"og:site_name\" content=\"Real Maestranza de Caballer\u00eda de Ronda\" \/>\n<meta property=\"article:publisher\" content=\"https:\/\/www.facebook.com\/plazadetorosronda\" \/>\n<meta property=\"article:published_time\" content=\"2023-02-28T10:51:01+00:00\" \/>\n<meta property=\"article:modified_time\" content=\"2025-04-02T18:07:21+00:00\" \/>\n<meta property=\"og:image\" content=\"https:\/\/www.rmcr.org\/wp-content\/uploads\/2023\/03\/Rilke-03-dest.jpg\" \/>\n\t<meta property=\"og:image:width\" content=\"1200\" \/>\n\t<meta property=\"og:image:height\" content=\"678\" \/>\n\t<meta property=\"og:image:type\" content=\"image\/jpeg\" \/>\n<meta name=\"author\" content=\"BIBLIOTECA\" \/>\n<meta name=\"twitter:card\" content=\"summary_large_image\" \/>\n<meta name=\"twitter:creator\" content=\"@PlazatorosRMR\" \/>\n<meta name=\"twitter:site\" content=\"@PlazatorosRMR\" \/>\n<meta name=\"twitter:label1\" content=\"Written by\" \/>\n\t<meta name=\"twitter:data1\" content=\"BIBLIOTECA\" \/>\n\t<meta name=\"twitter:label2\" content=\"Est. reading time\" \/>\n\t<meta name=\"twitter:data2\" content=\"4 minutes\" \/>\n<script type=\"application\/ld+json\" class=\"yoast-schema-graph\">{\"@context\":\"https:\\\/\\\/schema.org\",\"@graph\":[{\"@type\":\"Article\",\"@id\":\"https:\\\/\\\/www.rmcr.org\\\/en\\\/2023\\\/02\\\/28\\\/biblioteca-rmr-no-113-rilke-y-ronda-110-anos-de-la-estancia-inspiradora-del-escritor-en-la-ciudad-sonada-febrero-2023\\\/#article\",\"isPartOf\":{\"@id\":\"https:\\\/\\\/www.rmcr.org\\\/en\\\/2023\\\/02\\\/28\\\/biblioteca-rmr-no-113-rilke-y-ronda-110-anos-de-la-estancia-inspiradora-del-escritor-en-la-ciudad-sonada-febrero-2023\\\/\"},\"author\":{\"name\":\"BIBLIOTECA\",\"@id\":\"https:\\\/\\\/www.rmcr.org\\\/en\\\/#\\\/schema\\\/person\\\/80849edee7ef556893505128619ea1d0\"},\"headline\":\"Biblioteca-RMR: N\u00ba 113. Rilke y Ronda. 110 a\u00f1os de la estancia inspiradora del escritor en \u00abla ciudad so\u00f1ada\u00bb. Febrero 2023.\",\"datePublished\":\"2023-02-28T10:51:01+00:00\",\"dateModified\":\"2025-04-02T18:07:21+00:00\",\"mainEntityOfPage\":{\"@id\":\"https:\\\/\\\/www.rmcr.org\\\/en\\\/2023\\\/02\\\/28\\\/biblioteca-rmr-no-113-rilke-y-ronda-110-anos-de-la-estancia-inspiradora-del-escritor-en-la-ciudad-sonada-febrero-2023\\\/\"},\"wordCount\":728,\"publisher\":{\"@id\":\"https:\\\/\\\/www.rmcr.org\\\/en\\\/#organization\"},\"image\":{\"@id\":\"https:\\\/\\\/www.rmcr.org\\\/en\\\/2023\\\/02\\\/28\\\/biblioteca-rmr-no-113-rilke-y-ronda-110-anos-de-la-estancia-inspiradora-del-escritor-en-la-ciudad-sonada-febrero-2023\\\/#primaryimage\"},\"thumbnailUrl\":\"https:\\\/\\\/www.rmcr.org\\\/wp-content\\\/uploads\\\/2023\\\/03\\\/Rilke-03-dest.jpg\",\"keywords\":[\"Bibliograf\u00edas\",\"Biblioteca\",\"Biblioteca-RMR\",\"Bolet\u00edn mensual bibliogr\u00e1fico\",\"Libros\",\"Rilke\"],\"articleSection\":[\"Biblioteca\",\"Bolet\u00edn bibliogr\u00e1fico Biblioteca-RMR\"],\"inLanguage\":\"en-US\"},{\"@type\":\"WebPage\",\"@id\":\"https:\\\/\\\/www.rmcr.org\\\/en\\\/2023\\\/02\\\/28\\\/biblioteca-rmr-no-113-rilke-y-ronda-110-anos-de-la-estancia-inspiradora-del-escritor-en-la-ciudad-sonada-febrero-2023\\\/\",\"url\":\"https:\\\/\\\/www.rmcr.org\\\/en\\\/2023\\\/02\\\/28\\\/biblioteca-rmr-no-113-rilke-y-ronda-110-anos-de-la-estancia-inspiradora-del-escritor-en-la-ciudad-sonada-febrero-2023\\\/\",\"name\":\"Biblioteca-RMR: N\u00ba 113. Rilke y Ronda. 110 a\u00f1os de la estancia inspiradora del escritor en \u00abla ciudad so\u00f1ada\u00bb. Febrero 2023. - Real Maestranza de Caballer\u00eda de Ronda\",\"isPartOf\":{\"@id\":\"https:\\\/\\\/www.rmcr.org\\\/en\\\/#website\"},\"primaryImageOfPage\":{\"@id\":\"https:\\\/\\\/www.rmcr.org\\\/en\\\/2023\\\/02\\\/28\\\/biblioteca-rmr-no-113-rilke-y-ronda-110-anos-de-la-estancia-inspiradora-del-escritor-en-la-ciudad-sonada-febrero-2023\\\/#primaryimage\"},\"image\":{\"@id\":\"https:\\\/\\\/www.rmcr.org\\\/en\\\/2023\\\/02\\\/28\\\/biblioteca-rmr-no-113-rilke-y-ronda-110-anos-de-la-estancia-inspiradora-del-escritor-en-la-ciudad-sonada-febrero-2023\\\/#primaryimage\"},\"thumbnailUrl\":\"https:\\\/\\\/www.rmcr.org\\\/wp-content\\\/uploads\\\/2023\\\/03\\\/Rilke-03-dest.jpg\",\"datePublished\":\"2023-02-28T10:51:01+00:00\",\"dateModified\":\"2025-04-02T18:07:21+00:00\",\"breadcrumb\":{\"@id\":\"https:\\\/\\\/www.rmcr.org\\\/en\\\/2023\\\/02\\\/28\\\/biblioteca-rmr-no-113-rilke-y-ronda-110-anos-de-la-estancia-inspiradora-del-escritor-en-la-ciudad-sonada-febrero-2023\\\/#breadcrumb\"},\"inLanguage\":\"en-US\",\"potentialAction\":[{\"@type\":\"ReadAction\",\"target\":[\"https:\\\/\\\/www.rmcr.org\\\/en\\\/2023\\\/02\\\/28\\\/biblioteca-rmr-no-113-rilke-y-ronda-110-anos-de-la-estancia-inspiradora-del-escritor-en-la-ciudad-sonada-febrero-2023\\\/\"]}]},{\"@type\":\"ImageObject\",\"inLanguage\":\"en-US\",\"@id\":\"https:\\\/\\\/www.rmcr.org\\\/en\\\/2023\\\/02\\\/28\\\/biblioteca-rmr-no-113-rilke-y-ronda-110-anos-de-la-estancia-inspiradora-del-escritor-en-la-ciudad-sonada-febrero-2023\\\/#primaryimage\",\"url\":\"https:\\\/\\\/www.rmcr.org\\\/wp-content\\\/uploads\\\/2023\\\/03\\\/Rilke-03-dest.jpg\",\"contentUrl\":\"https:\\\/\\\/www.rmcr.org\\\/wp-content\\\/uploads\\\/2023\\\/03\\\/Rilke-03-dest.jpg\",\"width\":1200,\"height\":678},{\"@type\":\"BreadcrumbList\",\"@id\":\"https:\\\/\\\/www.rmcr.org\\\/en\\\/2023\\\/02\\\/28\\\/biblioteca-rmr-no-113-rilke-y-ronda-110-anos-de-la-estancia-inspiradora-del-escritor-en-la-ciudad-sonada-febrero-2023\\\/#breadcrumb\",\"itemListElement\":[{\"@type\":\"ListItem\",\"position\":1,\"name\":\"REAL MAESTRANZA DE CABALLER\u00cdA DE RONDA\",\"item\":\"https:\\\/\\\/www.rmcr.org\\\/en\\\/\"},{\"@type\":\"ListItem\",\"position\":2,\"name\":\"Biblioteca-RMR: N\u00ba 113. Rilke y Ronda. 110 a\u00f1os de la estancia inspiradora del escritor en \u00abla ciudad so\u00f1ada\u00bb. Febrero 2023.\"}]},{\"@type\":\"WebSite\",\"@id\":\"https:\\\/\\\/www.rmcr.org\\\/en\\\/#website\",\"url\":\"https:\\\/\\\/www.rmcr.org\\\/en\\\/\",\"name\":\"Real Maestranza de Caballer\u00eda de Ronda\",\"description\":\"Real Maestranza de Caballer\u00eda de Ronda\",\"publisher\":{\"@id\":\"https:\\\/\\\/www.rmcr.org\\\/en\\\/#organization\"},\"alternateName\":\"RMCR\",\"potentialAction\":[{\"@type\":\"SearchAction\",\"target\":{\"@type\":\"EntryPoint\",\"urlTemplate\":\"https:\\\/\\\/www.rmcr.org\\\/en\\\/?s={search_term_string}\"},\"query-input\":{\"@type\":\"PropertyValueSpecification\",\"valueRequired\":true,\"valueName\":\"search_term_string\"}}],\"inLanguage\":\"en-US\"},{\"@type\":\"Organization\",\"@id\":\"https:\\\/\\\/www.rmcr.org\\\/en\\\/#organization\",\"name\":\"Real Maestranza de Caballer\u00eda de Ronda\",\"alternateName\":\"RMR\",\"url\":\"https:\\\/\\\/www.rmcr.org\\\/en\\\/\",\"logo\":{\"@type\":\"ImageObject\",\"inLanguage\":\"en-US\",\"@id\":\"https:\\\/\\\/www.rmcr.org\\\/en\\\/#\\\/schema\\\/logo\\\/image\\\/\",\"url\":\"https:\\\/\\\/www.rmcr.org\\\/wp-content\\\/uploads\\\/2022\\\/07\\\/logo-rmr-blue.svg\",\"contentUrl\":\"https:\\\/\\\/www.rmcr.org\\\/wp-content\\\/uploads\\\/2022\\\/07\\\/logo-rmr-blue.svg\",\"width\":131,\"height\":129,\"caption\":\"Real Maestranza de Caballer\u00eda de Ronda\"},\"image\":{\"@id\":\"https:\\\/\\\/www.rmcr.org\\\/en\\\/#\\\/schema\\\/logo\\\/image\\\/\"},\"sameAs\":[\"https:\\\/\\\/www.facebook.com\\\/plazadetorosronda\",\"https:\\\/\\\/x.com\\\/PlazatorosRMR\",\"https:\\\/\\\/www.instagram.com\\\/realmaestranzaderonda\\\/\",\"https:\\\/\\\/www.youtube.com\\\/channel\\\/UCrbO5IUN-8v_QML739vM4zg\\\/videos\"]},{\"@type\":\"Person\",\"@id\":\"https:\\\/\\\/www.rmcr.org\\\/en\\\/#\\\/schema\\\/person\\\/80849edee7ef556893505128619ea1d0\",\"name\":\"BIBLIOTECA\",\"image\":{\"@type\":\"ImageObject\",\"inLanguage\":\"en-US\",\"@id\":\"https:\\\/\\\/www.rmcr.org\\\/wp-content\\\/uploads\\\/2022\\\/11\\\/avatar-rmcr-96x96.png\",\"url\":\"https:\\\/\\\/www.rmcr.org\\\/wp-content\\\/uploads\\\/2022\\\/11\\\/avatar-rmcr-96x96.png\",\"contentUrl\":\"https:\\\/\\\/www.rmcr.org\\\/wp-content\\\/uploads\\\/2022\\\/11\\\/avatar-rmcr-96x96.png\",\"caption\":\"BIBLIOTECA\"},\"url\":\"https:\\\/\\\/www.rmcr.org\\\/en\\\/author\\\/juan-antonio-moreno\\\/\"}]}<\/script>\n<!-- \/ Yoast SEO plugin. -->","yoast_head_json":{"title":"Biblioteca-RMR: N\u00ba 113. Rilke y Ronda. 110 a\u00f1os de la estancia inspiradora del escritor en \u00abla ciudad so\u00f1ada\u00bb. Febrero 2023. - Real Maestranza de Caballer\u00eda de Ronda","robots":{"index":"index","follow":"follow","max-snippet":"max-snippet:-1","max-image-preview":"max-image-preview:large","max-video-preview":"max-video-preview:-1"},"canonical":"https:\/\/www.rmcr.org\/en\/2023\/02\/28\/biblioteca-rmr-no-113-rilke-y-ronda-110-anos-de-la-estancia-inspiradora-del-escritor-en-la-ciudad-sonada-febrero-2023\/","og_locale":"en_US","og_type":"article","og_title":"Biblioteca-RMR: N\u00ba 113. Rilke y Ronda. 110 a\u00f1os de la estancia inspiradora del escritor en \u00abla ciudad so\u00f1ada\u00bb. Febrero 2023. - Real Maestranza de Caballer\u00eda de Ronda","og_description":"\u00abCuando Rilke emprendi\u00f3 su viaje por Espa\u00f1a, no hab\u00eda o\u00eddo hablar de Ronda, donde lleg\u00f3 casi por casualidad. Se sinti\u00f3 abrumado por la majestuosidad del paisaje y decidi\u00f3 quedarse por un tiempo; al final, estuvo all\u00ed desde diciembre de 1912 hasta febrero de 1913\u00bb","og_url":"https:\/\/www.rmcr.org\/en\/2023\/02\/28\/biblioteca-rmr-no-113-rilke-y-ronda-110-anos-de-la-estancia-inspiradora-del-escritor-en-la-ciudad-sonada-febrero-2023\/","og_site_name":"Real Maestranza de Caballer\u00eda de Ronda","article_publisher":"https:\/\/www.facebook.com\/plazadetorosronda","article_published_time":"2023-02-28T10:51:01+00:00","article_modified_time":"2025-04-02T18:07:21+00:00","og_image":[{"width":1200,"height":678,"url":"https:\/\/www.rmcr.org\/wp-content\/uploads\/2023\/03\/Rilke-03-dest.jpg","type":"image\/jpeg"}],"author":"BIBLIOTECA","twitter_card":"summary_large_image","twitter_creator":"@PlazatorosRMR","twitter_site":"@PlazatorosRMR","twitter_misc":{"Written by":"BIBLIOTECA","Est. reading time":"4 minutes"},"schema":{"@context":"https:\/\/schema.org","@graph":[{"@type":"Article","@id":"https:\/\/www.rmcr.org\/en\/2023\/02\/28\/biblioteca-rmr-no-113-rilke-y-ronda-110-anos-de-la-estancia-inspiradora-del-escritor-en-la-ciudad-sonada-febrero-2023\/#article","isPartOf":{"@id":"https:\/\/www.rmcr.org\/en\/2023\/02\/28\/biblioteca-rmr-no-113-rilke-y-ronda-110-anos-de-la-estancia-inspiradora-del-escritor-en-la-ciudad-sonada-febrero-2023\/"},"author":{"name":"BIBLIOTECA","@id":"https:\/\/www.rmcr.org\/en\/#\/schema\/person\/80849edee7ef556893505128619ea1d0"},"headline":"Biblioteca-RMR: N\u00ba 113. Rilke y Ronda. 110 a\u00f1os de la estancia inspiradora del escritor en \u00abla ciudad so\u00f1ada\u00bb. Febrero 2023.","datePublished":"2023-02-28T10:51:01+00:00","dateModified":"2025-04-02T18:07:21+00:00","mainEntityOfPage":{"@id":"https:\/\/www.rmcr.org\/en\/2023\/02\/28\/biblioteca-rmr-no-113-rilke-y-ronda-110-anos-de-la-estancia-inspiradora-del-escritor-en-la-ciudad-sonada-febrero-2023\/"},"wordCount":728,"publisher":{"@id":"https:\/\/www.rmcr.org\/en\/#organization"},"image":{"@id":"https:\/\/www.rmcr.org\/en\/2023\/02\/28\/biblioteca-rmr-no-113-rilke-y-ronda-110-anos-de-la-estancia-inspiradora-del-escritor-en-la-ciudad-sonada-febrero-2023\/#primaryimage"},"thumbnailUrl":"https:\/\/www.rmcr.org\/wp-content\/uploads\/2023\/03\/Rilke-03-dest.jpg","keywords":["Bibliograf\u00edas","Biblioteca","Biblioteca-RMR","Bolet\u00edn mensual bibliogr\u00e1fico","Libros","Rilke"],"articleSection":["Biblioteca","Bolet\u00edn bibliogr\u00e1fico Biblioteca-RMR"],"inLanguage":"en-US"},{"@type":"WebPage","@id":"https:\/\/www.rmcr.org\/en\/2023\/02\/28\/biblioteca-rmr-no-113-rilke-y-ronda-110-anos-de-la-estancia-inspiradora-del-escritor-en-la-ciudad-sonada-febrero-2023\/","url":"https:\/\/www.rmcr.org\/en\/2023\/02\/28\/biblioteca-rmr-no-113-rilke-y-ronda-110-anos-de-la-estancia-inspiradora-del-escritor-en-la-ciudad-sonada-febrero-2023\/","name":"Biblioteca-RMR: N\u00ba 113. Rilke y Ronda. 110 a\u00f1os de la estancia inspiradora del escritor en \u00abla ciudad so\u00f1ada\u00bb. Febrero 2023. - Real Maestranza de Caballer\u00eda de Ronda","isPartOf":{"@id":"https:\/\/www.rmcr.org\/en\/#website"},"primaryImageOfPage":{"@id":"https:\/\/www.rmcr.org\/en\/2023\/02\/28\/biblioteca-rmr-no-113-rilke-y-ronda-110-anos-de-la-estancia-inspiradora-del-escritor-en-la-ciudad-sonada-febrero-2023\/#primaryimage"},"image":{"@id":"https:\/\/www.rmcr.org\/en\/2023\/02\/28\/biblioteca-rmr-no-113-rilke-y-ronda-110-anos-de-la-estancia-inspiradora-del-escritor-en-la-ciudad-sonada-febrero-2023\/#primaryimage"},"thumbnailUrl":"https:\/\/www.rmcr.org\/wp-content\/uploads\/2023\/03\/Rilke-03-dest.jpg","datePublished":"2023-02-28T10:51:01+00:00","dateModified":"2025-04-02T18:07:21+00:00","breadcrumb":{"@id":"https:\/\/www.rmcr.org\/en\/2023\/02\/28\/biblioteca-rmr-no-113-rilke-y-ronda-110-anos-de-la-estancia-inspiradora-del-escritor-en-la-ciudad-sonada-febrero-2023\/#breadcrumb"},"inLanguage":"en-US","potentialAction":[{"@type":"ReadAction","target":["https:\/\/www.rmcr.org\/en\/2023\/02\/28\/biblioteca-rmr-no-113-rilke-y-ronda-110-anos-de-la-estancia-inspiradora-del-escritor-en-la-ciudad-sonada-febrero-2023\/"]}]},{"@type":"ImageObject","inLanguage":"en-US","@id":"https:\/\/www.rmcr.org\/en\/2023\/02\/28\/biblioteca-rmr-no-113-rilke-y-ronda-110-anos-de-la-estancia-inspiradora-del-escritor-en-la-ciudad-sonada-febrero-2023\/#primaryimage","url":"https:\/\/www.rmcr.org\/wp-content\/uploads\/2023\/03\/Rilke-03-dest.jpg","contentUrl":"https:\/\/www.rmcr.org\/wp-content\/uploads\/2023\/03\/Rilke-03-dest.jpg","width":1200,"height":678},{"@type":"BreadcrumbList","@id":"https:\/\/www.rmcr.org\/en\/2023\/02\/28\/biblioteca-rmr-no-113-rilke-y-ronda-110-anos-de-la-estancia-inspiradora-del-escritor-en-la-ciudad-sonada-febrero-2023\/#breadcrumb","itemListElement":[{"@type":"ListItem","position":1,"name":"REAL MAESTRANZA DE CABALLER\u00cdA DE RONDA","item":"https:\/\/www.rmcr.org\/en\/"},{"@type":"ListItem","position":2,"name":"Biblioteca-RMR: N\u00ba 113. Rilke y Ronda. 110 a\u00f1os de la estancia inspiradora del escritor en \u00abla ciudad so\u00f1ada\u00bb. Febrero 2023."}]},{"@type":"WebSite","@id":"https:\/\/www.rmcr.org\/en\/#website","url":"https:\/\/www.rmcr.org\/en\/","name":"Real Maestranza de Caballer\u00eda de Ronda","description":"Real Maestranza de Caballer\u00eda de Ronda","publisher":{"@id":"https:\/\/www.rmcr.org\/en\/#organization"},"alternateName":"RMCR","potentialAction":[{"@type":"SearchAction","target":{"@type":"EntryPoint","urlTemplate":"https:\/\/www.rmcr.org\/en\/?s={search_term_string}"},"query-input":{"@type":"PropertyValueSpecification","valueRequired":true,"valueName":"search_term_string"}}],"inLanguage":"en-US"},{"@type":"Organization","@id":"https:\/\/www.rmcr.org\/en\/#organization","name":"Real Maestranza de Caballer\u00eda de Ronda","alternateName":"RMR","url":"https:\/\/www.rmcr.org\/en\/","logo":{"@type":"ImageObject","inLanguage":"en-US","@id":"https:\/\/www.rmcr.org\/en\/#\/schema\/logo\/image\/","url":"https:\/\/www.rmcr.org\/wp-content\/uploads\/2022\/07\/logo-rmr-blue.svg","contentUrl":"https:\/\/www.rmcr.org\/wp-content\/uploads\/2022\/07\/logo-rmr-blue.svg","width":131,"height":129,"caption":"Real Maestranza de Caballer\u00eda de Ronda"},"image":{"@id":"https:\/\/www.rmcr.org\/en\/#\/schema\/logo\/image\/"},"sameAs":["https:\/\/www.facebook.com\/plazadetorosronda","https:\/\/x.com\/PlazatorosRMR","https:\/\/www.instagram.com\/realmaestranzaderonda\/","https:\/\/www.youtube.com\/channel\/UCrbO5IUN-8v_QML739vM4zg\/videos"]},{"@type":"Person","@id":"https:\/\/www.rmcr.org\/en\/#\/schema\/person\/80849edee7ef556893505128619ea1d0","name":"BIBLIOTECA","image":{"@type":"ImageObject","inLanguage":"en-US","@id":"https:\/\/www.rmcr.org\/wp-content\/uploads\/2022\/11\/avatar-rmcr-96x96.png","url":"https:\/\/www.rmcr.org\/wp-content\/uploads\/2022\/11\/avatar-rmcr-96x96.png","contentUrl":"https:\/\/www.rmcr.org\/wp-content\/uploads\/2022\/11\/avatar-rmcr-96x96.png","caption":"BIBLIOTECA"},"url":"https:\/\/www.rmcr.org\/en\/author\/juan-antonio-moreno\/"}]}},"_links":{"self":[{"href":"https:\/\/www.rmcr.org\/en\/wp-json\/wp\/v2\/posts\/15763","targetHints":{"allow":["GET"]}}],"collection":[{"href":"https:\/\/www.rmcr.org\/en\/wp-json\/wp\/v2\/posts"}],"about":[{"href":"https:\/\/www.rmcr.org\/en\/wp-json\/wp\/v2\/types\/post"}],"author":[{"embeddable":true,"href":"https:\/\/www.rmcr.org\/en\/wp-json\/wp\/v2\/users\/2"}],"replies":[{"embeddable":true,"href":"https:\/\/www.rmcr.org\/en\/wp-json\/wp\/v2\/comments?post=15763"}],"version-history":[{"count":8,"href":"https:\/\/www.rmcr.org\/en\/wp-json\/wp\/v2\/posts\/15763\/revisions"}],"predecessor-version":[{"id":15794,"href":"https:\/\/www.rmcr.org\/en\/wp-json\/wp\/v2\/posts\/15763\/revisions\/15794"}],"wp:featuredmedia":[{"embeddable":true,"href":"https:\/\/www.rmcr.org\/en\/wp-json\/wp\/v2\/media\/15781"}],"wp:attachment":[{"href":"https:\/\/www.rmcr.org\/en\/wp-json\/wp\/v2\/media?parent=15763"}],"wp:term":[{"taxonomy":"category","embeddable":true,"href":"https:\/\/www.rmcr.org\/en\/wp-json\/wp\/v2\/categories?post=15763"},{"taxonomy":"post_tag","embeddable":true,"href":"https:\/\/www.rmcr.org\/en\/wp-json\/wp\/v2\/tags?post=15763"}],"curies":[{"name":"wp","href":"https:\/\/api.w.org\/{rel}","templated":true}]}}