{"id":15606,"date":"2023-02-27T18:47:30","date_gmt":"2023-02-27T18:47:30","guid":{"rendered":"https:\/\/www.rmcr.org\/?p=15606"},"modified":"2023-02-27T18:47:31","modified_gmt":"2023-02-27T18:47:31","slug":"una-extraordinaria-vista-de-ronda-fechada-en-1549","status":"publish","type":"post","link":"https:\/\/www.rmcr.org\/en\/2023\/02\/27\/una-extraordinaria-vista-de-ronda-fechada-en-1549\/","title":{"rendered":"Una extraordinaria vista de Ronda fechada en 1549"},"content":{"rendered":"<p data-adtags-visited=\"true\">Como es tradici\u00f3n por estas fechas, la Real Maestranza de Caballer\u00eda de Ronda felicita las fiestas navide\u00f1as y la llegada del a\u00f1o nuevo con un christmas institucional. La imagen seleccionada para ilustrarlo suele ser habitualmente una pieza de su colecci\u00f3n de arte o de los fondos archiv\u00edsticos y bibliogr\u00e1ficos.<\/p>\n<p data-adtags-visited=\"true\">A las puertas del 2023, a\u00f1o en que la Real Maestranza celebrar\u00e1 el 450 aniversario de su fundaci\u00f3n, en esta ocasi\u00f3n la entidad ha elegido un documento de archivo excepcional, el cual pertenece a una colecci\u00f3n particular. Un dibujo que representa la ciudad de Ronda en 1549, seg\u00fan aparece recogida dicha fecha en el propio documento, siglo que coincide con el origen de la primigenia hermandad de caballeros del Santo Esp\u00edritu, antecedente de la actual Real Maestranza de Caballer\u00eda de Ronda.<\/p>\n<p data-adtags-visited=\"true\">El dibujo est\u00e1 realizado en tinta sobre papel, con unas dimensiones de 1542 x 572 mm, y pertenece a los herederos de los Condes de Santa Pola. En \u00e9l se puede ver una visi\u00f3n panor\u00e1mica de los barrios de La Ciudad y El Mercadillo, y posiblemente sea la representaci\u00f3n de Ronda m\u00e1s antigua conservada.<\/p>\n<p data-adtags-visited=\"true\"><\/p>\n\n\n<figure class=\"wp-block-image aligncenter size-full\"><img fetchpriority=\"high\" decoding=\"async\" width=\"450\" height=\"337\" src=\"https:\/\/www.rmcr.org\/wp-content\/uploads\/2023\/02\/ronda-part-izq.jpg\" alt=\"\" class=\"wp-image-15607\" srcset=\"https:\/\/www.rmcr.org\/wp-content\/uploads\/2023\/02\/ronda-part-izq.jpg 450w, https:\/\/www.rmcr.org\/wp-content\/uploads\/2023\/02\/ronda-part-izq-300x225.jpg 300w\" sizes=\"(max-width: 450px) 100vw, 450px\" \/><\/figure>\n\n\n<p><\/p>\n<p style=\"text-align: center;\"><em>Detalle de la parte izquierda del dibujo, en la que se representa el barrio de La Ciudad por su parte m\u00e1s baja, as\u00ed como el arrabal de San Miguel. Colecci\u00f3n privada. Herederos Condes de Santa Pola.<\/em><\/p>\n<p data-adtags-visited=\"true\">La ciudad que conocemos hoy es, entre otras cosas, consecuencia de su situaci\u00f3n geogr\u00e1fica y, principalmente, de su situaci\u00f3n topogr\u00e1fica. Su extraordinaria orograf\u00eda determina su historia, ya que la inaccesibilidad de su emplazamiento, sobre una formaci\u00f3n rocosa rodeada por el r\u00edo y el Tajo, la hace inexpugnable. Dicha cualidad favoreci\u00f3 que la antigua ciudad se convirtiese en un punto defensivo estrat\u00e9gico, siendo durante m\u00e1s de doscientos a\u00f1os un enclave important\u00edsimo, favoreciendo la estabilidad de la frontera con el Reino de Granada. De no haber existido Ronda, la historia de la conquista castellana hubiera sido, a buen seguro, diferente.<\/p>\n<p data-adtags-visited=\"true\">Debido a los condicionantes hist\u00f3ricos y naturales, Ronda se configura como una ciudad fortaleza hasta finales del siglo XV, constre\u00f1ida por su recinto amurallado y con un entramado de calles muy abigarrado debido a sus reducidas dimensiones. Una ciudad defensora de una frontera guerrera.<\/p>\n<p data-adtags-visited=\"true\">La conquista de Ronda en 1485 por las tropas cristianas, con el Rey Fernando el Cat\u00f3lico a la cabeza, provoca un cambio fundamental en la ciudad. Pierde su condici\u00f3n fronteriza adquiriendo en su lugar la de localidad de paso en direcci\u00f3n a Algeciras, C\u00f3rdoba y Sevilla. As\u00ed, las cualidades que antes eran una ventaja, orograf\u00eda e inaccesibilidad, ahora son lo contrario. Para solventar las desventajas, una de las primeras intervenciones fue abrir la ciudad hacia el norte con la construcci\u00f3n de un nuevo paso elevado, que recibi\u00f3 en ese momento la denominaci\u00f3n de Puente Nuevo (hoy, el Puente Viejo).<\/p>\n<p data-adtags-visited=\"true\">La nueva v\u00eda de acceso propicia la expansi\u00f3n del barrio extramuros de El Mercadillo, donde se asentaban las mercader\u00edas. Estas formas de asentamiento fuera de las murallas son muy comunes a las puertas de las ciudades medievales, dando lugar a plazas como la que hoy existe delante de la Puerta de Almoc\u00e1bar, en el barrio de San Francisco. El Mercadillo nace como un asentamiento urbano alrededor de una de las v\u00edas de entrada a la poblaci\u00f3n, pero su mayor desarrollo urbano se debi\u00f3 a ser zona de paso a trav\u00e9s del nuevo puente hacia la ciudad fortificada.<\/p>\n<p data-adtags-visited=\"true\"><\/p>\n\n\n<figure class=\"wp-block-image aligncenter size-full\"><img decoding=\"async\" width=\"450\" height=\"338\" src=\"https:\/\/www.rmcr.org\/wp-content\/uploads\/2023\/02\/ronda-part-der.jpg\" alt=\"\" class=\"wp-image-15609\" srcset=\"https:\/\/www.rmcr.org\/wp-content\/uploads\/2023\/02\/ronda-part-der.jpg 450w, https:\/\/www.rmcr.org\/wp-content\/uploads\/2023\/02\/ronda-part-der-300x225.jpg 300w\" sizes=\"(max-width: 450px) 100vw, 450px\" \/><\/figure>\n\n\n<p><\/p>\n<p style=\"text-align: center;\"><em>Detalle de la parte derecha del dibujo, en la que se representa la parte final del barrio de La Ciudad, la nueva conexi\u00f3n elevada y las primeras construcciones del barrio de El Mercadillo. Colecci\u00f3n privada. Herederos Condes de Santa Pola.<\/em><\/p>\n<p data-adtags-visited=\"true\">Los cambios producidos por la nueva conexi\u00f3n fueron muy importantes. La ciudad salta de una lado al otro del r\u00edo, permitiendo la creaci\u00f3n de una nueva zona urbana de gran desarrollo, pese a algunas fuertes pendientes que presenta. En un corto espacio de tiempo duplica la poblaci\u00f3n del casco antiguo, el barrio de La Ciudad, diferenciado de los barrios de San Francisco, en la v\u00eda de salida hacia Algeciras, y El Mercadillo, hacia C\u00f3rdoba y Sevilla.<\/p>\n<p data-adtags-visited=\"true\">La conexi\u00f3n entre ambas partes segu\u00eda, sin embargo, siendo muy dificultosa. El tr\u00e1nsito por lo que hoy es la calle marqu\u00e9s de Salvatierra, obligaba en la mayor\u00eda de las ocasiones a descargar las carretas y desmontar las caballer\u00edas para vencer su desnivel. Aun as\u00ed, la Ciudad qued\u00f3 conectada con las salidas al norte, hacia M\u00e1laga, C\u00f3rdoba, Granada y Sevilla.<\/p>\n<p data-adtags-visited=\"true\">El dibujo muestra una perspectiva de las murallas denominadas de levante muy similar a la que podemos contemplar hoy en d\u00eda. En \u00e9l se pueden identificar: en la l\u00ednea superior, la muralla principal, la iglesia del Esp\u00edritu Santo, la puerta de los Esparteros, el castillo del Laurel, la iglesia del Carmen y la colegiata de Santa Mar\u00eda la Mayor; en la l\u00ednea central, el segundo lienzo de muralla, que delimitaba por su parte baja al arrabal de San Miguel; y en la l\u00ednea inferior, el arroyo de las Culebras. En el barrio de El Mercadillo se puede ver los comienzos del actual barrio de Padre Jes\u00fas.<\/p>\n<p data-adtags-visited=\"true\">\u00a1Feliz Navidad y A\u00f1o 2023!<\/p>\n<p data-adtags-visited=\"true\"><strong>Bibliograf\u00eda<\/strong><\/p>\n<div class=\"csl-entry\">Rojo Montijano, A., y De la Torre Fragoso, C. <i>El Puente Nuevo de Ronda y su influencia en el desarrollo y evoluci\u00f3n de la ciudad<\/i>. Anejos de Takurunna, Anuario de Estudios sobre Ronda y la Serran\u00eda, n. 3, p. 381. Ronda: Editorial La Serran\u00eda, 2019.<\/div>","protected":false},"excerpt":{"rendered":"<p>\u00abComo es tradici\u00f3n, la Real Maestranza de Caballer\u00eda de Ronda felicita las fiestas navide\u00f1as con un christmas institucional. A las puertas del 2023, a\u00f1o en que celebrar\u00e1 el 450 aniversario de su fundaci\u00f3n, la entidad ha elegido un documento de archivo excepcional, el cual pertenece a una colecci\u00f3n particular\u00bb<\/p>\n","protected":false},"author":3,"featured_media":15613,"comment_status":"closed","ping_status":"open","sticky":false,"template":"","format":"standard","meta":{"footnotes":""},"categories":[134],"tags":[183,225,114],"class_list":["post-15606","post","type-post","status-publish","format-standard","has-post-thumbnail","hentry","category-archivo","tag-documentos-historicos","tag-fondos-documentales","tag-ronda"],"yoast_head":"<!-- This site is optimized with the Yoast SEO plugin v27.5 - https:\/\/yoast.com\/product\/yoast-seo-wordpress\/ -->\n<title>Una extraordinaria vista de Ronda fechada en 1549 - Real Maestranza de Caballer\u00eda de Ronda<\/title>\n<meta name=\"robots\" content=\"index, follow, max-snippet:-1, max-image-preview:large, max-video-preview:-1\" \/>\n<link rel=\"canonical\" href=\"https:\/\/www.rmcr.org\/en\/2023\/02\/27\/una-extraordinaria-vista-de-ronda-fechada-en-1549\/\" \/>\n<meta property=\"og:locale\" content=\"en_US\" \/>\n<meta property=\"og:type\" content=\"article\" \/>\n<meta property=\"og:title\" content=\"Una extraordinaria vista de Ronda fechada en 1549 - Real Maestranza de Caballer\u00eda de Ronda\" \/>\n<meta property=\"og:description\" content=\"\u00abComo es tradici\u00f3n, la Real Maestranza de Caballer\u00eda de Ronda felicita las fiestas navide\u00f1as con un christmas institucional. A las puertas del 2023, a\u00f1o en que celebrar\u00e1 el 450 aniversario de su fundaci\u00f3n, la entidad ha elegido un documento de archivo excepcional, el cual pertenece a una colecci\u00f3n particular\u00bb\" \/>\n<meta property=\"og:url\" content=\"https:\/\/www.rmcr.org\/en\/2023\/02\/27\/una-extraordinaria-vista-de-ronda-fechada-en-1549\/\" \/>\n<meta property=\"og:site_name\" content=\"Real Maestranza de Caballer\u00eda de Ronda\" \/>\n<meta property=\"article:publisher\" content=\"https:\/\/www.facebook.com\/plazadetorosronda\" \/>\n<meta property=\"article:published_time\" content=\"2023-02-27T18:47:30+00:00\" \/>\n<meta property=\"article:modified_time\" content=\"2023-02-27T18:47:31+00:00\" \/>\n<meta property=\"og:image\" content=\"https:\/\/www.rmcr.org\/wp-content\/uploads\/2023\/02\/ronda-1549.jpg\" \/>\n\t<meta property=\"og:image:width\" content=\"1199\" \/>\n\t<meta property=\"og:image:height\" content=\"685\" \/>\n\t<meta property=\"og:image:type\" content=\"image\/jpeg\" \/>\n<meta name=\"author\" content=\"ARCHIVO\" \/>\n<meta name=\"twitter:card\" content=\"summary_large_image\" \/>\n<meta name=\"twitter:creator\" content=\"@PlazatorosRMR\" \/>\n<meta name=\"twitter:site\" content=\"@PlazatorosRMR\" \/>\n<meta name=\"twitter:label1\" content=\"Written by\" \/>\n\t<meta name=\"twitter:data1\" content=\"ARCHIVO\" \/>\n\t<meta name=\"twitter:label2\" content=\"Est. reading time\" \/>\n\t<meta name=\"twitter:data2\" content=\"5 minutes\" \/>\n<script type=\"application\/ld+json\" class=\"yoast-schema-graph\">{\"@context\":\"https:\\\/\\\/schema.org\",\"@graph\":[{\"@type\":\"Article\",\"@id\":\"https:\\\/\\\/www.rmcr.org\\\/en\\\/2023\\\/02\\\/27\\\/una-extraordinaria-vista-de-ronda-fechada-en-1549\\\/#article\",\"isPartOf\":{\"@id\":\"https:\\\/\\\/www.rmcr.org\\\/en\\\/2023\\\/02\\\/27\\\/una-extraordinaria-vista-de-ronda-fechada-en-1549\\\/\"},\"author\":{\"name\":\"ARCHIVO\",\"@id\":\"https:\\\/\\\/www.rmcr.org\\\/en\\\/#\\\/schema\\\/person\\\/f182f13b406ff40dd281a5ecca93380e\"},\"headline\":\"Una extraordinaria vista de Ronda fechada en 1549\",\"datePublished\":\"2023-02-27T18:47:30+00:00\",\"dateModified\":\"2023-02-27T18:47:31+00:00\",\"mainEntityOfPage\":{\"@id\":\"https:\\\/\\\/www.rmcr.org\\\/en\\\/2023\\\/02\\\/27\\\/una-extraordinaria-vista-de-ronda-fechada-en-1549\\\/\"},\"wordCount\":962,\"publisher\":{\"@id\":\"https:\\\/\\\/www.rmcr.org\\\/en\\\/#organization\"},\"image\":{\"@id\":\"https:\\\/\\\/www.rmcr.org\\\/en\\\/2023\\\/02\\\/27\\\/una-extraordinaria-vista-de-ronda-fechada-en-1549\\\/#primaryimage\"},\"thumbnailUrl\":\"https:\\\/\\\/www.rmcr.org\\\/wp-content\\\/uploads\\\/2023\\\/02\\\/ronda-1549.jpg\",\"keywords\":[\"Documentos hist\u00f3ricos\",\"Fondos documentales\",\"Ronda\"],\"articleSection\":[\"Archivo\"],\"inLanguage\":\"en-US\"},{\"@type\":\"WebPage\",\"@id\":\"https:\\\/\\\/www.rmcr.org\\\/en\\\/2023\\\/02\\\/27\\\/una-extraordinaria-vista-de-ronda-fechada-en-1549\\\/\",\"url\":\"https:\\\/\\\/www.rmcr.org\\\/en\\\/2023\\\/02\\\/27\\\/una-extraordinaria-vista-de-ronda-fechada-en-1549\\\/\",\"name\":\"Una extraordinaria vista de Ronda fechada en 1549 - Real Maestranza de Caballer\u00eda de Ronda\",\"isPartOf\":{\"@id\":\"https:\\\/\\\/www.rmcr.org\\\/en\\\/#website\"},\"primaryImageOfPage\":{\"@id\":\"https:\\\/\\\/www.rmcr.org\\\/en\\\/2023\\\/02\\\/27\\\/una-extraordinaria-vista-de-ronda-fechada-en-1549\\\/#primaryimage\"},\"image\":{\"@id\":\"https:\\\/\\\/www.rmcr.org\\\/en\\\/2023\\\/02\\\/27\\\/una-extraordinaria-vista-de-ronda-fechada-en-1549\\\/#primaryimage\"},\"thumbnailUrl\":\"https:\\\/\\\/www.rmcr.org\\\/wp-content\\\/uploads\\\/2023\\\/02\\\/ronda-1549.jpg\",\"datePublished\":\"2023-02-27T18:47:30+00:00\",\"dateModified\":\"2023-02-27T18:47:31+00:00\",\"breadcrumb\":{\"@id\":\"https:\\\/\\\/www.rmcr.org\\\/en\\\/2023\\\/02\\\/27\\\/una-extraordinaria-vista-de-ronda-fechada-en-1549\\\/#breadcrumb\"},\"inLanguage\":\"en-US\",\"potentialAction\":[{\"@type\":\"ReadAction\",\"target\":[\"https:\\\/\\\/www.rmcr.org\\\/en\\\/2023\\\/02\\\/27\\\/una-extraordinaria-vista-de-ronda-fechada-en-1549\\\/\"]}]},{\"@type\":\"ImageObject\",\"inLanguage\":\"en-US\",\"@id\":\"https:\\\/\\\/www.rmcr.org\\\/en\\\/2023\\\/02\\\/27\\\/una-extraordinaria-vista-de-ronda-fechada-en-1549\\\/#primaryimage\",\"url\":\"https:\\\/\\\/www.rmcr.org\\\/wp-content\\\/uploads\\\/2023\\\/02\\\/ronda-1549.jpg\",\"contentUrl\":\"https:\\\/\\\/www.rmcr.org\\\/wp-content\\\/uploads\\\/2023\\\/02\\\/ronda-1549.jpg\",\"width\":1199,\"height\":685},{\"@type\":\"BreadcrumbList\",\"@id\":\"https:\\\/\\\/www.rmcr.org\\\/en\\\/2023\\\/02\\\/27\\\/una-extraordinaria-vista-de-ronda-fechada-en-1549\\\/#breadcrumb\",\"itemListElement\":[{\"@type\":\"ListItem\",\"position\":1,\"name\":\"REAL MAESTRANZA DE CABALLER\u00cdA DE RONDA\",\"item\":\"https:\\\/\\\/www.rmcr.org\\\/en\\\/\"},{\"@type\":\"ListItem\",\"position\":2,\"name\":\"Una extraordinaria vista de Ronda fechada en 1549\"}]},{\"@type\":\"WebSite\",\"@id\":\"https:\\\/\\\/www.rmcr.org\\\/en\\\/#website\",\"url\":\"https:\\\/\\\/www.rmcr.org\\\/en\\\/\",\"name\":\"Real Maestranza de Caballer\u00eda de Ronda\",\"description\":\"Real Maestranza de Caballer\u00eda de Ronda\",\"publisher\":{\"@id\":\"https:\\\/\\\/www.rmcr.org\\\/en\\\/#organization\"},\"alternateName\":\"RMCR\",\"potentialAction\":[{\"@type\":\"SearchAction\",\"target\":{\"@type\":\"EntryPoint\",\"urlTemplate\":\"https:\\\/\\\/www.rmcr.org\\\/en\\\/?s={search_term_string}\"},\"query-input\":{\"@type\":\"PropertyValueSpecification\",\"valueRequired\":true,\"valueName\":\"search_term_string\"}}],\"inLanguage\":\"en-US\"},{\"@type\":\"Organization\",\"@id\":\"https:\\\/\\\/www.rmcr.org\\\/en\\\/#organization\",\"name\":\"Real Maestranza de Caballer\u00eda de Ronda\",\"alternateName\":\"RMR\",\"url\":\"https:\\\/\\\/www.rmcr.org\\\/en\\\/\",\"logo\":{\"@type\":\"ImageObject\",\"inLanguage\":\"en-US\",\"@id\":\"https:\\\/\\\/www.rmcr.org\\\/en\\\/#\\\/schema\\\/logo\\\/image\\\/\",\"url\":\"https:\\\/\\\/www.rmcr.org\\\/wp-content\\\/uploads\\\/2022\\\/07\\\/logo-rmr-blue.svg\",\"contentUrl\":\"https:\\\/\\\/www.rmcr.org\\\/wp-content\\\/uploads\\\/2022\\\/07\\\/logo-rmr-blue.svg\",\"width\":131,\"height\":129,\"caption\":\"Real Maestranza de Caballer\u00eda de Ronda\"},\"image\":{\"@id\":\"https:\\\/\\\/www.rmcr.org\\\/en\\\/#\\\/schema\\\/logo\\\/image\\\/\"},\"sameAs\":[\"https:\\\/\\\/www.facebook.com\\\/plazadetorosronda\",\"https:\\\/\\\/x.com\\\/PlazatorosRMR\",\"https:\\\/\\\/www.instagram.com\\\/realmaestranzaderonda\\\/\",\"https:\\\/\\\/www.youtube.com\\\/channel\\\/UCrbO5IUN-8v_QML739vM4zg\\\/videos\"]},{\"@type\":\"Person\",\"@id\":\"https:\\\/\\\/www.rmcr.org\\\/en\\\/#\\\/schema\\\/person\\\/f182f13b406ff40dd281a5ecca93380e\",\"name\":\"ARCHIVO\",\"image\":{\"@type\":\"ImageObject\",\"inLanguage\":\"en-US\",\"@id\":\"https:\\\/\\\/www.rmcr.org\\\/wp-content\\\/uploads\\\/2022\\\/11\\\/avatar-rmcr-96x96.png\",\"url\":\"https:\\\/\\\/www.rmcr.org\\\/wp-content\\\/uploads\\\/2022\\\/11\\\/avatar-rmcr-96x96.png\",\"contentUrl\":\"https:\\\/\\\/www.rmcr.org\\\/wp-content\\\/uploads\\\/2022\\\/11\\\/avatar-rmcr-96x96.png\",\"caption\":\"ARCHIVO\"},\"url\":\"https:\\\/\\\/www.rmcr.org\\\/en\\\/author\\\/francisco-rosales\\\/\"}]}<\/script>\n<!-- \/ Yoast SEO plugin. -->","yoast_head_json":{"title":"Una extraordinaria vista de Ronda fechada en 1549 - Real Maestranza de Caballer\u00eda de Ronda","robots":{"index":"index","follow":"follow","max-snippet":"max-snippet:-1","max-image-preview":"max-image-preview:large","max-video-preview":"max-video-preview:-1"},"canonical":"https:\/\/www.rmcr.org\/en\/2023\/02\/27\/una-extraordinaria-vista-de-ronda-fechada-en-1549\/","og_locale":"en_US","og_type":"article","og_title":"Una extraordinaria vista de Ronda fechada en 1549 - Real Maestranza de Caballer\u00eda de Ronda","og_description":"\u00abComo es tradici\u00f3n, la Real Maestranza de Caballer\u00eda de Ronda felicita las fiestas navide\u00f1as con un christmas institucional. A las puertas del 2023, a\u00f1o en que celebrar\u00e1 el 450 aniversario de su fundaci\u00f3n, la entidad ha elegido un documento de archivo excepcional, el cual pertenece a una colecci\u00f3n particular\u00bb","og_url":"https:\/\/www.rmcr.org\/en\/2023\/02\/27\/una-extraordinaria-vista-de-ronda-fechada-en-1549\/","og_site_name":"Real Maestranza de Caballer\u00eda de Ronda","article_publisher":"https:\/\/www.facebook.com\/plazadetorosronda","article_published_time":"2023-02-27T18:47:30+00:00","article_modified_time":"2023-02-27T18:47:31+00:00","og_image":[{"width":1199,"height":685,"url":"https:\/\/www.rmcr.org\/wp-content\/uploads\/2023\/02\/ronda-1549.jpg","type":"image\/jpeg"}],"author":"ARCHIVO","twitter_card":"summary_large_image","twitter_creator":"@PlazatorosRMR","twitter_site":"@PlazatorosRMR","twitter_misc":{"Written by":"ARCHIVO","Est. reading time":"5 minutes"},"schema":{"@context":"https:\/\/schema.org","@graph":[{"@type":"Article","@id":"https:\/\/www.rmcr.org\/en\/2023\/02\/27\/una-extraordinaria-vista-de-ronda-fechada-en-1549\/#article","isPartOf":{"@id":"https:\/\/www.rmcr.org\/en\/2023\/02\/27\/una-extraordinaria-vista-de-ronda-fechada-en-1549\/"},"author":{"name":"ARCHIVO","@id":"https:\/\/www.rmcr.org\/en\/#\/schema\/person\/f182f13b406ff40dd281a5ecca93380e"},"headline":"Una extraordinaria vista de Ronda fechada en 1549","datePublished":"2023-02-27T18:47:30+00:00","dateModified":"2023-02-27T18:47:31+00:00","mainEntityOfPage":{"@id":"https:\/\/www.rmcr.org\/en\/2023\/02\/27\/una-extraordinaria-vista-de-ronda-fechada-en-1549\/"},"wordCount":962,"publisher":{"@id":"https:\/\/www.rmcr.org\/en\/#organization"},"image":{"@id":"https:\/\/www.rmcr.org\/en\/2023\/02\/27\/una-extraordinaria-vista-de-ronda-fechada-en-1549\/#primaryimage"},"thumbnailUrl":"https:\/\/www.rmcr.org\/wp-content\/uploads\/2023\/02\/ronda-1549.jpg","keywords":["Documentos hist\u00f3ricos","Fondos documentales","Ronda"],"articleSection":["Archivo"],"inLanguage":"en-US"},{"@type":"WebPage","@id":"https:\/\/www.rmcr.org\/en\/2023\/02\/27\/una-extraordinaria-vista-de-ronda-fechada-en-1549\/","url":"https:\/\/www.rmcr.org\/en\/2023\/02\/27\/una-extraordinaria-vista-de-ronda-fechada-en-1549\/","name":"Una extraordinaria vista de Ronda fechada en 1549 - Real Maestranza de Caballer\u00eda de Ronda","isPartOf":{"@id":"https:\/\/www.rmcr.org\/en\/#website"},"primaryImageOfPage":{"@id":"https:\/\/www.rmcr.org\/en\/2023\/02\/27\/una-extraordinaria-vista-de-ronda-fechada-en-1549\/#primaryimage"},"image":{"@id":"https:\/\/www.rmcr.org\/en\/2023\/02\/27\/una-extraordinaria-vista-de-ronda-fechada-en-1549\/#primaryimage"},"thumbnailUrl":"https:\/\/www.rmcr.org\/wp-content\/uploads\/2023\/02\/ronda-1549.jpg","datePublished":"2023-02-27T18:47:30+00:00","dateModified":"2023-02-27T18:47:31+00:00","breadcrumb":{"@id":"https:\/\/www.rmcr.org\/en\/2023\/02\/27\/una-extraordinaria-vista-de-ronda-fechada-en-1549\/#breadcrumb"},"inLanguage":"en-US","potentialAction":[{"@type":"ReadAction","target":["https:\/\/www.rmcr.org\/en\/2023\/02\/27\/una-extraordinaria-vista-de-ronda-fechada-en-1549\/"]}]},{"@type":"ImageObject","inLanguage":"en-US","@id":"https:\/\/www.rmcr.org\/en\/2023\/02\/27\/una-extraordinaria-vista-de-ronda-fechada-en-1549\/#primaryimage","url":"https:\/\/www.rmcr.org\/wp-content\/uploads\/2023\/02\/ronda-1549.jpg","contentUrl":"https:\/\/www.rmcr.org\/wp-content\/uploads\/2023\/02\/ronda-1549.jpg","width":1199,"height":685},{"@type":"BreadcrumbList","@id":"https:\/\/www.rmcr.org\/en\/2023\/02\/27\/una-extraordinaria-vista-de-ronda-fechada-en-1549\/#breadcrumb","itemListElement":[{"@type":"ListItem","position":1,"name":"REAL MAESTRANZA DE CABALLER\u00cdA DE RONDA","item":"https:\/\/www.rmcr.org\/en\/"},{"@type":"ListItem","position":2,"name":"Una extraordinaria vista de Ronda fechada en 1549"}]},{"@type":"WebSite","@id":"https:\/\/www.rmcr.org\/en\/#website","url":"https:\/\/www.rmcr.org\/en\/","name":"Real Maestranza de Caballer\u00eda de Ronda","description":"Real Maestranza de Caballer\u00eda de Ronda","publisher":{"@id":"https:\/\/www.rmcr.org\/en\/#organization"},"alternateName":"RMCR","potentialAction":[{"@type":"SearchAction","target":{"@type":"EntryPoint","urlTemplate":"https:\/\/www.rmcr.org\/en\/?s={search_term_string}"},"query-input":{"@type":"PropertyValueSpecification","valueRequired":true,"valueName":"search_term_string"}}],"inLanguage":"en-US"},{"@type":"Organization","@id":"https:\/\/www.rmcr.org\/en\/#organization","name":"Real Maestranza de Caballer\u00eda de Ronda","alternateName":"RMR","url":"https:\/\/www.rmcr.org\/en\/","logo":{"@type":"ImageObject","inLanguage":"en-US","@id":"https:\/\/www.rmcr.org\/en\/#\/schema\/logo\/image\/","url":"https:\/\/www.rmcr.org\/wp-content\/uploads\/2022\/07\/logo-rmr-blue.svg","contentUrl":"https:\/\/www.rmcr.org\/wp-content\/uploads\/2022\/07\/logo-rmr-blue.svg","width":131,"height":129,"caption":"Real Maestranza de Caballer\u00eda de Ronda"},"image":{"@id":"https:\/\/www.rmcr.org\/en\/#\/schema\/logo\/image\/"},"sameAs":["https:\/\/www.facebook.com\/plazadetorosronda","https:\/\/x.com\/PlazatorosRMR","https:\/\/www.instagram.com\/realmaestranzaderonda\/","https:\/\/www.youtube.com\/channel\/UCrbO5IUN-8v_QML739vM4zg\/videos"]},{"@type":"Person","@id":"https:\/\/www.rmcr.org\/en\/#\/schema\/person\/f182f13b406ff40dd281a5ecca93380e","name":"ARCHIVO","image":{"@type":"ImageObject","inLanguage":"en-US","@id":"https:\/\/www.rmcr.org\/wp-content\/uploads\/2022\/11\/avatar-rmcr-96x96.png","url":"https:\/\/www.rmcr.org\/wp-content\/uploads\/2022\/11\/avatar-rmcr-96x96.png","contentUrl":"https:\/\/www.rmcr.org\/wp-content\/uploads\/2022\/11\/avatar-rmcr-96x96.png","caption":"ARCHIVO"},"url":"https:\/\/www.rmcr.org\/en\/author\/francisco-rosales\/"}]}},"_links":{"self":[{"href":"https:\/\/www.rmcr.org\/en\/wp-json\/wp\/v2\/posts\/15606","targetHints":{"allow":["GET"]}}],"collection":[{"href":"https:\/\/www.rmcr.org\/en\/wp-json\/wp\/v2\/posts"}],"about":[{"href":"https:\/\/www.rmcr.org\/en\/wp-json\/wp\/v2\/types\/post"}],"author":[{"embeddable":true,"href":"https:\/\/www.rmcr.org\/en\/wp-json\/wp\/v2\/users\/3"}],"replies":[{"embeddable":true,"href":"https:\/\/www.rmcr.org\/en\/wp-json\/wp\/v2\/comments?post=15606"}],"version-history":[{"count":4,"href":"https:\/\/www.rmcr.org\/en\/wp-json\/wp\/v2\/posts\/15606\/revisions"}],"predecessor-version":[{"id":15623,"href":"https:\/\/www.rmcr.org\/en\/wp-json\/wp\/v2\/posts\/15606\/revisions\/15623"}],"wp:featuredmedia":[{"embeddable":true,"href":"https:\/\/www.rmcr.org\/en\/wp-json\/wp\/v2\/media\/15613"}],"wp:attachment":[{"href":"https:\/\/www.rmcr.org\/en\/wp-json\/wp\/v2\/media?parent=15606"}],"wp:term":[{"taxonomy":"category","embeddable":true,"href":"https:\/\/www.rmcr.org\/en\/wp-json\/wp\/v2\/categories?post=15606"},{"taxonomy":"post_tag","embeddable":true,"href":"https:\/\/www.rmcr.org\/en\/wp-json\/wp\/v2\/tags?post=15606"}],"curies":[{"name":"wp","href":"https:\/\/api.w.org\/{rel}","templated":true}]}}