{"id":15594,"date":"2022-11-27T18:46:16","date_gmt":"2022-11-27T18:46:16","guid":{"rendered":"https:\/\/www.rmcr.org\/?p=15594"},"modified":"2025-04-02T18:07:59","modified_gmt":"2025-04-02T18:07:59","slug":"biblioteca-rmr-no-110-geografia-de-la-serrania-de-ronda-territorio-naturaleza-paisaje-e-identidad-noviembre-2022","status":"publish","type":"post","link":"https:\/\/www.rmcr.org\/en\/2022\/11\/27\/biblioteca-rmr-no-110-geografia-de-la-serrania-de-ronda-territorio-naturaleza-paisaje-e-identidad-noviembre-2022\/","title":{"rendered":"Biblioteca-RMR: N\u00ba 110. Geograf\u00eda de la Serran\u00eda de Ronda. Territorio, naturaleza, paisaje e identidad. Noviembre 2022."},"content":{"rendered":"<p style=\"text-align: center;\" data-adtags-visited=\"true\"><strong>\u00b7 MONOGR\u00c1FICO \u00b7<\/strong><br \/><strong>\u00b7 BIBLIOTECA DE LA REAL MAESTRANZA DE CABALLER\u00cdA DE RONDA \u00b7<\/strong><br \/><strong>\u00b7 NOVIEMBRE 2022 \u00b7<\/strong><\/p>\n<p style=\"text-align: center;\" data-adtags-visited=\"true\"><strong>\u00b7 FONDO RONDA\u00a0\u00b7<\/strong><\/p>\n<p data-adtags-visited=\"true\">Con ocasi\u00f3n del\u00a0<a href=\"https:\/\/iers.squarespace.com\/congreso-geografia\" target=\"_blank\" rel=\"noopener\">Congreso Internacional de Geograf\u00eda de la Serran\u00eda de Ronda<\/a>\u00a0organizado por el Instituto de Estudios de Ronda y la Serran\u00eda y la Real Maestranza de Caballer\u00eda de Ronda, que tendr\u00e1 lugar del 17 al 20 de noviembre de 2022 en el Sal\u00f3n de Grados de la instituci\u00f3n maestrante, dedicamos la presente entrada a una selecci\u00f3n bibliogr\u00e1fica\u00a0<strong>compuesta por m\u00e1s de ochenta referencias<\/strong>\u00a0en torno a la tem\u00e1tica del encuentro: \u00abTerritorio, naturaleza, paisaje e identidad\u00bb.<\/p>\n<p data-adtags-visited=\"true\">\u00a0<\/p>\n\n\n<figure class=\"wp-block-image aligncenter size-full\"><img fetchpriority=\"high\" decoding=\"async\" width=\"450\" height=\"640\" src=\"https:\/\/www.rmcr.org\/wp-content\/uploads\/2023\/02\/congreso-geografia.jpg\" alt=\"\" class=\"wp-image-15595\" srcset=\"https:\/\/www.rmcr.org\/wp-content\/uploads\/2023\/02\/congreso-geografia.jpg 450w, https:\/\/www.rmcr.org\/wp-content\/uploads\/2023\/02\/congreso-geografia-211x300.jpg 211w\" sizes=\"(max-width: 450px) 100vw, 450px\" \/><\/figure>\n\n\n<p data-adtags-visited=\"true\">\n<p data-adtags-visited=\"true\"><em>AA.VV., El sector central de las B\u00e9ticas : una visi\u00f3n desde la geograf\u00eda f\u00edsica, J. G\u00f3mez Zotano y F. Ortega Alba (coords.), Granada, Universidad, 2009, 355 pp.<\/em> \/ <strong>M\u00aa Fernanda Pita L\u00f3pez<\/strong>. \u2014 En: \u00abTakurunna : anuario de estudios sobre Ronda y la Serran\u00eda\u00bb. \u2014 Ronda (M\u00e1laga) : La Serran\u00eda, 2011. \u2014 N. 1, p. 349-352.<\/p>\n<p data-adtags-visited=\"true\"><em>Algunas observaciones geobot\u00e1nicas en la Serran\u00eda de Ronda<\/em> \/ por <strong>M. Laza Palacios<\/strong>. \u2014 [Madrid : s.n., 1936]. \u2014 P. 39-46, [2] h. de l\u00e1m. ; 25 cm. \u2014 Separata de: \u00abBolet\u00edn de la Sociedad Espa\u00f1ola de Historia Natural\u00bb, t. XXXVI, 1936.<\/p>\n<p data-adtags-visited=\"true\"><em>An\u00e1lisis diacr\u00f3nico de los bosques de la Sierra del Tabl\u00f3n (Sierra Sur de Sevilla)<\/em> \/ <strong>Rub\u00e9n Pardo Mart\u00ednez<\/strong>, <strong>Jos\u00e9 Antonio Olmedo Cobo<\/strong> y <strong>Jos\u00e9 G\u00f3mez Zotano<\/strong>. \u2014 En: \u00abLos bosques de la Serran\u00eda de Ronda : una perspectiva espacio-temporal\u00bb. \u2014 Alcal\u00e1 del Valle (C\u00e1diz) : La Serran\u00eda, 2021. \u2014 P. [531]-542.<\/p>\n<p data-adtags-visited=\"true\"><em>An\u00e1lisis pedoantracol\u00f3gico y propuesta de conectividad ecol\u00f3gica de Abies pinsapo Clemente ex Boiss : en la Red Natura 2000 de Sierra Bermeja<\/em> \/ <strong>Jos\u00e9 G\u00f3mez Zotano<\/strong>, <strong>Jos\u00e9 A. Olmedo Cobo<\/strong> y <strong>Raquel Cunill Artigas<\/strong>. \u2014 En: \u00abLos bosques de la Serran\u00eda de Ronda : una perspectiva espacio-temporal\u00bb. \u2014 Alcal\u00e1 del Valle (C\u00e1diz) : La Serran\u00eda, 2021. \u2014 P. [237]-251.<\/p>\n<p data-adtags-visited=\"true\"><em>Antonio Laynez, precursor de la protecci\u00f3n del pinsapar de la Sierra de las Nieves<\/em> \/ <strong>Andr\u00e9s Rodr\u00edguez Gonz\u00e1lez<\/strong>. \u2014 En: \u00abLos bosques de la Serran\u00eda de Ronda : una perspectiva espacio-temporal\u00bb. \u2014 Alcal\u00e1 del Valle (C\u00e1diz) : La Serran\u00eda, 2021. \u2014 P. [121]-125.<\/p>\n<p data-adtags-visited=\"true\"><em>Aproximaci\u00f3n a la aplicaci\u00f3n de la metodolog\u00eda de los sistemas de conexi\u00f3n de biotopos en los pinsapares de la cuenca alta del Zarzalones (Sierra de las Nieves, M\u00e1laga) : consideraciones espacio-temporales<\/em> \/ <strong>Jos\u00e9 J. Delgado Pe\u00f1a<\/strong>, <strong>Juan F. Mart\u00ednez Murillo<\/strong> y <strong>Jos\u00e9 D. Ruiz Sinoga<\/strong>. \u2014 En: \u00abLos bosques de la Serran\u00eda de Ronda : una perspectiva espacio-temporal\u00bb. \u2014 Alcal\u00e1 del Valle (C\u00e1diz) : La Serran\u00eda, 2021. \u2014 P. [267]-284.<\/p>\n<p data-adtags-visited=\"true\"><em>Aproximaci\u00f3n a la din\u00e1mica espacio temporal de las dehesas de la Serran\u00eda de Ronda<\/em> \/ <strong>Manuel Perujo Villanueva<\/strong>. \u2014 En: \u00abLos bosques de la Serran\u00eda de Ronda : una perspectiva espacio-temporal\u00bb. \u2014 Alcal\u00e1 del Valle (C\u00e1diz) : La Serran\u00eda, 2021. \u2014 P. [515]-530.<\/p>\n<p data-adtags-visited=\"true\"><em>Aproximaci\u00f3n al estudio de la poblaci\u00f3n malague\u00f1a en el siglo XX<\/em> \/ <strong>Dami\u00e1n L\u00f3pez Cano<\/strong>. \u2014 En: \u00abJ\u00e1bega : revista de la Diputaci\u00f3n Provincial de M\u00e1laga\u00bb. \u2014 M\u00e1laga : Diputaci\u00f3n, 1974. \u2014 N. 8, diciembre, p. 58-62.<\/p>\n<p data-adtags-visited=\"true\"><em>\u00c1rboles y arboledas singulares en la Serran\u00eda de Ronda : un patrimonio vivo<\/em> \/ <strong>Manuel Perujo Villanueva<\/strong>. \u2014 En: \u00abLos bosques de la Serran\u00eda de Ronda : una perspectiva espacio-temporal\u00bb. \u2014 Alcal\u00e1 del Valle (C\u00e1diz) : La Serran\u00eda, 2021. \u2014 P. [77]-94.<\/p>\n<p data-adtags-visited=\"true\"><em>Atlas de la Serran\u00eda de Ronda<\/em> \/ direcci\u00f3n y coordinaci\u00f3n, <strong>Manuel Perujo Villanueva<\/strong>. \u2013 Ronda (M\u00e1laga) : CEDER Serran\u00eda, 2007. \u2014 305 p. : il. ; 41 cm. \u2014 D.L. MA. 1949-2007.<\/p>\n<p data-adtags-visited=\"true\"><em>Bases geogr\u00e1ficas para un desarrollo integral de Ronda<\/em> \/ <strong>Francisco Rodr\u00edguez Mart\u00ednez<\/strong>. \u2014 En: \u00abMiscel\u00e1nea de estudios ronde\u00f1os y otros estudios : homenaje al profesor don Manuel Mart\u00edn Rivero\u00bb. \u2014 Ronda : Instituto de Formaci\u00f3n Profesional, 1981. \u2014 P. 459-467.<\/p>\n<p data-adtags-visited=\"true\"><em>Biogeograf\u00eda y bosques de la Serran\u00eda de Ronda (C\u00e1diz-M\u00e1laga-Sevilla)<\/em> \/ <strong>Andr\u00e9s V. P\u00e9rez-Latorre<\/strong>, <strong>Noelia Hidalgo Triana<\/strong> y <strong>Baltasar Cabezudo<\/strong>. \u2014 En: \u00abLos bosques de la Serran\u00eda de Ronda : una perspectiva espacio-temporal\u00bb. \u2014 Alcal\u00e1 del Valle (C\u00e1diz) : La Serran\u00eda, 2021. \u2014 P. [11]-58.<\/p>\n<p data-adtags-visited=\"true\"><em>Caracter\u00edsticas geobot\u00e1nicas de M\u00e1laga : el pinsapo<\/em> \/ <strong>Modesto Laza Palacios<\/strong>. \u2014 En: \u00abJ\u00e1bega : revista de la Diputaci\u00f3n Provincial de M\u00e1laga\u00bb. \u2014 M\u00e1laga : Diputaci\u00f3n, 1973. \u2014 N. 1, marzo, p. 26-27.<\/p>\n<p data-adtags-visited=\"true\"><em>Caracterizaci\u00f3n funcional-adaptativa de Abies pinsapo Clemente ex Boiss en Sierra de las Nieves y Sierra Bermeja : cambios estacionales y variedad ecomorfol\u00f3gica<\/em> \/ <strong>Noelia Hidalgo-Triana<\/strong>, <strong>Andr\u00e9s V. P\u00e9rez-Latorre<\/strong> y <strong>Baltasar Cabezudo<\/strong>. \u2014 En: \u00abLos bosques de la Serran\u00eda de Ronda : una perspectiva espacio-temporal\u00bb. \u2014 Alcal\u00e1 del Valle (C\u00e1diz) : La Serran\u00eda, 2021. \u2014 P. [285]-302.<\/p>\n<p data-adtags-visited=\"true\"><em>Cliserie altitudinal de la vegetaci\u00f3n en la Serran\u00eda de Ronda<\/em> \/ <strong>Alfredo Asensi Marfil<\/strong>, <strong>Blanca D\u00edez Garretas<\/strong>. \u2014 En: \u00abElementos de los paisajes de la provincia de M\u00e1laga\u00bb. \u2014 M\u00e1laga : Universidad, 1999. \u2014 P. [163]-166.<\/p>\n<p data-adtags-visited=\"true\"><em>C\u00f3mo llamaban los andalus\u00edes al pinsapo<\/em> \/ <strong>Virgilio Mart\u00ednez Enamorado<\/strong>. \u2014 En: \u00abTakurunna : anuario de estudios sobre Ronda y la Serran\u00eda\u00bb. \u2014 Ronda (M\u00e1laga) : La Serran\u00eda, 2013. \u2014 N. 3, p. [364]-372.<\/p>\n<p data-adtags-visited=\"true\"><em>Conflictos en el monte mediterr\u00e1neo : el caso de Sierra Bermeja (provincia de M\u00e1laga), la destrucci\u00f3n de un espacio de alto valor ecol\u00f3gico<\/em> \/ <strong>Jos\u00e9 G\u00f3mez Zotano<\/strong>. \u2014 En: \u00abLas relaciones entre las comunidades agr\u00edcolas y el monte : coloquio hispano-franc\u00e9s de geograf\u00eda rural\u00bb. \u2014 Cuenca : Universidad de Castilla-La Mancha, 2003. \u2014 P. [197]-210.<\/p>\n<p data-adtags-visited=\"true\"><em>Din\u00e1mica de las formaciones boscosas de pinsapo en la Sierra de las Nieves durante el holoceno final<\/em> \/ <strong>Francisca Alba-S\u00e1nchez<\/strong> \u2026 [et al.]. \u2014 En: \u00abLos bosques de la Serran\u00eda de Ronda : una perspectiva espacio-temporal\u00bb. \u2014 Alcal\u00e1 del Valle (C\u00e1diz) : La Serran\u00eda, 2021. \u2014 P. [163]-181.<\/p>\n<p data-adtags-visited=\"true\"><em>Din\u00e1mica ecol\u00f3gica de los pinares resineros en Sierra Bermeja durante el holoceno medio<\/em> \/ <strong>Jos\u00e9 Antonio Olmedo Cobo<\/strong>, <strong>Jos\u00e9 G\u00f3mez Zotano<\/strong>, <strong>Raquel Cunill Artigas<\/strong> y <strong>Rub\u00e9n Pardo Mart\u00ednez<\/strong>. \u2014 En: \u00abLos bosques de la Serran\u00eda de Ronda : una perspectiva espacio-temporal\u00bb. \u2014 Alcal\u00e1 del Valle (C\u00e1diz) : La Serran\u00eda, 2021. \u2014 P. [351]-374.<\/p>\n<p data-adtags-visited=\"true\"><em>Distribuci\u00f3n de Abies pinsapo Clemente ex Boiss : nuevas aportaciones desde la paleobiogeograf\u00eda para la conservaci\u00f3n de un abeto mediterr\u00e1neo relicto en peligro de extinci\u00f3n<\/em> \/ <strong>Rub\u00e9n Pardo Mart\u00ednez<\/strong>, <strong>Jos\u00e9 Antonio Olmedo Cobo<\/strong> y <strong>Jos\u00e9 G\u00f3mez Zotano<\/strong>. \u2014 En: \u00abLos bosques de la Serran\u00eda de Ronda : una perspectiva espacio-temporal\u00bb. \u2014 Alcal\u00e1 del Valle (C\u00e1diz) : La Serran\u00eda, 2021. \u2014 P. [183]-210.<\/p>\n<p data-adtags-visited=\"true\"><em>Efectos ambientales de una propuesta de gesti\u00f3n y aprovechamiento de Montes Propios en el bajo Genal : 25 a\u00f1os despu\u00e9s<\/em> \/ <strong>Jos\u00e9 Mar\u00eda Senciales Gonz\u00e1lez<\/strong> y <strong>Jes\u00fas Rodrigo Comino<\/strong>. \u2014 En: \u00abLos bosques de la Serran\u00eda de Ronda : una perspectiva espacio-temporal\u00bb. \u2014 Alcal\u00e1 del Valle (C\u00e1diz) : La Serran\u00eda, 2021. \u2014 P. [575]-593.<\/p>\n<p data-adtags-visited=\"true\"><em>El casta\u00f1ar de Pujerra : caracterizaci\u00f3n geohist\u00f3rica de un paisaje agroforestal singular<\/em> \/ <strong>Jos\u00e9 G\u00f3mez Zotano<\/strong>. \u2014 En: \u00abTakurunna : anuario de estudios sobre Ronda y la Serran\u00eda\u00bb. \u2014 Ronda (M\u00e1laga) : La Serran\u00eda, 2011. \u2014 N. 1, p. [47]-81.<\/p>\n<p data-adtags-visited=\"true\"><em>El Genal y su paisaje vegetal : Genalguacil<\/em> \/ <strong>Andr\u00e9s Vicente P\u00e9rez Latorre<\/strong>. \u2014 En: \u00abAndalus\u00edes, mud\u00e9jares y cristianos al sur de Ronda\u00bb. \u2014 Benalaur\u00eda (M\u00e1laga) : Ayuntamiento, 2003. \u2014 P. 106-116.<\/p>\n<p data-adtags-visited=\"true\"><em>El pinsapar de Grazalema : evoluci\u00f3n hist\u00f3rica reciente de un bosque relicto<\/em> \/ <strong>Jos\u00e9 Antonio Olmedo Cobo<\/strong>. \u2014 En: \u00abLos bosques de la Serran\u00eda de Ronda : una perspectiva espacio-temporal\u00bb. \u2013 Alcal\u00e1 del Valle (C\u00e1diz) : La Serran\u00eda, 2021. \u2014 P. [145]-162.<\/p>\n<p data-adtags-visited=\"true\"><em>El subdesarrollo en Ronda<\/em> \/ <strong>Francisco Rodr\u00edguez Mart\u00ednez<\/strong>. \u2014 En: \u00abEstudios de Ronda y su Serran\u00eda\u00bb. \u2014 Granada : Universidad, 1988. \u2014 N. 1, p. 195-204.<\/p>\n<p data-adtags-visited=\"true\"><em>El torcal de La Utrera (Casares, M\u00e1laga) : aplicaci\u00f3n metodol\u00f3gica para una aproximaci\u00f3n global al medio geogr\u00e1fico<\/em> \/ <strong>Jos\u00e9 G\u00f3mez Zotano<\/strong>. \u2014 En: \u00abTakurunna : anuario de estudios sobre Ronda y la Serran\u00eda\u00bb. \u2014 Ronda (M\u00e1laga) : La Serran\u00eda, 2012. \u2014 N. 2, p. [41]-91.<\/p>\n<p data-adtags-visited=\"true\"><em>El valle del Genal : paisajes, usos y formas de vida campesina<\/em> \/ <strong>Jos\u00e9 Antonio Castillo Rodr\u00edguez<\/strong>. \u2014 M\u00e1laga : Diputaci\u00f3n Provincial, 2002. \u2014 498 p., [1] h. de map. pleg. : il. ; 24 cm. \u2014 (Monograf\u00edas ; 16). \u2014 D.L. MA. 768-2002. \u2014 ISBN 84-7785-427-0.<\/p>\n<p data-adtags-visited=\"true\"><em>El valle del Guadaiza : notas para una geograf\u00eda f\u00edsica<\/em> \/ <strong>Jos\u00e9 Antonio Castillo Rodr\u00edguez<\/strong>. \u2014 En: \u00abTakurunna : anuario de estudios sobre Ronda y la Serran\u00eda\u00bb. \u2014 Ronda (M\u00e1laga) : La Serran\u00eda, 2012. \u2014 N. 2, p. [93]-[120].<\/p>\n<p data-adtags-visited=\"true\"><em>Elementos de los paisajes de la provincia de M\u00e1laga<\/em> \/ <strong>Jos\u00e9 M\u00aa Senciales Gonz\u00e1lez<\/strong>, <strong>Emilio Ferre Bueno<\/strong> (coords.). \u2014 M\u00e1laga : Universidad, 1999. \u2014 249 p. : il. ; 24 cm. \u2014 (Studia Malacitana ; 11). \u2014 D.L. MA. 492-1999 . \u2014 ISBN 84-7496-732-5.<\/p>\n<p data-adtags-visited=\"true\"><em>Evoluci\u00f3n geohist\u00f3rica del casta\u00f1ar de Pujerra<\/em> \/ <strong>Jos\u00e9 G\u00f3mez Zotano<\/strong>. \u2014 En: \u00abLos bosques de la Serran\u00eda de Ronda : una perspectiva espacio-temporal\u00bb. \u2014 Alcal\u00e1 del Valle (C\u00e1diz) : La Serran\u00eda, 2021. \u2014 P. [595]-620.<\/p>\n<p data-adtags-visited=\"true\"><em>Evoluci\u00f3n hist\u00f3rica de los bosques del sector nororiental del Macizo de L\u00edbar : el caso de los propios de la villa de Benaoj\u00e1n (1569-1866)<\/em> \/ <strong>Manuel Becerra Parra<\/strong>. \u2014 En: \u00abLos bosques de la Serran\u00eda de Ronda : una perspectiva espacio-temporal\u00bb. \u2014 Alcal\u00e1 del Valle (C\u00e1diz) : La Serran\u00eda, 2021. \u2014 P. [479]-494.<\/p>\n<p data-adtags-visited=\"true\"><em>Evoluci\u00f3n hist\u00f3rica de los pinsapos de la Serran\u00eda de Ronda<\/em> \/ <strong>Andr\u00e9s Rodr\u00edguez Gonz\u00e1lez<\/strong> \u2026 [et al.]. \u2014 En: \u00abJ\u00e1bega : revista de la Diputaci\u00f3n Provincial de M\u00e1laga\u00bb. \u2014 M\u00e1laga : Diputaci\u00f3n, 1991. \u2014 N. 72, p. 90-99.<\/p>\n<p data-adtags-visited=\"true\"><em>Evoluci\u00f3n reciente de los incendios forestales y riesgo de incendio en las Sierras de Tolox<\/em> \/ <strong>Manuel Mill\u00e1n Madrid<\/strong> y <strong>Juan Francisco Mart\u00ednez Murillo<\/strong>. \u2014 En: \u00abLos bosques de la Serran\u00eda de Ronda : una perspectiva espacio-temporal\u00bb. \u2014 Alcal\u00e1 del Valle (C\u00e1diz) : La Serran\u00eda, 2021. \u2014 P. [439]-455.<\/p>\n<p data-adtags-visited=\"true\"><em>Excursi\u00f3n Benalaur\u00eda-Algatoc\u00edn-Genalcuacil : cultivos y organizaci\u00f3n del espacio<\/em> \/ <strong>Jos\u00e9 A. Castillo Rodr\u00edguez<\/strong>. \u2014 En: \u00abAndalus\u00edes, mud\u00e9jares y cristianos al sur de Ronda\u00bb. \u2014 Benalaur\u00eda (M\u00e1laga) : Ayuntamiento, 2003. \u2014 P. 117-126.<\/p>\n<p data-adtags-visited=\"true\"><em>Impactos causados por el incendio de 1991 sobre formaciones de pinsapos de la Serran\u00eda de Ronda<\/em> \/ <strong>F.J. Ortiz Botella<\/strong> \u2026 [et al.]. \u2014 En: \u00abJ\u00e1bega : revista de la Diputaci\u00f3n Provincial de M\u00e1laga\u00bb. \u2014 M\u00e1laga : Diputaci\u00f3n, 1994. \u2014 N. 74, p. 81-85.<\/p>\n<p data-adtags-visited=\"true\"><em>Incendios en los pinares serpentin\u00edcolas de Sierra de Alpujata (Serran\u00eda de Ronda) : estacionalidad de la respuesta al fuego<\/em> \/ <strong>Noelia Hidalgo-Triana<\/strong> y <strong>Andr\u00e9s V. P\u00e9rez-Latorre<\/strong>. \u2014 En: \u00abLos bosques de la Serran\u00eda de Ronda : una perspectiva espacio-temporal\u00bb. \u2014 Alcal\u00e1 del Valle (C\u00e1diz) : La Serran\u00eda, 2021. \u2014 P. [375]-389.<\/p>\n<p data-adtags-visited=\"true\"><em>Inventario de recursos de la serran\u00eda de Ronda<\/em> \/ coordinaci\u00f3n de la edici\u00f3n, <strong>M\u00f3dulo de Promoci\u00f3n y Desarrollo de la Serran\u00eda de Ronda<\/strong>. \u2014 Madrid : Fundaci\u00f3n Cultural Banesto, 1994. \u2014 397 p. : il. ; 24 cm. \u2014 (Patrimonio medioambiental y humano ; 3). \u2014 D.L. M. 9965-1994. \u2014 ISBN 84-604-9559-0.<\/p>\n<p data-adtags-visited=\"true\"><em>La flora y el paisaje vegetal de la provincia de M\u00e1laga : importancia y conservaci\u00f3n<\/em> \/ <strong>Andr\u00e9s V. P\u00e9rez Latorre<\/strong>, <strong>Baltasar Cabezudo Artero<\/strong>. \u2014 En: \u00abJ\u00e1bega : revista de la Diputaci\u00f3n Provincial de M\u00e1laga\u00bb. \u2014 M\u00e1laga : Diputaci\u00f3n, 2002. \u2014 N. 90, p. 25-39.<\/p>\n<p data-adtags-visited=\"true\"><em>La monta\u00f1a protectora : el pais del agua : (de Ist\u00e1n a Sierra Real, R\u00edo Verde, Monte Albornoque, Ca\u00f1ada de las Carnicer\u00edas y Tolox)<\/em> \/ <strong>Jos\u00e9 Antonio Castillo Rodr\u00edguez<\/strong>. \u2014 En: \u00abJ\u00e1bega : revista de la Diputaci\u00f3n Provincial de M\u00e1laga\u00bb. \u2014 M\u00e1laga : Diputaci\u00f3n, 2016. \u2014 N. 107, primer semestre, p. 110-126.<\/p>\n<p data-adtags-visited=\"true\"><em>La naturaleza en la Serran\u00eda de Ronda<\/em> \/ <strong>Jos\u00e9 Manuel Tierno de Figueroa<\/strong> ; fotograf\u00eda, <strong>Juan P\u00e9rez Contreras<\/strong>, <strong>Jos\u00e9 Manuel Tierno de Figueroa<\/strong>. \u2014 M\u00e1laga : Diputaci\u00f3n, 1999. \u2014 100 p. : il. ; 24 cm. \u2014 D.L. MA. 945-1999. \u2014 ISBN 84-7785-327-4.<\/p>\n<p data-adtags-visited=\"true\"><em>La naturaleza y el paisaje de M\u00e1laga a trav\u00e9s de viajeros, naturalistas y cient\u00edficos (siglos XVIII-XX) : de Francis Carter a Modesto Laza<\/em> \/ <strong>Saturnino Moreno Borrell<\/strong>. \u2014 Alcal\u00e1 del Valle (C\u00e1diz) : La Serran\u00eda, 2019. \u2014 221 p. : il. ; 24 cm. \u2014 (Alforja ; 8). \u2014 D.L. MA. 248-2019. \u2014 ISBN 978-84-15588-28-3.<\/p>\n<p data-adtags-visited=\"true\"><em>La organizaci\u00f3n del espacio en los valles del Guadiaro y Genal : una s\u00edntesis de paisajes y usos a partir de los recursos abi\u00f3ticos, los ecosistemas y la antropizaci\u00f3n (geosistemas y geofacies)<\/em> \/ <strong>Jos\u00e9 Antonio Castillo Rodr\u00edguez<\/strong>. \u2014 En: \u00abTakurunna : anuario de estudios sobre Ronda y la Serran\u00eda\u00bb. \u2014 Ronda (M\u00e1laga) : La Serran\u00eda, 2011. \u2014 N. 1, p. [9]-45.<\/p>\n<p data-adtags-visited=\"true\"><em>La poblaci\u00f3n en la comarca de Ronda<\/em> \/ <strong>Dami\u00e1n L\u00f3pez Cano<\/strong>. \u2014 En: \u00abEstudios de Ronda y su Serran\u00eda\u00bb. \u2014 Granada : Universidad, 1988. \u2014 N. 1, p. 91-108.<\/p>\n<p data-adtags-visited=\"true\"><em>La serran\u00eda de Ronda : estudio geogr\u00e1fico<\/em> \/ <strong>Francisco Rodr\u00edguez Mart\u00ednez<\/strong>. \u2014 Madrid : Confederaci\u00f3n Espa\u00f1ola de Cajas Ahorros, 1977. \u2014 XVI, 530 p., [12] h. de l\u00e1m. pleg. ; 24 cm. \u2014 D.L. MA. 40-1977. \u2014 ISBN 84-500-1788-2.<\/p>\n<p data-adtags-visited=\"true\"><em>La serran\u00eda de Ronda : s\u00edntesis geogr\u00e1fica<\/em> \/ <strong>Francisco Rodr\u00edguez Mart\u00ednez<\/strong>. \u2014 En: \u00abCuadernos geogr\u00e1ficos de la Universidad de Granada\u00bb. \u2014 Granada : Universidad, 1977. \u2014 V. 7, p. 71-162.<\/p>\n<p data-adtags-visited=\"true\"><em>La transformaci\u00f3n de los bosques y arboledas del valle del Genal : un modelo de cultura de vertientes en la monta\u00f1a surmediterr\u00e1nea<\/em> \/ <strong>Jos\u00e9 Antonio Castillo Rodr\u00edguez<\/strong>. \u2014 En: \u00abLos bosques de la Serran\u00eda de Ronda : una perspectiva espacio-temporal\u00bb. \u2014 Alcal\u00e1 del Valle (C\u00e1diz) : La Serran\u00eda, 2021. \u2014 P. [543]-574.<\/p>\n<p data-adtags-visited=\"true\"><em>Las posibilidades de desarrollo de la monta\u00f1a mediterr\u00e1nea : el caso de la serran\u00eda de Ronda<\/em> \/ <strong>Joaqu\u00edn Bosque Maurel<\/strong>. \u2014 En: \u00abMiscel\u00e1nea de estudios ronde\u00f1os y otros estudios : homenaje al profesor don Manuel Mart\u00edn Rivero\u00bb. \u2014 Ronda : Instituto de Formaci\u00f3n Profesional, 1981. \u2014 P. 143-157.<\/p>\n<p data-adtags-visited=\"true\"><em>Los bosques de la serran\u00eda de Ronda : la mirada ilustrada de un bot\u00e1nico decimon\u00f3nico, Sim\u00f3n de Rojas Clemente Rubio<\/em> \/ <strong>Miguel \u00c1ngel Vargas Jim\u00e9nez<\/strong>. \u2014 En: \u00abLos bosques de la Serran\u00eda de Ronda : una perspectiva espacio-temporal\u00bb. \u2014 Alcal\u00e1 del Valle (C\u00e1diz) : La Serran\u00eda, 2021. \u2014 P. [95]-120.<\/p>\n<p data-adtags-visited=\"true\"><em>Los bosques de la serran\u00eda de Ronda : una perspectiva espacio-temporal<\/em> \/ <strong>Jos\u00e9 G\u00f3mez Zotano<\/strong>, <strong>Jos\u00e9 Antonio Olmedo Cobo<\/strong> (eds.). \u2014 Alcal\u00e1 del Valle (C\u00e1diz) : La Serran\u00eda, 2021. \u2014 623 p. : il. ; 24 cm. \u2014 (Alforja ; 10). \u2014 D.L. CA. 454-2020. \u2014 ISBN 978-84-15588-35-1.<\/p>\n<p data-adtags-visited=\"true\"><em>Los montes de Cortes de la Frontera : caracterizaci\u00f3n y consideraciones hist\u00f3ricas<\/em> \/ <strong>Nicol\u00e1s de Benito Onta\u00f1\u00f3n<\/strong>. En: \u00abLos bosques de la Serran\u00eda de Ronda : una perspectiva espacio-temporal\u00bb. \u2014 Alcal\u00e1 del Valle (C\u00e1diz) : La Serran\u00eda, 2021. \u2014 P. [495]-513.<\/p>\n<p data-adtags-visited=\"true\"><em>Los municipios malague\u00f1os en su etapa de desarrollo : (1\u00aa parte)<\/em> \/ <strong>Antonio Mayorga Gonz\u00e1lez<\/strong>. \u2014 En: \u00abIsla de Arriar\u00e1n\u00bb. \u2014 M\u00e1laga : Asociaci\u00f3n Cultural Isla de Arriar\u00e1n, 2013. \u2014 N. XXXVII, p. 145-174.<\/p>\n<p data-adtags-visited=\"true\"><em>Los municipios malague\u00f1os en su etapa de desarrollo : (2\u00aa parte)<\/em> \/ <strong>Antonio Mayorga Gonz\u00e1lez<\/strong>. \u2014 En: \u00abIsla de Arriar\u00e1n\u00bb. \u2014 M\u00e1laga : Asociaci\u00f3n Cultural Isla de Arriar\u00e1n, 2014. \u2014 N. XXXVIII, p. 189-212.<\/p>\n<p data-adtags-visited=\"true\"><em>Los pinares de la serran\u00eda de Ronda : apuntes hist\u00f3ricos de unos bosques con mucho significado<\/em> \/ <strong>Jos\u00e9 Ram\u00f3n Guzm\u00e1n Alv\u00e1rez<\/strong>. \u2014 En: \u00abLos bosques de la Serran\u00eda de Ronda : una perspectiva espacio-temporal\u00bb. \u2014 Alcal\u00e1 del Valle (C\u00e1diz) : La Serran\u00eda, 2021. \u2014 P. [315]-349.<\/p>\n<p data-adtags-visited=\"true\"><em>Los pinsapares en Andaluc\u00eda : (Abies pinsapo Boiss) : conservaci\u00f3n y sostenibilidad en el siglo XXI<\/em> \/ <strong>Jos\u00e9 L\u00f3pez Quintanilla<\/strong> (coord.). \u2014 Sevilla : Junta de Andaluc\u00eda ; C\u00f3rdoba : Servicio de Publicaciones de la Universidad, 2013. \u2014 573 p. : il. ; 28 cm. \u2014 D.L. CO. 604-2013. \u2013 ISBN 978-84-92807-74-1. \u2014 ISBN 978-84-9927-137-8.<\/p>\n<p data-adtags-visited=\"true\"><em>Los pinsapos de la Serran\u00eda de Ronda<\/em> \/ <strong>Agust\u00edn Bou y Tort<\/strong>. \u2014&nbsp; Ronda (M\u00e1laga) : Caja de Ahorros, 1974. \u2014 65 p. : il. ; 20 cm. \u2014 (Obra Socio-Cultural ; 2). \u2014 D.L. MA. 613-1974. \u2014 ISBN 84-400-1195-4.<\/p>\n<p data-adtags-visited=\"true\"><em>Los pinsapos de la Serran\u00eda de Ronda<\/em> \/ <strong>Andr\u00e9s Rodr\u00edguez Gonz\u00e1lez<\/strong> ; [fotograf\u00edas, <strong>Jos\u00e9 del R\u00edo<\/strong>]. \u2014 2\u00aa ed. \u2014 Ronda (M\u00e1laga) : Colectivo Cultural Giner de los R\u00edos, 1994. \u2014 31 p. : il. ; 21 cm. \u2014 (Cuadernos ronde\u00f1os ; 6). \u2014 D.L. MA. 53-1994.<\/p>\n<p data-adtags-visited=\"true\"><em>Mapa Agron\u00f3mico Nacional : escala 1:50.000 : comarca de Ronda<\/em>. \u2014 Madrid : Ministerio de Agricultura, 1955 (Talleres del Instituto Geogr\u00e1fico y Catastral). \u2014 2 v. ; 25, 26 cm. \u2013 Hojas n\u00fameros: 1036-Olvera, 1037-Teba, 1050-Ubrique, 1051-Ronda.<\/p>\n<p data-adtags-visited=\"true\"><em>Memoria de reconocimiento del monte pinsapar de la Sierra de las Nieves y plan de aprovechamiento que conviene adoptar<\/em> \/ <strong>Antonio L\u00e1ynez<\/strong> ; estudio de <strong>Andr\u00e9s Rodr\u00edguez Gonz\u00e1lez<\/strong> y <strong>Agust\u00edn Rubira Molina<\/strong> ; [pr\u00f3logo, <strong>Juli\u00e1n de Zulueta Cebri\u00e1n<\/strong>]. \u2014 Ed. facs. \u2014 Ronda : Arunda Libris, 2006. \u2014 85 p. : il. ; 24 cm. \u2014 D.L. MA. 1695-2006.<\/p>\n<p data-adtags-visited=\"true\"><em>Notas y documentos sobre el pinsapar de Ronda (Sierra de las Nieves)<\/em> \/ <strong>Ana Gea Terroba S\u00e1nchez<\/strong>, <strong>Juan Terroba Valadez<\/strong> y <strong>Gerardo Sierra de C\u00f3zar<\/strong>. En: \u00abLos bosques de la Serran\u00eda de Ronda : una perspectiva espacio-temporal\u00bb. \u2014 Alcal\u00e1 del Valle (C\u00e1diz) : La Serran\u00eda, 2021. \u2014 P. [127]-144.<\/p>\n<p data-adtags-visited=\"true\"><em>Ordenaci\u00f3n y aprovechamiento de los pinsapares ronde\u00f1os durante el siglo XIX : la memoria de Antonio L\u00e1ynez<\/em> \/ <strong>Manuel Becerra Parra<\/strong>. \u2014 Ronda : La Serran\u00eda, 2006. \u2014 121 p. : il. ; 24 cm. \u2014 D.L. MA. 1320-2006. \u2014 ISBN 84-96607-10-0.<\/p>\n<p data-adtags-visited=\"true\"><em>Paisajes amenazados de M\u00e1laga : paisaje, cultura, amenazas, agresiones y sus responsables<\/em>. \u2014 M\u00e1laga : Federaci\u00f3n Provincial de Ecologistas en Acci\u00f3n, 2007. \u2014 128 p. : il. ; 21 cm. \u2014 D.L. MA. 900-2007. \u2014 ISBN 978-84-611-4686-4.<\/p>\n<p data-adtags-visited=\"true\"><em>Parques Naturales protegidos y desarrollo socioecon\u00f3mico : la percepci\u00f3n social en el entorno de los Parques Naturales de la provincia de M\u00e1laga<\/em> \/ <strong>Matias F. M\u00e9rida Rodr\u00edguez<\/strong>. \u2014 En: \u00abBa\u00e9tica : estudios de arte, geograf\u00eda e historia\u00bb. \u2014 M\u00e1laga : Universidad, Facultad de Filosof\u00eda y Letras, 2007. \u2014 N. 29, p. [105]-124.<\/p>\n<p data-adtags-visited=\"true\"><em>Poblaci\u00f3n y econom\u00eda de Ronda<\/em> \/ <strong>Luis Lobo Manzano<\/strong>. \u2014 En: \u00abJ\u00e1bega : revista de la Diputaci\u00f3n Provincial de M\u00e1laga\u00bb. \u2014 M\u00e1laga : Diputaci\u00f3n, 1979. \u2014 N. 25, p. 55-73.<\/p>\n<p data-adtags-visited=\"true\"><em>Poblaci\u00f3n y emigraci\u00f3n en la serran\u00eda<\/em> \/ <strong>Dami\u00e1n L\u00f3pez Cano<\/strong>. \u2014 En: \u00abJornadas de estudios sobre Ronda y su comarca : 8-10 octubre de 1979\u00bb. \u2014 Ronda (M\u00e1laga) : Ayuntamiento : Diputaci\u00f3n Provincial de M\u00e1laga, 1982. \u2014 P. 116-124.<\/p>\n<p data-adtags-visited=\"true\"><em>Poblamiento antiguo en los bosques de la serran\u00eda de Ronda<\/em> \/ <strong>Jos\u00e9 Manuel Casta\u00f1o Aguilar<\/strong>. \u2014 En: \u00abLos bosques de la Serran\u00eda de Ronda : una perspectiva espacio-temporal\u00bb. \u2014 Alcal\u00e1 del Valle (C\u00e1diz) : La Serran\u00eda, 2021. \u2014 P. [59]-75.<\/p>\n<p data-adtags-visited=\"true\"><em>Pol\u00edcultivos irrigados en las laderas del Genal : un ejemplo de sabia utilizaci\u00f3n de los recursos h\u00eddricos<\/em> \/ <strong>Jos\u00e9 Antonio Castillo Rodr\u00edguez<\/strong>. \u2014 En: \u00abJ\u00e1bega : revista de la Diputaci\u00f3n Provincial de M\u00e1laga\u00bb. \u2014 M\u00e1laga : Diputaci\u00f3n, 2000. \u2014 N. 86, p. 82-92.<\/p>\n<p data-adtags-visited=\"true\"><em>Por el coraz\u00f3n de las Sierras Bermejas : desde el valle del Guada\u00edza a la nava de San Luis y los quejigales<\/em> \/ <strong>Jos\u00e9 Antonio Castillo Rodr\u00edguez<\/strong>. \u2014 En: \u00abJ\u00e1bega : revista de la Diputaci\u00f3n Provincial de M\u00e1laga\u00bb. \u2014 M\u00e1laga : Diputaci\u00f3n, 2009. \u2014 N. 101, tercer cuatrimestre (septiembre-diciembre), p. 114-125.<\/p>\n<p data-adtags-visited=\"true\"><em>Problem\u00e1tica estructural de la poblaci\u00f3n en la monta\u00f1a malague\u00f1a<\/em> \/ <strong>Agust\u00edn Justicia Segovia<\/strong>. \u2014 En: \u00abBa\u00e9tica: estudios de geograf\u00eda e historia\u00bb. \u2014 M\u00e1laga : Universidad, Facultad de Filosof\u00eda y Letras, 1988. \u2014 N. 11, p. [15]-40.<\/p>\n<p data-adtags-visited=\"true\"><em>Reconstrucci\u00f3n del \u00e1rea de distribuci\u00f3n del pinsapo en Sierra Bermeja a trav\u00e9s del an\u00e1lisis pedoantracol\u00f3gico<\/em> \/ <strong>Jos\u00e9 Antonio Olmedo Cobo<\/strong>, <strong>Jos\u00e9 G\u00f3mez Zotano<\/strong> y <strong>Raquel Cunill Artigas<\/strong>. \u2014 En: \u00abLos bosques de la Serran\u00eda de Ronda : una perspectiva espacio-temporal\u00bb. \u2014 Alcal\u00e1 del Valle (C\u00e1diz) : La Serran\u00eda, 2021. \u2014 P. [211]-236.<\/p>\n<p data-adtags-visited=\"true\"><em>Recorrido geol\u00f3gico de la Sierra de las Nieves y su entorno<\/em> \/ <strong>Juan Jos\u00e9 Dur\u00e1n Valsero<\/strong>, <strong>Cristina Li\u00f1\u00e1n Baena<\/strong>. \u2014 En: \u00abElementos de los paisajes de la provincia de M\u00e1laga\u00bb. \u2014 M\u00e1laga : Universidad, 1999. \u2014 P. [153]-162.<\/p>\n<p data-adtags-visited=\"true\"><em>Recuperando el pinsapar perdido de la Sierra de los Pinos (Villaluenga del Rosario)<\/em> \/ <strong>Jos\u00e9 Manuel Amarillo<\/strong> e <strong>\u00cd\u00f1igo S\u00e1nchez<\/strong>. \u2014 En: \u00abLos bosques de la Serran\u00eda de Ronda : una perspectiva espacio-temporal\u00bb. \u2014 Alcal\u00e1 del Valle (C\u00e1diz) : La Serran\u00eda, 2021. \u2014 P. [253]-265.<\/p>\n<p data-adtags-visited=\"true\"><em>Regad\u00edo de origen andalus\u00ed en la Sierra de las Nieves : el caso de Tolox (1485-1572)<\/em> \/ <strong>Esteban L\u00f3pez Garc\u00eda<\/strong>. \u2014 En: \u00abTakurunna : anuario de estudios sobre Ronda y la Serran\u00eda\u00bb. \u2014 Ronda (M\u00e1laga) : La Serran\u00eda, 2012. \u2014 N. 2, p. [187]-216.<\/p>\n<p data-adtags-visited=\"true\"><em>Relaci\u00f3n entre las formas orogr\u00e1ficas y la constituci\u00f3n geol\u00f3gica de la Serran\u00eda de Ronda<\/em> \/ por <strong>J. Macpherson<\/strong>. \u2014 Madrid : [s.n.], 1881 (Imprenta de Fortanet). \u2014 34 p. ; 23 cm.<\/p>\n<p data-adtags-visited=\"true\"><em>Ronda : capital subregional<\/em> \/ <strong>Francisco Rodr\u00edguez Mart\u00ednez<\/strong>. \u2014 M\u00e1laga : Confederaci\u00f3n Espa\u00f1ola de Cajas de Ahorros, 1977. \u2014 160 p. : il. ; 20 cm. \u2014 (Obra socio-cultural Caja de Ahorros de Ronda ; 8). \u2014 D.L. MA. 1143-1977. \u2014 ISBN 84-500-3302-0.<\/p>\n<p data-adtags-visited=\"true\"><em>Sierra Bermeja y los grandes incendios forestales : una reconstrucci\u00f3n geohist\u00f3rica (1950-2018)<\/em> \/ <strong>Javier Martos Mart\u00edn<\/strong> y <strong>Jos\u00e9 G\u00f3mez Zotano<\/strong>. \u2014 En: \u00abLos bosques de la Serran\u00eda de Ronda : una perspectiva espacio-temporal\u00bb. \u2014 Alcal\u00e1 del Valle (C\u00e1diz) : La Serran\u00eda, 2021. \u2014 P. [391]-437.<\/p>\n<p data-adtags-visited=\"true\"><em>Vegetaci\u00f3n terrestre de la provincia de M\u00e1laga<\/em> \/ <strong>Andr\u00e9s Vicente P\u00e9rez Latorre<\/strong>. \u2014 En: \u00abJ\u00e1bega : revista de la Diputaci\u00f3n Provincial de M\u00e1laga\u00bb. \u2014 M\u00e1laga : Diputaci\u00f3n, 2009. \u2014 N. 101, tercer cuatrimestre (septiembre-diciembre), p. 28-44.<\/p>\n<p data-adtags-visited=\"true\"><em>Viaje a Andaluc\u00eda : historia natural del reino de Granada : (1804-1809)<\/em> \/ <strong>Sim\u00f3n de Rojas Clemente Rubio<\/strong> ; edici\u00f3n, transcripci\u00f3n, estudio e \u00edndices de <strong>Antonio Gil Albarrac\u00edn<\/strong> ; otros trabajos de <strong>Horacio Capel S\u00e1ez<\/strong> y <strong>M\u00aa Pilar de San P\u00edo Aladr\u00e9n<\/strong>. \u2014 Almer\u00eda : Griselda Bonet Girabet, 2002. \u2014 1247 p. : il. ; 25 cm. \u2014 D.L. B. 50289-2002. \u2014 ISBN 84-88538-17-0.<\/p>\n<p data-adtags-visited=\"true\"><em>Viaje bot\u00e1nico al sur de Espa\u00f1a durante el a\u00f1o 1837<\/em> \/ <strong>Charles Edmond Boissier<\/strong> ; estudio preliminar, <strong>Manuel Pezzi Ceretto<\/strong> ; traducci\u00f3n, <strong>Fran\u00e7oise Clementi<\/strong>. \u2014 Granada : Fundaci\u00f3n Caja de Granada : Universidad de M\u00e1laga, 1995. \u2014 496 p. : il. ; 20 cm. \u2014 (Colecci\u00f3n Sierra Nevada y la Alpujarra ; 13). \u2014 D.L. GR. 115-1995. \u2014 ISBN 84-87901-61-1.<\/p>\n<p data-adtags-visited=\"true\"><em>Visi\u00f3n hist\u00f3rica de las Sierras del Real y de Albornoque, t\u00e9rmino municipal de Ist\u00e1n<\/em> \/ <strong>Catalina Urbaneja Ortiz<\/strong>. \u2014 En: \u00abLos bosques de la Serran\u00eda de Ronda : una perspectiva espacio-temporal\u00bb. \u2014 Alcal\u00e1 del Valle (C\u00e1diz) : La Serran\u00eda, 2021. \u2014 P. [457]-477.<\/p>\n<p data-adtags-visited=\"true\"><em>Vulnerabilidad de los paisajes del pinsapar ante el cambio clim\u00e1tico : horizonte 2100<\/em> \/ <strong>Oliver Guti\u00e9rrez Hern\u00e1ndez<\/strong> y <strong>Luis Ventura Garc\u00eda Fern\u00e1ndez<\/strong>. \u2014 En: \u00abLos bosques de la Serran\u00eda de Ronda : una perspectiva espacio-temporal\u00bb. \u2014 Alcal\u00e1 del Valle (C\u00e1diz) : La Serran\u00eda, 2021. \u2014 P. [303]-314.<\/p>","protected":false},"excerpt":{"rendered":"<p>\u00abCon ocasi\u00f3n del &#8216;Congreso Internacional de Geograf\u00eda de la Serran\u00eda de Ronda&#8217;, organizado por el IERS y la Real Maestranza, que tendr\u00e1 lugar del 17 al 20 de noviembre de 2022, ofrecemos una selecci\u00f3n bibliogr\u00e1fica en torno a la tem\u00e1tica del encuentro: &#8216;Territorio, naturaleza, paisaje e identidad&#8217;\u00bb<\/p>\n","protected":false},"author":2,"featured_media":15600,"comment_status":"closed","ping_status":"open","sticky":false,"template":"","format":"standard","meta":{"footnotes":""},"categories":[140,791],"tags":[223,237,105,252,176,525,137,207],"class_list":["post-15594","post","type-post","status-publish","format-standard","has-post-thumbnail","hentry","category-biblioteca","category-boletin-bibliografico-biblioteca-rmr","tag-articulos","tag-bibliografias","tag-biblioteca-general","tag-biblioteca-rmr","tag-boletin-mensual-bibliografico","tag-geografia","tag-libros","tag-serrania-de-ronda"],"yoast_head":"<!-- This site is optimized with the Yoast SEO plugin v27.5 - https:\/\/yoast.com\/product\/yoast-seo-wordpress\/ -->\n<title>Biblioteca-RMR: N\u00ba 110. Geograf\u00eda de la Serran\u00eda de Ronda. Territorio, naturaleza, paisaje e identidad. Noviembre 2022. - Real Maestranza de Caballer\u00eda de Ronda<\/title>\n<meta name=\"robots\" content=\"index, follow, max-snippet:-1, max-image-preview:large, max-video-preview:-1\" \/>\n<link rel=\"canonical\" href=\"https:\/\/www.rmcr.org\/en\/2022\/11\/27\/biblioteca-rmr-no-110-geografia-de-la-serrania-de-ronda-territorio-naturaleza-paisaje-e-identidad-noviembre-2022\/\" \/>\n<meta property=\"og:locale\" content=\"en_US\" \/>\n<meta property=\"og:type\" content=\"article\" \/>\n<meta property=\"og:title\" content=\"Biblioteca-RMR: N\u00ba 110. Geograf\u00eda de la Serran\u00eda de Ronda. Territorio, naturaleza, paisaje e identidad. Noviembre 2022. - Real Maestranza de Caballer\u00eda de Ronda\" \/>\n<meta property=\"og:description\" content=\"\u00abCon ocasi\u00f3n del &#039;Congreso Internacional de Geograf\u00eda de la Serran\u00eda de Ronda&#039;, organizado por el IERS y la Real Maestranza, que tendr\u00e1 lugar del 17 al 20 de noviembre de 2022, ofrecemos una selecci\u00f3n bibliogr\u00e1fica en torno a la tem\u00e1tica del encuentro: &#039;Territorio, naturaleza, paisaje e identidad&#039;\u00bb\" \/>\n<meta property=\"og:url\" content=\"https:\/\/www.rmcr.org\/en\/2022\/11\/27\/biblioteca-rmr-no-110-geografia-de-la-serrania-de-ronda-territorio-naturaleza-paisaje-e-identidad-noviembre-2022\/\" \/>\n<meta property=\"og:site_name\" content=\"Real Maestranza de Caballer\u00eda de Ronda\" \/>\n<meta property=\"article:publisher\" content=\"https:\/\/www.facebook.com\/plazadetorosronda\" \/>\n<meta property=\"article:published_time\" content=\"2022-11-27T18:46:16+00:00\" \/>\n<meta property=\"article:modified_time\" content=\"2025-04-02T18:07:59+00:00\" \/>\n<meta property=\"og:image\" content=\"https:\/\/www.rmcr.org\/wp-content\/uploads\/2023\/02\/cong-geog-dest.jpg\" \/>\n\t<meta property=\"og:image:width\" content=\"1200\" \/>\n\t<meta property=\"og:image:height\" content=\"682\" \/>\n\t<meta property=\"og:image:type\" content=\"image\/jpeg\" \/>\n<meta name=\"author\" content=\"BIBLIOTECA\" \/>\n<meta name=\"twitter:card\" content=\"summary_large_image\" \/>\n<meta name=\"twitter:creator\" content=\"@PlazatorosRMR\" \/>\n<meta name=\"twitter:site\" content=\"@PlazatorosRMR\" \/>\n<meta name=\"twitter:label1\" content=\"Written by\" \/>\n\t<meta name=\"twitter:data1\" content=\"BIBLIOTECA\" \/>\n\t<meta name=\"twitter:label2\" content=\"Est. reading time\" \/>\n\t<meta name=\"twitter:data2\" content=\"15 minutes\" \/>\n<script type=\"application\/ld+json\" class=\"yoast-schema-graph\">{\"@context\":\"https:\\\/\\\/schema.org\",\"@graph\":[{\"@type\":\"Article\",\"@id\":\"https:\\\/\\\/www.rmcr.org\\\/en\\\/2022\\\/11\\\/27\\\/biblioteca-rmr-no-110-geografia-de-la-serrania-de-ronda-territorio-naturaleza-paisaje-e-identidad-noviembre-2022\\\/#article\",\"isPartOf\":{\"@id\":\"https:\\\/\\\/www.rmcr.org\\\/en\\\/2022\\\/11\\\/27\\\/biblioteca-rmr-no-110-geografia-de-la-serrania-de-ronda-territorio-naturaleza-paisaje-e-identidad-noviembre-2022\\\/\"},\"author\":{\"name\":\"BIBLIOTECA\",\"@id\":\"https:\\\/\\\/www.rmcr.org\\\/en\\\/#\\\/schema\\\/person\\\/80849edee7ef556893505128619ea1d0\"},\"headline\":\"Biblioteca-RMR: N\u00ba 110. Geograf\u00eda de la Serran\u00eda de Ronda. Territorio, naturaleza, paisaje e identidad. Noviembre 2022.\",\"datePublished\":\"2022-11-27T18:46:16+00:00\",\"dateModified\":\"2025-04-02T18:07:59+00:00\",\"mainEntityOfPage\":{\"@id\":\"https:\\\/\\\/www.rmcr.org\\\/en\\\/2022\\\/11\\\/27\\\/biblioteca-rmr-no-110-geografia-de-la-serrania-de-ronda-territorio-naturaleza-paisaje-e-identidad-noviembre-2022\\\/\"},\"wordCount\":3542,\"publisher\":{\"@id\":\"https:\\\/\\\/www.rmcr.org\\\/en\\\/#organization\"},\"image\":{\"@id\":\"https:\\\/\\\/www.rmcr.org\\\/en\\\/2022\\\/11\\\/27\\\/biblioteca-rmr-no-110-geografia-de-la-serrania-de-ronda-territorio-naturaleza-paisaje-e-identidad-noviembre-2022\\\/#primaryimage\"},\"thumbnailUrl\":\"https:\\\/\\\/www.rmcr.org\\\/wp-content\\\/uploads\\\/2023\\\/02\\\/cong-geog-dest.jpg\",\"keywords\":[\"Art\u00edculos\",\"Bibliograf\u00edas\",\"Biblioteca\",\"Biblioteca-RMR\",\"Bolet\u00edn mensual bibliogr\u00e1fico\",\"Geograf\u00eda\",\"Libros\",\"Serran\u00eda de Ronda\"],\"articleSection\":[\"Biblioteca\",\"Bolet\u00edn bibliogr\u00e1fico Biblioteca-RMR\"],\"inLanguage\":\"en-US\"},{\"@type\":\"WebPage\",\"@id\":\"https:\\\/\\\/www.rmcr.org\\\/en\\\/2022\\\/11\\\/27\\\/biblioteca-rmr-no-110-geografia-de-la-serrania-de-ronda-territorio-naturaleza-paisaje-e-identidad-noviembre-2022\\\/\",\"url\":\"https:\\\/\\\/www.rmcr.org\\\/en\\\/2022\\\/11\\\/27\\\/biblioteca-rmr-no-110-geografia-de-la-serrania-de-ronda-territorio-naturaleza-paisaje-e-identidad-noviembre-2022\\\/\",\"name\":\"Biblioteca-RMR: N\u00ba 110. Geograf\u00eda de la Serran\u00eda de Ronda. Territorio, naturaleza, paisaje e identidad. Noviembre 2022. - Real Maestranza de Caballer\u00eda de Ronda\",\"isPartOf\":{\"@id\":\"https:\\\/\\\/www.rmcr.org\\\/en\\\/#website\"},\"primaryImageOfPage\":{\"@id\":\"https:\\\/\\\/www.rmcr.org\\\/en\\\/2022\\\/11\\\/27\\\/biblioteca-rmr-no-110-geografia-de-la-serrania-de-ronda-territorio-naturaleza-paisaje-e-identidad-noviembre-2022\\\/#primaryimage\"},\"image\":{\"@id\":\"https:\\\/\\\/www.rmcr.org\\\/en\\\/2022\\\/11\\\/27\\\/biblioteca-rmr-no-110-geografia-de-la-serrania-de-ronda-territorio-naturaleza-paisaje-e-identidad-noviembre-2022\\\/#primaryimage\"},\"thumbnailUrl\":\"https:\\\/\\\/www.rmcr.org\\\/wp-content\\\/uploads\\\/2023\\\/02\\\/cong-geog-dest.jpg\",\"datePublished\":\"2022-11-27T18:46:16+00:00\",\"dateModified\":\"2025-04-02T18:07:59+00:00\",\"breadcrumb\":{\"@id\":\"https:\\\/\\\/www.rmcr.org\\\/en\\\/2022\\\/11\\\/27\\\/biblioteca-rmr-no-110-geografia-de-la-serrania-de-ronda-territorio-naturaleza-paisaje-e-identidad-noviembre-2022\\\/#breadcrumb\"},\"inLanguage\":\"en-US\",\"potentialAction\":[{\"@type\":\"ReadAction\",\"target\":[\"https:\\\/\\\/www.rmcr.org\\\/en\\\/2022\\\/11\\\/27\\\/biblioteca-rmr-no-110-geografia-de-la-serrania-de-ronda-territorio-naturaleza-paisaje-e-identidad-noviembre-2022\\\/\"]}]},{\"@type\":\"ImageObject\",\"inLanguage\":\"en-US\",\"@id\":\"https:\\\/\\\/www.rmcr.org\\\/en\\\/2022\\\/11\\\/27\\\/biblioteca-rmr-no-110-geografia-de-la-serrania-de-ronda-territorio-naturaleza-paisaje-e-identidad-noviembre-2022\\\/#primaryimage\",\"url\":\"https:\\\/\\\/www.rmcr.org\\\/wp-content\\\/uploads\\\/2023\\\/02\\\/cong-geog-dest.jpg\",\"contentUrl\":\"https:\\\/\\\/www.rmcr.org\\\/wp-content\\\/uploads\\\/2023\\\/02\\\/cong-geog-dest.jpg\",\"width\":1200,\"height\":682},{\"@type\":\"BreadcrumbList\",\"@id\":\"https:\\\/\\\/www.rmcr.org\\\/en\\\/2022\\\/11\\\/27\\\/biblioteca-rmr-no-110-geografia-de-la-serrania-de-ronda-territorio-naturaleza-paisaje-e-identidad-noviembre-2022\\\/#breadcrumb\",\"itemListElement\":[{\"@type\":\"ListItem\",\"position\":1,\"name\":\"REAL MAESTRANZA DE CABALLER\u00cdA DE RONDA\",\"item\":\"https:\\\/\\\/www.rmcr.org\\\/en\\\/\"},{\"@type\":\"ListItem\",\"position\":2,\"name\":\"Biblioteca-RMR: N\u00ba 110. Geograf\u00eda de la Serran\u00eda de Ronda. Territorio, naturaleza, paisaje e identidad. Noviembre 2022.\"}]},{\"@type\":\"WebSite\",\"@id\":\"https:\\\/\\\/www.rmcr.org\\\/en\\\/#website\",\"url\":\"https:\\\/\\\/www.rmcr.org\\\/en\\\/\",\"name\":\"Real Maestranza de Caballer\u00eda de Ronda\",\"description\":\"Real Maestranza de Caballer\u00eda de Ronda\",\"publisher\":{\"@id\":\"https:\\\/\\\/www.rmcr.org\\\/en\\\/#organization\"},\"alternateName\":\"RMCR\",\"potentialAction\":[{\"@type\":\"SearchAction\",\"target\":{\"@type\":\"EntryPoint\",\"urlTemplate\":\"https:\\\/\\\/www.rmcr.org\\\/en\\\/?s={search_term_string}\"},\"query-input\":{\"@type\":\"PropertyValueSpecification\",\"valueRequired\":true,\"valueName\":\"search_term_string\"}}],\"inLanguage\":\"en-US\"},{\"@type\":\"Organization\",\"@id\":\"https:\\\/\\\/www.rmcr.org\\\/en\\\/#organization\",\"name\":\"Real Maestranza de Caballer\u00eda de Ronda\",\"alternateName\":\"RMR\",\"url\":\"https:\\\/\\\/www.rmcr.org\\\/en\\\/\",\"logo\":{\"@type\":\"ImageObject\",\"inLanguage\":\"en-US\",\"@id\":\"https:\\\/\\\/www.rmcr.org\\\/en\\\/#\\\/schema\\\/logo\\\/image\\\/\",\"url\":\"https:\\\/\\\/www.rmcr.org\\\/wp-content\\\/uploads\\\/2022\\\/07\\\/logo-rmr-blue.svg\",\"contentUrl\":\"https:\\\/\\\/www.rmcr.org\\\/wp-content\\\/uploads\\\/2022\\\/07\\\/logo-rmr-blue.svg\",\"width\":131,\"height\":129,\"caption\":\"Real Maestranza de Caballer\u00eda de Ronda\"},\"image\":{\"@id\":\"https:\\\/\\\/www.rmcr.org\\\/en\\\/#\\\/schema\\\/logo\\\/image\\\/\"},\"sameAs\":[\"https:\\\/\\\/www.facebook.com\\\/plazadetorosronda\",\"https:\\\/\\\/x.com\\\/PlazatorosRMR\",\"https:\\\/\\\/www.instagram.com\\\/realmaestranzaderonda\\\/\",\"https:\\\/\\\/www.youtube.com\\\/channel\\\/UCrbO5IUN-8v_QML739vM4zg\\\/videos\"]},{\"@type\":\"Person\",\"@id\":\"https:\\\/\\\/www.rmcr.org\\\/en\\\/#\\\/schema\\\/person\\\/80849edee7ef556893505128619ea1d0\",\"name\":\"BIBLIOTECA\",\"image\":{\"@type\":\"ImageObject\",\"inLanguage\":\"en-US\",\"@id\":\"https:\\\/\\\/www.rmcr.org\\\/wp-content\\\/uploads\\\/2022\\\/11\\\/avatar-rmcr-96x96.png\",\"url\":\"https:\\\/\\\/www.rmcr.org\\\/wp-content\\\/uploads\\\/2022\\\/11\\\/avatar-rmcr-96x96.png\",\"contentUrl\":\"https:\\\/\\\/www.rmcr.org\\\/wp-content\\\/uploads\\\/2022\\\/11\\\/avatar-rmcr-96x96.png\",\"caption\":\"BIBLIOTECA\"},\"url\":\"https:\\\/\\\/www.rmcr.org\\\/en\\\/author\\\/juan-antonio-moreno\\\/\"}]}<\/script>\n<!-- \/ Yoast SEO plugin. -->","yoast_head_json":{"title":"Biblioteca-RMR: N\u00ba 110. Geograf\u00eda de la Serran\u00eda de Ronda. Territorio, naturaleza, paisaje e identidad. Noviembre 2022. - Real Maestranza de Caballer\u00eda de Ronda","robots":{"index":"index","follow":"follow","max-snippet":"max-snippet:-1","max-image-preview":"max-image-preview:large","max-video-preview":"max-video-preview:-1"},"canonical":"https:\/\/www.rmcr.org\/en\/2022\/11\/27\/biblioteca-rmr-no-110-geografia-de-la-serrania-de-ronda-territorio-naturaleza-paisaje-e-identidad-noviembre-2022\/","og_locale":"en_US","og_type":"article","og_title":"Biblioteca-RMR: N\u00ba 110. Geograf\u00eda de la Serran\u00eda de Ronda. Territorio, naturaleza, paisaje e identidad. Noviembre 2022. - Real Maestranza de Caballer\u00eda de Ronda","og_description":"\u00abCon ocasi\u00f3n del 'Congreso Internacional de Geograf\u00eda de la Serran\u00eda de Ronda', organizado por el IERS y la Real Maestranza, que tendr\u00e1 lugar del 17 al 20 de noviembre de 2022, ofrecemos una selecci\u00f3n bibliogr\u00e1fica en torno a la tem\u00e1tica del encuentro: 'Territorio, naturaleza, paisaje e identidad'\u00bb","og_url":"https:\/\/www.rmcr.org\/en\/2022\/11\/27\/biblioteca-rmr-no-110-geografia-de-la-serrania-de-ronda-territorio-naturaleza-paisaje-e-identidad-noviembre-2022\/","og_site_name":"Real Maestranza de Caballer\u00eda de Ronda","article_publisher":"https:\/\/www.facebook.com\/plazadetorosronda","article_published_time":"2022-11-27T18:46:16+00:00","article_modified_time":"2025-04-02T18:07:59+00:00","og_image":[{"width":1200,"height":682,"url":"https:\/\/www.rmcr.org\/wp-content\/uploads\/2023\/02\/cong-geog-dest.jpg","type":"image\/jpeg"}],"author":"BIBLIOTECA","twitter_card":"summary_large_image","twitter_creator":"@PlazatorosRMR","twitter_site":"@PlazatorosRMR","twitter_misc":{"Written by":"BIBLIOTECA","Est. reading time":"15 minutes"},"schema":{"@context":"https:\/\/schema.org","@graph":[{"@type":"Article","@id":"https:\/\/www.rmcr.org\/en\/2022\/11\/27\/biblioteca-rmr-no-110-geografia-de-la-serrania-de-ronda-territorio-naturaleza-paisaje-e-identidad-noviembre-2022\/#article","isPartOf":{"@id":"https:\/\/www.rmcr.org\/en\/2022\/11\/27\/biblioteca-rmr-no-110-geografia-de-la-serrania-de-ronda-territorio-naturaleza-paisaje-e-identidad-noviembre-2022\/"},"author":{"name":"BIBLIOTECA","@id":"https:\/\/www.rmcr.org\/en\/#\/schema\/person\/80849edee7ef556893505128619ea1d0"},"headline":"Biblioteca-RMR: N\u00ba 110. Geograf\u00eda de la Serran\u00eda de Ronda. Territorio, naturaleza, paisaje e identidad. Noviembre 2022.","datePublished":"2022-11-27T18:46:16+00:00","dateModified":"2025-04-02T18:07:59+00:00","mainEntityOfPage":{"@id":"https:\/\/www.rmcr.org\/en\/2022\/11\/27\/biblioteca-rmr-no-110-geografia-de-la-serrania-de-ronda-territorio-naturaleza-paisaje-e-identidad-noviembre-2022\/"},"wordCount":3542,"publisher":{"@id":"https:\/\/www.rmcr.org\/en\/#organization"},"image":{"@id":"https:\/\/www.rmcr.org\/en\/2022\/11\/27\/biblioteca-rmr-no-110-geografia-de-la-serrania-de-ronda-territorio-naturaleza-paisaje-e-identidad-noviembre-2022\/#primaryimage"},"thumbnailUrl":"https:\/\/www.rmcr.org\/wp-content\/uploads\/2023\/02\/cong-geog-dest.jpg","keywords":["Art\u00edculos","Bibliograf\u00edas","Biblioteca","Biblioteca-RMR","Bolet\u00edn mensual bibliogr\u00e1fico","Geograf\u00eda","Libros","Serran\u00eda de Ronda"],"articleSection":["Biblioteca","Bolet\u00edn bibliogr\u00e1fico Biblioteca-RMR"],"inLanguage":"en-US"},{"@type":"WebPage","@id":"https:\/\/www.rmcr.org\/en\/2022\/11\/27\/biblioteca-rmr-no-110-geografia-de-la-serrania-de-ronda-territorio-naturaleza-paisaje-e-identidad-noviembre-2022\/","url":"https:\/\/www.rmcr.org\/en\/2022\/11\/27\/biblioteca-rmr-no-110-geografia-de-la-serrania-de-ronda-territorio-naturaleza-paisaje-e-identidad-noviembre-2022\/","name":"Biblioteca-RMR: N\u00ba 110. Geograf\u00eda de la Serran\u00eda de Ronda. Territorio, naturaleza, paisaje e identidad. Noviembre 2022. - Real Maestranza de Caballer\u00eda de Ronda","isPartOf":{"@id":"https:\/\/www.rmcr.org\/en\/#website"},"primaryImageOfPage":{"@id":"https:\/\/www.rmcr.org\/en\/2022\/11\/27\/biblioteca-rmr-no-110-geografia-de-la-serrania-de-ronda-territorio-naturaleza-paisaje-e-identidad-noviembre-2022\/#primaryimage"},"image":{"@id":"https:\/\/www.rmcr.org\/en\/2022\/11\/27\/biblioteca-rmr-no-110-geografia-de-la-serrania-de-ronda-territorio-naturaleza-paisaje-e-identidad-noviembre-2022\/#primaryimage"},"thumbnailUrl":"https:\/\/www.rmcr.org\/wp-content\/uploads\/2023\/02\/cong-geog-dest.jpg","datePublished":"2022-11-27T18:46:16+00:00","dateModified":"2025-04-02T18:07:59+00:00","breadcrumb":{"@id":"https:\/\/www.rmcr.org\/en\/2022\/11\/27\/biblioteca-rmr-no-110-geografia-de-la-serrania-de-ronda-territorio-naturaleza-paisaje-e-identidad-noviembre-2022\/#breadcrumb"},"inLanguage":"en-US","potentialAction":[{"@type":"ReadAction","target":["https:\/\/www.rmcr.org\/en\/2022\/11\/27\/biblioteca-rmr-no-110-geografia-de-la-serrania-de-ronda-territorio-naturaleza-paisaje-e-identidad-noviembre-2022\/"]}]},{"@type":"ImageObject","inLanguage":"en-US","@id":"https:\/\/www.rmcr.org\/en\/2022\/11\/27\/biblioteca-rmr-no-110-geografia-de-la-serrania-de-ronda-territorio-naturaleza-paisaje-e-identidad-noviembre-2022\/#primaryimage","url":"https:\/\/www.rmcr.org\/wp-content\/uploads\/2023\/02\/cong-geog-dest.jpg","contentUrl":"https:\/\/www.rmcr.org\/wp-content\/uploads\/2023\/02\/cong-geog-dest.jpg","width":1200,"height":682},{"@type":"BreadcrumbList","@id":"https:\/\/www.rmcr.org\/en\/2022\/11\/27\/biblioteca-rmr-no-110-geografia-de-la-serrania-de-ronda-territorio-naturaleza-paisaje-e-identidad-noviembre-2022\/#breadcrumb","itemListElement":[{"@type":"ListItem","position":1,"name":"REAL MAESTRANZA DE CABALLER\u00cdA DE RONDA","item":"https:\/\/www.rmcr.org\/en\/"},{"@type":"ListItem","position":2,"name":"Biblioteca-RMR: N\u00ba 110. Geograf\u00eda de la Serran\u00eda de Ronda. Territorio, naturaleza, paisaje e identidad. Noviembre 2022."}]},{"@type":"WebSite","@id":"https:\/\/www.rmcr.org\/en\/#website","url":"https:\/\/www.rmcr.org\/en\/","name":"Real Maestranza de Caballer\u00eda de Ronda","description":"Real Maestranza de Caballer\u00eda de Ronda","publisher":{"@id":"https:\/\/www.rmcr.org\/en\/#organization"},"alternateName":"RMCR","potentialAction":[{"@type":"SearchAction","target":{"@type":"EntryPoint","urlTemplate":"https:\/\/www.rmcr.org\/en\/?s={search_term_string}"},"query-input":{"@type":"PropertyValueSpecification","valueRequired":true,"valueName":"search_term_string"}}],"inLanguage":"en-US"},{"@type":"Organization","@id":"https:\/\/www.rmcr.org\/en\/#organization","name":"Real Maestranza de Caballer\u00eda de Ronda","alternateName":"RMR","url":"https:\/\/www.rmcr.org\/en\/","logo":{"@type":"ImageObject","inLanguage":"en-US","@id":"https:\/\/www.rmcr.org\/en\/#\/schema\/logo\/image\/","url":"https:\/\/www.rmcr.org\/wp-content\/uploads\/2022\/07\/logo-rmr-blue.svg","contentUrl":"https:\/\/www.rmcr.org\/wp-content\/uploads\/2022\/07\/logo-rmr-blue.svg","width":131,"height":129,"caption":"Real Maestranza de Caballer\u00eda de Ronda"},"image":{"@id":"https:\/\/www.rmcr.org\/en\/#\/schema\/logo\/image\/"},"sameAs":["https:\/\/www.facebook.com\/plazadetorosronda","https:\/\/x.com\/PlazatorosRMR","https:\/\/www.instagram.com\/realmaestranzaderonda\/","https:\/\/www.youtube.com\/channel\/UCrbO5IUN-8v_QML739vM4zg\/videos"]},{"@type":"Person","@id":"https:\/\/www.rmcr.org\/en\/#\/schema\/person\/80849edee7ef556893505128619ea1d0","name":"BIBLIOTECA","image":{"@type":"ImageObject","inLanguage":"en-US","@id":"https:\/\/www.rmcr.org\/wp-content\/uploads\/2022\/11\/avatar-rmcr-96x96.png","url":"https:\/\/www.rmcr.org\/wp-content\/uploads\/2022\/11\/avatar-rmcr-96x96.png","contentUrl":"https:\/\/www.rmcr.org\/wp-content\/uploads\/2022\/11\/avatar-rmcr-96x96.png","caption":"BIBLIOTECA"},"url":"https:\/\/www.rmcr.org\/en\/author\/juan-antonio-moreno\/"}]}},"_links":{"self":[{"href":"https:\/\/www.rmcr.org\/en\/wp-json\/wp\/v2\/posts\/15594","targetHints":{"allow":["GET"]}}],"collection":[{"href":"https:\/\/www.rmcr.org\/en\/wp-json\/wp\/v2\/posts"}],"about":[{"href":"https:\/\/www.rmcr.org\/en\/wp-json\/wp\/v2\/types\/post"}],"author":[{"embeddable":true,"href":"https:\/\/www.rmcr.org\/en\/wp-json\/wp\/v2\/users\/2"}],"replies":[{"embeddable":true,"href":"https:\/\/www.rmcr.org\/en\/wp-json\/wp\/v2\/comments?post=15594"}],"version-history":[{"count":9,"href":"https:\/\/www.rmcr.org\/en\/wp-json\/wp\/v2\/posts\/15594\/revisions"}],"predecessor-version":[{"id":21728,"href":"https:\/\/www.rmcr.org\/en\/wp-json\/wp\/v2\/posts\/15594\/revisions\/21728"}],"wp:featuredmedia":[{"embeddable":true,"href":"https:\/\/www.rmcr.org\/en\/wp-json\/wp\/v2\/media\/15600"}],"wp:attachment":[{"href":"https:\/\/www.rmcr.org\/en\/wp-json\/wp\/v2\/media?parent=15594"}],"wp:term":[{"taxonomy":"category","embeddable":true,"href":"https:\/\/www.rmcr.org\/en\/wp-json\/wp\/v2\/categories?post=15594"},{"taxonomy":"post_tag","embeddable":true,"href":"https:\/\/www.rmcr.org\/en\/wp-json\/wp\/v2\/tags?post=15594"}],"curies":[{"name":"wp","href":"https:\/\/api.w.org\/{rel}","templated":true}]}}