{"id":15487,"date":"2022-10-27T18:44:04","date_gmt":"2022-10-27T18:44:04","guid":{"rendered":"https:\/\/www.rmcr.org\/?p=15487"},"modified":"2025-04-02T18:08:12","modified_gmt":"2025-04-02T18:08:12","slug":"biblioteca-rmr-no-109-estudios-sobre-la-nobleza-algunas-propuestas-bibliograficas-octubre-2022","status":"publish","type":"post","link":"https:\/\/www.rmcr.org\/en\/2022\/10\/27\/biblioteca-rmr-no-109-estudios-sobre-la-nobleza-algunas-propuestas-bibliograficas-octubre-2022\/","title":{"rendered":"Biblioteca-RMR: N\u00ba 109. Estudios sobre la nobleza. Algunas propuestas bibliogr\u00e1ficas. Octubre 2022."},"content":{"rendered":"<p style=\"text-align: center;\" data-adtags-visited=\"true\"><strong>\u00b7 MONOGR\u00c1FICO \u00b7<\/strong><br><strong>\u00b7 BIBLIOTECA DE LA REAL MAESTRANZA DE CABALLER\u00cdA DE RONDA \u00b7<\/strong><br><strong>\u00b7 OCTUBRE 2022 \u00b7<\/strong><\/p>\n<p style=\"text-align: center;\" data-adtags-visited=\"true\"><strong>\u00b7 FONDO \u00c9LITES DE PODER \u00b7<\/strong><\/p>\n<p data-adtags-visited=\"true\">Como ya se ha comentado en ocasiones anteriores, los estudios sobre la nobleza desarrollados en los \u00faltimos treinta a\u00f1os han experimentado una importante renovaci\u00f3n.<\/p>\n<p data-adtags-visited=\"true\">Las investigaciones sobre el tema nobiliario se vienen caracterizando por una amplitud metodol\u00f3gica que ha dado lugar a numerosos grupos de investigaci\u00f3n y corrientes historiogr\u00e1ficas, con metodolog\u00edas espec\u00edficas para el an\u00e1lisis del grupo social de la nobleza de forma transversal y multidisciplinar.<\/p>\n<p data-adtags-visited=\"true\">Ofrecemos una nueva selecci\u00f3n bibliogr\u00e1fica, breve, de t\u00edtulos publicados recientemente, entresacada de los fondos que contin\u00faa reuniendo la Biblioteca de la Real Maestranza de Caballer\u00eda de Ronda.<\/p>\n<p data-adtags-visited=\"true\"><\/p>\n\n\n<figure class=\"wp-block-image aligncenter size-full\"><img fetchpriority=\"high\" decoding=\"async\" width=\"450\" height=\"686\" src=\"https:\/\/www.rmcr.org\/wp-content\/uploads\/2023\/02\/1026864a.jpg\" alt=\"\" class=\"wp-image-15488\" srcset=\"https:\/\/www.rmcr.org\/wp-content\/uploads\/2023\/02\/1026864a.jpg 450w, https:\/\/www.rmcr.org\/wp-content\/uploads\/2023\/02\/1026864a-197x300.jpg 197w\" sizes=\"(max-width: 450px) 100vw, 450px\" \/><\/figure>\n\n\n<p data-adtags-visited=\"true\">\n<\/p><p data-adtags-visited=\"true\"><em>Monarqu\u00edas ib\u00e9ricas, poderes y territorios : instituciones, nobleza y din\u00e1mica pol\u00edtica (siglo XVIII)<\/em>&nbsp;\/&nbsp;<strong>Mar\u00eda L\u00f3pez D\u00edaz<\/strong>&nbsp;(ed.). \u2014 Madrid : S\u00edlex, 2021. \u2014 422 p. ; 21 cm. \u2014 (S\u00edlex universidad). \u2014 D.L. M. 17561-2021. \u2014 ISBN 978-84-18388-69-9.<\/p>\n<p data-adtags-visited=\"true\"><strong>Sinopsis<\/strong><\/p>\n<p data-adtags-visited=\"true\">En las \u00faltimas d\u00e9cadas, la investigaci\u00f3n en torno a los cambios y reformas habidos en el gobierno del Estado, las instituciones y pr\u00e1cticas pol\u00edticas, las din\u00e1micas sociales y el derecho propio de los territorios (europeos y extraeuropeos) de las monarqu\u00edas ib\u00e9ricas del Setecientos se ha enriquecido mucho. De ello dan prueba los once trabajos de este libro, que analizan aspectos diversos, con enfoques y para contextos diferentes, al tiempo que evidencian que sigue habiendo investigaci\u00f3n por hacer. Adem\u00e1s de (re) considerar reformas de todo orden, supuestamente modernizadoras en t\u00e9rminos de eficacia administrativa, econ\u00f3mica o pol\u00edtica, y sus consecuencias, permiten profundizar en los v\u00ednculos culturales atl\u00e1nticos y la proyecci\u00f3n de modelos pol\u00edticos dentro del Viejo Continente, pero tambi\u00e9n en las diferencias pol\u00edtico-culturales de dos monarqu\u00edas. Sus logros y limitaciones nos hablan de la naturaleza del Estado de los primeros Borbones en Espa\u00f1a, y del de Juan V y la etapa pombaliana para Portugal.<\/p>\n<p data-adtags-visited=\"true\"><\/p>\n\n\n<figure class=\"wp-block-image aligncenter size-full\"><img decoding=\"async\" width=\"450\" height=\"633\" src=\"https:\/\/www.rmcr.org\/wp-content\/uploads\/2023\/02\/1026862a.jpg\" alt=\"\" class=\"wp-image-15490\" srcset=\"https:\/\/www.rmcr.org\/wp-content\/uploads\/2023\/02\/1026862a.jpg 450w, https:\/\/www.rmcr.org\/wp-content\/uploads\/2023\/02\/1026862a-213x300.jpg 213w\" sizes=\"(max-width: 450px) 100vw, 450px\" \/><\/figure>\n\n\n<p data-adtags-visited=\"true\">\n<\/p><p data-adtags-visited=\"true\"><em>Espada de Dios y aliento de la nobleza : el ministerio de la palabra en la Espa\u00f1a moderna (siglos XVI-XVIII)<\/em>&nbsp;\/&nbsp;<strong>Manuela \u00c1gueda Garc\u00eda Garrido<\/strong>,&nbsp;<strong>Susana Truchuelo Garc\u00eda<\/strong>,&nbsp;<strong>Jaume Garau<\/strong>,&nbsp;<strong>Alejandra Testino-Zafiropoulos<\/strong>&nbsp;(eds.). \u2014 Madrid : Sind\u00e9resis, 2020. \u2014 250 p. ; 24 cm. \u2014 (Instituto de Estudios Hisp\u00e1nicos en la Modernidad ; 14). \u2014 D.L. M. 22093-2020. \u2014 ISBN 978-84-18206-30-6.<\/p>\n<p data-adtags-visited=\"true\"><strong>Sinopsis<\/strong><\/p>\n<p data-adtags-visited=\"true\">El presente libro explora las relaciones que entablaron los predicadores de la Monarqu\u00eda hisp\u00e1nica con los miembros de la nobleza, partiendo de propuestas anal\u00edticas interdisciplinarias en las que los p\u00falpitos se presentan como un medio para ampliar las v\u00edas de promoci\u00f3n social en la sociedad del Antiguo R\u00e9gimen. As\u00ed, el objetivo primordial de este libro se centra en abrir una nueva cantera de problem\u00e1ticas y reflexiones en torno a la Historia de la predicaci\u00f3n desde una \u00f3ptica social. Los trabajos aqu\u00ed reunidos ofrecen claves de interpretaci\u00f3n sobre el modo en que las interrelaciones de nobleza y clero generaron modelos de sociabilidad capaces de legitimar las estrategias de movilidad social que se pusieron en pr\u00e1ctica en los siglos XVI al XVIII. Igualmente, analizan el valor que tuvieron los p\u00falpitos en la defensa de la nobleza, los intereses que ten\u00edan los nobles en promocionar a los predicadores o incluso si estos \u00faltimos pueden ser designados como baluartes del supuesto inmovilismo estamental que imper\u00f3 durante el Antiguo R\u00e9gimen.<\/p>\n<p data-adtags-visited=\"true\"><\/p>\n\n\n<figure class=\"wp-block-image aligncenter size-full\"><img decoding=\"async\" width=\"450\" height=\"641\" src=\"https:\/\/www.rmcr.org\/wp-content\/uploads\/2023\/02\/1026859a.jpg\" alt=\"\" class=\"wp-image-15492\" srcset=\"https:\/\/www.rmcr.org\/wp-content\/uploads\/2023\/02\/1026859a.jpg 450w, https:\/\/www.rmcr.org\/wp-content\/uploads\/2023\/02\/1026859a-211x300.jpg 211w\" sizes=\"(max-width: 450px) 100vw, 450px\" \/><\/figure>\n\n\n<p data-adtags-visited=\"true\">\n<\/p><p data-adtags-visited=\"true\"><em>La nobleza espa\u00f1ola y sus espacios de poder (1480-1715)<\/em>&nbsp;\/&nbsp;<strong>Anne J. Cruz<\/strong>,&nbsp;<strong>Alejandra Franganillo<\/strong>,&nbsp;<strong>Carmen Sanz<\/strong>&nbsp;(eds.). \u2014 Madrid : Sanz y Torres, 2021. \u2014 308 p. ; 24 cm. \u2014 (Historia ; 27). \u2014 D.L. M. 23282-2021. \u2014 ISBN 978-84-18316-54-6.<\/p>\n<p data-adtags-visited=\"true\"><strong>Sinopsis<\/strong><\/p>\n<p data-adtags-visited=\"true\">Los cap\u00edtulos que conforman este volumen ofrecen una muestra de la diversidad de espacios de poder en los que la nobleza despleg\u00f3 sus din\u00e1micas de influencia y adaptaci\u00f3n en el seno y en los aleda\u00f1os de la Monarqu\u00eda Hisp\u00e1nica. Desde los m\u00e1s tradicionales y duraderos a otros m\u00e1s coyunturales o complementarios y por ello, mucho menos conocidos. A lo largo de estas p\u00e1ginas se puede apreciar c\u00f3mo los nobles de la primera \u00e9poca moderna desplegaron sus capacidades y demostraron su versatilidad espacial a lo largo y ancho de la Monarqu\u00eda Hisp\u00e1nica, y lo hicieron sin distinci\u00f3n de sexos, demostrando su idoneidad para la adaptaci\u00f3n, el aprendizaje y la gestaci\u00f3n de espacios temporales de poder e influencia que, los m\u00e1s sabios, aprendieron tambi\u00e9n a relativizar, tal y como aconsejaba la condesa de Aranda a su hijo primog\u00e9nito cuando le recomendaba que asistiera a la corte del rey con aprovechamiento: \u00ab\u2026 para que viviendo despu\u00e9s en vuestro retiro, no ech\u00e9is de menos aquella Babilonia \u2026 si bien tiene algunas conveniencias que son \u2026 perder [con el trato] de tantos iguales, el endiosamiento que causa en lugares propios verse siempre cabeza y as\u00ed volver\u00e9is a ellos, m\u00e1s tratable y humano\u00bb.<\/p>\n<p data-adtags-visited=\"true\"><\/p>\n\n\n<figure class=\"wp-block-image aligncenter size-full\"><img loading=\"lazy\" decoding=\"async\" width=\"450\" height=\"693\" src=\"https:\/\/www.rmcr.org\/wp-content\/uploads\/2023\/02\/1026866a.jpg\" alt=\"\" class=\"wp-image-15494\" srcset=\"https:\/\/www.rmcr.org\/wp-content\/uploads\/2023\/02\/1026866a.jpg 450w, https:\/\/www.rmcr.org\/wp-content\/uploads\/2023\/02\/1026866a-195x300.jpg 195w\" sizes=\"(max-width: 450px) 100vw, 450px\" \/><\/figure>\n\n\n<p data-adtags-visited=\"true\">\n<\/p><p data-adtags-visited=\"true\"><em>\u00abDe se\u00f1al y prerrogativa de nobleza\u00bb : her\u00e1ldica, honor y virtud, siglos XIV-XIX<\/em>&nbsp;\/&nbsp;<strong>Jos\u00e9 Antonio Guill\u00e9n Berrendero<\/strong>,&nbsp;<strong>Jorge Fern\u00e1ndez-Santos Ortiz-Iribas<\/strong>,&nbsp;<strong>Teresa Martialay Sacrist\u00e1n<\/strong>&nbsp;(coords.). \u2014 Madrid : S\u00edlex, 2021. \u2014 419 p. : il. ; 22 cm. \u2014 (S\u00edlex universidad-historia). \u2014 D.L. M. 5810-2021. \u2014 ISBN 978-84-19077-08-0.<\/p>\n<p data-adtags-visited=\"true\"><strong>Sinopsis<\/strong><\/p>\n<p data-adtags-visited=\"true\">Nobleza, virtud y her\u00e1ldica han sido siempre temas profundamente relacionados. Ya desde los inicios de la doctrina nobiliaria, los autores se esforzaron por delimitar los espacios de la her\u00e1ldica y del ejercicio de la virtud como se\u00f1ales de identidad propias de lo nobiliario y como evidentes muestras de distinci\u00f3n social. En este texto se recogen una serie de trabajos que, desde una perspectiva multidisciplinar, pretenden ofrecer un marco interpretativo siempre abierto y problematizar los usos de la her\u00e1ldica, el derecho sobre las armer\u00edas y el siempre complejo tema del monopolio intelectual de la virtud como especificidad nobiliaria. El marco cronol\u00f3gico abarca desde la Baja Edad Media hasta finales del siglo XVIII y planeta, como coda final, algunos an\u00e1lisis sobre la gesti\u00f3n administrativa del honor. En definitiva, el lector tiene a su alcance un texto que quiere continuar haci\u00e9ndose preguntas en el siempre complejo universo nobiliario para ampliar la m\u00e1xima de Montaigne, \u00abPuesto que no podemos alcanzarla, vengu\u00e9monos critic\u00e1ndola\u00bb, por otra que afirme \u00abPuesto que no podemos alcanzarla, intentemos comprenderla\u00bb.<\/p>\n<p data-adtags-visited=\"true\"><\/p>\n\n\n<figure class=\"wp-block-image aligncenter size-full\"><img loading=\"lazy\" decoding=\"async\" width=\"450\" height=\"647\" src=\"https:\/\/www.rmcr.org\/wp-content\/uploads\/2023\/02\/1026872a.jpg\" alt=\"\" class=\"wp-image-15496\" srcset=\"https:\/\/www.rmcr.org\/wp-content\/uploads\/2023\/02\/1026872a.jpg 450w, https:\/\/www.rmcr.org\/wp-content\/uploads\/2023\/02\/1026872a-209x300.jpg 209w\" sizes=\"(max-width: 450px) 100vw, 450px\" \/><\/figure>\n\n\n<p data-adtags-visited=\"true\">\n<\/p><p data-adtags-visited=\"true\"><em>Aproximaci\u00f3n a la nobleza en las Indias (siglos XV-XIX)<\/em>&nbsp;\/&nbsp;<strong>Lucas Montojo S\u00e1nchez<\/strong>. \u2014 Madrid : Universidad Francisco de Vitoria, 2021. \u2014 149 p. : il. ; 21 cm. \u2014 (Foro Hispanoamericano). \u2014 D.L. M. 25185-2021. \u2014 ISBN 978-84-18746-48-2.<\/p>\n<p data-adtags-visited=\"true\"><strong>Sinopsis<\/strong><\/p>\n<p data-adtags-visited=\"true\">\u00bfSe puede hablar de una nobleza americana?, \u00bfcu\u00e1ntos tipos de noblezas hab\u00eda en Am\u00e9rica?, \u00bften\u00eda reconocimiento o valor la nobleza de Indias en la Pen\u00ednsula?, \u00bflas \u00e9lites ind\u00edgenas fueron asimiladas o equiparadas a las \u00e9lites espa\u00f1olas?, \u00bfera posible comprar un t\u00edtulo nobiliario en Am\u00e9rica?, \u00bfqu\u00e9 fue de los t\u00edtulos nobiliarios \u00abamericanos\u00bb una vez se produjeron las independencias y se fundaron las rep\u00fablicas? Estas son algunas de las preguntas a las que se pretende dar respuesta en esta obra. Trabajo que presenta de una forma sucinta y panor\u00e1mica el estamento privilegiado en el Nuevo Mundo y su evoluci\u00f3n.<\/p>\n<p data-adtags-visited=\"true\"><\/p>\n\n\n<figure class=\"wp-block-image aligncenter size-full\"><img loading=\"lazy\" decoding=\"async\" width=\"450\" height=\"712\" src=\"https:\/\/www.rmcr.org\/wp-content\/uploads\/2023\/02\/1026857a.jpg\" alt=\"\" class=\"wp-image-15498\" srcset=\"https:\/\/www.rmcr.org\/wp-content\/uploads\/2023\/02\/1026857a.jpg 450w, https:\/\/www.rmcr.org\/wp-content\/uploads\/2023\/02\/1026857a-190x300.jpg 190w\" sizes=\"(max-width: 450px) 100vw, 450px\" \/><\/figure>\n\n\n<p data-adtags-visited=\"true\">\n<\/p><p data-adtags-visited=\"true\"><em>Studies on the idea of excellence in Europe (15th-18th centuries) : virtus vera nobilitas est<\/em>&nbsp;\/&nbsp;<strong>Jos\u00e9 Antonio Guill\u00e9n Berrendero<\/strong>,&nbsp;<strong>Gijs Versteegen<\/strong>&nbsp;(eds.). \u2014 Berlin : Peter Lang, 2021. \u2014 364 p. : il. ; 23 cm. \u2014 ISBN 978-3-631-82331-6.<\/p>\n<p data-adtags-visited=\"true\"><strong>Sinopsis<\/strong><\/p>\n<p data-adtags-visited=\"true\">Studying the different forms of socialization ot the concept of virtue during the early modern age is currently one of the most complex and cross-cutting topics in the field of history and related disciplines. The work \u00abStudies on the idea of excellence in Europe (I5th-19th centuries).&nbsp;<em>Virtus vera nobilitas est<\/em>\u00bb brings&nbsp;together essays by historians and philosophers that set out to show the problems posed by the concept of virtue in the early modern era.<\/p>\n<p data-adtags-visited=\"true\"><\/p>\n\n\n<figure class=\"wp-block-image aligncenter size-full\"><img loading=\"lazy\" decoding=\"async\" width=\"450\" height=\"634\" src=\"https:\/\/www.rmcr.org\/wp-content\/uploads\/2023\/02\/1026858a.jpg\" alt=\"\" class=\"wp-image-15500\" srcset=\"https:\/\/www.rmcr.org\/wp-content\/uploads\/2023\/02\/1026858a.jpg 450w, https:\/\/www.rmcr.org\/wp-content\/uploads\/2023\/02\/1026858a-213x300.jpg 213w\" sizes=\"(max-width: 450px) 100vw, 450px\" \/><\/figure>\n\n\n<p data-adtags-visited=\"true\">\n<\/p><p data-adtags-visited=\"true\"><em>Jardines en tiempos de los Austrias : de la ficci\u00f3n caballeresca a la realidad nobiliaria<\/em>&nbsp;\/&nbsp;<strong>Mar\u00eda del Rosario Aguilar Perdomo<\/strong>. \u2014 Madrid : Centro de Estudios Europa Hisp\u00e1nica, 2022. \u2014 495 : il. ; 24 cm. \u2014 (Confluencias). \u2014 D.L. M. 2441-2022. \u2014 ISBN 978-84-18760-06-8.<\/p>\n<p data-adtags-visited=\"true\"><strong>Sinopsis<\/strong><\/p>\n<p data-adtags-visited=\"true\">Este libro ofrece un recorrido fascinante por los jardines hist\u00f3ricos que los nobles espa\u00f1oles construyeron para su deleite y donde dispusieron colecciones bot\u00e1nicas y anticuar\u00edas de enorme valor. En paralelo, repasa los espl\u00e9ndidos jardines de los libros de caballer\u00edas; all\u00ed sus personajes curaban su melancol\u00eda, ten\u00edan encuentros amorosos o celebraban banquetes, fiestas y bailes. Con la ayuda de numerosos testimonios (cr\u00f3nicas, cartas, cuentas de gastos, relatos de viajes) y la vista siempre puesta en las aventuras que encandilaron a don Quijote, se establece un fruct\u00edfero di\u00e1logo entre la ficci\u00f3n caballeresca y la realidad de la \u00e9poca que permite reconstruir el panorama de los jardines nobiliarios en la Espa\u00f1a del siglo XVI, la mixtura e hibridaci\u00f3n de sus formas medievales y renacentistas, la herencia andalus\u00ed y las influencias francesas, italianas y flamencas.&nbsp;El jard\u00edn, la m\u00e1s fr\u00e1gil y ef\u00edmera de las formas de arte, fue un fen\u00f3meno cultural de primer orden en la Espa\u00f1a del Renacimiento. En tiempos de Carlos V y Felipe II \u2014el m\u00e1s jardinero de los Austrias espa\u00f1oles\u2014 estos palacios de verdor se convirtieron en s\u00edmbolos de poder, en una arquitectura parlante que reflejaba las inclinaciones espirituales de sus propietarios a trav\u00e9s de las melod\u00edas del agua, el canto de los p\u00e1jaros, los setos floridos, los \u00e1rboles cargados de frutos y las esculturas antiguas. De la mano de escritores, mecenas y viajeros, la autora se adentra en la historia de los jardines de la nobleza y los vergeles de papel.<\/p>\n<p data-adtags-visited=\"true\"><\/p>\n\n\n<figure class=\"wp-block-image aligncenter size-full\"><img loading=\"lazy\" decoding=\"async\" width=\"450\" height=\"638\" src=\"https:\/\/www.rmcr.org\/wp-content\/uploads\/2023\/02\/1026861a.jpg\" alt=\"\" class=\"wp-image-15502\" srcset=\"https:\/\/www.rmcr.org\/wp-content\/uploads\/2023\/02\/1026861a.jpg 450w, https:\/\/www.rmcr.org\/wp-content\/uploads\/2023\/02\/1026861a-212x300.jpg 212w\" sizes=\"(max-width: 450px) 100vw, 450px\" \/><\/figure>\n\n\n<p data-adtags-visited=\"true\">\n<\/p><p data-adtags-visited=\"true\"><em>Arte y nobleza : el diletantismo art\u00edstico en la Edad Moderna<\/em>&nbsp;\/ edici\u00f3n a cargo de&nbsp;<strong>Roberto Gonz\u00e1lez Ramos<\/strong>,&nbsp;<strong>Jes\u00fas Mar\u00eda Ruiz<\/strong>&nbsp;<strong>Carrasco<\/strong>. \u2014 C\u00f3rdoba : Universidad de C\u00f3rdoba, 2019. \u2014 329 p. : il. ; 24 cm. \u2014 D.L. CO. 1956-2019. \u2014 ISBN 978-84-9927-478-2.<\/p>\n<p data-adtags-visited=\"true\"><strong>Sinopsis<\/strong><\/p>\n<p data-adtags-visited=\"true\">Este libro est\u00e1 formado por una reuni\u00f3n de trabajos con un tema com\u00fan: la cultura nobiliaria y el diletantismo art\u00edstico en la Edad Moderna por parte de las clases privilegiadas laicas. La colaboraci\u00f3n de los distintos autores pretende ofrecer un acercamiento a este objeto de estudio abarcando diversos asuntos, algunos tratados desde una perspectiva general y otros desde otra m\u00e1s concreta. El tema, escasamente investigado hasta hoy de forma espec\u00edfica, es una manifestaci\u00f3n hist\u00f3rico-sociol\u00f3gica que se va revelando en toda su magnitud, y que ayuda a explicar muchos factores vinculados con la estimaci\u00f3n de las artes y con el propio desarrollo de la cultura aristocr\u00e1tica. La edici\u00f3n de este libro es resultado de investigaci\u00f3n del proyecto titulado \u00abEl desarrollo de la cultura aristocr\u00e1tica hispana: educaci\u00f3n de la nobleza y pr\u00e1ctica de las artes figurativas (1580-1800)\u00bb.<\/p>\n<p data-adtags-visited=\"true\"><\/p>\n\n\n<figure class=\"wp-block-image aligncenter size-full\"><img loading=\"lazy\" decoding=\"async\" width=\"450\" height=\"630\" src=\"https:\/\/www.rmcr.org\/wp-content\/uploads\/2023\/02\/1026867a.jpg\" alt=\"\" class=\"wp-image-15504\" srcset=\"https:\/\/www.rmcr.org\/wp-content\/uploads\/2023\/02\/1026867a.jpg 450w, https:\/\/www.rmcr.org\/wp-content\/uploads\/2023\/02\/1026867a-214x300.jpg 214w\" sizes=\"(max-width: 450px) 100vw, 450px\" \/><\/figure>\n\n\n<p data-adtags-visited=\"true\">\n<\/p><p data-adtags-visited=\"true\"><em>Identit\u00e0 nobiliare tra monarchia ispanica e Italia : lignaggi, potere e istituzioni (secoli XVI-XVIII)<\/em>&nbsp;\/ a cura di&nbsp;<strong>Carmen Sanz Ay\u00e1n<\/strong>,&nbsp;<strong>Santiago Mart\u00ednez Hern\u00e1ndez<\/strong>,&nbsp;<strong>Marcella Aglietti<\/strong>,&nbsp;<strong>Daniele Edigati<\/strong>. \u2014 Roma : Edizioni di Storia e Letteratura, 2019. \u2014 284 p. ; 24 cm. \u2014 (Biblioteca di storia sociale ; 42). \u2014 ISBN 978-88-9359-379-3.<\/p>\n<p data-adtags-visited=\"true\"><strong>Sinopsis<\/strong><\/p>\n<p data-adtags-visited=\"true\">Il tema cardine che forma l\u2019asse centrale di questo volume \u00e8 quello delle modalit\u00e0 in cui prese forma e si modul\u00f2 l\u2019identit\u00e0 nobiliare, nell\u2019interazione tra l\u2019aristocrazia di sangue e la nobilt\u00e0 di pi\u00f9 recente istituzione, in quello spazio interconnesso che leg\u00f2 la monarchia ispanica e l\u2019ltalia durante i secoli XVI, XVII e XVIII. Nei sedici lavori qui raccolti, l\u2019analisi delle \u00e9lites nobiliari -tanto come gruppo, quanto nelle traiettorie dei singoli- \u00e8 condotta ripercorrendo la multidimensionalit\u00e0 di spazi, mezzi e strategie delle pratiche e degli usi che concorsero alla creazione e al consolidamento di una identit\u00e0 individuale e collettiva. La circolazione delle idee e dei modelli in Europa, come emerge dagli studi, ormai classici, di Otto Brunner e, pi\u00fa recentemente, di Claudio Donati, Jonathan Dewald e Mario Domenichelli, contribu\u00ec alla costruzione di un codice nobiliare condiviso, ben riconoscibile attraverso le differenti forme, mezzi ed espressioni sulle quali si costru\u00ec un particolare&nbsp;<em>habitus<\/em>&nbsp;di una nobilt\u00e0 continentale cosmopolita. Nella ricerca di una identit\u00e0 riconoscibile, le nuove nobilt\u00e0 impiegarono ogni risorsa per conservare il potere e l\u2019influenza guadagnate e le consolidarono nel tempo. La natura e la posizione di questi nuovi nobili si sorressero su una relazione simbiotica, non priva di tensioni e conflitti, con la monarchia cattolica.<\/p>\n<p data-adtags-visited=\"true\"><\/p>\n\n\n<figure class=\"wp-block-image aligncenter size-full\"><img loading=\"lazy\" decoding=\"async\" width=\"450\" height=\"634\" src=\"https:\/\/www.rmcr.org\/wp-content\/uploads\/2023\/02\/1026860a.jpg\" alt=\"\" class=\"wp-image-15506\" srcset=\"https:\/\/www.rmcr.org\/wp-content\/uploads\/2023\/02\/1026860a.jpg 450w, https:\/\/www.rmcr.org\/wp-content\/uploads\/2023\/02\/1026860a-213x300.jpg 213w\" sizes=\"(max-width: 450px) 100vw, 450px\" \/><\/figure>\n\n\n<p><\/p>\n<p><em>Nobleza precolombina : visi\u00f3n hisp\u00e1nica y expresi\u00f3n emblem\u00e1tica<\/em>&nbsp;\/&nbsp;<strong>Mario Jaramillo<\/strong>. \u2014 Madrid : Sanz y Torres, 2021. \u2014 187 p. : il. ; 24 cm. \u2014 (Historia ; 26). \u2014 D.L. M. 23281-2021. \u2014 ISBN 978-84-18316-44-9.<\/p>\n<p data-adtags-visited=\"true\"><strong>Sinopsis<\/strong><\/p>\n<p data-adtags-visited=\"true\">En una primera parte, este libro est\u00e1 centrado en la descripci\u00f3n de las culturas precolombinas desde una perspectiva social. Se ha sumergido en las cr\u00f3nicas, en los informes, en las apreciaciones de los espa\u00f1oles que escribieron sobre Am\u00e9rica durante el Descubrimiento y la Conquista. Busca profundizar en esos invaluables trabajos etnogr\u00e1ficos de aquellos protagonistas peninsulares que, de una u otra forma, dieron cuenta de la estructura de la sociedad ind\u00edgena precolombina tras observarla seg\u00fan sus esquemas mentales y culturales. Este libro muestra sin ambages ni rodeos lo que describieron los espa\u00f1oles sobre el escalaf\u00f3n social&nbsp;ind\u00edgena, a sabiendas de que ese escalaf\u00f3n tuvo en la c\u00faspide a su nobleza desde los tiempos precolombinos. Precisa, adem\u00e1s, las equivalencias que los conquistadores y cronistas elaboraron con respecto al orden social peninsular. Como segmento social determinante, como \u00e9lite consolidada, la nobleza ind\u00edgena tuvo sus propias expresiones emblem\u00e1ticas. Es lo que se aborda en la segunda parte del libro. Expresiones que quedaron registradas en diferentes soportes: en los sellos; en armas ligeras; en los escudos redondos o&nbsp;<em>chimalli<\/em>; y en los escudos de armas concedidos por la Corona espa\u00f1ola. Son sus huellas, que aqu\u00ed se estudian como testimonios gr\u00e1ficos que comunicaron en su momento un estado social, una personalidad, una voluntad de diferenciaci\u00f3n. Este libro no responde a un criterio residual, puntual y unidisciplinario. Abarca, en cambio, un ampl\u00edo espectro, que se enriquece simult\u00e1neamente del derecho, la historia, las ciencias historiogr\u00e1ficas, la antropolog\u00eda, la sociolog\u00eda, la literatura y la arqueolog\u00eda para proyectar no solo una idea diferente sobre el entramado social precolombino, sino un punto de partida veraz para entender la mentalidad espa\u00f1ola durante el Descubrimiento y la Conquista de las tierras americanas. Si esa mentalidad ha sido sojuzgada, cuando no malinterpretada, aqu\u00ed prevalece el prop\u00f3sito de ser comprendida.<\/p>","protected":false},"excerpt":{"rendered":"<p>\u00abLas investigaciones sobre el tema nobiliario en los \u00faltimos treinta a\u00f1os se vienen caracterizando por una amplitud metodol\u00f3gica que ha dado lugar a numerosos grupos de investigaci\u00f3n y corrientes historiogr\u00e1ficas, con metodolog\u00edas espec\u00edficas para el an\u00e1lisis de la nobleza de forma transversal y multidisciplinar\u00bb<\/p>\n","protected":false},"author":2,"featured_media":15508,"comment_status":"closed","ping_status":"open","sticky":false,"template":"","format":"standard","meta":{"footnotes":""},"categories":[140,791],"tags":[237,105,252,176,179,137,255],"class_list":["post-15487","post","type-post","status-publish","format-standard","has-post-thumbnail","hentry","category-biblioteca","category-boletin-bibliografico-biblioteca-rmr","tag-bibliografias","tag-biblioteca-general","tag-biblioteca-rmr","tag-boletin-mensual-bibliografico","tag-elites-de-poder","tag-libros","tag-nobleza"],"yoast_head":"<!-- This site is optimized with the Yoast SEO plugin v27.5 - https:\/\/yoast.com\/product\/yoast-seo-wordpress\/ -->\n<title>Biblioteca-RMR: N\u00ba 109. Estudios sobre la nobleza. Algunas propuestas bibliogr\u00e1ficas. Octubre 2022. - Real Maestranza de Caballer\u00eda de Ronda<\/title>\n<meta name=\"robots\" content=\"index, follow, max-snippet:-1, max-image-preview:large, max-video-preview:-1\" \/>\n<link rel=\"canonical\" href=\"https:\/\/www.rmcr.org\/en\/2022\/10\/27\/biblioteca-rmr-no-109-estudios-sobre-la-nobleza-algunas-propuestas-bibliograficas-octubre-2022\/\" \/>\n<meta property=\"og:locale\" content=\"en_US\" \/>\n<meta property=\"og:type\" content=\"article\" \/>\n<meta property=\"og:title\" content=\"Biblioteca-RMR: N\u00ba 109. Estudios sobre la nobleza. Algunas propuestas bibliogr\u00e1ficas. Octubre 2022. - Real Maestranza de Caballer\u00eda de Ronda\" \/>\n<meta property=\"og:description\" content=\"\u00abLas investigaciones sobre el tema nobiliario en los \u00faltimos treinta a\u00f1os se vienen caracterizando por una amplitud metodol\u00f3gica que ha dado lugar a numerosos grupos de investigaci\u00f3n y corrientes historiogr\u00e1ficas, con metodolog\u00edas espec\u00edficas para el an\u00e1lisis de la nobleza de forma transversal y multidisciplinar\u00bb\" \/>\n<meta property=\"og:url\" content=\"https:\/\/www.rmcr.org\/en\/2022\/10\/27\/biblioteca-rmr-no-109-estudios-sobre-la-nobleza-algunas-propuestas-bibliograficas-octubre-2022\/\" \/>\n<meta property=\"og:site_name\" content=\"Real Maestranza de Caballer\u00eda de Ronda\" \/>\n<meta property=\"article:publisher\" content=\"https:\/\/www.facebook.com\/plazadetorosronda\" \/>\n<meta property=\"article:published_time\" content=\"2022-10-27T18:44:04+00:00\" \/>\n<meta property=\"article:modified_time\" content=\"2025-04-02T18:08:12+00:00\" \/>\n<meta property=\"og:image\" content=\"https:\/\/www.rmcr.org\/wp-content\/uploads\/2023\/02\/1026857dest.jpg\" \/>\n\t<meta property=\"og:image:width\" content=\"1200\" \/>\n\t<meta property=\"og:image:height\" content=\"677\" \/>\n\t<meta property=\"og:image:type\" content=\"image\/jpeg\" \/>\n<meta name=\"author\" content=\"BIBLIOTECA\" \/>\n<meta name=\"twitter:card\" content=\"summary_large_image\" \/>\n<meta name=\"twitter:creator\" content=\"@PlazatorosRMR\" \/>\n<meta name=\"twitter:site\" content=\"@PlazatorosRMR\" \/>\n<meta name=\"twitter:label1\" content=\"Written by\" \/>\n\t<meta name=\"twitter:data1\" content=\"BIBLIOTECA\" \/>\n\t<meta name=\"twitter:label2\" content=\"Est. reading time\" \/>\n\t<meta name=\"twitter:data2\" content=\"12 minutes\" \/>\n<script type=\"application\/ld+json\" class=\"yoast-schema-graph\">{\"@context\":\"https:\\\/\\\/schema.org\",\"@graph\":[{\"@type\":\"Article\",\"@id\":\"https:\\\/\\\/www.rmcr.org\\\/en\\\/2022\\\/10\\\/27\\\/biblioteca-rmr-no-109-estudios-sobre-la-nobleza-algunas-propuestas-bibliograficas-octubre-2022\\\/#article\",\"isPartOf\":{\"@id\":\"https:\\\/\\\/www.rmcr.org\\\/en\\\/2022\\\/10\\\/27\\\/biblioteca-rmr-no-109-estudios-sobre-la-nobleza-algunas-propuestas-bibliograficas-octubre-2022\\\/\"},\"author\":{\"name\":\"BIBLIOTECA\",\"@id\":\"https:\\\/\\\/www.rmcr.org\\\/en\\\/#\\\/schema\\\/person\\\/80849edee7ef556893505128619ea1d0\"},\"headline\":\"Biblioteca-RMR: N\u00ba 109. Estudios sobre la nobleza. Algunas propuestas bibliogr\u00e1ficas. Octubre 2022.\",\"datePublished\":\"2022-10-27T18:44:04+00:00\",\"dateModified\":\"2025-04-02T18:08:12+00:00\",\"mainEntityOfPage\":{\"@id\":\"https:\\\/\\\/www.rmcr.org\\\/en\\\/2022\\\/10\\\/27\\\/biblioteca-rmr-no-109-estudios-sobre-la-nobleza-algunas-propuestas-bibliograficas-octubre-2022\\\/\"},\"wordCount\":2478,\"publisher\":{\"@id\":\"https:\\\/\\\/www.rmcr.org\\\/en\\\/#organization\"},\"image\":{\"@id\":\"https:\\\/\\\/www.rmcr.org\\\/en\\\/2022\\\/10\\\/27\\\/biblioteca-rmr-no-109-estudios-sobre-la-nobleza-algunas-propuestas-bibliograficas-octubre-2022\\\/#primaryimage\"},\"thumbnailUrl\":\"https:\\\/\\\/www.rmcr.org\\\/wp-content\\\/uploads\\\/2023\\\/02\\\/1026857dest.jpg\",\"keywords\":[\"Bibliograf\u00edas\",\"Biblioteca\",\"Biblioteca-RMR\",\"Bolet\u00edn mensual bibliogr\u00e1fico\",\"\u00c9lites de poder\",\"Libros\",\"Nobleza\"],\"articleSection\":[\"Biblioteca\",\"Bolet\u00edn bibliogr\u00e1fico Biblioteca-RMR\"],\"inLanguage\":\"en-US\"},{\"@type\":\"WebPage\",\"@id\":\"https:\\\/\\\/www.rmcr.org\\\/en\\\/2022\\\/10\\\/27\\\/biblioteca-rmr-no-109-estudios-sobre-la-nobleza-algunas-propuestas-bibliograficas-octubre-2022\\\/\",\"url\":\"https:\\\/\\\/www.rmcr.org\\\/en\\\/2022\\\/10\\\/27\\\/biblioteca-rmr-no-109-estudios-sobre-la-nobleza-algunas-propuestas-bibliograficas-octubre-2022\\\/\",\"name\":\"Biblioteca-RMR: N\u00ba 109. Estudios sobre la nobleza. Algunas propuestas bibliogr\u00e1ficas. Octubre 2022. - Real Maestranza de Caballer\u00eda de Ronda\",\"isPartOf\":{\"@id\":\"https:\\\/\\\/www.rmcr.org\\\/en\\\/#website\"},\"primaryImageOfPage\":{\"@id\":\"https:\\\/\\\/www.rmcr.org\\\/en\\\/2022\\\/10\\\/27\\\/biblioteca-rmr-no-109-estudios-sobre-la-nobleza-algunas-propuestas-bibliograficas-octubre-2022\\\/#primaryimage\"},\"image\":{\"@id\":\"https:\\\/\\\/www.rmcr.org\\\/en\\\/2022\\\/10\\\/27\\\/biblioteca-rmr-no-109-estudios-sobre-la-nobleza-algunas-propuestas-bibliograficas-octubre-2022\\\/#primaryimage\"},\"thumbnailUrl\":\"https:\\\/\\\/www.rmcr.org\\\/wp-content\\\/uploads\\\/2023\\\/02\\\/1026857dest.jpg\",\"datePublished\":\"2022-10-27T18:44:04+00:00\",\"dateModified\":\"2025-04-02T18:08:12+00:00\",\"breadcrumb\":{\"@id\":\"https:\\\/\\\/www.rmcr.org\\\/en\\\/2022\\\/10\\\/27\\\/biblioteca-rmr-no-109-estudios-sobre-la-nobleza-algunas-propuestas-bibliograficas-octubre-2022\\\/#breadcrumb\"},\"inLanguage\":\"en-US\",\"potentialAction\":[{\"@type\":\"ReadAction\",\"target\":[\"https:\\\/\\\/www.rmcr.org\\\/en\\\/2022\\\/10\\\/27\\\/biblioteca-rmr-no-109-estudios-sobre-la-nobleza-algunas-propuestas-bibliograficas-octubre-2022\\\/\"]}]},{\"@type\":\"ImageObject\",\"inLanguage\":\"en-US\",\"@id\":\"https:\\\/\\\/www.rmcr.org\\\/en\\\/2022\\\/10\\\/27\\\/biblioteca-rmr-no-109-estudios-sobre-la-nobleza-algunas-propuestas-bibliograficas-octubre-2022\\\/#primaryimage\",\"url\":\"https:\\\/\\\/www.rmcr.org\\\/wp-content\\\/uploads\\\/2023\\\/02\\\/1026857dest.jpg\",\"contentUrl\":\"https:\\\/\\\/www.rmcr.org\\\/wp-content\\\/uploads\\\/2023\\\/02\\\/1026857dest.jpg\",\"width\":1200,\"height\":677},{\"@type\":\"BreadcrumbList\",\"@id\":\"https:\\\/\\\/www.rmcr.org\\\/en\\\/2022\\\/10\\\/27\\\/biblioteca-rmr-no-109-estudios-sobre-la-nobleza-algunas-propuestas-bibliograficas-octubre-2022\\\/#breadcrumb\",\"itemListElement\":[{\"@type\":\"ListItem\",\"position\":1,\"name\":\"REAL MAESTRANZA DE CABALLER\u00cdA DE RONDA\",\"item\":\"https:\\\/\\\/www.rmcr.org\\\/en\\\/\"},{\"@type\":\"ListItem\",\"position\":2,\"name\":\"Biblioteca-RMR: N\u00ba 109. Estudios sobre la nobleza. Algunas propuestas bibliogr\u00e1ficas. Octubre 2022.\"}]},{\"@type\":\"WebSite\",\"@id\":\"https:\\\/\\\/www.rmcr.org\\\/en\\\/#website\",\"url\":\"https:\\\/\\\/www.rmcr.org\\\/en\\\/\",\"name\":\"Real Maestranza de Caballer\u00eda de Ronda\",\"description\":\"Real Maestranza de Caballer\u00eda de Ronda\",\"publisher\":{\"@id\":\"https:\\\/\\\/www.rmcr.org\\\/en\\\/#organization\"},\"alternateName\":\"RMCR\",\"potentialAction\":[{\"@type\":\"SearchAction\",\"target\":{\"@type\":\"EntryPoint\",\"urlTemplate\":\"https:\\\/\\\/www.rmcr.org\\\/en\\\/?s={search_term_string}\"},\"query-input\":{\"@type\":\"PropertyValueSpecification\",\"valueRequired\":true,\"valueName\":\"search_term_string\"}}],\"inLanguage\":\"en-US\"},{\"@type\":\"Organization\",\"@id\":\"https:\\\/\\\/www.rmcr.org\\\/en\\\/#organization\",\"name\":\"Real Maestranza de Caballer\u00eda de Ronda\",\"alternateName\":\"RMR\",\"url\":\"https:\\\/\\\/www.rmcr.org\\\/en\\\/\",\"logo\":{\"@type\":\"ImageObject\",\"inLanguage\":\"en-US\",\"@id\":\"https:\\\/\\\/www.rmcr.org\\\/en\\\/#\\\/schema\\\/logo\\\/image\\\/\",\"url\":\"https:\\\/\\\/www.rmcr.org\\\/wp-content\\\/uploads\\\/2022\\\/07\\\/logo-rmr-blue.svg\",\"contentUrl\":\"https:\\\/\\\/www.rmcr.org\\\/wp-content\\\/uploads\\\/2022\\\/07\\\/logo-rmr-blue.svg\",\"width\":131,\"height\":129,\"caption\":\"Real Maestranza de Caballer\u00eda de Ronda\"},\"image\":{\"@id\":\"https:\\\/\\\/www.rmcr.org\\\/en\\\/#\\\/schema\\\/logo\\\/image\\\/\"},\"sameAs\":[\"https:\\\/\\\/www.facebook.com\\\/plazadetorosronda\",\"https:\\\/\\\/x.com\\\/PlazatorosRMR\",\"https:\\\/\\\/www.instagram.com\\\/realmaestranzaderonda\\\/\",\"https:\\\/\\\/www.youtube.com\\\/channel\\\/UCrbO5IUN-8v_QML739vM4zg\\\/videos\"]},{\"@type\":\"Person\",\"@id\":\"https:\\\/\\\/www.rmcr.org\\\/en\\\/#\\\/schema\\\/person\\\/80849edee7ef556893505128619ea1d0\",\"name\":\"BIBLIOTECA\",\"image\":{\"@type\":\"ImageObject\",\"inLanguage\":\"en-US\",\"@id\":\"https:\\\/\\\/www.rmcr.org\\\/wp-content\\\/uploads\\\/2022\\\/11\\\/avatar-rmcr-96x96.png\",\"url\":\"https:\\\/\\\/www.rmcr.org\\\/wp-content\\\/uploads\\\/2022\\\/11\\\/avatar-rmcr-96x96.png\",\"contentUrl\":\"https:\\\/\\\/www.rmcr.org\\\/wp-content\\\/uploads\\\/2022\\\/11\\\/avatar-rmcr-96x96.png\",\"caption\":\"BIBLIOTECA\"},\"url\":\"https:\\\/\\\/www.rmcr.org\\\/en\\\/author\\\/juan-antonio-moreno\\\/\"}]}<\/script>\n<!-- \/ Yoast SEO plugin. -->","yoast_head_json":{"title":"Biblioteca-RMR: N\u00ba 109. Estudios sobre la nobleza. Algunas propuestas bibliogr\u00e1ficas. Octubre 2022. - Real Maestranza de Caballer\u00eda de Ronda","robots":{"index":"index","follow":"follow","max-snippet":"max-snippet:-1","max-image-preview":"max-image-preview:large","max-video-preview":"max-video-preview:-1"},"canonical":"https:\/\/www.rmcr.org\/en\/2022\/10\/27\/biblioteca-rmr-no-109-estudios-sobre-la-nobleza-algunas-propuestas-bibliograficas-octubre-2022\/","og_locale":"en_US","og_type":"article","og_title":"Biblioteca-RMR: N\u00ba 109. Estudios sobre la nobleza. Algunas propuestas bibliogr\u00e1ficas. Octubre 2022. - Real Maestranza de Caballer\u00eda de Ronda","og_description":"\u00abLas investigaciones sobre el tema nobiliario en los \u00faltimos treinta a\u00f1os se vienen caracterizando por una amplitud metodol\u00f3gica que ha dado lugar a numerosos grupos de investigaci\u00f3n y corrientes historiogr\u00e1ficas, con metodolog\u00edas espec\u00edficas para el an\u00e1lisis de la nobleza de forma transversal y multidisciplinar\u00bb","og_url":"https:\/\/www.rmcr.org\/en\/2022\/10\/27\/biblioteca-rmr-no-109-estudios-sobre-la-nobleza-algunas-propuestas-bibliograficas-octubre-2022\/","og_site_name":"Real Maestranza de Caballer\u00eda de Ronda","article_publisher":"https:\/\/www.facebook.com\/plazadetorosronda","article_published_time":"2022-10-27T18:44:04+00:00","article_modified_time":"2025-04-02T18:08:12+00:00","og_image":[{"width":1200,"height":677,"url":"https:\/\/www.rmcr.org\/wp-content\/uploads\/2023\/02\/1026857dest.jpg","type":"image\/jpeg"}],"author":"BIBLIOTECA","twitter_card":"summary_large_image","twitter_creator":"@PlazatorosRMR","twitter_site":"@PlazatorosRMR","twitter_misc":{"Written by":"BIBLIOTECA","Est. reading time":"12 minutes"},"schema":{"@context":"https:\/\/schema.org","@graph":[{"@type":"Article","@id":"https:\/\/www.rmcr.org\/en\/2022\/10\/27\/biblioteca-rmr-no-109-estudios-sobre-la-nobleza-algunas-propuestas-bibliograficas-octubre-2022\/#article","isPartOf":{"@id":"https:\/\/www.rmcr.org\/en\/2022\/10\/27\/biblioteca-rmr-no-109-estudios-sobre-la-nobleza-algunas-propuestas-bibliograficas-octubre-2022\/"},"author":{"name":"BIBLIOTECA","@id":"https:\/\/www.rmcr.org\/en\/#\/schema\/person\/80849edee7ef556893505128619ea1d0"},"headline":"Biblioteca-RMR: N\u00ba 109. Estudios sobre la nobleza. Algunas propuestas bibliogr\u00e1ficas. Octubre 2022.","datePublished":"2022-10-27T18:44:04+00:00","dateModified":"2025-04-02T18:08:12+00:00","mainEntityOfPage":{"@id":"https:\/\/www.rmcr.org\/en\/2022\/10\/27\/biblioteca-rmr-no-109-estudios-sobre-la-nobleza-algunas-propuestas-bibliograficas-octubre-2022\/"},"wordCount":2478,"publisher":{"@id":"https:\/\/www.rmcr.org\/en\/#organization"},"image":{"@id":"https:\/\/www.rmcr.org\/en\/2022\/10\/27\/biblioteca-rmr-no-109-estudios-sobre-la-nobleza-algunas-propuestas-bibliograficas-octubre-2022\/#primaryimage"},"thumbnailUrl":"https:\/\/www.rmcr.org\/wp-content\/uploads\/2023\/02\/1026857dest.jpg","keywords":["Bibliograf\u00edas","Biblioteca","Biblioteca-RMR","Bolet\u00edn mensual bibliogr\u00e1fico","\u00c9lites de poder","Libros","Nobleza"],"articleSection":["Biblioteca","Bolet\u00edn bibliogr\u00e1fico Biblioteca-RMR"],"inLanguage":"en-US"},{"@type":"WebPage","@id":"https:\/\/www.rmcr.org\/en\/2022\/10\/27\/biblioteca-rmr-no-109-estudios-sobre-la-nobleza-algunas-propuestas-bibliograficas-octubre-2022\/","url":"https:\/\/www.rmcr.org\/en\/2022\/10\/27\/biblioteca-rmr-no-109-estudios-sobre-la-nobleza-algunas-propuestas-bibliograficas-octubre-2022\/","name":"Biblioteca-RMR: N\u00ba 109. Estudios sobre la nobleza. Algunas propuestas bibliogr\u00e1ficas. Octubre 2022. - Real Maestranza de Caballer\u00eda de Ronda","isPartOf":{"@id":"https:\/\/www.rmcr.org\/en\/#website"},"primaryImageOfPage":{"@id":"https:\/\/www.rmcr.org\/en\/2022\/10\/27\/biblioteca-rmr-no-109-estudios-sobre-la-nobleza-algunas-propuestas-bibliograficas-octubre-2022\/#primaryimage"},"image":{"@id":"https:\/\/www.rmcr.org\/en\/2022\/10\/27\/biblioteca-rmr-no-109-estudios-sobre-la-nobleza-algunas-propuestas-bibliograficas-octubre-2022\/#primaryimage"},"thumbnailUrl":"https:\/\/www.rmcr.org\/wp-content\/uploads\/2023\/02\/1026857dest.jpg","datePublished":"2022-10-27T18:44:04+00:00","dateModified":"2025-04-02T18:08:12+00:00","breadcrumb":{"@id":"https:\/\/www.rmcr.org\/en\/2022\/10\/27\/biblioteca-rmr-no-109-estudios-sobre-la-nobleza-algunas-propuestas-bibliograficas-octubre-2022\/#breadcrumb"},"inLanguage":"en-US","potentialAction":[{"@type":"ReadAction","target":["https:\/\/www.rmcr.org\/en\/2022\/10\/27\/biblioteca-rmr-no-109-estudios-sobre-la-nobleza-algunas-propuestas-bibliograficas-octubre-2022\/"]}]},{"@type":"ImageObject","inLanguage":"en-US","@id":"https:\/\/www.rmcr.org\/en\/2022\/10\/27\/biblioteca-rmr-no-109-estudios-sobre-la-nobleza-algunas-propuestas-bibliograficas-octubre-2022\/#primaryimage","url":"https:\/\/www.rmcr.org\/wp-content\/uploads\/2023\/02\/1026857dest.jpg","contentUrl":"https:\/\/www.rmcr.org\/wp-content\/uploads\/2023\/02\/1026857dest.jpg","width":1200,"height":677},{"@type":"BreadcrumbList","@id":"https:\/\/www.rmcr.org\/en\/2022\/10\/27\/biblioteca-rmr-no-109-estudios-sobre-la-nobleza-algunas-propuestas-bibliograficas-octubre-2022\/#breadcrumb","itemListElement":[{"@type":"ListItem","position":1,"name":"REAL MAESTRANZA DE CABALLER\u00cdA DE RONDA","item":"https:\/\/www.rmcr.org\/en\/"},{"@type":"ListItem","position":2,"name":"Biblioteca-RMR: N\u00ba 109. Estudios sobre la nobleza. Algunas propuestas bibliogr\u00e1ficas. Octubre 2022."}]},{"@type":"WebSite","@id":"https:\/\/www.rmcr.org\/en\/#website","url":"https:\/\/www.rmcr.org\/en\/","name":"Real Maestranza de Caballer\u00eda de Ronda","description":"Real Maestranza de Caballer\u00eda de Ronda","publisher":{"@id":"https:\/\/www.rmcr.org\/en\/#organization"},"alternateName":"RMCR","potentialAction":[{"@type":"SearchAction","target":{"@type":"EntryPoint","urlTemplate":"https:\/\/www.rmcr.org\/en\/?s={search_term_string}"},"query-input":{"@type":"PropertyValueSpecification","valueRequired":true,"valueName":"search_term_string"}}],"inLanguage":"en-US"},{"@type":"Organization","@id":"https:\/\/www.rmcr.org\/en\/#organization","name":"Real Maestranza de Caballer\u00eda de Ronda","alternateName":"RMR","url":"https:\/\/www.rmcr.org\/en\/","logo":{"@type":"ImageObject","inLanguage":"en-US","@id":"https:\/\/www.rmcr.org\/en\/#\/schema\/logo\/image\/","url":"https:\/\/www.rmcr.org\/wp-content\/uploads\/2022\/07\/logo-rmr-blue.svg","contentUrl":"https:\/\/www.rmcr.org\/wp-content\/uploads\/2022\/07\/logo-rmr-blue.svg","width":131,"height":129,"caption":"Real Maestranza de Caballer\u00eda de Ronda"},"image":{"@id":"https:\/\/www.rmcr.org\/en\/#\/schema\/logo\/image\/"},"sameAs":["https:\/\/www.facebook.com\/plazadetorosronda","https:\/\/x.com\/PlazatorosRMR","https:\/\/www.instagram.com\/realmaestranzaderonda\/","https:\/\/www.youtube.com\/channel\/UCrbO5IUN-8v_QML739vM4zg\/videos"]},{"@type":"Person","@id":"https:\/\/www.rmcr.org\/en\/#\/schema\/person\/80849edee7ef556893505128619ea1d0","name":"BIBLIOTECA","image":{"@type":"ImageObject","inLanguage":"en-US","@id":"https:\/\/www.rmcr.org\/wp-content\/uploads\/2022\/11\/avatar-rmcr-96x96.png","url":"https:\/\/www.rmcr.org\/wp-content\/uploads\/2022\/11\/avatar-rmcr-96x96.png","contentUrl":"https:\/\/www.rmcr.org\/wp-content\/uploads\/2022\/11\/avatar-rmcr-96x96.png","caption":"BIBLIOTECA"},"url":"https:\/\/www.rmcr.org\/en\/author\/juan-antonio-moreno\/"}]}},"_links":{"self":[{"href":"https:\/\/www.rmcr.org\/en\/wp-json\/wp\/v2\/posts\/15487","targetHints":{"allow":["GET"]}}],"collection":[{"href":"https:\/\/www.rmcr.org\/en\/wp-json\/wp\/v2\/posts"}],"about":[{"href":"https:\/\/www.rmcr.org\/en\/wp-json\/wp\/v2\/types\/post"}],"author":[{"embeddable":true,"href":"https:\/\/www.rmcr.org\/en\/wp-json\/wp\/v2\/users\/2"}],"replies":[{"embeddable":true,"href":"https:\/\/www.rmcr.org\/en\/wp-json\/wp\/v2\/comments?post=15487"}],"version-history":[{"count":9,"href":"https:\/\/www.rmcr.org\/en\/wp-json\/wp\/v2\/posts\/15487\/revisions"}],"predecessor-version":[{"id":15621,"href":"https:\/\/www.rmcr.org\/en\/wp-json\/wp\/v2\/posts\/15487\/revisions\/15621"}],"wp:featuredmedia":[{"embeddable":true,"href":"https:\/\/www.rmcr.org\/en\/wp-json\/wp\/v2\/media\/15508"}],"wp:attachment":[{"href":"https:\/\/www.rmcr.org\/en\/wp-json\/wp\/v2\/media?parent=15487"}],"wp:term":[{"taxonomy":"category","embeddable":true,"href":"https:\/\/www.rmcr.org\/en\/wp-json\/wp\/v2\/categories?post=15487"},{"taxonomy":"post_tag","embeddable":true,"href":"https:\/\/www.rmcr.org\/en\/wp-json\/wp\/v2\/tags?post=15487"}],"curies":[{"name":"wp","href":"https:\/\/api.w.org\/{rel}","templated":true}]}}