{"id":15,"date":"2013-05-01T19:28:48","date_gmt":"2013-05-01T19:28:48","guid":{"rendered":"https:\/\/www.rmcr.org\/?p=15"},"modified":"2022-10-11T12:03:38","modified_gmt":"2022-10-11T12:03:38","slug":"en-ronda-cartas-y-poemas-rmr-publica-con-la-editorial-pre-textos-el-libro-basado-en-cartas-y-poemas-de-rainer-maria-rilke","status":"publish","type":"post","link":"https:\/\/www.rmcr.org\/en\/2013\/05\/01\/en-ronda-cartas-y-poemas-rmr-publica-con-la-editorial-pre-textos-el-libro-basado-en-cartas-y-poemas-de-rainer-maria-rilke\/","title":{"rendered":"\u201cEn Ronda. Cartas y poemas\u201d. RMR publica con la Editorial Pre-Textos el libro basado en cartas y poemas de Rainer Maria Rilke"},"content":{"rendered":"<p style=\"text-align:justify;\">\u201cEn Ronda. Cartas y poemas\u201d. La Real Maestranza de Caballer\u00eda de Ronda publica en coedici\u00f3n con la Editorial Pre-Textos el libro basado en cartas y poemas de Rainer Maria Rilke escritos durante su estancia en Ronda.&nbsp;La obra cuenta con un estudio introductorio de Anthony Stephens.<\/p>\n<p style=\"text-align:justify;\">Cuando Rilke emprendi\u00f3 su viaje por Espa\u00f1a, no hab\u00eda o\u00eddo hablar de Ronda, donde lleg\u00f3 casi por casualidad. Se sinti\u00f3 abrumado por la majestuosidad del paisaje y decidi\u00f3 quedarse por un tiempo; al final, estuvo all\u00ed desde diciembre de 1912 hasta febrero de 1913. Aprovech\u00f3 el anonimato &#8211;un turista extranjero en un hotel pr\u00e1cticamente vac\u00edo&#8211; para realizar un ejercicio de introspecci\u00f3n y plantearse intensamente la direcci\u00f3n que habr\u00eda de tomar su obra, y tuvo un brote de creatividad, al contrario de lo que le hab\u00eda sucedido en Toledo.<\/p>\n<p style=\"text-align:justify;\">Desde Ronda consigui\u00f3 un nuevo estudio en Par\u00eds y parti\u00f3 en febrero para enfrentarse una vez m\u00e1s a la dura prueba que esta ciudad representaba para \u00e9l desde que, en 1902, la visitara por primera vez. Ronda, por lo tanto, podr\u00eda considerarse un lugar de descanso, un periodo de tregua en el peregrinaje &#8211;a menudo atormentado&#8211; de Rilke por los pa\u00edses de Europa, y una \u00edntima experiencia de un paisaje cuyas caracter\u00edsticas numinosas tuvieron una profunda resonancia en su interior.<\/p>\n<p><a href=\"https:\/\/www.rmcr.org\/wp-content\/uploads\/2013\/05\/3.jpg\"><img fetchpriority=\"high\" decoding=\"async\" class=\"alignleft\" style=\"border:1px solid black;margin:5px;\" src=\"https:\/\/www.rmcr.org\/wp-content\/uploads\/2013\/05\/3.jpg?w=250\" alt=\"3\" width=\"250\" height=\"300\"><\/a>Ficha t\u00e9cnica<br \/>\nT\u00edtulo: &nbsp;&nbsp; &nbsp;&nbsp;&nbsp; &nbsp;En Ronda. Cartas y poemas<br \/>\nAutor: &nbsp;&nbsp; &nbsp;&nbsp;&nbsp; &nbsp;&nbsp;&nbsp; &nbsp;Rainer Maria Rilke<br \/>\nIntroducci\u00f3n: &nbsp;&nbsp; &nbsp;Anthony Stephens<br \/>\nEdici\u00f3n: &nbsp;&nbsp; &nbsp;&nbsp;&nbsp; &nbsp;Real Maestranza Caballer\u00eda de Ronda y<br \/>\nEditorial Pre-Textos<br \/>\nFecha: &nbsp;&nbsp; &nbsp;&nbsp;&nbsp; &nbsp;Diciembre 2012<br \/>\nColecci\u00f3n: &nbsp;&nbsp; &nbsp;&nbsp;&nbsp; &nbsp;Textos y pretextos<br \/>\nISBN: &nbsp;&nbsp; &nbsp;&nbsp;&nbsp; &nbsp;&nbsp;&nbsp; &nbsp;978-84-15576-28-0<br \/>\nP\u00e1ginas: &nbsp;&nbsp; &nbsp;&nbsp;&nbsp; &nbsp;88<br \/>\nTama\u00f1o: &nbsp;&nbsp; &nbsp;&nbsp;&nbsp; &nbsp;22 cm<br \/>\nPrecio: &nbsp;&nbsp; &nbsp;&nbsp;&nbsp; &nbsp;12 euros<\/p>\n","protected":false},"excerpt":{"rendered":"<p>\u201cEn Ronda. Cartas y poemas\u201d. La Real Maestranza de Caballer\u00eda de Ronda publica en coedici\u00f3n con la Editorial Pre-Textos el libro basado en cartas y poemas de Rainer Maria Rilke escritos durante su estancia en Ronda.&nbsp;La obra cuenta con un estudio introductorio de Anthony Stephens. Cuando Rilke emprendi\u00f3 su viaje por Espa\u00f1a, no hab\u00eda o\u00eddo [&hellip;]<\/p>\n","protected":false},"author":7,"featured_media":7654,"comment_status":"closed","ping_status":"open","sticky":false,"template":"","format":"standard","meta":{"footnotes":""},"categories":[138],"tags":[105,136,137,139],"class_list":["post-15","post","type-post","status-publish","format-standard","has-post-thumbnail","hentry","category-publicaciones","tag-biblioteca-general","tag-editorial-pre-textos","tag-libros","tag-rilke"],"yoast_head":"<!-- This site is optimized with the Yoast SEO plugin v27.5 - https:\/\/yoast.com\/product\/yoast-seo-wordpress\/ -->\n<title>\u201cEn Ronda. Cartas y poemas\u201d. RMR publica con la Editorial Pre-Textos el libro basado en cartas y poemas de Rainer Maria Rilke - Real Maestranza de Caballer\u00eda de Ronda<\/title>\n<meta name=\"robots\" content=\"index, follow, max-snippet:-1, max-image-preview:large, max-video-preview:-1\" \/>\n<link rel=\"canonical\" href=\"https:\/\/www.rmcr.org\/en\/2013\/05\/01\/en-ronda-cartas-y-poemas-rmr-publica-con-la-editorial-pre-textos-el-libro-basado-en-cartas-y-poemas-de-rainer-maria-rilke\/\" \/>\n<meta property=\"og:locale\" content=\"en_US\" \/>\n<meta property=\"og:type\" content=\"article\" \/>\n<meta property=\"og:title\" content=\"\u201cEn Ronda. Cartas y poemas\u201d. RMR publica con la Editorial Pre-Textos el libro basado en cartas y poemas de Rainer Maria Rilke - Real Maestranza de Caballer\u00eda de Ronda\" \/>\n<meta property=\"og:description\" content=\"\u201cEn Ronda. Cartas y poemas\u201d. La Real Maestranza de Caballer\u00eda de Ronda publica en coedici\u00f3n con la Editorial Pre-Textos el libro basado en cartas y poemas de Rainer Maria Rilke escritos durante su estancia en Ronda.&nbsp;La obra cuenta con un estudio introductorio de Anthony Stephens. Cuando Rilke emprendi\u00f3 su viaje por Espa\u00f1a, no hab\u00eda o\u00eddo [&hellip;]\" \/>\n<meta property=\"og:url\" content=\"https:\/\/www.rmcr.org\/en\/2013\/05\/01\/en-ronda-cartas-y-poemas-rmr-publica-con-la-editorial-pre-textos-el-libro-basado-en-cartas-y-poemas-de-rainer-maria-rilke\/\" \/>\n<meta property=\"og:site_name\" content=\"Real Maestranza de Caballer\u00eda de Ronda\" \/>\n<meta property=\"article:publisher\" content=\"https:\/\/www.facebook.com\/plazadetorosronda\" \/>\n<meta property=\"article:published_time\" content=\"2013-05-01T19:28:48+00:00\" \/>\n<meta property=\"article:modified_time\" content=\"2022-10-11T12:03:38+00:00\" \/>\n<meta property=\"og:image\" content=\"https:\/\/www.rmcr.org\/wp-content\/uploads\/2014\/02\/rilk.jpg\" \/>\n\t<meta property=\"og:image:width\" content=\"469\" \/>\n\t<meta property=\"og:image:height\" content=\"139\" \/>\n\t<meta property=\"og:image:type\" content=\"image\/jpeg\" \/>\n<meta name=\"author\" content=\"RMCR\" \/>\n<meta name=\"twitter:card\" content=\"summary_large_image\" \/>\n<meta name=\"twitter:creator\" content=\"@PlazatorosRMR\" \/>\n<meta name=\"twitter:site\" content=\"@PlazatorosRMR\" \/>\n<meta name=\"twitter:label1\" content=\"Written by\" \/>\n\t<meta name=\"twitter:data1\" content=\"RMCR\" \/>\n\t<meta name=\"twitter:label2\" content=\"Est. reading time\" \/>\n\t<meta name=\"twitter:data2\" content=\"2 minutes\" \/>\n<script type=\"application\/ld+json\" class=\"yoast-schema-graph\">{\"@context\":\"https:\\\/\\\/schema.org\",\"@graph\":[{\"@type\":\"Article\",\"@id\":\"https:\\\/\\\/www.rmcr.org\\\/en\\\/2013\\\/05\\\/01\\\/en-ronda-cartas-y-poemas-rmr-publica-con-la-editorial-pre-textos-el-libro-basado-en-cartas-y-poemas-de-rainer-maria-rilke\\\/#article\",\"isPartOf\":{\"@id\":\"https:\\\/\\\/www.rmcr.org\\\/en\\\/2013\\\/05\\\/01\\\/en-ronda-cartas-y-poemas-rmr-publica-con-la-editorial-pre-textos-el-libro-basado-en-cartas-y-poemas-de-rainer-maria-rilke\\\/\"},\"author\":{\"name\":\"RMCR\",\"@id\":\"https:\\\/\\\/www.rmcr.org\\\/en\\\/#\\\/schema\\\/person\\\/7ddd0dafda7edd0e407157f93a56df4f\"},\"headline\":\"\u201cEn Ronda. Cartas y poemas\u201d. RMR publica con la Editorial Pre-Textos el libro basado en cartas y poemas de Rainer Maria Rilke\",\"datePublished\":\"2013-05-01T19:28:48+00:00\",\"dateModified\":\"2022-10-11T12:03:38+00:00\",\"mainEntityOfPage\":{\"@id\":\"https:\\\/\\\/www.rmcr.org\\\/en\\\/2013\\\/05\\\/01\\\/en-ronda-cartas-y-poemas-rmr-publica-con-la-editorial-pre-textos-el-libro-basado-en-cartas-y-poemas-de-rainer-maria-rilke\\\/\"},\"wordCount\":361,\"publisher\":{\"@id\":\"https:\\\/\\\/www.rmcr.org\\\/en\\\/#organization\"},\"image\":{\"@id\":\"https:\\\/\\\/www.rmcr.org\\\/en\\\/2013\\\/05\\\/01\\\/en-ronda-cartas-y-poemas-rmr-publica-con-la-editorial-pre-textos-el-libro-basado-en-cartas-y-poemas-de-rainer-maria-rilke\\\/#primaryimage\"},\"thumbnailUrl\":\"https:\\\/\\\/www.rmcr.org\\\/wp-content\\\/uploads\\\/2014\\\/02\\\/rilk.jpg\",\"keywords\":[\"Biblioteca\",\"Editorial Pre-Textos\",\"Libros\",\"Rilke\"],\"articleSection\":[\"Publicaciones\"],\"inLanguage\":\"en-US\"},{\"@type\":\"WebPage\",\"@id\":\"https:\\\/\\\/www.rmcr.org\\\/en\\\/2013\\\/05\\\/01\\\/en-ronda-cartas-y-poemas-rmr-publica-con-la-editorial-pre-textos-el-libro-basado-en-cartas-y-poemas-de-rainer-maria-rilke\\\/\",\"url\":\"https:\\\/\\\/www.rmcr.org\\\/en\\\/2013\\\/05\\\/01\\\/en-ronda-cartas-y-poemas-rmr-publica-con-la-editorial-pre-textos-el-libro-basado-en-cartas-y-poemas-de-rainer-maria-rilke\\\/\",\"name\":\"\u201cEn Ronda. Cartas y poemas\u201d. RMR publica con la Editorial Pre-Textos el libro basado en cartas y poemas de Rainer Maria Rilke - Real Maestranza de Caballer\u00eda de Ronda\",\"isPartOf\":{\"@id\":\"https:\\\/\\\/www.rmcr.org\\\/en\\\/#website\"},\"primaryImageOfPage\":{\"@id\":\"https:\\\/\\\/www.rmcr.org\\\/en\\\/2013\\\/05\\\/01\\\/en-ronda-cartas-y-poemas-rmr-publica-con-la-editorial-pre-textos-el-libro-basado-en-cartas-y-poemas-de-rainer-maria-rilke\\\/#primaryimage\"},\"image\":{\"@id\":\"https:\\\/\\\/www.rmcr.org\\\/en\\\/2013\\\/05\\\/01\\\/en-ronda-cartas-y-poemas-rmr-publica-con-la-editorial-pre-textos-el-libro-basado-en-cartas-y-poemas-de-rainer-maria-rilke\\\/#primaryimage\"},\"thumbnailUrl\":\"https:\\\/\\\/www.rmcr.org\\\/wp-content\\\/uploads\\\/2014\\\/02\\\/rilk.jpg\",\"datePublished\":\"2013-05-01T19:28:48+00:00\",\"dateModified\":\"2022-10-11T12:03:38+00:00\",\"breadcrumb\":{\"@id\":\"https:\\\/\\\/www.rmcr.org\\\/en\\\/2013\\\/05\\\/01\\\/en-ronda-cartas-y-poemas-rmr-publica-con-la-editorial-pre-textos-el-libro-basado-en-cartas-y-poemas-de-rainer-maria-rilke\\\/#breadcrumb\"},\"inLanguage\":\"en-US\",\"potentialAction\":[{\"@type\":\"ReadAction\",\"target\":[\"https:\\\/\\\/www.rmcr.org\\\/en\\\/2013\\\/05\\\/01\\\/en-ronda-cartas-y-poemas-rmr-publica-con-la-editorial-pre-textos-el-libro-basado-en-cartas-y-poemas-de-rainer-maria-rilke\\\/\"]}]},{\"@type\":\"ImageObject\",\"inLanguage\":\"en-US\",\"@id\":\"https:\\\/\\\/www.rmcr.org\\\/en\\\/2013\\\/05\\\/01\\\/en-ronda-cartas-y-poemas-rmr-publica-con-la-editorial-pre-textos-el-libro-basado-en-cartas-y-poemas-de-rainer-maria-rilke\\\/#primaryimage\",\"url\":\"https:\\\/\\\/www.rmcr.org\\\/wp-content\\\/uploads\\\/2014\\\/02\\\/rilk.jpg\",\"contentUrl\":\"https:\\\/\\\/www.rmcr.org\\\/wp-content\\\/uploads\\\/2014\\\/02\\\/rilk.jpg\",\"width\":469,\"height\":139},{\"@type\":\"BreadcrumbList\",\"@id\":\"https:\\\/\\\/www.rmcr.org\\\/en\\\/2013\\\/05\\\/01\\\/en-ronda-cartas-y-poemas-rmr-publica-con-la-editorial-pre-textos-el-libro-basado-en-cartas-y-poemas-de-rainer-maria-rilke\\\/#breadcrumb\",\"itemListElement\":[{\"@type\":\"ListItem\",\"position\":1,\"name\":\"REAL MAESTRANZA DE CABALLER\u00cdA DE RONDA\",\"item\":\"https:\\\/\\\/www.rmcr.org\\\/en\\\/\"},{\"@type\":\"ListItem\",\"position\":2,\"name\":\"\u201cEn Ronda. Cartas y poemas\u201d. RMR publica con la Editorial Pre-Textos el libro basado en cartas y poemas de Rainer Maria Rilke\"}]},{\"@type\":\"WebSite\",\"@id\":\"https:\\\/\\\/www.rmcr.org\\\/en\\\/#website\",\"url\":\"https:\\\/\\\/www.rmcr.org\\\/en\\\/\",\"name\":\"Real Maestranza de Caballer\u00eda de Ronda\",\"description\":\"Real Maestranza de Caballer\u00eda de Ronda\",\"publisher\":{\"@id\":\"https:\\\/\\\/www.rmcr.org\\\/en\\\/#organization\"},\"alternateName\":\"RMCR\",\"potentialAction\":[{\"@type\":\"SearchAction\",\"target\":{\"@type\":\"EntryPoint\",\"urlTemplate\":\"https:\\\/\\\/www.rmcr.org\\\/en\\\/?s={search_term_string}\"},\"query-input\":{\"@type\":\"PropertyValueSpecification\",\"valueRequired\":true,\"valueName\":\"search_term_string\"}}],\"inLanguage\":\"en-US\"},{\"@type\":\"Organization\",\"@id\":\"https:\\\/\\\/www.rmcr.org\\\/en\\\/#organization\",\"name\":\"Real Maestranza de Caballer\u00eda de Ronda\",\"alternateName\":\"RMR\",\"url\":\"https:\\\/\\\/www.rmcr.org\\\/en\\\/\",\"logo\":{\"@type\":\"ImageObject\",\"inLanguage\":\"en-US\",\"@id\":\"https:\\\/\\\/www.rmcr.org\\\/en\\\/#\\\/schema\\\/logo\\\/image\\\/\",\"url\":\"https:\\\/\\\/www.rmcr.org\\\/wp-content\\\/uploads\\\/2022\\\/07\\\/logo-rmr-blue.svg\",\"contentUrl\":\"https:\\\/\\\/www.rmcr.org\\\/wp-content\\\/uploads\\\/2022\\\/07\\\/logo-rmr-blue.svg\",\"width\":131,\"height\":129,\"caption\":\"Real Maestranza de Caballer\u00eda de Ronda\"},\"image\":{\"@id\":\"https:\\\/\\\/www.rmcr.org\\\/en\\\/#\\\/schema\\\/logo\\\/image\\\/\"},\"sameAs\":[\"https:\\\/\\\/www.facebook.com\\\/plazadetorosronda\",\"https:\\\/\\\/x.com\\\/PlazatorosRMR\",\"https:\\\/\\\/www.instagram.com\\\/realmaestranzaderonda\\\/\",\"https:\\\/\\\/www.youtube.com\\\/channel\\\/UCrbO5IUN-8v_QML739vM4zg\\\/videos\"]},{\"@type\":\"Person\",\"@id\":\"https:\\\/\\\/www.rmcr.org\\\/en\\\/#\\\/schema\\\/person\\\/7ddd0dafda7edd0e407157f93a56df4f\",\"name\":\"RMCR\",\"image\":{\"@type\":\"ImageObject\",\"inLanguage\":\"en-US\",\"@id\":\"https:\\\/\\\/secure.gravatar.com\\\/avatar\\\/adb75798b50800c24baa6a8706037b9469998c49eddeb95935f50f633cff80bb?s=96&d=mm&r=g\",\"url\":\"https:\\\/\\\/secure.gravatar.com\\\/avatar\\\/adb75798b50800c24baa6a8706037b9469998c49eddeb95935f50f633cff80bb?s=96&d=mm&r=g\",\"contentUrl\":\"https:\\\/\\\/secure.gravatar.com\\\/avatar\\\/adb75798b50800c24baa6a8706037b9469998c49eddeb95935f50f633cff80bb?s=96&d=mm&r=g\",\"caption\":\"RMCR\"},\"url\":\"https:\\\/\\\/www.rmcr.org\\\/en\\\/author\\\/bitniks77\\\/\"}]}<\/script>\n<!-- \/ Yoast SEO plugin. -->","yoast_head_json":{"title":"\u201cEn Ronda. Cartas y poemas\u201d. RMR publica con la Editorial Pre-Textos el libro basado en cartas y poemas de Rainer Maria Rilke - Real Maestranza de Caballer\u00eda de Ronda","robots":{"index":"index","follow":"follow","max-snippet":"max-snippet:-1","max-image-preview":"max-image-preview:large","max-video-preview":"max-video-preview:-1"},"canonical":"https:\/\/www.rmcr.org\/en\/2013\/05\/01\/en-ronda-cartas-y-poemas-rmr-publica-con-la-editorial-pre-textos-el-libro-basado-en-cartas-y-poemas-de-rainer-maria-rilke\/","og_locale":"en_US","og_type":"article","og_title":"\u201cEn Ronda. Cartas y poemas\u201d. RMR publica con la Editorial Pre-Textos el libro basado en cartas y poemas de Rainer Maria Rilke - Real Maestranza de Caballer\u00eda de Ronda","og_description":"\u201cEn Ronda. Cartas y poemas\u201d. La Real Maestranza de Caballer\u00eda de Ronda publica en coedici\u00f3n con la Editorial Pre-Textos el libro basado en cartas y poemas de Rainer Maria Rilke escritos durante su estancia en Ronda.&nbsp;La obra cuenta con un estudio introductorio de Anthony Stephens. Cuando Rilke emprendi\u00f3 su viaje por Espa\u00f1a, no hab\u00eda o\u00eddo [&hellip;]","og_url":"https:\/\/www.rmcr.org\/en\/2013\/05\/01\/en-ronda-cartas-y-poemas-rmr-publica-con-la-editorial-pre-textos-el-libro-basado-en-cartas-y-poemas-de-rainer-maria-rilke\/","og_site_name":"Real Maestranza de Caballer\u00eda de Ronda","article_publisher":"https:\/\/www.facebook.com\/plazadetorosronda","article_published_time":"2013-05-01T19:28:48+00:00","article_modified_time":"2022-10-11T12:03:38+00:00","og_image":[{"width":469,"height":139,"url":"https:\/\/www.rmcr.org\/wp-content\/uploads\/2014\/02\/rilk.jpg","type":"image\/jpeg"}],"author":"RMCR","twitter_card":"summary_large_image","twitter_creator":"@PlazatorosRMR","twitter_site":"@PlazatorosRMR","twitter_misc":{"Written by":"RMCR","Est. reading time":"2 minutes"},"schema":{"@context":"https:\/\/schema.org","@graph":[{"@type":"Article","@id":"https:\/\/www.rmcr.org\/en\/2013\/05\/01\/en-ronda-cartas-y-poemas-rmr-publica-con-la-editorial-pre-textos-el-libro-basado-en-cartas-y-poemas-de-rainer-maria-rilke\/#article","isPartOf":{"@id":"https:\/\/www.rmcr.org\/en\/2013\/05\/01\/en-ronda-cartas-y-poemas-rmr-publica-con-la-editorial-pre-textos-el-libro-basado-en-cartas-y-poemas-de-rainer-maria-rilke\/"},"author":{"name":"RMCR","@id":"https:\/\/www.rmcr.org\/en\/#\/schema\/person\/7ddd0dafda7edd0e407157f93a56df4f"},"headline":"\u201cEn Ronda. Cartas y poemas\u201d. RMR publica con la Editorial Pre-Textos el libro basado en cartas y poemas de Rainer Maria Rilke","datePublished":"2013-05-01T19:28:48+00:00","dateModified":"2022-10-11T12:03:38+00:00","mainEntityOfPage":{"@id":"https:\/\/www.rmcr.org\/en\/2013\/05\/01\/en-ronda-cartas-y-poemas-rmr-publica-con-la-editorial-pre-textos-el-libro-basado-en-cartas-y-poemas-de-rainer-maria-rilke\/"},"wordCount":361,"publisher":{"@id":"https:\/\/www.rmcr.org\/en\/#organization"},"image":{"@id":"https:\/\/www.rmcr.org\/en\/2013\/05\/01\/en-ronda-cartas-y-poemas-rmr-publica-con-la-editorial-pre-textos-el-libro-basado-en-cartas-y-poemas-de-rainer-maria-rilke\/#primaryimage"},"thumbnailUrl":"https:\/\/www.rmcr.org\/wp-content\/uploads\/2014\/02\/rilk.jpg","keywords":["Biblioteca","Editorial Pre-Textos","Libros","Rilke"],"articleSection":["Publicaciones"],"inLanguage":"en-US"},{"@type":"WebPage","@id":"https:\/\/www.rmcr.org\/en\/2013\/05\/01\/en-ronda-cartas-y-poemas-rmr-publica-con-la-editorial-pre-textos-el-libro-basado-en-cartas-y-poemas-de-rainer-maria-rilke\/","url":"https:\/\/www.rmcr.org\/en\/2013\/05\/01\/en-ronda-cartas-y-poemas-rmr-publica-con-la-editorial-pre-textos-el-libro-basado-en-cartas-y-poemas-de-rainer-maria-rilke\/","name":"\u201cEn Ronda. Cartas y poemas\u201d. RMR publica con la Editorial Pre-Textos el libro basado en cartas y poemas de Rainer Maria Rilke - Real Maestranza de Caballer\u00eda de Ronda","isPartOf":{"@id":"https:\/\/www.rmcr.org\/en\/#website"},"primaryImageOfPage":{"@id":"https:\/\/www.rmcr.org\/en\/2013\/05\/01\/en-ronda-cartas-y-poemas-rmr-publica-con-la-editorial-pre-textos-el-libro-basado-en-cartas-y-poemas-de-rainer-maria-rilke\/#primaryimage"},"image":{"@id":"https:\/\/www.rmcr.org\/en\/2013\/05\/01\/en-ronda-cartas-y-poemas-rmr-publica-con-la-editorial-pre-textos-el-libro-basado-en-cartas-y-poemas-de-rainer-maria-rilke\/#primaryimage"},"thumbnailUrl":"https:\/\/www.rmcr.org\/wp-content\/uploads\/2014\/02\/rilk.jpg","datePublished":"2013-05-01T19:28:48+00:00","dateModified":"2022-10-11T12:03:38+00:00","breadcrumb":{"@id":"https:\/\/www.rmcr.org\/en\/2013\/05\/01\/en-ronda-cartas-y-poemas-rmr-publica-con-la-editorial-pre-textos-el-libro-basado-en-cartas-y-poemas-de-rainer-maria-rilke\/#breadcrumb"},"inLanguage":"en-US","potentialAction":[{"@type":"ReadAction","target":["https:\/\/www.rmcr.org\/en\/2013\/05\/01\/en-ronda-cartas-y-poemas-rmr-publica-con-la-editorial-pre-textos-el-libro-basado-en-cartas-y-poemas-de-rainer-maria-rilke\/"]}]},{"@type":"ImageObject","inLanguage":"en-US","@id":"https:\/\/www.rmcr.org\/en\/2013\/05\/01\/en-ronda-cartas-y-poemas-rmr-publica-con-la-editorial-pre-textos-el-libro-basado-en-cartas-y-poemas-de-rainer-maria-rilke\/#primaryimage","url":"https:\/\/www.rmcr.org\/wp-content\/uploads\/2014\/02\/rilk.jpg","contentUrl":"https:\/\/www.rmcr.org\/wp-content\/uploads\/2014\/02\/rilk.jpg","width":469,"height":139},{"@type":"BreadcrumbList","@id":"https:\/\/www.rmcr.org\/en\/2013\/05\/01\/en-ronda-cartas-y-poemas-rmr-publica-con-la-editorial-pre-textos-el-libro-basado-en-cartas-y-poemas-de-rainer-maria-rilke\/#breadcrumb","itemListElement":[{"@type":"ListItem","position":1,"name":"REAL MAESTRANZA DE CABALLER\u00cdA DE RONDA","item":"https:\/\/www.rmcr.org\/en\/"},{"@type":"ListItem","position":2,"name":"\u201cEn Ronda. Cartas y poemas\u201d. RMR publica con la Editorial Pre-Textos el libro basado en cartas y poemas de Rainer Maria Rilke"}]},{"@type":"WebSite","@id":"https:\/\/www.rmcr.org\/en\/#website","url":"https:\/\/www.rmcr.org\/en\/","name":"Real Maestranza de Caballer\u00eda de Ronda","description":"Real Maestranza de Caballer\u00eda de Ronda","publisher":{"@id":"https:\/\/www.rmcr.org\/en\/#organization"},"alternateName":"RMCR","potentialAction":[{"@type":"SearchAction","target":{"@type":"EntryPoint","urlTemplate":"https:\/\/www.rmcr.org\/en\/?s={search_term_string}"},"query-input":{"@type":"PropertyValueSpecification","valueRequired":true,"valueName":"search_term_string"}}],"inLanguage":"en-US"},{"@type":"Organization","@id":"https:\/\/www.rmcr.org\/en\/#organization","name":"Real Maestranza de Caballer\u00eda de Ronda","alternateName":"RMR","url":"https:\/\/www.rmcr.org\/en\/","logo":{"@type":"ImageObject","inLanguage":"en-US","@id":"https:\/\/www.rmcr.org\/en\/#\/schema\/logo\/image\/","url":"https:\/\/www.rmcr.org\/wp-content\/uploads\/2022\/07\/logo-rmr-blue.svg","contentUrl":"https:\/\/www.rmcr.org\/wp-content\/uploads\/2022\/07\/logo-rmr-blue.svg","width":131,"height":129,"caption":"Real Maestranza de Caballer\u00eda de Ronda"},"image":{"@id":"https:\/\/www.rmcr.org\/en\/#\/schema\/logo\/image\/"},"sameAs":["https:\/\/www.facebook.com\/plazadetorosronda","https:\/\/x.com\/PlazatorosRMR","https:\/\/www.instagram.com\/realmaestranzaderonda\/","https:\/\/www.youtube.com\/channel\/UCrbO5IUN-8v_QML739vM4zg\/videos"]},{"@type":"Person","@id":"https:\/\/www.rmcr.org\/en\/#\/schema\/person\/7ddd0dafda7edd0e407157f93a56df4f","name":"RMCR","image":{"@type":"ImageObject","inLanguage":"en-US","@id":"https:\/\/secure.gravatar.com\/avatar\/adb75798b50800c24baa6a8706037b9469998c49eddeb95935f50f633cff80bb?s=96&d=mm&r=g","url":"https:\/\/secure.gravatar.com\/avatar\/adb75798b50800c24baa6a8706037b9469998c49eddeb95935f50f633cff80bb?s=96&d=mm&r=g","contentUrl":"https:\/\/secure.gravatar.com\/avatar\/adb75798b50800c24baa6a8706037b9469998c49eddeb95935f50f633cff80bb?s=96&d=mm&r=g","caption":"RMCR"},"url":"https:\/\/www.rmcr.org\/en\/author\/bitniks77\/"}]}},"_links":{"self":[{"href":"https:\/\/www.rmcr.org\/en\/wp-json\/wp\/v2\/posts\/15","targetHints":{"allow":["GET"]}}],"collection":[{"href":"https:\/\/www.rmcr.org\/en\/wp-json\/wp\/v2\/posts"}],"about":[{"href":"https:\/\/www.rmcr.org\/en\/wp-json\/wp\/v2\/types\/post"}],"author":[{"embeddable":true,"href":"https:\/\/www.rmcr.org\/en\/wp-json\/wp\/v2\/users\/7"}],"replies":[{"embeddable":true,"href":"https:\/\/www.rmcr.org\/en\/wp-json\/wp\/v2\/comments?post=15"}],"version-history":[{"count":1,"href":"https:\/\/www.rmcr.org\/en\/wp-json\/wp\/v2\/posts\/15\/revisions"}],"predecessor-version":[{"id":11558,"href":"https:\/\/www.rmcr.org\/en\/wp-json\/wp\/v2\/posts\/15\/revisions\/11558"}],"wp:featuredmedia":[{"embeddable":true,"href":"https:\/\/www.rmcr.org\/en\/wp-json\/wp\/v2\/media\/7654"}],"wp:attachment":[{"href":"https:\/\/www.rmcr.org\/en\/wp-json\/wp\/v2\/media?parent=15"}],"wp:term":[{"taxonomy":"category","embeddable":true,"href":"https:\/\/www.rmcr.org\/en\/wp-json\/wp\/v2\/categories?post=15"},{"taxonomy":"post_tag","embeddable":true,"href":"https:\/\/www.rmcr.org\/en\/wp-json\/wp\/v2\/tags?post=15"}],"curies":[{"name":"wp","href":"https:\/\/api.w.org\/{rel}","templated":true}]}}