{"id":1448,"date":"2021-02-25T16:42:49","date_gmt":"2021-02-25T16:42:49","guid":{"rendered":"https:\/\/www.rmcr.org\/?p=1448"},"modified":"2021-02-25T16:42:49","modified_gmt":"2021-02-25T16:42:49","slug":"real-guarnicioneria-de-la-casa-de-orleans-retrato-de-don-antonio-de-orleans-duque-de-montpensier-el-pintor-i","status":"publish","type":"post","link":"https:\/\/www.rmcr.org\/en\/2021\/02\/25\/real-guarnicioneria-de-la-casa-de-orleans-retrato-de-don-antonio-de-orleans-duque-de-montpensier-el-pintor-i\/","title":{"rendered":"Real Guarnicioner\u00eda de la Casa de Orleans. Retrato de don Antonio de Orleans, duque de Montpensier. El pintor (I)"},"content":{"rendered":"<p>En la sala de la Real Guarnicioner\u00eda, situado en el interior de la Plaza de Toros de Ronda, se encuentra un retrato del que fuera propietario de esta selecta colecci\u00f3n de artes suntuarias, el duque de Montpensier.<\/p>\n<p>El autor del cuadro es Antonio Mar\u00eda de Esquivel, considerado como uno de los m\u00e1s brillantes pintores del romanticismo espa\u00f1ol, sino el que m\u00e1s. Naci\u00f3 en Sevilla en 1806 en el seno de una familia hidalga, quedando hu\u00e9rfano de padre al morir \u00e9ste heroicamente en la batalla de Bail\u00e9n. Formado en la Escuela de las Tres Artes, como se llamaba entonces, en una ciudad deprimida y en decadencia, sobresali\u00f3 enseguida por su facilidad en el dibujo, en estrecho contacto con Jos\u00e9 Dom\u00ednguez B\u00e9cquer y Cabral Bejarano, dos autores de referencia. Con taller propio desde los veinti\u00fan a\u00f1os y despu\u00e9s de diez dedicado a su profesi\u00f3n se traslad\u00f3 a Madrid, donde no le cost\u00f3 situarse entre los pintores m\u00e1s cotizados y reclamados de los que estaban en la Corte.<\/p>\n<p style=\"text-align:center;\"><a href=\"https:\/\/www.rmcr.org\/wp-content\/uploads\/2021\/02\/esquivel_mlg.jpg\"><img fetchpriority=\"high\" decoding=\"async\" class=\"size-full wp-image-1453 aligncenter\" src=\"https:\/\/www.rmcr.org\/wp-content\/uploads\/2021\/02\/esquivel_mlg.jpg\" alt=\"\" width=\"400\" height=\"515\" \/><\/a><\/p>\n<p style=\"text-align:center;\"><em>Autorretrato. Antonio M\u00aa Esquivel (1847). Museo L\u00e1zaro Galdiano. <a href=\"http:\/\/ceres.mcu.es\/pages\/ResultSearch?txtSimpleSearch=Esquivel,%20Antonio%20Mar%EDa&amp;simpleSearch=0&amp;hipertextSearch=1&amp;search=simpleSelection&amp;MuseumsSearch=MLGM%7C&amp;MuseumsRolSearch=1&amp;listaMuseos=[Museo%20L%E1zaro%20Galdiano]\">[Enlace]<\/a><\/em><\/p>\n<p>De regreso a Sevilla en 1838, se vio aquejado de una ceguera temporal durante un a\u00f1o, que le sumi\u00f3 en la desesperaci\u00f3n con un par de intentos de suicidio, situaci\u00f3n de la que sali\u00f3 gracias a la colaboraci\u00f3n de amigos y pintores que se ocuparon tanto de su subsistencia como del tratamiento oftalmol\u00f3gico por el que recuper\u00f3 la visi\u00f3n despu\u00e9s de un a\u00f1o de oscuridad.<\/p>\n<p>Con el prestigio intacto, volvi\u00f3 a Madrid. La recuperaci\u00f3n del trance lo impuls\u00f3 a una actividad fren\u00e9tica. Fue nombrado pintor de C\u00e1mara de la reina Isabel II e ingres\u00f3 como acad\u00e9mico de m\u00e9rito en la de San Fernando. Destaca el profesor Enrique Valdivieso en su <em>Historia de la pintura sevillana<\/em> la calidad de sus retratos, apoyada en su virtuoso dominio del dibujo y la cuidadosa representaci\u00f3n de ambientes y vestuarios. Buena prueba es su <em>Tratado de Anatom\u00eda Pict\u00f3rica<\/em>, publicado en 1848, seguido de estudios monogr\u00e1ficos sobre Jos\u00e9 Elbo y Herrera el Viejo y textos de cr\u00edtica art\u00edstica en revistas especializadas.<\/p>\n<p style=\"text-align:center;\"><a href=\"https:\/\/www.rmcr.org\/wp-content\/uploads\/2021\/02\/los-poetas-contemporaneos.-una-lectura-de-zorrilla-en-el-estudio-del-pintor.jpg\"><img decoding=\"async\" class=\"alignnone size-full wp-image-1456\" src=\"https:\/\/www.rmcr.org\/wp-content\/uploads\/2021\/02\/los-poetas-contemporaneos.-una-lectura-de-zorrilla-en-el-estudio-del-pintor.jpg\" alt=\"\" width=\"470\" height=\"316\" \/><\/a><\/p>\n<p style=\"text-align:center;\"><em>Una lectura de Zorrilla en el estudio del pintor. Antonio M\u00aa Esquivel (1846). Museo del Prado. <a href=\"https:\/\/www.museodelprado.es\/coleccion\/obra-de-arte\/los-poetas-contemporaneos-una-lectura-de-zorrilla\/3a2f6b1a-9d87-4f5b-855b-3c84981a98e6\">[Enlace]<\/a><\/em><\/p>\n<p>Muy demandado, posaron para \u00e9l las personalidades m\u00e1s relevantes de la \u00e9poca, miembros de la familia real, pol\u00edticos, militares e intelectuales. Liberal convencido, imbuido del esp\u00edritu progresista y rom\u00e1ntico propio de su tiempo, su cuadro m\u00e1s representativo es <em>Lectura de Zorrilla en el estudio del pintor<\/em>, obra de 1846 que se conserva en el Museo del Prado, cuadro de grandes dimensiones en el que aparecen las principales figuras literarias y art\u00edsticas, incluido \u00e9l mismo. Practic\u00f3 el autorretrato con cierta frecuencia, siendo el m\u00e1s relevante el que se exhibe en el Museo L\u00e1zaro Galdiano.<\/p>\n<p>No dej\u00f3 de lado tem\u00e1ticas como el costumbrismo, los motivos religiosos, mitol\u00f3gicos o hist\u00f3ricos, introduciendo en algunas obras el desnudo femenino, con influencias de sus coet\u00e1neos ingleses, sobresaliendo la <em>Joven quit\u00e1ndose una media<\/em>\u00a0del Meadows Museum de Dallas, impregnado de un delicado erotismo.<\/p>\n<p>Fallecer\u00eda en Madrid en 1857, dejando dos hijos, Carlos Mar\u00eda y Vicente, que tambi\u00e9n fueron pintores.<\/p>\n<p><em>Bibliograf\u00eda<\/em><\/p>\n<p>E. Valdivieso. <em>Historia de la pintura sevillana<\/em>. Ed. Guadalquivir\/Abengoa, 1986, Sevilla.<\/p>\n<p>J. Guerrero Lovillo. <em>Antonio Mar\u00eda Esquivel<\/em>. Consejo Superior de Investigaciones Cient\u00edficas, 1957,\u00a0 Madrid.<\/p>\n<p>M. Ossorio Bernand. <em>Galer\u00eda de artistas espa\u00f1oles del siglo XIX<\/em>. Moreno y Rojas, 1883-1884, Madrid.<\/p>\n<p>A. Rodr\u00edguez Rebollo. <em>Las colecciones de pintura de los duques de Montpensier en Sevilla (1866-1892)<\/em>. Fundaci\u00f3n Universitaria Espa\u00f1ola, 2005, Madrid.<\/p>\n","protected":false},"excerpt":{"rendered":"<p>En la sala de la Real Guarnicioner\u00eda, situada en el interior de la plaza de toros, se encuentra un retrato del que fuera propietario de esta selecta colecci\u00f3n de artes suntuarias, el duque de Montpensier.<br \/>\nEl autor del cuadro es Antonio Mar\u00eda de Esquivel, considerado como uno de los m\u00e1s brillantes pintores del romanticismo espa\u00f1ol, sino el que m\u00e1s. Naci\u00f3 en Sevilla en 1806 en el seno de una familia hidalga, quedando hu\u00e9rfano de padre al morir \u00e9ste heroicamente en la batalla de Bail\u00e9n. Formado en la Escuela de Bellas Artes de una ciudad deprimida y en decadencia, sobresali\u00f3 enseguida por su facilidad en el dibujo, bajo la ense\u00f1anza de Jos\u00e9 Dom\u00edngez B\u00e9cquer y Cabral Bejarano. Con taller propio desde los veinti\u00fan a\u00f1os y despu\u00e9s de diez dedicado a su profesi\u00f3n se traslad\u00f3 a Madrid, donde no le cost\u00f3 situarse entre los pintores m\u00e1s cotizados y reclamados de los que estaban en la Corte.<\/p>\n","protected":false},"author":7,"featured_media":7419,"comment_status":"open","ping_status":"open","sticky":false,"template":"","format":"standard","meta":{"footnotes":""},"categories":[272,368],"tags":[242,437,320,366,98,382],"class_list":["post-1448","post","type-post","status-publish","format-standard","has-post-thumbnail","hentry","category-colecciones-museisticas","category-real-guarnicioneria","tag-antonio-de-orleans","tag-antonio-maria-esquivel","tag-coleccion-museistica","tag-duque-de-montpensier","tag-real-maestranza-de-caballeria-de-ronda","tag-retrato"],"yoast_head":"<!-- This site is optimized with the Yoast SEO plugin v27.5 - https:\/\/yoast.com\/product\/yoast-seo-wordpress\/ -->\n<title>Real Guarnicioner\u00eda de la Casa de Orleans. Retrato de don Antonio de Orleans, duque de Montpensier. El pintor (I) - Real Maestranza de Caballer\u00eda de Ronda<\/title>\n<meta name=\"robots\" content=\"index, follow, max-snippet:-1, max-image-preview:large, max-video-preview:-1\" \/>\n<link rel=\"canonical\" href=\"https:\/\/www.rmcr.org\/en\/2021\/02\/25\/real-guarnicioneria-de-la-casa-de-orleans-retrato-de-don-antonio-de-orleans-duque-de-montpensier-el-pintor-i\/\" \/>\n<meta property=\"og:locale\" content=\"en_US\" \/>\n<meta property=\"og:type\" content=\"article\" \/>\n<meta property=\"og:title\" content=\"Real Guarnicioner\u00eda de la Casa de Orleans. Retrato de don Antonio de Orleans, duque de Montpensier. El pintor (I) - Real Maestranza de Caballer\u00eda de Ronda\" \/>\n<meta property=\"og:description\" content=\"En la sala de la Real Guarnicioner\u00eda, situada en el interior de la plaza de toros, se encuentra un retrato del que fuera propietario de esta selecta colecci\u00f3n de artes suntuarias, el duque de Montpensier. El autor del cuadro es Antonio Mar\u00eda de Esquivel, considerado como uno de los m\u00e1s brillantes pintores del romanticismo espa\u00f1ol, sino el que m\u00e1s. Naci\u00f3 en Sevilla en 1806 en el seno de una familia hidalga, quedando hu\u00e9rfano de padre al morir \u00e9ste heroicamente en la batalla de Bail\u00e9n. Formado en la Escuela de Bellas Artes de una ciudad deprimida y en decadencia, sobresali\u00f3 enseguida por su facilidad en el dibujo, bajo la ense\u00f1anza de Jos\u00e9 Dom\u00edngez B\u00e9cquer y Cabral Bejarano. Con taller propio desde los veinti\u00fan a\u00f1os y despu\u00e9s de diez dedicado a su profesi\u00f3n se traslad\u00f3 a Madrid, donde no le cost\u00f3 situarse entre los pintores m\u00e1s cotizados y reclamados de los que estaban en la Corte.\" \/>\n<meta property=\"og:url\" content=\"https:\/\/www.rmcr.org\/en\/2021\/02\/25\/real-guarnicioneria-de-la-casa-de-orleans-retrato-de-don-antonio-de-orleans-duque-de-montpensier-el-pintor-i\/\" \/>\n<meta property=\"og:site_name\" content=\"Real Maestranza de Caballer\u00eda de Ronda\" \/>\n<meta property=\"article:publisher\" content=\"https:\/\/www.facebook.com\/plazadetorosronda\" \/>\n<meta property=\"article:published_time\" content=\"2021-02-25T16:42:49+00:00\" \/>\n<meta property=\"og:image\" content=\"https:\/\/www.rmcr.org\/wp-content\/uploads\/2021\/02\/esqu.jpg\" \/>\n\t<meta property=\"og:image:width\" content=\"482\" \/>\n\t<meta property=\"og:image:height\" content=\"141\" \/>\n\t<meta property=\"og:image:type\" content=\"image\/jpeg\" \/>\n<meta name=\"author\" content=\"RMCR\" \/>\n<meta name=\"twitter:card\" content=\"summary_large_image\" \/>\n<meta name=\"twitter:creator\" content=\"@PlazatorosRMR\" \/>\n<meta name=\"twitter:site\" content=\"@PlazatorosRMR\" \/>\n<meta name=\"twitter:label1\" content=\"Written by\" \/>\n\t<meta name=\"twitter:data1\" content=\"RMCR\" \/>\n\t<meta name=\"twitter:label2\" content=\"Est. reading time\" \/>\n\t<meta name=\"twitter:data2\" content=\"3 minutes\" \/>\n<script type=\"application\/ld+json\" class=\"yoast-schema-graph\">{\"@context\":\"https:\\\/\\\/schema.org\",\"@graph\":[{\"@type\":\"Article\",\"@id\":\"https:\\\/\\\/www.rmcr.org\\\/en\\\/2021\\\/02\\\/25\\\/real-guarnicioneria-de-la-casa-de-orleans-retrato-de-don-antonio-de-orleans-duque-de-montpensier-el-pintor-i\\\/#article\",\"isPartOf\":{\"@id\":\"https:\\\/\\\/www.rmcr.org\\\/en\\\/2021\\\/02\\\/25\\\/real-guarnicioneria-de-la-casa-de-orleans-retrato-de-don-antonio-de-orleans-duque-de-montpensier-el-pintor-i\\\/\"},\"author\":{\"name\":\"RMCR\",\"@id\":\"https:\\\/\\\/www.rmcr.org\\\/en\\\/#\\\/schema\\\/person\\\/7ddd0dafda7edd0e407157f93a56df4f\"},\"headline\":\"Real Guarnicioner\u00eda de la Casa de Orleans. Retrato de don Antonio de Orleans, duque de Montpensier. El pintor (I)\",\"datePublished\":\"2021-02-25T16:42:49+00:00\",\"mainEntityOfPage\":{\"@id\":\"https:\\\/\\\/www.rmcr.org\\\/en\\\/2021\\\/02\\\/25\\\/real-guarnicioneria-de-la-casa-de-orleans-retrato-de-don-antonio-de-orleans-duque-de-montpensier-el-pintor-i\\\/\"},\"wordCount\":638,\"commentCount\":0,\"publisher\":{\"@id\":\"https:\\\/\\\/www.rmcr.org\\\/en\\\/#organization\"},\"image\":{\"@id\":\"https:\\\/\\\/www.rmcr.org\\\/en\\\/2021\\\/02\\\/25\\\/real-guarnicioneria-de-la-casa-de-orleans-retrato-de-don-antonio-de-orleans-duque-de-montpensier-el-pintor-i\\\/#primaryimage\"},\"thumbnailUrl\":\"https:\\\/\\\/www.rmcr.org\\\/wp-content\\\/uploads\\\/2021\\\/02\\\/esqu.jpg\",\"keywords\":[\"Antonio de Orleans\",\"Antonio Mar\u00eda Esquivel\",\"Colecci\u00f3n Muse\u00edstica\",\"Duque de Montpensier\",\"Real Maestranza de Caballer\u00eda de Ronda\",\"Retrato\"],\"articleSection\":[\"Colecciones muse\u00edsticas\",\"Real Guarnicioner\u00eda\"],\"inLanguage\":\"en-US\",\"potentialAction\":[{\"@type\":\"CommentAction\",\"name\":\"Comment\",\"target\":[\"https:\\\/\\\/www.rmcr.org\\\/en\\\/2021\\\/02\\\/25\\\/real-guarnicioneria-de-la-casa-de-orleans-retrato-de-don-antonio-de-orleans-duque-de-montpensier-el-pintor-i\\\/#respond\"]}]},{\"@type\":\"WebPage\",\"@id\":\"https:\\\/\\\/www.rmcr.org\\\/en\\\/2021\\\/02\\\/25\\\/real-guarnicioneria-de-la-casa-de-orleans-retrato-de-don-antonio-de-orleans-duque-de-montpensier-el-pintor-i\\\/\",\"url\":\"https:\\\/\\\/www.rmcr.org\\\/en\\\/2021\\\/02\\\/25\\\/real-guarnicioneria-de-la-casa-de-orleans-retrato-de-don-antonio-de-orleans-duque-de-montpensier-el-pintor-i\\\/\",\"name\":\"Real Guarnicioner\u00eda de la Casa de Orleans. Retrato de don Antonio de Orleans, duque de Montpensier. El pintor (I) - Real Maestranza de Caballer\u00eda de Ronda\",\"isPartOf\":{\"@id\":\"https:\\\/\\\/www.rmcr.org\\\/en\\\/#website\"},\"primaryImageOfPage\":{\"@id\":\"https:\\\/\\\/www.rmcr.org\\\/en\\\/2021\\\/02\\\/25\\\/real-guarnicioneria-de-la-casa-de-orleans-retrato-de-don-antonio-de-orleans-duque-de-montpensier-el-pintor-i\\\/#primaryimage\"},\"image\":{\"@id\":\"https:\\\/\\\/www.rmcr.org\\\/en\\\/2021\\\/02\\\/25\\\/real-guarnicioneria-de-la-casa-de-orleans-retrato-de-don-antonio-de-orleans-duque-de-montpensier-el-pintor-i\\\/#primaryimage\"},\"thumbnailUrl\":\"https:\\\/\\\/www.rmcr.org\\\/wp-content\\\/uploads\\\/2021\\\/02\\\/esqu.jpg\",\"datePublished\":\"2021-02-25T16:42:49+00:00\",\"breadcrumb\":{\"@id\":\"https:\\\/\\\/www.rmcr.org\\\/en\\\/2021\\\/02\\\/25\\\/real-guarnicioneria-de-la-casa-de-orleans-retrato-de-don-antonio-de-orleans-duque-de-montpensier-el-pintor-i\\\/#breadcrumb\"},\"inLanguage\":\"en-US\",\"potentialAction\":[{\"@type\":\"ReadAction\",\"target\":[\"https:\\\/\\\/www.rmcr.org\\\/en\\\/2021\\\/02\\\/25\\\/real-guarnicioneria-de-la-casa-de-orleans-retrato-de-don-antonio-de-orleans-duque-de-montpensier-el-pintor-i\\\/\"]}]},{\"@type\":\"ImageObject\",\"inLanguage\":\"en-US\",\"@id\":\"https:\\\/\\\/www.rmcr.org\\\/en\\\/2021\\\/02\\\/25\\\/real-guarnicioneria-de-la-casa-de-orleans-retrato-de-don-antonio-de-orleans-duque-de-montpensier-el-pintor-i\\\/#primaryimage\",\"url\":\"https:\\\/\\\/www.rmcr.org\\\/wp-content\\\/uploads\\\/2021\\\/02\\\/esqu.jpg\",\"contentUrl\":\"https:\\\/\\\/www.rmcr.org\\\/wp-content\\\/uploads\\\/2021\\\/02\\\/esqu.jpg\",\"width\":482,\"height\":141},{\"@type\":\"BreadcrumbList\",\"@id\":\"https:\\\/\\\/www.rmcr.org\\\/en\\\/2021\\\/02\\\/25\\\/real-guarnicioneria-de-la-casa-de-orleans-retrato-de-don-antonio-de-orleans-duque-de-montpensier-el-pintor-i\\\/#breadcrumb\",\"itemListElement\":[{\"@type\":\"ListItem\",\"position\":1,\"name\":\"REAL MAESTRANZA DE CABALLER\u00cdA DE RONDA\",\"item\":\"https:\\\/\\\/www.rmcr.org\\\/en\\\/\"},{\"@type\":\"ListItem\",\"position\":2,\"name\":\"Real Guarnicioner\u00eda de la Casa de Orleans. Retrato de don Antonio de Orleans, duque de Montpensier. El pintor (I)\"}]},{\"@type\":\"WebSite\",\"@id\":\"https:\\\/\\\/www.rmcr.org\\\/en\\\/#website\",\"url\":\"https:\\\/\\\/www.rmcr.org\\\/en\\\/\",\"name\":\"Real Maestranza de Caballer\u00eda de Ronda\",\"description\":\"Real Maestranza de Caballer\u00eda de Ronda\",\"publisher\":{\"@id\":\"https:\\\/\\\/www.rmcr.org\\\/en\\\/#organization\"},\"alternateName\":\"RMCR\",\"potentialAction\":[{\"@type\":\"SearchAction\",\"target\":{\"@type\":\"EntryPoint\",\"urlTemplate\":\"https:\\\/\\\/www.rmcr.org\\\/en\\\/?s={search_term_string}\"},\"query-input\":{\"@type\":\"PropertyValueSpecification\",\"valueRequired\":true,\"valueName\":\"search_term_string\"}}],\"inLanguage\":\"en-US\"},{\"@type\":\"Organization\",\"@id\":\"https:\\\/\\\/www.rmcr.org\\\/en\\\/#organization\",\"name\":\"Real Maestranza de Caballer\u00eda de Ronda\",\"alternateName\":\"RMR\",\"url\":\"https:\\\/\\\/www.rmcr.org\\\/en\\\/\",\"logo\":{\"@type\":\"ImageObject\",\"inLanguage\":\"en-US\",\"@id\":\"https:\\\/\\\/www.rmcr.org\\\/en\\\/#\\\/schema\\\/logo\\\/image\\\/\",\"url\":\"https:\\\/\\\/www.rmcr.org\\\/wp-content\\\/uploads\\\/2022\\\/07\\\/logo-rmr-blue.svg\",\"contentUrl\":\"https:\\\/\\\/www.rmcr.org\\\/wp-content\\\/uploads\\\/2022\\\/07\\\/logo-rmr-blue.svg\",\"width\":131,\"height\":129,\"caption\":\"Real Maestranza de Caballer\u00eda de Ronda\"},\"image\":{\"@id\":\"https:\\\/\\\/www.rmcr.org\\\/en\\\/#\\\/schema\\\/logo\\\/image\\\/\"},\"sameAs\":[\"https:\\\/\\\/www.facebook.com\\\/plazadetorosronda\",\"https:\\\/\\\/x.com\\\/PlazatorosRMR\",\"https:\\\/\\\/www.instagram.com\\\/realmaestranzaderonda\\\/\",\"https:\\\/\\\/www.youtube.com\\\/channel\\\/UCrbO5IUN-8v_QML739vM4zg\\\/videos\"]},{\"@type\":\"Person\",\"@id\":\"https:\\\/\\\/www.rmcr.org\\\/en\\\/#\\\/schema\\\/person\\\/7ddd0dafda7edd0e407157f93a56df4f\",\"name\":\"RMCR\",\"image\":{\"@type\":\"ImageObject\",\"inLanguage\":\"en-US\",\"@id\":\"https:\\\/\\\/secure.gravatar.com\\\/avatar\\\/adb75798b50800c24baa6a8706037b9469998c49eddeb95935f50f633cff80bb?s=96&d=mm&r=g\",\"url\":\"https:\\\/\\\/secure.gravatar.com\\\/avatar\\\/adb75798b50800c24baa6a8706037b9469998c49eddeb95935f50f633cff80bb?s=96&d=mm&r=g\",\"contentUrl\":\"https:\\\/\\\/secure.gravatar.com\\\/avatar\\\/adb75798b50800c24baa6a8706037b9469998c49eddeb95935f50f633cff80bb?s=96&d=mm&r=g\",\"caption\":\"RMCR\"},\"url\":\"https:\\\/\\\/www.rmcr.org\\\/en\\\/author\\\/bitniks77\\\/\"}]}<\/script>\n<!-- \/ Yoast SEO plugin. -->","yoast_head_json":{"title":"Real Guarnicioner\u00eda de la Casa de Orleans. Retrato de don Antonio de Orleans, duque de Montpensier. El pintor (I) - Real Maestranza de Caballer\u00eda de Ronda","robots":{"index":"index","follow":"follow","max-snippet":"max-snippet:-1","max-image-preview":"max-image-preview:large","max-video-preview":"max-video-preview:-1"},"canonical":"https:\/\/www.rmcr.org\/en\/2021\/02\/25\/real-guarnicioneria-de-la-casa-de-orleans-retrato-de-don-antonio-de-orleans-duque-de-montpensier-el-pintor-i\/","og_locale":"en_US","og_type":"article","og_title":"Real Guarnicioner\u00eda de la Casa de Orleans. Retrato de don Antonio de Orleans, duque de Montpensier. El pintor (I) - Real Maestranza de Caballer\u00eda de Ronda","og_description":"En la sala de la Real Guarnicioner\u00eda, situada en el interior de la plaza de toros, se encuentra un retrato del que fuera propietario de esta selecta colecci\u00f3n de artes suntuarias, el duque de Montpensier. El autor del cuadro es Antonio Mar\u00eda de Esquivel, considerado como uno de los m\u00e1s brillantes pintores del romanticismo espa\u00f1ol, sino el que m\u00e1s. Naci\u00f3 en Sevilla en 1806 en el seno de una familia hidalga, quedando hu\u00e9rfano de padre al morir \u00e9ste heroicamente en la batalla de Bail\u00e9n. Formado en la Escuela de Bellas Artes de una ciudad deprimida y en decadencia, sobresali\u00f3 enseguida por su facilidad en el dibujo, bajo la ense\u00f1anza de Jos\u00e9 Dom\u00edngez B\u00e9cquer y Cabral Bejarano. Con taller propio desde los veinti\u00fan a\u00f1os y despu\u00e9s de diez dedicado a su profesi\u00f3n se traslad\u00f3 a Madrid, donde no le cost\u00f3 situarse entre los pintores m\u00e1s cotizados y reclamados de los que estaban en la Corte.","og_url":"https:\/\/www.rmcr.org\/en\/2021\/02\/25\/real-guarnicioneria-de-la-casa-de-orleans-retrato-de-don-antonio-de-orleans-duque-de-montpensier-el-pintor-i\/","og_site_name":"Real Maestranza de Caballer\u00eda de Ronda","article_publisher":"https:\/\/www.facebook.com\/plazadetorosronda","article_published_time":"2021-02-25T16:42:49+00:00","og_image":[{"width":482,"height":141,"url":"https:\/\/www.rmcr.org\/wp-content\/uploads\/2021\/02\/esqu.jpg","type":"image\/jpeg"}],"author":"RMCR","twitter_card":"summary_large_image","twitter_creator":"@PlazatorosRMR","twitter_site":"@PlazatorosRMR","twitter_misc":{"Written by":"RMCR","Est. reading time":"3 minutes"},"schema":{"@context":"https:\/\/schema.org","@graph":[{"@type":"Article","@id":"https:\/\/www.rmcr.org\/en\/2021\/02\/25\/real-guarnicioneria-de-la-casa-de-orleans-retrato-de-don-antonio-de-orleans-duque-de-montpensier-el-pintor-i\/#article","isPartOf":{"@id":"https:\/\/www.rmcr.org\/en\/2021\/02\/25\/real-guarnicioneria-de-la-casa-de-orleans-retrato-de-don-antonio-de-orleans-duque-de-montpensier-el-pintor-i\/"},"author":{"name":"RMCR","@id":"https:\/\/www.rmcr.org\/en\/#\/schema\/person\/7ddd0dafda7edd0e407157f93a56df4f"},"headline":"Real Guarnicioner\u00eda de la Casa de Orleans. Retrato de don Antonio de Orleans, duque de Montpensier. El pintor (I)","datePublished":"2021-02-25T16:42:49+00:00","mainEntityOfPage":{"@id":"https:\/\/www.rmcr.org\/en\/2021\/02\/25\/real-guarnicioneria-de-la-casa-de-orleans-retrato-de-don-antonio-de-orleans-duque-de-montpensier-el-pintor-i\/"},"wordCount":638,"commentCount":0,"publisher":{"@id":"https:\/\/www.rmcr.org\/en\/#organization"},"image":{"@id":"https:\/\/www.rmcr.org\/en\/2021\/02\/25\/real-guarnicioneria-de-la-casa-de-orleans-retrato-de-don-antonio-de-orleans-duque-de-montpensier-el-pintor-i\/#primaryimage"},"thumbnailUrl":"https:\/\/www.rmcr.org\/wp-content\/uploads\/2021\/02\/esqu.jpg","keywords":["Antonio de Orleans","Antonio Mar\u00eda Esquivel","Colecci\u00f3n Muse\u00edstica","Duque de Montpensier","Real Maestranza de Caballer\u00eda de Ronda","Retrato"],"articleSection":["Colecciones muse\u00edsticas","Real Guarnicioner\u00eda"],"inLanguage":"en-US","potentialAction":[{"@type":"CommentAction","name":"Comment","target":["https:\/\/www.rmcr.org\/en\/2021\/02\/25\/real-guarnicioneria-de-la-casa-de-orleans-retrato-de-don-antonio-de-orleans-duque-de-montpensier-el-pintor-i\/#respond"]}]},{"@type":"WebPage","@id":"https:\/\/www.rmcr.org\/en\/2021\/02\/25\/real-guarnicioneria-de-la-casa-de-orleans-retrato-de-don-antonio-de-orleans-duque-de-montpensier-el-pintor-i\/","url":"https:\/\/www.rmcr.org\/en\/2021\/02\/25\/real-guarnicioneria-de-la-casa-de-orleans-retrato-de-don-antonio-de-orleans-duque-de-montpensier-el-pintor-i\/","name":"Real Guarnicioner\u00eda de la Casa de Orleans. Retrato de don Antonio de Orleans, duque de Montpensier. El pintor (I) - Real Maestranza de Caballer\u00eda de Ronda","isPartOf":{"@id":"https:\/\/www.rmcr.org\/en\/#website"},"primaryImageOfPage":{"@id":"https:\/\/www.rmcr.org\/en\/2021\/02\/25\/real-guarnicioneria-de-la-casa-de-orleans-retrato-de-don-antonio-de-orleans-duque-de-montpensier-el-pintor-i\/#primaryimage"},"image":{"@id":"https:\/\/www.rmcr.org\/en\/2021\/02\/25\/real-guarnicioneria-de-la-casa-de-orleans-retrato-de-don-antonio-de-orleans-duque-de-montpensier-el-pintor-i\/#primaryimage"},"thumbnailUrl":"https:\/\/www.rmcr.org\/wp-content\/uploads\/2021\/02\/esqu.jpg","datePublished":"2021-02-25T16:42:49+00:00","breadcrumb":{"@id":"https:\/\/www.rmcr.org\/en\/2021\/02\/25\/real-guarnicioneria-de-la-casa-de-orleans-retrato-de-don-antonio-de-orleans-duque-de-montpensier-el-pintor-i\/#breadcrumb"},"inLanguage":"en-US","potentialAction":[{"@type":"ReadAction","target":["https:\/\/www.rmcr.org\/en\/2021\/02\/25\/real-guarnicioneria-de-la-casa-de-orleans-retrato-de-don-antonio-de-orleans-duque-de-montpensier-el-pintor-i\/"]}]},{"@type":"ImageObject","inLanguage":"en-US","@id":"https:\/\/www.rmcr.org\/en\/2021\/02\/25\/real-guarnicioneria-de-la-casa-de-orleans-retrato-de-don-antonio-de-orleans-duque-de-montpensier-el-pintor-i\/#primaryimage","url":"https:\/\/www.rmcr.org\/wp-content\/uploads\/2021\/02\/esqu.jpg","contentUrl":"https:\/\/www.rmcr.org\/wp-content\/uploads\/2021\/02\/esqu.jpg","width":482,"height":141},{"@type":"BreadcrumbList","@id":"https:\/\/www.rmcr.org\/en\/2021\/02\/25\/real-guarnicioneria-de-la-casa-de-orleans-retrato-de-don-antonio-de-orleans-duque-de-montpensier-el-pintor-i\/#breadcrumb","itemListElement":[{"@type":"ListItem","position":1,"name":"REAL MAESTRANZA DE CABALLER\u00cdA DE RONDA","item":"https:\/\/www.rmcr.org\/en\/"},{"@type":"ListItem","position":2,"name":"Real Guarnicioner\u00eda de la Casa de Orleans. Retrato de don Antonio de Orleans, duque de Montpensier. El pintor (I)"}]},{"@type":"WebSite","@id":"https:\/\/www.rmcr.org\/en\/#website","url":"https:\/\/www.rmcr.org\/en\/","name":"Real Maestranza de Caballer\u00eda de Ronda","description":"Real Maestranza de Caballer\u00eda de Ronda","publisher":{"@id":"https:\/\/www.rmcr.org\/en\/#organization"},"alternateName":"RMCR","potentialAction":[{"@type":"SearchAction","target":{"@type":"EntryPoint","urlTemplate":"https:\/\/www.rmcr.org\/en\/?s={search_term_string}"},"query-input":{"@type":"PropertyValueSpecification","valueRequired":true,"valueName":"search_term_string"}}],"inLanguage":"en-US"},{"@type":"Organization","@id":"https:\/\/www.rmcr.org\/en\/#organization","name":"Real Maestranza de Caballer\u00eda de Ronda","alternateName":"RMR","url":"https:\/\/www.rmcr.org\/en\/","logo":{"@type":"ImageObject","inLanguage":"en-US","@id":"https:\/\/www.rmcr.org\/en\/#\/schema\/logo\/image\/","url":"https:\/\/www.rmcr.org\/wp-content\/uploads\/2022\/07\/logo-rmr-blue.svg","contentUrl":"https:\/\/www.rmcr.org\/wp-content\/uploads\/2022\/07\/logo-rmr-blue.svg","width":131,"height":129,"caption":"Real Maestranza de Caballer\u00eda de Ronda"},"image":{"@id":"https:\/\/www.rmcr.org\/en\/#\/schema\/logo\/image\/"},"sameAs":["https:\/\/www.facebook.com\/plazadetorosronda","https:\/\/x.com\/PlazatorosRMR","https:\/\/www.instagram.com\/realmaestranzaderonda\/","https:\/\/www.youtube.com\/channel\/UCrbO5IUN-8v_QML739vM4zg\/videos"]},{"@type":"Person","@id":"https:\/\/www.rmcr.org\/en\/#\/schema\/person\/7ddd0dafda7edd0e407157f93a56df4f","name":"RMCR","image":{"@type":"ImageObject","inLanguage":"en-US","@id":"https:\/\/secure.gravatar.com\/avatar\/adb75798b50800c24baa6a8706037b9469998c49eddeb95935f50f633cff80bb?s=96&d=mm&r=g","url":"https:\/\/secure.gravatar.com\/avatar\/adb75798b50800c24baa6a8706037b9469998c49eddeb95935f50f633cff80bb?s=96&d=mm&r=g","contentUrl":"https:\/\/secure.gravatar.com\/avatar\/adb75798b50800c24baa6a8706037b9469998c49eddeb95935f50f633cff80bb?s=96&d=mm&r=g","caption":"RMCR"},"url":"https:\/\/www.rmcr.org\/en\/author\/bitniks77\/"}]}},"_links":{"self":[{"href":"https:\/\/www.rmcr.org\/en\/wp-json\/wp\/v2\/posts\/1448","targetHints":{"allow":["GET"]}}],"collection":[{"href":"https:\/\/www.rmcr.org\/en\/wp-json\/wp\/v2\/posts"}],"about":[{"href":"https:\/\/www.rmcr.org\/en\/wp-json\/wp\/v2\/types\/post"}],"author":[{"embeddable":true,"href":"https:\/\/www.rmcr.org\/en\/wp-json\/wp\/v2\/users\/7"}],"replies":[{"embeddable":true,"href":"https:\/\/www.rmcr.org\/en\/wp-json\/wp\/v2\/comments?post=1448"}],"version-history":[{"count":0,"href":"https:\/\/www.rmcr.org\/en\/wp-json\/wp\/v2\/posts\/1448\/revisions"}],"wp:featuredmedia":[{"embeddable":true,"href":"https:\/\/www.rmcr.org\/en\/wp-json\/wp\/v2\/media\/7419"}],"wp:attachment":[{"href":"https:\/\/www.rmcr.org\/en\/wp-json\/wp\/v2\/media?parent=1448"}],"wp:term":[{"taxonomy":"category","embeddable":true,"href":"https:\/\/www.rmcr.org\/en\/wp-json\/wp\/v2\/categories?post=1448"},{"taxonomy":"post_tag","embeddable":true,"href":"https:\/\/www.rmcr.org\/en\/wp-json\/wp\/v2\/tags?post=1448"}],"curies":[{"name":"wp","href":"https:\/\/api.w.org\/{rel}","templated":true}]}}