{"id":1343,"date":"2018-08-02T10:17:05","date_gmt":"2018-08-02T10:17:05","guid":{"rendered":"https:\/\/www.rmcr.org\/?p=1343"},"modified":"2018-08-02T10:17:05","modified_gmt":"2018-08-02T10:17:05","slug":"moises-jover-y-severo-jurado-representaran-a-espana-en-europa-y-usa","status":"publish","type":"post","link":"https:\/\/www.rmcr.org\/en\/2018\/08\/02\/moises-jover-y-severo-jurado-representaran-a-espana-en-europa-y-usa\/","title":{"rendered":"Mois\u00e9s Jover y Severo Jurado representar\u00e1n a Espa\u00f1a en Europa y USA"},"content":{"rendered":"<p>Con la participaci\u00f3n en las \u00faltimas pruebas seleccionadas por la Real Federaci\u00f3n H\u00edpica Espa\u00f1ola, la Direcci\u00f3n T\u00e9cnica de Doma Cl\u00e1sica ha hecho p\u00fablico el listado de los integrantes de los equipos en cada una de las categor\u00edas.<\/p>\n<p><a href=\"https:\/\/www.rmcr.org\/wp-content\/uploads\/2016\/08\/fio.jpg\"><img fetchpriority=\"high\" decoding=\"async\" class=\"size-large wp-image-800 aligncenter\" src=\"https:\/\/www.rmcr.org\/wp-content\/uploads\/2016\/08\/fio.jpg?w=470\" alt=\"\" width=\"470\" height=\"139\" \/><\/a><\/p>\n<p>Mois\u00e9s Jover participar\u00e1 con el caballo Black Painted Z \u00a0en el Campeonato de Europa U25 de Exleo (Holanda) del 13 al 17 de agosto y Severo Jurado con Deep Impact formar\u00e1 parte del equipo espa\u00f1ol de doma cl\u00e1sica en los Juegos Ecuestres Mundiales de Tryon (USA) que se desarrollar\u00e1n del 12 al 16 de septiembre.<\/p>\n<p>Desde la RMCR queremos darles nuestra m\u00e1s cordial enhorabuena a estos dos jinetes que iniciaron su formaci\u00f3n en el Curso Jinete-Profesor de nuestra Escuela de Equitaci\u00f3n dese\u00e1ndoles junto al resto de los componentes de cada uno de los equipos el mejor resultado.<\/p>\n","protected":false},"excerpt":{"rendered":"<p>Con la participaci\u00f3n en las \u00faltimas pruebas seleccionadas por la Real Federaci\u00f3n H\u00edpica Espa\u00f1ola, la Direcci\u00f3n T\u00e9cnica de Doma Cl\u00e1sica ha hecho p\u00fablico el listado de los integrantes de los equipos en cada una de las categor\u00edas. Mois\u00e9s Jover participar\u00e1 con el caballo Black Painted Z \u00a0en el Campeonato de Europa U25 de Exleo (Holanda) [&hellip;]<\/p>\n","protected":false},"author":7,"featured_media":6027,"comment_status":"closed","ping_status":"open","sticky":false,"template":"","format":"standard","meta":{"footnotes":""},"categories":[65,56],"tags":[],"class_list":["post-1343","post","type-post","status-publish","format-standard","has-post-thumbnail","hentry","category-actividades-deportivas","category-escuela-de-equitacion"],"yoast_head":"<!-- This site is optimized with the Yoast SEO plugin v27.5 - https:\/\/yoast.com\/product\/yoast-seo-wordpress\/ -->\n<title>Mois\u00e9s Jover y Severo Jurado representar\u00e1n a Espa\u00f1a en Europa y USA - Real Maestranza de Caballer\u00eda de Ronda<\/title>\n<meta name=\"robots\" content=\"index, follow, max-snippet:-1, max-image-preview:large, max-video-preview:-1\" \/>\n<link rel=\"canonical\" href=\"https:\/\/www.rmcr.org\/en\/2018\/08\/02\/moises-jover-y-severo-jurado-representaran-a-espana-en-europa-y-usa\/\" \/>\n<meta property=\"og:locale\" content=\"en_US\" \/>\n<meta property=\"og:type\" content=\"article\" \/>\n<meta property=\"og:title\" content=\"Mois\u00e9s Jover y Severo Jurado representar\u00e1n a Espa\u00f1a en Europa y USA - Real Maestranza de Caballer\u00eda de Ronda\" \/>\n<meta property=\"og:description\" content=\"Con la participaci\u00f3n en las \u00faltimas pruebas seleccionadas por la Real Federaci\u00f3n H\u00edpica Espa\u00f1ola, la Direcci\u00f3n T\u00e9cnica de Doma Cl\u00e1sica ha hecho p\u00fablico el listado de los integrantes de los equipos en cada una de las categor\u00edas. Mois\u00e9s Jover participar\u00e1 con el caballo Black Painted Z \u00a0en el Campeonato de Europa U25 de Exleo (Holanda) [&hellip;]\" \/>\n<meta property=\"og:url\" content=\"https:\/\/www.rmcr.org\/en\/2018\/08\/02\/moises-jover-y-severo-jurado-representaran-a-espana-en-europa-y-usa\/\" \/>\n<meta property=\"og:site_name\" content=\"Real Maestranza de Caballer\u00eda de Ronda\" \/>\n<meta property=\"article:publisher\" content=\"https:\/\/www.facebook.com\/plazadetorosronda\" \/>\n<meta property=\"article:published_time\" content=\"2018-08-02T10:17:05+00:00\" \/>\n<meta property=\"og:image\" content=\"https:\/\/www.rmcr.org\/wp-content\/uploads\/2016\/08\/fio.jpg\" \/>\n\t<meta property=\"og:image:width\" content=\"482\" \/>\n\t<meta property=\"og:image:height\" content=\"143\" \/>\n\t<meta property=\"og:image:type\" content=\"image\/jpeg\" \/>\n<meta name=\"author\" content=\"RMCR\" \/>\n<meta name=\"twitter:card\" content=\"summary_large_image\" \/>\n<meta name=\"twitter:creator\" content=\"@PlazatorosRMR\" \/>\n<meta name=\"twitter:site\" content=\"@PlazatorosRMR\" \/>\n<meta name=\"twitter:label1\" content=\"Written by\" \/>\n\t<meta name=\"twitter:data1\" content=\"RMCR\" \/>\n\t<meta name=\"twitter:label2\" content=\"Est. reading time\" \/>\n\t<meta name=\"twitter:data2\" content=\"1 minute\" \/>\n<script type=\"application\/ld+json\" class=\"yoast-schema-graph\">{\"@context\":\"https:\\\/\\\/schema.org\",\"@graph\":[{\"@type\":\"Article\",\"@id\":\"https:\\\/\\\/www.rmcr.org\\\/en\\\/2018\\\/08\\\/02\\\/moises-jover-y-severo-jurado-representaran-a-espana-en-europa-y-usa\\\/#article\",\"isPartOf\":{\"@id\":\"https:\\\/\\\/www.rmcr.org\\\/en\\\/2018\\\/08\\\/02\\\/moises-jover-y-severo-jurado-representaran-a-espana-en-europa-y-usa\\\/\"},\"author\":{\"name\":\"RMCR\",\"@id\":\"https:\\\/\\\/www.rmcr.org\\\/en\\\/#\\\/schema\\\/person\\\/7ddd0dafda7edd0e407157f93a56df4f\"},\"headline\":\"Mois\u00e9s Jover y Severo Jurado representar\u00e1n a Espa\u00f1a en Europa y USA\",\"datePublished\":\"2018-08-02T10:17:05+00:00\",\"mainEntityOfPage\":{\"@id\":\"https:\\\/\\\/www.rmcr.org\\\/en\\\/2018\\\/08\\\/02\\\/moises-jover-y-severo-jurado-representaran-a-espana-en-europa-y-usa\\\/\"},\"wordCount\":162,\"publisher\":{\"@id\":\"https:\\\/\\\/www.rmcr.org\\\/en\\\/#organization\"},\"image\":{\"@id\":\"https:\\\/\\\/www.rmcr.org\\\/en\\\/2018\\\/08\\\/02\\\/moises-jover-y-severo-jurado-representaran-a-espana-en-europa-y-usa\\\/#primaryimage\"},\"thumbnailUrl\":\"https:\\\/\\\/www.rmcr.org\\\/wp-content\\\/uploads\\\/2016\\\/08\\\/fio.jpg\",\"articleSection\":[\"Actividades Deportivas\",\"Escuela de Equitaci\u00f3n\"],\"inLanguage\":\"en-US\"},{\"@type\":\"WebPage\",\"@id\":\"https:\\\/\\\/www.rmcr.org\\\/en\\\/2018\\\/08\\\/02\\\/moises-jover-y-severo-jurado-representaran-a-espana-en-europa-y-usa\\\/\",\"url\":\"https:\\\/\\\/www.rmcr.org\\\/en\\\/2018\\\/08\\\/02\\\/moises-jover-y-severo-jurado-representaran-a-espana-en-europa-y-usa\\\/\",\"name\":\"Mois\u00e9s Jover y Severo Jurado representar\u00e1n a Espa\u00f1a en Europa y USA - Real Maestranza de Caballer\u00eda de Ronda\",\"isPartOf\":{\"@id\":\"https:\\\/\\\/www.rmcr.org\\\/en\\\/#website\"},\"primaryImageOfPage\":{\"@id\":\"https:\\\/\\\/www.rmcr.org\\\/en\\\/2018\\\/08\\\/02\\\/moises-jover-y-severo-jurado-representaran-a-espana-en-europa-y-usa\\\/#primaryimage\"},\"image\":{\"@id\":\"https:\\\/\\\/www.rmcr.org\\\/en\\\/2018\\\/08\\\/02\\\/moises-jover-y-severo-jurado-representaran-a-espana-en-europa-y-usa\\\/#primaryimage\"},\"thumbnailUrl\":\"https:\\\/\\\/www.rmcr.org\\\/wp-content\\\/uploads\\\/2016\\\/08\\\/fio.jpg\",\"datePublished\":\"2018-08-02T10:17:05+00:00\",\"breadcrumb\":{\"@id\":\"https:\\\/\\\/www.rmcr.org\\\/en\\\/2018\\\/08\\\/02\\\/moises-jover-y-severo-jurado-representaran-a-espana-en-europa-y-usa\\\/#breadcrumb\"},\"inLanguage\":\"en-US\",\"potentialAction\":[{\"@type\":\"ReadAction\",\"target\":[\"https:\\\/\\\/www.rmcr.org\\\/en\\\/2018\\\/08\\\/02\\\/moises-jover-y-severo-jurado-representaran-a-espana-en-europa-y-usa\\\/\"]}]},{\"@type\":\"ImageObject\",\"inLanguage\":\"en-US\",\"@id\":\"https:\\\/\\\/www.rmcr.org\\\/en\\\/2018\\\/08\\\/02\\\/moises-jover-y-severo-jurado-representaran-a-espana-en-europa-y-usa\\\/#primaryimage\",\"url\":\"https:\\\/\\\/www.rmcr.org\\\/wp-content\\\/uploads\\\/2016\\\/08\\\/fio.jpg\",\"contentUrl\":\"https:\\\/\\\/www.rmcr.org\\\/wp-content\\\/uploads\\\/2016\\\/08\\\/fio.jpg\",\"width\":482,\"height\":143},{\"@type\":\"BreadcrumbList\",\"@id\":\"https:\\\/\\\/www.rmcr.org\\\/en\\\/2018\\\/08\\\/02\\\/moises-jover-y-severo-jurado-representaran-a-espana-en-europa-y-usa\\\/#breadcrumb\",\"itemListElement\":[{\"@type\":\"ListItem\",\"position\":1,\"name\":\"REAL MAESTRANZA DE CABALLER\u00cdA DE RONDA\",\"item\":\"https:\\\/\\\/www.rmcr.org\\\/en\\\/\"},{\"@type\":\"ListItem\",\"position\":2,\"name\":\"Mois\u00e9s Jover y Severo Jurado representar\u00e1n a Espa\u00f1a en Europa y USA\"}]},{\"@type\":\"WebSite\",\"@id\":\"https:\\\/\\\/www.rmcr.org\\\/en\\\/#website\",\"url\":\"https:\\\/\\\/www.rmcr.org\\\/en\\\/\",\"name\":\"Real Maestranza de Caballer\u00eda de Ronda\",\"description\":\"Real Maestranza de Caballer\u00eda de Ronda\",\"publisher\":{\"@id\":\"https:\\\/\\\/www.rmcr.org\\\/en\\\/#organization\"},\"alternateName\":\"RMCR\",\"potentialAction\":[{\"@type\":\"SearchAction\",\"target\":{\"@type\":\"EntryPoint\",\"urlTemplate\":\"https:\\\/\\\/www.rmcr.org\\\/en\\\/?s={search_term_string}\"},\"query-input\":{\"@type\":\"PropertyValueSpecification\",\"valueRequired\":true,\"valueName\":\"search_term_string\"}}],\"inLanguage\":\"en-US\"},{\"@type\":\"Organization\",\"@id\":\"https:\\\/\\\/www.rmcr.org\\\/en\\\/#organization\",\"name\":\"Real Maestranza de Caballer\u00eda de Ronda\",\"alternateName\":\"RMR\",\"url\":\"https:\\\/\\\/www.rmcr.org\\\/en\\\/\",\"logo\":{\"@type\":\"ImageObject\",\"inLanguage\":\"en-US\",\"@id\":\"https:\\\/\\\/www.rmcr.org\\\/en\\\/#\\\/schema\\\/logo\\\/image\\\/\",\"url\":\"https:\\\/\\\/www.rmcr.org\\\/wp-content\\\/uploads\\\/2022\\\/07\\\/logo-rmr-blue.svg\",\"contentUrl\":\"https:\\\/\\\/www.rmcr.org\\\/wp-content\\\/uploads\\\/2022\\\/07\\\/logo-rmr-blue.svg\",\"width\":131,\"height\":129,\"caption\":\"Real Maestranza de Caballer\u00eda de Ronda\"},\"image\":{\"@id\":\"https:\\\/\\\/www.rmcr.org\\\/en\\\/#\\\/schema\\\/logo\\\/image\\\/\"},\"sameAs\":[\"https:\\\/\\\/www.facebook.com\\\/plazadetorosronda\",\"https:\\\/\\\/x.com\\\/PlazatorosRMR\",\"https:\\\/\\\/www.instagram.com\\\/realmaestranzaderonda\\\/\",\"https:\\\/\\\/www.youtube.com\\\/channel\\\/UCrbO5IUN-8v_QML739vM4zg\\\/videos\"]},{\"@type\":\"Person\",\"@id\":\"https:\\\/\\\/www.rmcr.org\\\/en\\\/#\\\/schema\\\/person\\\/7ddd0dafda7edd0e407157f93a56df4f\",\"name\":\"RMCR\",\"image\":{\"@type\":\"ImageObject\",\"inLanguage\":\"en-US\",\"@id\":\"https:\\\/\\\/secure.gravatar.com\\\/avatar\\\/adb75798b50800c24baa6a8706037b9469998c49eddeb95935f50f633cff80bb?s=96&d=mm&r=g\",\"url\":\"https:\\\/\\\/secure.gravatar.com\\\/avatar\\\/adb75798b50800c24baa6a8706037b9469998c49eddeb95935f50f633cff80bb?s=96&d=mm&r=g\",\"contentUrl\":\"https:\\\/\\\/secure.gravatar.com\\\/avatar\\\/adb75798b50800c24baa6a8706037b9469998c49eddeb95935f50f633cff80bb?s=96&d=mm&r=g\",\"caption\":\"RMCR\"},\"url\":\"https:\\\/\\\/www.rmcr.org\\\/en\\\/author\\\/bitniks77\\\/\"}]}<\/script>\n<!-- \/ Yoast SEO plugin. -->","yoast_head_json":{"title":"Mois\u00e9s Jover y Severo Jurado representar\u00e1n a Espa\u00f1a en Europa y USA - Real Maestranza de Caballer\u00eda de Ronda","robots":{"index":"index","follow":"follow","max-snippet":"max-snippet:-1","max-image-preview":"max-image-preview:large","max-video-preview":"max-video-preview:-1"},"canonical":"https:\/\/www.rmcr.org\/en\/2018\/08\/02\/moises-jover-y-severo-jurado-representaran-a-espana-en-europa-y-usa\/","og_locale":"en_US","og_type":"article","og_title":"Mois\u00e9s Jover y Severo Jurado representar\u00e1n a Espa\u00f1a en Europa y USA - Real Maestranza de Caballer\u00eda de Ronda","og_description":"Con la participaci\u00f3n en las \u00faltimas pruebas seleccionadas por la Real Federaci\u00f3n H\u00edpica Espa\u00f1ola, la Direcci\u00f3n T\u00e9cnica de Doma Cl\u00e1sica ha hecho p\u00fablico el listado de los integrantes de los equipos en cada una de las categor\u00edas. Mois\u00e9s Jover participar\u00e1 con el caballo Black Painted Z \u00a0en el Campeonato de Europa U25 de Exleo (Holanda) [&hellip;]","og_url":"https:\/\/www.rmcr.org\/en\/2018\/08\/02\/moises-jover-y-severo-jurado-representaran-a-espana-en-europa-y-usa\/","og_site_name":"Real Maestranza de Caballer\u00eda de Ronda","article_publisher":"https:\/\/www.facebook.com\/plazadetorosronda","article_published_time":"2018-08-02T10:17:05+00:00","og_image":[{"width":482,"height":143,"url":"https:\/\/www.rmcr.org\/wp-content\/uploads\/2016\/08\/fio.jpg","type":"image\/jpeg"}],"author":"RMCR","twitter_card":"summary_large_image","twitter_creator":"@PlazatorosRMR","twitter_site":"@PlazatorosRMR","twitter_misc":{"Written by":"RMCR","Est. reading time":"1 minute"},"schema":{"@context":"https:\/\/schema.org","@graph":[{"@type":"Article","@id":"https:\/\/www.rmcr.org\/en\/2018\/08\/02\/moises-jover-y-severo-jurado-representaran-a-espana-en-europa-y-usa\/#article","isPartOf":{"@id":"https:\/\/www.rmcr.org\/en\/2018\/08\/02\/moises-jover-y-severo-jurado-representaran-a-espana-en-europa-y-usa\/"},"author":{"name":"RMCR","@id":"https:\/\/www.rmcr.org\/en\/#\/schema\/person\/7ddd0dafda7edd0e407157f93a56df4f"},"headline":"Mois\u00e9s Jover y Severo Jurado representar\u00e1n a Espa\u00f1a en Europa y USA","datePublished":"2018-08-02T10:17:05+00:00","mainEntityOfPage":{"@id":"https:\/\/www.rmcr.org\/en\/2018\/08\/02\/moises-jover-y-severo-jurado-representaran-a-espana-en-europa-y-usa\/"},"wordCount":162,"publisher":{"@id":"https:\/\/www.rmcr.org\/en\/#organization"},"image":{"@id":"https:\/\/www.rmcr.org\/en\/2018\/08\/02\/moises-jover-y-severo-jurado-representaran-a-espana-en-europa-y-usa\/#primaryimage"},"thumbnailUrl":"https:\/\/www.rmcr.org\/wp-content\/uploads\/2016\/08\/fio.jpg","articleSection":["Actividades Deportivas","Escuela de Equitaci\u00f3n"],"inLanguage":"en-US"},{"@type":"WebPage","@id":"https:\/\/www.rmcr.org\/en\/2018\/08\/02\/moises-jover-y-severo-jurado-representaran-a-espana-en-europa-y-usa\/","url":"https:\/\/www.rmcr.org\/en\/2018\/08\/02\/moises-jover-y-severo-jurado-representaran-a-espana-en-europa-y-usa\/","name":"Mois\u00e9s Jover y Severo Jurado representar\u00e1n a Espa\u00f1a en Europa y USA - Real Maestranza de Caballer\u00eda de Ronda","isPartOf":{"@id":"https:\/\/www.rmcr.org\/en\/#website"},"primaryImageOfPage":{"@id":"https:\/\/www.rmcr.org\/en\/2018\/08\/02\/moises-jover-y-severo-jurado-representaran-a-espana-en-europa-y-usa\/#primaryimage"},"image":{"@id":"https:\/\/www.rmcr.org\/en\/2018\/08\/02\/moises-jover-y-severo-jurado-representaran-a-espana-en-europa-y-usa\/#primaryimage"},"thumbnailUrl":"https:\/\/www.rmcr.org\/wp-content\/uploads\/2016\/08\/fio.jpg","datePublished":"2018-08-02T10:17:05+00:00","breadcrumb":{"@id":"https:\/\/www.rmcr.org\/en\/2018\/08\/02\/moises-jover-y-severo-jurado-representaran-a-espana-en-europa-y-usa\/#breadcrumb"},"inLanguage":"en-US","potentialAction":[{"@type":"ReadAction","target":["https:\/\/www.rmcr.org\/en\/2018\/08\/02\/moises-jover-y-severo-jurado-representaran-a-espana-en-europa-y-usa\/"]}]},{"@type":"ImageObject","inLanguage":"en-US","@id":"https:\/\/www.rmcr.org\/en\/2018\/08\/02\/moises-jover-y-severo-jurado-representaran-a-espana-en-europa-y-usa\/#primaryimage","url":"https:\/\/www.rmcr.org\/wp-content\/uploads\/2016\/08\/fio.jpg","contentUrl":"https:\/\/www.rmcr.org\/wp-content\/uploads\/2016\/08\/fio.jpg","width":482,"height":143},{"@type":"BreadcrumbList","@id":"https:\/\/www.rmcr.org\/en\/2018\/08\/02\/moises-jover-y-severo-jurado-representaran-a-espana-en-europa-y-usa\/#breadcrumb","itemListElement":[{"@type":"ListItem","position":1,"name":"REAL MAESTRANZA DE CABALLER\u00cdA DE RONDA","item":"https:\/\/www.rmcr.org\/en\/"},{"@type":"ListItem","position":2,"name":"Mois\u00e9s Jover y Severo Jurado representar\u00e1n a Espa\u00f1a en Europa y USA"}]},{"@type":"WebSite","@id":"https:\/\/www.rmcr.org\/en\/#website","url":"https:\/\/www.rmcr.org\/en\/","name":"Real Maestranza de Caballer\u00eda de Ronda","description":"Real Maestranza de Caballer\u00eda de Ronda","publisher":{"@id":"https:\/\/www.rmcr.org\/en\/#organization"},"alternateName":"RMCR","potentialAction":[{"@type":"SearchAction","target":{"@type":"EntryPoint","urlTemplate":"https:\/\/www.rmcr.org\/en\/?s={search_term_string}"},"query-input":{"@type":"PropertyValueSpecification","valueRequired":true,"valueName":"search_term_string"}}],"inLanguage":"en-US"},{"@type":"Organization","@id":"https:\/\/www.rmcr.org\/en\/#organization","name":"Real Maestranza de Caballer\u00eda de Ronda","alternateName":"RMR","url":"https:\/\/www.rmcr.org\/en\/","logo":{"@type":"ImageObject","inLanguage":"en-US","@id":"https:\/\/www.rmcr.org\/en\/#\/schema\/logo\/image\/","url":"https:\/\/www.rmcr.org\/wp-content\/uploads\/2022\/07\/logo-rmr-blue.svg","contentUrl":"https:\/\/www.rmcr.org\/wp-content\/uploads\/2022\/07\/logo-rmr-blue.svg","width":131,"height":129,"caption":"Real Maestranza de Caballer\u00eda de Ronda"},"image":{"@id":"https:\/\/www.rmcr.org\/en\/#\/schema\/logo\/image\/"},"sameAs":["https:\/\/www.facebook.com\/plazadetorosronda","https:\/\/x.com\/PlazatorosRMR","https:\/\/www.instagram.com\/realmaestranzaderonda\/","https:\/\/www.youtube.com\/channel\/UCrbO5IUN-8v_QML739vM4zg\/videos"]},{"@type":"Person","@id":"https:\/\/www.rmcr.org\/en\/#\/schema\/person\/7ddd0dafda7edd0e407157f93a56df4f","name":"RMCR","image":{"@type":"ImageObject","inLanguage":"en-US","@id":"https:\/\/secure.gravatar.com\/avatar\/adb75798b50800c24baa6a8706037b9469998c49eddeb95935f50f633cff80bb?s=96&d=mm&r=g","url":"https:\/\/secure.gravatar.com\/avatar\/adb75798b50800c24baa6a8706037b9469998c49eddeb95935f50f633cff80bb?s=96&d=mm&r=g","contentUrl":"https:\/\/secure.gravatar.com\/avatar\/adb75798b50800c24baa6a8706037b9469998c49eddeb95935f50f633cff80bb?s=96&d=mm&r=g","caption":"RMCR"},"url":"https:\/\/www.rmcr.org\/en\/author\/bitniks77\/"}]}},"_links":{"self":[{"href":"https:\/\/www.rmcr.org\/en\/wp-json\/wp\/v2\/posts\/1343","targetHints":{"allow":["GET"]}}],"collection":[{"href":"https:\/\/www.rmcr.org\/en\/wp-json\/wp\/v2\/posts"}],"about":[{"href":"https:\/\/www.rmcr.org\/en\/wp-json\/wp\/v2\/types\/post"}],"author":[{"embeddable":true,"href":"https:\/\/www.rmcr.org\/en\/wp-json\/wp\/v2\/users\/7"}],"replies":[{"embeddable":true,"href":"https:\/\/www.rmcr.org\/en\/wp-json\/wp\/v2\/comments?post=1343"}],"version-history":[{"count":0,"href":"https:\/\/www.rmcr.org\/en\/wp-json\/wp\/v2\/posts\/1343\/revisions"}],"wp:featuredmedia":[{"embeddable":true,"href":"https:\/\/www.rmcr.org\/en\/wp-json\/wp\/v2\/media\/6027"}],"wp:attachment":[{"href":"https:\/\/www.rmcr.org\/en\/wp-json\/wp\/v2\/media?parent=1343"}],"wp:term":[{"taxonomy":"category","embeddable":true,"href":"https:\/\/www.rmcr.org\/en\/wp-json\/wp\/v2\/categories?post=1343"},{"taxonomy":"post_tag","embeddable":true,"href":"https:\/\/www.rmcr.org\/en\/wp-json\/wp\/v2\/tags?post=1343"}],"curies":[{"name":"wp","href":"https:\/\/api.w.org\/{rel}","templated":true}]}}