{"id":1304,"date":"2018-05-11T12:14:39","date_gmt":"2018-05-11T12:14:39","guid":{"rendered":"https:\/\/www.rmcr.org\/?p=1304"},"modified":"2023-02-13T15:20:34","modified_gmt":"2023-02-13T15:20:34","slug":"retos-del-sector-equino-en-espana-mesa-redonda-en-el-ministerio-de-agricultura","status":"publish","type":"post","link":"https:\/\/www.rmcr.org\/en\/2018\/05\/11\/retos-del-sector-equino-en-espana-mesa-redonda-en-el-ministerio-de-agricultura\/","title":{"rendered":"Mesa redonda en el Ministerio de Agricultura"},"content":{"rendered":"<p>Bajo el t\u00edtulo de \u2018Retos del sector equino en Espa\u00f1a\u2019, a final del mes de abril, se desarroll\u00f3 una jornada con diversas ponencias, donde se dio una visi\u00f3n global del sector, a cargo de distintos expertos.<\/p>\n<p>El inter\u00e9s despertado por la convocatoria, complet\u00f3 el aforo del Sal\u00f3n de Actos del Ministerio de Agricultura y Pesca, Alimentaci\u00f3n y Medio Ambiente con aficionados y profesionales venidos de todas las Comunidades Aut\u00f3nomas.<\/p>\n<p><a href=\"https:\/\/www.rmcr.org\/wp-content\/uploads\/2018\/05\/foto-ministerio1.png\"><img fetchpriority=\"high\" decoding=\"async\" class=\"size-large wp-image-1306 aligncenter\" src=\"https:\/\/www.rmcr.org\/wp-content\/uploads\/2018\/05\/foto-ministerio1.png?w=470\" alt=\"\" width=\"470\" height=\"478\" srcset=\"https:\/\/www.rmcr.org\/wp-content\/uploads\/2018\/05\/foto-ministerio1.png 563w, https:\/\/www.rmcr.org\/wp-content\/uploads\/2018\/05\/foto-ministerio1-295x300.png 295w, https:\/\/www.rmcr.org\/wp-content\/uploads\/2018\/05\/foto-ministerio1-24x24.png 24w, https:\/\/www.rmcr.org\/wp-content\/uploads\/2018\/05\/foto-ministerio1-48x48.png 48w\" sizes=\"(max-width: 470px) 100vw, 470px\" \/><\/a><\/p>\n<p>El Director de la Escuela de Equitaci\u00f3n de RMR que bajo el t\u00edtulo \u201cLa formaci\u00f3n Ecuestre en Espa\u00f1a\u201d expuso la situaci\u00f3n y normativa actual de formaci\u00f3n tanto a nivel privado como p\u00fablico.<\/p>\n<p>Para finalizar, se llev\u00f3 a cabo una mesa redonda moderada por D. Arnaldo Cabello Navarro, Subdirector General de Medios de Producci\u00f3n Ganaderos y clausurando la jornada D. Carlos Cabanas Godino como Secretario General de Agricultura y Alimentaci\u00f3n.<\/p>\n","protected":false},"excerpt":{"rendered":"<p>Bajo el t\u00edtulo de \u2018Retos del sector equino en Espa\u00f1a\u2019, a final del mes de abril, se desarroll\u00f3 una jornada con diversas ponencias, donde se dio una visi\u00f3n global del sector, a cargo de distintos expertos. El inter\u00e9s despertado por la convocatoria, complet\u00f3 el aforo del Sal\u00f3n de Actos del Ministerio de Agricultura y Pesca, [&hellip;]<\/p>\n","protected":false},"author":7,"featured_media":9232,"comment_status":"closed","ping_status":"open","sticky":false,"template":"","format":"standard","meta":{"footnotes":""},"categories":[65,56],"tags":[85,86],"class_list":["post-1304","post","type-post","status-publish","format-standard","has-post-thumbnail","hentry","category-actividades-deportivas","category-escuela-de-equitacion","tag-ministerio-de-agricultura","tag-sector-equino"],"yoast_head":"<!-- This site is optimized with the Yoast SEO plugin v27.5 - https:\/\/yoast.com\/product\/yoast-seo-wordpress\/ -->\n<title>Mesa redonda en el Ministerio de Agricultura - Real Maestranza de Caballer\u00eda de Ronda<\/title>\n<meta name=\"robots\" content=\"index, follow, max-snippet:-1, max-image-preview:large, max-video-preview:-1\" \/>\n<link rel=\"canonical\" href=\"https:\/\/www.rmcr.org\/en\/2018\/05\/11\/retos-del-sector-equino-en-espana-mesa-redonda-en-el-ministerio-de-agricultura\/\" \/>\n<meta property=\"og:locale\" content=\"en_US\" \/>\n<meta property=\"og:type\" content=\"article\" \/>\n<meta property=\"og:title\" content=\"Mesa redonda en el Ministerio de Agricultura - Real Maestranza de Caballer\u00eda de Ronda\" \/>\n<meta property=\"og:description\" content=\"Bajo el t\u00edtulo de \u2018Retos del sector equino en Espa\u00f1a\u2019, a final del mes de abril, se desarroll\u00f3 una jornada con diversas ponencias, donde se dio una visi\u00f3n global del sector, a cargo de distintos expertos. El inter\u00e9s despertado por la convocatoria, complet\u00f3 el aforo del Sal\u00f3n de Actos del Ministerio de Agricultura y Pesca, [&hellip;]\" \/>\n<meta property=\"og:url\" content=\"https:\/\/www.rmcr.org\/en\/2018\/05\/11\/retos-del-sector-equino-en-espana-mesa-redonda-en-el-ministerio-de-agricultura\/\" \/>\n<meta property=\"og:site_name\" content=\"Real Maestranza de Caballer\u00eda de Ronda\" \/>\n<meta property=\"article:publisher\" content=\"https:\/\/www.facebook.com\/plazadetorosronda\" \/>\n<meta property=\"article:published_time\" content=\"2018-05-11T12:14:39+00:00\" \/>\n<meta property=\"article:modified_time\" content=\"2023-02-13T15:20:34+00:00\" \/>\n<meta property=\"og:image\" content=\"https:\/\/www.rmcr.org\/wp-content\/uploads\/2018\/05\/foto-ministerio1.png\" \/>\n\t<meta property=\"og:image:width\" content=\"563\" \/>\n\t<meta property=\"og:image:height\" content=\"573\" \/>\n\t<meta property=\"og:image:type\" content=\"image\/png\" \/>\n<meta name=\"author\" content=\"RMCR\" \/>\n<meta name=\"twitter:card\" content=\"summary_large_image\" \/>\n<meta name=\"twitter:creator\" content=\"@PlazatorosRMR\" \/>\n<meta name=\"twitter:site\" content=\"@PlazatorosRMR\" \/>\n<meta name=\"twitter:label1\" content=\"Written by\" \/>\n\t<meta name=\"twitter:data1\" content=\"RMCR\" \/>\n\t<meta name=\"twitter:label2\" content=\"Est. reading time\" \/>\n\t<meta name=\"twitter:data2\" content=\"1 minute\" \/>\n<script type=\"application\/ld+json\" class=\"yoast-schema-graph\">{\"@context\":\"https:\\\/\\\/schema.org\",\"@graph\":[{\"@type\":\"Article\",\"@id\":\"https:\\\/\\\/www.rmcr.org\\\/en\\\/2018\\\/05\\\/11\\\/retos-del-sector-equino-en-espana-mesa-redonda-en-el-ministerio-de-agricultura\\\/#article\",\"isPartOf\":{\"@id\":\"https:\\\/\\\/www.rmcr.org\\\/en\\\/2018\\\/05\\\/11\\\/retos-del-sector-equino-en-espana-mesa-redonda-en-el-ministerio-de-agricultura\\\/\"},\"author\":{\"name\":\"RMCR\",\"@id\":\"https:\\\/\\\/www.rmcr.org\\\/en\\\/#\\\/schema\\\/person\\\/7ddd0dafda7edd0e407157f93a56df4f\"},\"headline\":\"Mesa redonda en el Ministerio de Agricultura\",\"datePublished\":\"2018-05-11T12:14:39+00:00\",\"dateModified\":\"2023-02-13T15:20:34+00:00\",\"mainEntityOfPage\":{\"@id\":\"https:\\\/\\\/www.rmcr.org\\\/en\\\/2018\\\/05\\\/11\\\/retos-del-sector-equino-en-espana-mesa-redonda-en-el-ministerio-de-agricultura\\\/\"},\"wordCount\":161,\"publisher\":{\"@id\":\"https:\\\/\\\/www.rmcr.org\\\/en\\\/#organization\"},\"image\":{\"@id\":\"https:\\\/\\\/www.rmcr.org\\\/en\\\/2018\\\/05\\\/11\\\/retos-del-sector-equino-en-espana-mesa-redonda-en-el-ministerio-de-agricultura\\\/#primaryimage\"},\"thumbnailUrl\":\"https:\\\/\\\/www.rmcr.org\\\/wp-content\\\/uploads\\\/2018\\\/05\\\/foto-ministerio1.png\",\"keywords\":[\"Ministerio de Agricultura\",\"Sector equino\"],\"articleSection\":[\"Actividades Deportivas\",\"Escuela de Equitaci\u00f3n\"],\"inLanguage\":\"en-US\"},{\"@type\":\"WebPage\",\"@id\":\"https:\\\/\\\/www.rmcr.org\\\/en\\\/2018\\\/05\\\/11\\\/retos-del-sector-equino-en-espana-mesa-redonda-en-el-ministerio-de-agricultura\\\/\",\"url\":\"https:\\\/\\\/www.rmcr.org\\\/en\\\/2018\\\/05\\\/11\\\/retos-del-sector-equino-en-espana-mesa-redonda-en-el-ministerio-de-agricultura\\\/\",\"name\":\"Mesa redonda en el Ministerio de Agricultura - Real Maestranza de Caballer\u00eda de Ronda\",\"isPartOf\":{\"@id\":\"https:\\\/\\\/www.rmcr.org\\\/en\\\/#website\"},\"primaryImageOfPage\":{\"@id\":\"https:\\\/\\\/www.rmcr.org\\\/en\\\/2018\\\/05\\\/11\\\/retos-del-sector-equino-en-espana-mesa-redonda-en-el-ministerio-de-agricultura\\\/#primaryimage\"},\"image\":{\"@id\":\"https:\\\/\\\/www.rmcr.org\\\/en\\\/2018\\\/05\\\/11\\\/retos-del-sector-equino-en-espana-mesa-redonda-en-el-ministerio-de-agricultura\\\/#primaryimage\"},\"thumbnailUrl\":\"https:\\\/\\\/www.rmcr.org\\\/wp-content\\\/uploads\\\/2018\\\/05\\\/foto-ministerio1.png\",\"datePublished\":\"2018-05-11T12:14:39+00:00\",\"dateModified\":\"2023-02-13T15:20:34+00:00\",\"breadcrumb\":{\"@id\":\"https:\\\/\\\/www.rmcr.org\\\/en\\\/2018\\\/05\\\/11\\\/retos-del-sector-equino-en-espana-mesa-redonda-en-el-ministerio-de-agricultura\\\/#breadcrumb\"},\"inLanguage\":\"en-US\",\"potentialAction\":[{\"@type\":\"ReadAction\",\"target\":[\"https:\\\/\\\/www.rmcr.org\\\/en\\\/2018\\\/05\\\/11\\\/retos-del-sector-equino-en-espana-mesa-redonda-en-el-ministerio-de-agricultura\\\/\"]}]},{\"@type\":\"ImageObject\",\"inLanguage\":\"en-US\",\"@id\":\"https:\\\/\\\/www.rmcr.org\\\/en\\\/2018\\\/05\\\/11\\\/retos-del-sector-equino-en-espana-mesa-redonda-en-el-ministerio-de-agricultura\\\/#primaryimage\",\"url\":\"https:\\\/\\\/www.rmcr.org\\\/wp-content\\\/uploads\\\/2018\\\/05\\\/foto-ministerio1.png\",\"contentUrl\":\"https:\\\/\\\/www.rmcr.org\\\/wp-content\\\/uploads\\\/2018\\\/05\\\/foto-ministerio1.png\",\"width\":563,\"height\":573},{\"@type\":\"BreadcrumbList\",\"@id\":\"https:\\\/\\\/www.rmcr.org\\\/en\\\/2018\\\/05\\\/11\\\/retos-del-sector-equino-en-espana-mesa-redonda-en-el-ministerio-de-agricultura\\\/#breadcrumb\",\"itemListElement\":[{\"@type\":\"ListItem\",\"position\":1,\"name\":\"REAL MAESTRANZA DE CABALLER\u00cdA DE RONDA\",\"item\":\"https:\\\/\\\/www.rmcr.org\\\/en\\\/\"},{\"@type\":\"ListItem\",\"position\":2,\"name\":\"Mesa redonda en el Ministerio de Agricultura\"}]},{\"@type\":\"WebSite\",\"@id\":\"https:\\\/\\\/www.rmcr.org\\\/en\\\/#website\",\"url\":\"https:\\\/\\\/www.rmcr.org\\\/en\\\/\",\"name\":\"Real Maestranza de Caballer\u00eda de Ronda\",\"description\":\"Real Maestranza de Caballer\u00eda de Ronda\",\"publisher\":{\"@id\":\"https:\\\/\\\/www.rmcr.org\\\/en\\\/#organization\"},\"alternateName\":\"RMCR\",\"potentialAction\":[{\"@type\":\"SearchAction\",\"target\":{\"@type\":\"EntryPoint\",\"urlTemplate\":\"https:\\\/\\\/www.rmcr.org\\\/en\\\/?s={search_term_string}\"},\"query-input\":{\"@type\":\"PropertyValueSpecification\",\"valueRequired\":true,\"valueName\":\"search_term_string\"}}],\"inLanguage\":\"en-US\"},{\"@type\":\"Organization\",\"@id\":\"https:\\\/\\\/www.rmcr.org\\\/en\\\/#organization\",\"name\":\"Real Maestranza de Caballer\u00eda de Ronda\",\"alternateName\":\"RMR\",\"url\":\"https:\\\/\\\/www.rmcr.org\\\/en\\\/\",\"logo\":{\"@type\":\"ImageObject\",\"inLanguage\":\"en-US\",\"@id\":\"https:\\\/\\\/www.rmcr.org\\\/en\\\/#\\\/schema\\\/logo\\\/image\\\/\",\"url\":\"https:\\\/\\\/www.rmcr.org\\\/wp-content\\\/uploads\\\/2022\\\/07\\\/logo-rmr-blue.svg\",\"contentUrl\":\"https:\\\/\\\/www.rmcr.org\\\/wp-content\\\/uploads\\\/2022\\\/07\\\/logo-rmr-blue.svg\",\"width\":131,\"height\":129,\"caption\":\"Real Maestranza de Caballer\u00eda de Ronda\"},\"image\":{\"@id\":\"https:\\\/\\\/www.rmcr.org\\\/en\\\/#\\\/schema\\\/logo\\\/image\\\/\"},\"sameAs\":[\"https:\\\/\\\/www.facebook.com\\\/plazadetorosronda\",\"https:\\\/\\\/x.com\\\/PlazatorosRMR\",\"https:\\\/\\\/www.instagram.com\\\/realmaestranzaderonda\\\/\",\"https:\\\/\\\/www.youtube.com\\\/channel\\\/UCrbO5IUN-8v_QML739vM4zg\\\/videos\"]},{\"@type\":\"Person\",\"@id\":\"https:\\\/\\\/www.rmcr.org\\\/en\\\/#\\\/schema\\\/person\\\/7ddd0dafda7edd0e407157f93a56df4f\",\"name\":\"RMCR\",\"image\":{\"@type\":\"ImageObject\",\"inLanguage\":\"en-US\",\"@id\":\"https:\\\/\\\/secure.gravatar.com\\\/avatar\\\/adb75798b50800c24baa6a8706037b9469998c49eddeb95935f50f633cff80bb?s=96&d=mm&r=g\",\"url\":\"https:\\\/\\\/secure.gravatar.com\\\/avatar\\\/adb75798b50800c24baa6a8706037b9469998c49eddeb95935f50f633cff80bb?s=96&d=mm&r=g\",\"contentUrl\":\"https:\\\/\\\/secure.gravatar.com\\\/avatar\\\/adb75798b50800c24baa6a8706037b9469998c49eddeb95935f50f633cff80bb?s=96&d=mm&r=g\",\"caption\":\"RMCR\"},\"url\":\"https:\\\/\\\/www.rmcr.org\\\/en\\\/author\\\/bitniks77\\\/\"}]}<\/script>\n<!-- \/ Yoast SEO plugin. -->","yoast_head_json":{"title":"Mesa redonda en el Ministerio de Agricultura - Real Maestranza de Caballer\u00eda de Ronda","robots":{"index":"index","follow":"follow","max-snippet":"max-snippet:-1","max-image-preview":"max-image-preview:large","max-video-preview":"max-video-preview:-1"},"canonical":"https:\/\/www.rmcr.org\/en\/2018\/05\/11\/retos-del-sector-equino-en-espana-mesa-redonda-en-el-ministerio-de-agricultura\/","og_locale":"en_US","og_type":"article","og_title":"Mesa redonda en el Ministerio de Agricultura - Real Maestranza de Caballer\u00eda de Ronda","og_description":"Bajo el t\u00edtulo de \u2018Retos del sector equino en Espa\u00f1a\u2019, a final del mes de abril, se desarroll\u00f3 una jornada con diversas ponencias, donde se dio una visi\u00f3n global del sector, a cargo de distintos expertos. El inter\u00e9s despertado por la convocatoria, complet\u00f3 el aforo del Sal\u00f3n de Actos del Ministerio de Agricultura y Pesca, [&hellip;]","og_url":"https:\/\/www.rmcr.org\/en\/2018\/05\/11\/retos-del-sector-equino-en-espana-mesa-redonda-en-el-ministerio-de-agricultura\/","og_site_name":"Real Maestranza de Caballer\u00eda de Ronda","article_publisher":"https:\/\/www.facebook.com\/plazadetorosronda","article_published_time":"2018-05-11T12:14:39+00:00","article_modified_time":"2023-02-13T15:20:34+00:00","og_image":[{"width":563,"height":573,"url":"https:\/\/www.rmcr.org\/wp-content\/uploads\/2018\/05\/foto-ministerio1.png","type":"image\/png"}],"author":"RMCR","twitter_card":"summary_large_image","twitter_creator":"@PlazatorosRMR","twitter_site":"@PlazatorosRMR","twitter_misc":{"Written by":"RMCR","Est. reading time":"1 minute"},"schema":{"@context":"https:\/\/schema.org","@graph":[{"@type":"Article","@id":"https:\/\/www.rmcr.org\/en\/2018\/05\/11\/retos-del-sector-equino-en-espana-mesa-redonda-en-el-ministerio-de-agricultura\/#article","isPartOf":{"@id":"https:\/\/www.rmcr.org\/en\/2018\/05\/11\/retos-del-sector-equino-en-espana-mesa-redonda-en-el-ministerio-de-agricultura\/"},"author":{"name":"RMCR","@id":"https:\/\/www.rmcr.org\/en\/#\/schema\/person\/7ddd0dafda7edd0e407157f93a56df4f"},"headline":"Mesa redonda en el Ministerio de Agricultura","datePublished":"2018-05-11T12:14:39+00:00","dateModified":"2023-02-13T15:20:34+00:00","mainEntityOfPage":{"@id":"https:\/\/www.rmcr.org\/en\/2018\/05\/11\/retos-del-sector-equino-en-espana-mesa-redonda-en-el-ministerio-de-agricultura\/"},"wordCount":161,"publisher":{"@id":"https:\/\/www.rmcr.org\/en\/#organization"},"image":{"@id":"https:\/\/www.rmcr.org\/en\/2018\/05\/11\/retos-del-sector-equino-en-espana-mesa-redonda-en-el-ministerio-de-agricultura\/#primaryimage"},"thumbnailUrl":"https:\/\/www.rmcr.org\/wp-content\/uploads\/2018\/05\/foto-ministerio1.png","keywords":["Ministerio de Agricultura","Sector equino"],"articleSection":["Actividades Deportivas","Escuela de Equitaci\u00f3n"],"inLanguage":"en-US"},{"@type":"WebPage","@id":"https:\/\/www.rmcr.org\/en\/2018\/05\/11\/retos-del-sector-equino-en-espana-mesa-redonda-en-el-ministerio-de-agricultura\/","url":"https:\/\/www.rmcr.org\/en\/2018\/05\/11\/retos-del-sector-equino-en-espana-mesa-redonda-en-el-ministerio-de-agricultura\/","name":"Mesa redonda en el Ministerio de Agricultura - Real Maestranza de Caballer\u00eda de Ronda","isPartOf":{"@id":"https:\/\/www.rmcr.org\/en\/#website"},"primaryImageOfPage":{"@id":"https:\/\/www.rmcr.org\/en\/2018\/05\/11\/retos-del-sector-equino-en-espana-mesa-redonda-en-el-ministerio-de-agricultura\/#primaryimage"},"image":{"@id":"https:\/\/www.rmcr.org\/en\/2018\/05\/11\/retos-del-sector-equino-en-espana-mesa-redonda-en-el-ministerio-de-agricultura\/#primaryimage"},"thumbnailUrl":"https:\/\/www.rmcr.org\/wp-content\/uploads\/2018\/05\/foto-ministerio1.png","datePublished":"2018-05-11T12:14:39+00:00","dateModified":"2023-02-13T15:20:34+00:00","breadcrumb":{"@id":"https:\/\/www.rmcr.org\/en\/2018\/05\/11\/retos-del-sector-equino-en-espana-mesa-redonda-en-el-ministerio-de-agricultura\/#breadcrumb"},"inLanguage":"en-US","potentialAction":[{"@type":"ReadAction","target":["https:\/\/www.rmcr.org\/en\/2018\/05\/11\/retos-del-sector-equino-en-espana-mesa-redonda-en-el-ministerio-de-agricultura\/"]}]},{"@type":"ImageObject","inLanguage":"en-US","@id":"https:\/\/www.rmcr.org\/en\/2018\/05\/11\/retos-del-sector-equino-en-espana-mesa-redonda-en-el-ministerio-de-agricultura\/#primaryimage","url":"https:\/\/www.rmcr.org\/wp-content\/uploads\/2018\/05\/foto-ministerio1.png","contentUrl":"https:\/\/www.rmcr.org\/wp-content\/uploads\/2018\/05\/foto-ministerio1.png","width":563,"height":573},{"@type":"BreadcrumbList","@id":"https:\/\/www.rmcr.org\/en\/2018\/05\/11\/retos-del-sector-equino-en-espana-mesa-redonda-en-el-ministerio-de-agricultura\/#breadcrumb","itemListElement":[{"@type":"ListItem","position":1,"name":"REAL MAESTRANZA DE CABALLER\u00cdA DE RONDA","item":"https:\/\/www.rmcr.org\/en\/"},{"@type":"ListItem","position":2,"name":"Mesa redonda en el Ministerio de Agricultura"}]},{"@type":"WebSite","@id":"https:\/\/www.rmcr.org\/en\/#website","url":"https:\/\/www.rmcr.org\/en\/","name":"Real Maestranza de Caballer\u00eda de Ronda","description":"Real Maestranza de Caballer\u00eda de Ronda","publisher":{"@id":"https:\/\/www.rmcr.org\/en\/#organization"},"alternateName":"RMCR","potentialAction":[{"@type":"SearchAction","target":{"@type":"EntryPoint","urlTemplate":"https:\/\/www.rmcr.org\/en\/?s={search_term_string}"},"query-input":{"@type":"PropertyValueSpecification","valueRequired":true,"valueName":"search_term_string"}}],"inLanguage":"en-US"},{"@type":"Organization","@id":"https:\/\/www.rmcr.org\/en\/#organization","name":"Real Maestranza de Caballer\u00eda de Ronda","alternateName":"RMR","url":"https:\/\/www.rmcr.org\/en\/","logo":{"@type":"ImageObject","inLanguage":"en-US","@id":"https:\/\/www.rmcr.org\/en\/#\/schema\/logo\/image\/","url":"https:\/\/www.rmcr.org\/wp-content\/uploads\/2022\/07\/logo-rmr-blue.svg","contentUrl":"https:\/\/www.rmcr.org\/wp-content\/uploads\/2022\/07\/logo-rmr-blue.svg","width":131,"height":129,"caption":"Real Maestranza de Caballer\u00eda de Ronda"},"image":{"@id":"https:\/\/www.rmcr.org\/en\/#\/schema\/logo\/image\/"},"sameAs":["https:\/\/www.facebook.com\/plazadetorosronda","https:\/\/x.com\/PlazatorosRMR","https:\/\/www.instagram.com\/realmaestranzaderonda\/","https:\/\/www.youtube.com\/channel\/UCrbO5IUN-8v_QML739vM4zg\/videos"]},{"@type":"Person","@id":"https:\/\/www.rmcr.org\/en\/#\/schema\/person\/7ddd0dafda7edd0e407157f93a56df4f","name":"RMCR","image":{"@type":"ImageObject","inLanguage":"en-US","@id":"https:\/\/secure.gravatar.com\/avatar\/adb75798b50800c24baa6a8706037b9469998c49eddeb95935f50f633cff80bb?s=96&d=mm&r=g","url":"https:\/\/secure.gravatar.com\/avatar\/adb75798b50800c24baa6a8706037b9469998c49eddeb95935f50f633cff80bb?s=96&d=mm&r=g","contentUrl":"https:\/\/secure.gravatar.com\/avatar\/adb75798b50800c24baa6a8706037b9469998c49eddeb95935f50f633cff80bb?s=96&d=mm&r=g","caption":"RMCR"},"url":"https:\/\/www.rmcr.org\/en\/author\/bitniks77\/"}]}},"_links":{"self":[{"href":"https:\/\/www.rmcr.org\/en\/wp-json\/wp\/v2\/posts\/1304","targetHints":{"allow":["GET"]}}],"collection":[{"href":"https:\/\/www.rmcr.org\/en\/wp-json\/wp\/v2\/posts"}],"about":[{"href":"https:\/\/www.rmcr.org\/en\/wp-json\/wp\/v2\/types\/post"}],"author":[{"embeddable":true,"href":"https:\/\/www.rmcr.org\/en\/wp-json\/wp\/v2\/users\/7"}],"replies":[{"embeddable":true,"href":"https:\/\/www.rmcr.org\/en\/wp-json\/wp\/v2\/comments?post=1304"}],"version-history":[{"count":1,"href":"https:\/\/www.rmcr.org\/en\/wp-json\/wp\/v2\/posts\/1304\/revisions"}],"predecessor-version":[{"id":15339,"href":"https:\/\/www.rmcr.org\/en\/wp-json\/wp\/v2\/posts\/1304\/revisions\/15339"}],"wp:featuredmedia":[{"embeddable":true,"href":"https:\/\/www.rmcr.org\/en\/wp-json\/wp\/v2\/media\/9232"}],"wp:attachment":[{"href":"https:\/\/www.rmcr.org\/en\/wp-json\/wp\/v2\/media?parent=1304"}],"wp:term":[{"taxonomy":"category","embeddable":true,"href":"https:\/\/www.rmcr.org\/en\/wp-json\/wp\/v2\/categories?post=1304"},{"taxonomy":"post_tag","embeddable":true,"href":"https:\/\/www.rmcr.org\/en\/wp-json\/wp\/v2\/tags?post=1304"}],"curies":[{"name":"wp","href":"https:\/\/api.w.org\/{rel}","templated":true}]}}