{"id":1300,"date":"2018-03-16T11:34:13","date_gmt":"2018-03-16T11:34:13","guid":{"rendered":"https:\/\/www.rmcr.org\/?p=1300"},"modified":"2023-02-13T15:21:59","modified_gmt":"2023-02-13T15:21:59","slug":"primer-internacional-del-ano","status":"publish","type":"post","link":"https:\/\/www.rmcr.org\/en\/2018\/03\/16\/primer-internacional-del-ano\/","title":{"rendered":"Primer internacional del a\u00f1o"},"content":{"rendered":"<p style=\"text-align: justify;\">Entre el 8 y el 11 se celebr\u00f3 en la H\u00edpica de Toledo el primer CDI3* de la temporada junto a un CDN2*, ambos organizado por Arena Dressage bajo la direcci\u00f3n de David M\u00e9rida. Esteban Jes\u00fas Cornejo Casillas alumno de la Escuela del curso de Jinete-Entrenador compiti\u00f3 en las categor\u00edas Young Rider y Cl\u00e1sica con los caballos Mio II -ganador del campeonato del mundo PRE a nivel Young Rider en SICAB 2016 Y 2017- y Flavio, presentando los tres d\u00edas de competici\u00f3n pruebas de nivel t\u00e9cnico muy elevadas. El domingo consigui\u00f3 un tercer puesto en la prueba internacional Young Riders Free-Style con Mio II -criado por Ignacio Bravo-. Esta prueba fue ganada por la amazona danesa Dahl-Bruun con el caballo de la misma nacionalidad Volstrupgaards Cassiopeia. Tambi\u00e9n consigui\u00f3, ese mismo d\u00eda, un primer puesto con Flavio -de la yeguada La Beata- en la reprise Cl\u00e1sica 2 por delante de Annabelle Collins, amazona ganadora de la prueba el d\u00eda anterior.<\/p>\n<p style=\"text-align: justify;\"><img fetchpriority=\"high\" decoding=\"async\" class=\"  wp-image-1302 aligncenter\" src=\"https:\/\/www.rmcr.org\/wp-content\/uploads\/2018\/03\/internacional1.jpg\" alt=\"internacional\" width=\"605\" height=\"487\" \/><\/p>\n<p style=\"text-align: justify;\">Los resultados de la competici\u00f3n internacional conseguidos por Esteban con RMR Mio II le permitieron obtener la medalla ANCCE de dicha competici\u00f3n en la categor\u00eda de J\u00f3venes Jinetes -en la fotograf\u00eda, despu\u00e9s de recibir el mencionado trofeo-.<\/p>\n<p style=\"text-align: justify;\">Dos profesores y cinco jinetes de nuestro curso Jinete-Profesor se desplazaron hasta Toledo, donde realizaron funciones como secretario de los jueces internacionales del concurso. Esta actividad junto a otras realizadas en la inspecci\u00f3n veterinaria, secretar\u00eda del concurso, toma de muestras de control antidoping y colaboraci\u00f3n con los Steward de la competici\u00f3n es parte esencial del m\u00f3dulo de formaci\u00f3n pr\u00e1ctica del t\u00e9cnico deportivo que tambi\u00e9n cursan en nuestra Escuela.<\/p>\n<p style=\"text-align: justify;\">Por \u00faltimo, agradecer al Comit\u00e9 Organizador su disponibilidad y apoyo en la formaci\u00f3n complementaria de nuestros alumnos y a los jueces del concurso por las ense\u00f1anzas impartidas.<\/p>\n","protected":false},"excerpt":{"rendered":"<p>Entre el 8 y el 11 se celebr\u00f3 en la H\u00edpica de Toledo el primer CDI3* de la temporada junto a un CDN2*, ambos organizado por Arena Dressage bajo la direcci\u00f3n de David M\u00e9rida. Esteban Jes\u00fas Cornejo Casillas alumno de la Escuela del curso de Jinete-Entrenador compiti\u00f3 en las categor\u00edas Young Rider y Cl\u00e1sica con [&hellip;]<\/p>\n","protected":false},"author":7,"featured_media":9210,"comment_status":"closed","ping_status":"open","sticky":false,"template":"","format":"standard","meta":{"footnotes":""},"categories":[76,56,42,67],"tags":[74,66,77],"class_list":["post-1300","post","type-post","status-publish","format-standard","has-post-thumbnail","hentry","category-concursos","category-escuela-de-equitacion","category-jinete-profesor","category-premios","tag-alumnos","tag-competicion","tag-equipo-profesional"],"yoast_head":"<!-- This site is optimized with the Yoast SEO plugin v27.5 - https:\/\/yoast.com\/product\/yoast-seo-wordpress\/ -->\n<title>Primer internacional del a\u00f1o - Real Maestranza de Caballer\u00eda de Ronda<\/title>\n<meta name=\"robots\" content=\"index, follow, max-snippet:-1, max-image-preview:large, max-video-preview:-1\" \/>\n<link rel=\"canonical\" href=\"https:\/\/www.rmcr.org\/en\/2018\/03\/16\/primer-internacional-del-ano\/\" \/>\n<meta property=\"og:locale\" content=\"en_US\" \/>\n<meta property=\"og:type\" content=\"article\" \/>\n<meta property=\"og:title\" content=\"Primer internacional del a\u00f1o - Real Maestranza de Caballer\u00eda de Ronda\" \/>\n<meta property=\"og:description\" content=\"Entre el 8 y el 11 se celebr\u00f3 en la H\u00edpica de Toledo el primer CDI3* de la temporada junto a un CDN2*, ambos organizado por Arena Dressage bajo la direcci\u00f3n de David M\u00e9rida. Esteban Jes\u00fas Cornejo Casillas alumno de la Escuela del curso de Jinete-Entrenador compiti\u00f3 en las categor\u00edas Young Rider y Cl\u00e1sica con [&hellip;]\" \/>\n<meta property=\"og:url\" content=\"https:\/\/www.rmcr.org\/en\/2018\/03\/16\/primer-internacional-del-ano\/\" \/>\n<meta property=\"og:site_name\" content=\"Real Maestranza de Caballer\u00eda de Ronda\" \/>\n<meta property=\"article:publisher\" content=\"https:\/\/www.facebook.com\/plazadetorosronda\" \/>\n<meta property=\"article:published_time\" content=\"2018-03-16T11:34:13+00:00\" \/>\n<meta property=\"article:modified_time\" content=\"2023-02-13T15:21:59+00:00\" \/>\n<meta property=\"og:image\" content=\"https:\/\/www.rmcr.org\/wp-content\/uploads\/2018\/03\/internacional1.jpg\" \/>\n\t<meta property=\"og:image:width\" content=\"1265\" \/>\n\t<meta property=\"og:image:height\" content=\"1018\" \/>\n\t<meta property=\"og:image:type\" content=\"image\/jpeg\" \/>\n<meta name=\"author\" content=\"RMCR\" \/>\n<meta name=\"twitter:card\" content=\"summary_large_image\" \/>\n<meta name=\"twitter:creator\" content=\"@PlazatorosRMR\" \/>\n<meta name=\"twitter:site\" content=\"@PlazatorosRMR\" \/>\n<meta name=\"twitter:label1\" content=\"Written by\" \/>\n\t<meta name=\"twitter:data1\" content=\"RMCR\" \/>\n\t<meta name=\"twitter:label2\" content=\"Est. reading time\" \/>\n\t<meta name=\"twitter:data2\" content=\"2 minutes\" \/>\n<script type=\"application\/ld+json\" class=\"yoast-schema-graph\">{\"@context\":\"https:\\\/\\\/schema.org\",\"@graph\":[{\"@type\":\"Article\",\"@id\":\"https:\\\/\\\/www.rmcr.org\\\/en\\\/2018\\\/03\\\/16\\\/primer-internacional-del-ano\\\/#article\",\"isPartOf\":{\"@id\":\"https:\\\/\\\/www.rmcr.org\\\/en\\\/2018\\\/03\\\/16\\\/primer-internacional-del-ano\\\/\"},\"author\":{\"name\":\"RMCR\",\"@id\":\"https:\\\/\\\/www.rmcr.org\\\/en\\\/#\\\/schema\\\/person\\\/7ddd0dafda7edd0e407157f93a56df4f\"},\"headline\":\"Primer internacional del a\u00f1o\",\"datePublished\":\"2018-03-16T11:34:13+00:00\",\"dateModified\":\"2023-02-13T15:21:59+00:00\",\"mainEntityOfPage\":{\"@id\":\"https:\\\/\\\/www.rmcr.org\\\/en\\\/2018\\\/03\\\/16\\\/primer-internacional-del-ano\\\/\"},\"wordCount\":322,\"publisher\":{\"@id\":\"https:\\\/\\\/www.rmcr.org\\\/en\\\/#organization\"},\"image\":{\"@id\":\"https:\\\/\\\/www.rmcr.org\\\/en\\\/2018\\\/03\\\/16\\\/primer-internacional-del-ano\\\/#primaryimage\"},\"thumbnailUrl\":\"https:\\\/\\\/www.rmcr.org\\\/wp-content\\\/uploads\\\/2018\\\/03\\\/internacional1.jpg\",\"keywords\":[\"Alumnos\",\"Competici\u00f3n\",\"Equipo profesional\"],\"articleSection\":[\"Concursos\",\"Escuela de Equitaci\u00f3n\",\"Jinete Profesor\",\"Premios\"],\"inLanguage\":\"en-US\"},{\"@type\":\"WebPage\",\"@id\":\"https:\\\/\\\/www.rmcr.org\\\/en\\\/2018\\\/03\\\/16\\\/primer-internacional-del-ano\\\/\",\"url\":\"https:\\\/\\\/www.rmcr.org\\\/en\\\/2018\\\/03\\\/16\\\/primer-internacional-del-ano\\\/\",\"name\":\"Primer internacional del a\u00f1o - Real Maestranza de Caballer\u00eda de Ronda\",\"isPartOf\":{\"@id\":\"https:\\\/\\\/www.rmcr.org\\\/en\\\/#website\"},\"primaryImageOfPage\":{\"@id\":\"https:\\\/\\\/www.rmcr.org\\\/en\\\/2018\\\/03\\\/16\\\/primer-internacional-del-ano\\\/#primaryimage\"},\"image\":{\"@id\":\"https:\\\/\\\/www.rmcr.org\\\/en\\\/2018\\\/03\\\/16\\\/primer-internacional-del-ano\\\/#primaryimage\"},\"thumbnailUrl\":\"https:\\\/\\\/www.rmcr.org\\\/wp-content\\\/uploads\\\/2018\\\/03\\\/internacional1.jpg\",\"datePublished\":\"2018-03-16T11:34:13+00:00\",\"dateModified\":\"2023-02-13T15:21:59+00:00\",\"breadcrumb\":{\"@id\":\"https:\\\/\\\/www.rmcr.org\\\/en\\\/2018\\\/03\\\/16\\\/primer-internacional-del-ano\\\/#breadcrumb\"},\"inLanguage\":\"en-US\",\"potentialAction\":[{\"@type\":\"ReadAction\",\"target\":[\"https:\\\/\\\/www.rmcr.org\\\/en\\\/2018\\\/03\\\/16\\\/primer-internacional-del-ano\\\/\"]}]},{\"@type\":\"ImageObject\",\"inLanguage\":\"en-US\",\"@id\":\"https:\\\/\\\/www.rmcr.org\\\/en\\\/2018\\\/03\\\/16\\\/primer-internacional-del-ano\\\/#primaryimage\",\"url\":\"https:\\\/\\\/www.rmcr.org\\\/wp-content\\\/uploads\\\/2018\\\/03\\\/internacional1.jpg\",\"contentUrl\":\"https:\\\/\\\/www.rmcr.org\\\/wp-content\\\/uploads\\\/2018\\\/03\\\/internacional1.jpg\",\"width\":1265,\"height\":1018},{\"@type\":\"BreadcrumbList\",\"@id\":\"https:\\\/\\\/www.rmcr.org\\\/en\\\/2018\\\/03\\\/16\\\/primer-internacional-del-ano\\\/#breadcrumb\",\"itemListElement\":[{\"@type\":\"ListItem\",\"position\":1,\"name\":\"REAL MAESTRANZA DE CABALLER\u00cdA DE RONDA\",\"item\":\"https:\\\/\\\/www.rmcr.org\\\/en\\\/\"},{\"@type\":\"ListItem\",\"position\":2,\"name\":\"Primer internacional del a\u00f1o\"}]},{\"@type\":\"WebSite\",\"@id\":\"https:\\\/\\\/www.rmcr.org\\\/en\\\/#website\",\"url\":\"https:\\\/\\\/www.rmcr.org\\\/en\\\/\",\"name\":\"Real Maestranza de Caballer\u00eda de Ronda\",\"description\":\"Real Maestranza de Caballer\u00eda de Ronda\",\"publisher\":{\"@id\":\"https:\\\/\\\/www.rmcr.org\\\/en\\\/#organization\"},\"alternateName\":\"RMCR\",\"potentialAction\":[{\"@type\":\"SearchAction\",\"target\":{\"@type\":\"EntryPoint\",\"urlTemplate\":\"https:\\\/\\\/www.rmcr.org\\\/en\\\/?s={search_term_string}\"},\"query-input\":{\"@type\":\"PropertyValueSpecification\",\"valueRequired\":true,\"valueName\":\"search_term_string\"}}],\"inLanguage\":\"en-US\"},{\"@type\":\"Organization\",\"@id\":\"https:\\\/\\\/www.rmcr.org\\\/en\\\/#organization\",\"name\":\"Real Maestranza de Caballer\u00eda de Ronda\",\"alternateName\":\"RMR\",\"url\":\"https:\\\/\\\/www.rmcr.org\\\/en\\\/\",\"logo\":{\"@type\":\"ImageObject\",\"inLanguage\":\"en-US\",\"@id\":\"https:\\\/\\\/www.rmcr.org\\\/en\\\/#\\\/schema\\\/logo\\\/image\\\/\",\"url\":\"https:\\\/\\\/www.rmcr.org\\\/wp-content\\\/uploads\\\/2022\\\/07\\\/logo-rmr-blue.svg\",\"contentUrl\":\"https:\\\/\\\/www.rmcr.org\\\/wp-content\\\/uploads\\\/2022\\\/07\\\/logo-rmr-blue.svg\",\"width\":131,\"height\":129,\"caption\":\"Real Maestranza de Caballer\u00eda de Ronda\"},\"image\":{\"@id\":\"https:\\\/\\\/www.rmcr.org\\\/en\\\/#\\\/schema\\\/logo\\\/image\\\/\"},\"sameAs\":[\"https:\\\/\\\/www.facebook.com\\\/plazadetorosronda\",\"https:\\\/\\\/x.com\\\/PlazatorosRMR\",\"https:\\\/\\\/www.instagram.com\\\/realmaestranzaderonda\\\/\",\"https:\\\/\\\/www.youtube.com\\\/channel\\\/UCrbO5IUN-8v_QML739vM4zg\\\/videos\"]},{\"@type\":\"Person\",\"@id\":\"https:\\\/\\\/www.rmcr.org\\\/en\\\/#\\\/schema\\\/person\\\/7ddd0dafda7edd0e407157f93a56df4f\",\"name\":\"RMCR\",\"image\":{\"@type\":\"ImageObject\",\"inLanguage\":\"en-US\",\"@id\":\"https:\\\/\\\/secure.gravatar.com\\\/avatar\\\/adb75798b50800c24baa6a8706037b9469998c49eddeb95935f50f633cff80bb?s=96&d=mm&r=g\",\"url\":\"https:\\\/\\\/secure.gravatar.com\\\/avatar\\\/adb75798b50800c24baa6a8706037b9469998c49eddeb95935f50f633cff80bb?s=96&d=mm&r=g\",\"contentUrl\":\"https:\\\/\\\/secure.gravatar.com\\\/avatar\\\/adb75798b50800c24baa6a8706037b9469998c49eddeb95935f50f633cff80bb?s=96&d=mm&r=g\",\"caption\":\"RMCR\"},\"url\":\"https:\\\/\\\/www.rmcr.org\\\/en\\\/author\\\/bitniks77\\\/\"}]}<\/script>\n<!-- \/ Yoast SEO plugin. -->","yoast_head_json":{"title":"Primer internacional del a\u00f1o - Real Maestranza de Caballer\u00eda de Ronda","robots":{"index":"index","follow":"follow","max-snippet":"max-snippet:-1","max-image-preview":"max-image-preview:large","max-video-preview":"max-video-preview:-1"},"canonical":"https:\/\/www.rmcr.org\/en\/2018\/03\/16\/primer-internacional-del-ano\/","og_locale":"en_US","og_type":"article","og_title":"Primer internacional del a\u00f1o - Real Maestranza de Caballer\u00eda de Ronda","og_description":"Entre el 8 y el 11 se celebr\u00f3 en la H\u00edpica de Toledo el primer CDI3* de la temporada junto a un CDN2*, ambos organizado por Arena Dressage bajo la direcci\u00f3n de David M\u00e9rida. Esteban Jes\u00fas Cornejo Casillas alumno de la Escuela del curso de Jinete-Entrenador compiti\u00f3 en las categor\u00edas Young Rider y Cl\u00e1sica con [&hellip;]","og_url":"https:\/\/www.rmcr.org\/en\/2018\/03\/16\/primer-internacional-del-ano\/","og_site_name":"Real Maestranza de Caballer\u00eda de Ronda","article_publisher":"https:\/\/www.facebook.com\/plazadetorosronda","article_published_time":"2018-03-16T11:34:13+00:00","article_modified_time":"2023-02-13T15:21:59+00:00","og_image":[{"width":1265,"height":1018,"url":"https:\/\/www.rmcr.org\/wp-content\/uploads\/2018\/03\/internacional1.jpg","type":"image\/jpeg"}],"author":"RMCR","twitter_card":"summary_large_image","twitter_creator":"@PlazatorosRMR","twitter_site":"@PlazatorosRMR","twitter_misc":{"Written by":"RMCR","Est. reading time":"2 minutes"},"schema":{"@context":"https:\/\/schema.org","@graph":[{"@type":"Article","@id":"https:\/\/www.rmcr.org\/en\/2018\/03\/16\/primer-internacional-del-ano\/#article","isPartOf":{"@id":"https:\/\/www.rmcr.org\/en\/2018\/03\/16\/primer-internacional-del-ano\/"},"author":{"name":"RMCR","@id":"https:\/\/www.rmcr.org\/en\/#\/schema\/person\/7ddd0dafda7edd0e407157f93a56df4f"},"headline":"Primer internacional del a\u00f1o","datePublished":"2018-03-16T11:34:13+00:00","dateModified":"2023-02-13T15:21:59+00:00","mainEntityOfPage":{"@id":"https:\/\/www.rmcr.org\/en\/2018\/03\/16\/primer-internacional-del-ano\/"},"wordCount":322,"publisher":{"@id":"https:\/\/www.rmcr.org\/en\/#organization"},"image":{"@id":"https:\/\/www.rmcr.org\/en\/2018\/03\/16\/primer-internacional-del-ano\/#primaryimage"},"thumbnailUrl":"https:\/\/www.rmcr.org\/wp-content\/uploads\/2018\/03\/internacional1.jpg","keywords":["Alumnos","Competici\u00f3n","Equipo profesional"],"articleSection":["Concursos","Escuela de Equitaci\u00f3n","Jinete Profesor","Premios"],"inLanguage":"en-US"},{"@type":"WebPage","@id":"https:\/\/www.rmcr.org\/en\/2018\/03\/16\/primer-internacional-del-ano\/","url":"https:\/\/www.rmcr.org\/en\/2018\/03\/16\/primer-internacional-del-ano\/","name":"Primer internacional del a\u00f1o - Real Maestranza de Caballer\u00eda de Ronda","isPartOf":{"@id":"https:\/\/www.rmcr.org\/en\/#website"},"primaryImageOfPage":{"@id":"https:\/\/www.rmcr.org\/en\/2018\/03\/16\/primer-internacional-del-ano\/#primaryimage"},"image":{"@id":"https:\/\/www.rmcr.org\/en\/2018\/03\/16\/primer-internacional-del-ano\/#primaryimage"},"thumbnailUrl":"https:\/\/www.rmcr.org\/wp-content\/uploads\/2018\/03\/internacional1.jpg","datePublished":"2018-03-16T11:34:13+00:00","dateModified":"2023-02-13T15:21:59+00:00","breadcrumb":{"@id":"https:\/\/www.rmcr.org\/en\/2018\/03\/16\/primer-internacional-del-ano\/#breadcrumb"},"inLanguage":"en-US","potentialAction":[{"@type":"ReadAction","target":["https:\/\/www.rmcr.org\/en\/2018\/03\/16\/primer-internacional-del-ano\/"]}]},{"@type":"ImageObject","inLanguage":"en-US","@id":"https:\/\/www.rmcr.org\/en\/2018\/03\/16\/primer-internacional-del-ano\/#primaryimage","url":"https:\/\/www.rmcr.org\/wp-content\/uploads\/2018\/03\/internacional1.jpg","contentUrl":"https:\/\/www.rmcr.org\/wp-content\/uploads\/2018\/03\/internacional1.jpg","width":1265,"height":1018},{"@type":"BreadcrumbList","@id":"https:\/\/www.rmcr.org\/en\/2018\/03\/16\/primer-internacional-del-ano\/#breadcrumb","itemListElement":[{"@type":"ListItem","position":1,"name":"REAL MAESTRANZA DE CABALLER\u00cdA DE RONDA","item":"https:\/\/www.rmcr.org\/en\/"},{"@type":"ListItem","position":2,"name":"Primer internacional del a\u00f1o"}]},{"@type":"WebSite","@id":"https:\/\/www.rmcr.org\/en\/#website","url":"https:\/\/www.rmcr.org\/en\/","name":"Real Maestranza de Caballer\u00eda de Ronda","description":"Real Maestranza de Caballer\u00eda de Ronda","publisher":{"@id":"https:\/\/www.rmcr.org\/en\/#organization"},"alternateName":"RMCR","potentialAction":[{"@type":"SearchAction","target":{"@type":"EntryPoint","urlTemplate":"https:\/\/www.rmcr.org\/en\/?s={search_term_string}"},"query-input":{"@type":"PropertyValueSpecification","valueRequired":true,"valueName":"search_term_string"}}],"inLanguage":"en-US"},{"@type":"Organization","@id":"https:\/\/www.rmcr.org\/en\/#organization","name":"Real Maestranza de Caballer\u00eda de Ronda","alternateName":"RMR","url":"https:\/\/www.rmcr.org\/en\/","logo":{"@type":"ImageObject","inLanguage":"en-US","@id":"https:\/\/www.rmcr.org\/en\/#\/schema\/logo\/image\/","url":"https:\/\/www.rmcr.org\/wp-content\/uploads\/2022\/07\/logo-rmr-blue.svg","contentUrl":"https:\/\/www.rmcr.org\/wp-content\/uploads\/2022\/07\/logo-rmr-blue.svg","width":131,"height":129,"caption":"Real Maestranza de Caballer\u00eda de Ronda"},"image":{"@id":"https:\/\/www.rmcr.org\/en\/#\/schema\/logo\/image\/"},"sameAs":["https:\/\/www.facebook.com\/plazadetorosronda","https:\/\/x.com\/PlazatorosRMR","https:\/\/www.instagram.com\/realmaestranzaderonda\/","https:\/\/www.youtube.com\/channel\/UCrbO5IUN-8v_QML739vM4zg\/videos"]},{"@type":"Person","@id":"https:\/\/www.rmcr.org\/en\/#\/schema\/person\/7ddd0dafda7edd0e407157f93a56df4f","name":"RMCR","image":{"@type":"ImageObject","inLanguage":"en-US","@id":"https:\/\/secure.gravatar.com\/avatar\/adb75798b50800c24baa6a8706037b9469998c49eddeb95935f50f633cff80bb?s=96&d=mm&r=g","url":"https:\/\/secure.gravatar.com\/avatar\/adb75798b50800c24baa6a8706037b9469998c49eddeb95935f50f633cff80bb?s=96&d=mm&r=g","contentUrl":"https:\/\/secure.gravatar.com\/avatar\/adb75798b50800c24baa6a8706037b9469998c49eddeb95935f50f633cff80bb?s=96&d=mm&r=g","caption":"RMCR"},"url":"https:\/\/www.rmcr.org\/en\/author\/bitniks77\/"}]}},"_links":{"self":[{"href":"https:\/\/www.rmcr.org\/en\/wp-json\/wp\/v2\/posts\/1300","targetHints":{"allow":["GET"]}}],"collection":[{"href":"https:\/\/www.rmcr.org\/en\/wp-json\/wp\/v2\/posts"}],"about":[{"href":"https:\/\/www.rmcr.org\/en\/wp-json\/wp\/v2\/types\/post"}],"author":[{"embeddable":true,"href":"https:\/\/www.rmcr.org\/en\/wp-json\/wp\/v2\/users\/7"}],"replies":[{"embeddable":true,"href":"https:\/\/www.rmcr.org\/en\/wp-json\/wp\/v2\/comments?post=1300"}],"version-history":[{"count":1,"href":"https:\/\/www.rmcr.org\/en\/wp-json\/wp\/v2\/posts\/1300\/revisions"}],"predecessor-version":[{"id":15340,"href":"https:\/\/www.rmcr.org\/en\/wp-json\/wp\/v2\/posts\/1300\/revisions\/15340"}],"wp:featuredmedia":[{"embeddable":true,"href":"https:\/\/www.rmcr.org\/en\/wp-json\/wp\/v2\/media\/9210"}],"wp:attachment":[{"href":"https:\/\/www.rmcr.org\/en\/wp-json\/wp\/v2\/media?parent=1300"}],"wp:term":[{"taxonomy":"category","embeddable":true,"href":"https:\/\/www.rmcr.org\/en\/wp-json\/wp\/v2\/categories?post=1300"},{"taxonomy":"post_tag","embeddable":true,"href":"https:\/\/www.rmcr.org\/en\/wp-json\/wp\/v2\/tags?post=1300"}],"curies":[{"name":"wp","href":"https:\/\/api.w.org\/{rel}","templated":true}]}}