{"id":114,"date":"2013-09-23T18:08:20","date_gmt":"2013-09-23T18:08:20","guid":{"rendered":"https:\/\/www.rmcr.org\/?p=114"},"modified":"2023-02-14T12:19:52","modified_gmt":"2023-02-14T12:19:52","slug":"admitidos-jinete-profesor-2013","status":"publish","type":"post","link":"https:\/\/www.rmcr.org\/en\/2013\/09\/23\/admitidos-jinete-profesor-2013\/","title":{"rendered":"Admitidos Jinete Profesor 2013"},"content":{"rendered":"<p>Relaci\u00f3n de Jinetes y Amazozas que han resultado APTOS en las Pruebas de Acceso al Curso de Jinete Profesor 2013, que tuvieron lugar el pasado lunes 16 de septiembre en las instalaciones de la Escuela de Equitaci\u00f3n de la Real Maestranza de Caballer\u00eda&nbsp; de Ronda.<\/p>\n<p>1.- Botero Piedrahita, Santiago<\/p>\n<p>2.- Cabezas Dur\u00e1n, Julia<\/p>\n<p>3.- Garc\u00eda Chorda, Sergio<\/p>\n<p>4.- Moreno P\u00e9rez, Alejandra<\/p>\n<p>El Curso Jinete Profesor 2013-2014 dar\u00e1 comienzo el mi\u00e9rcoles 2 de octubre de 2013.<\/p>\n","protected":false},"excerpt":{"rendered":"<p>Relaci\u00f3n de Jinetes y Amazozas que han resultado APTOS en las Pruebas de Acceso al Curso de Jinete Profesor 2013, que tuvieron lugar el pasado lunes 16 de septiembre en las instalaciones de la Escuela de Equitaci\u00f3n de la Real Maestranza de Caballer\u00eda&nbsp; de Ronda. 1.- Botero Piedrahita, Santiago 2.- Cabezas Dur\u00e1n, Julia 3.- Garc\u00eda [&hellip;]<\/p>\n","protected":false},"author":7,"featured_media":10970,"comment_status":"closed","ping_status":"open","sticky":false,"template":"","format":"standard","meta":{"footnotes":""},"categories":[56,58],"tags":[54,48,55,57,51,59,60,61,47,62],"class_list":["post-114","post","type-post","status-publish","format-standard","has-post-thumbnail","hentry","category-escuela-de-equitacion","category-instalaciones","tag-caballo-espanol","tag-centro-de-formacion","tag-clases-magistrales","tag-expertos","tag-finca-escuela-de-equitacion","tag-p-r-e","tag-picadero-nuevo","tag-pista-competicion-y-calentamiento","tag-pruebas-de-acceso","tag-pura-raza-espanola"],"yoast_head":"<!-- This site is optimized with the Yoast SEO plugin v27.5 - https:\/\/yoast.com\/product\/yoast-seo-wordpress\/ -->\n<title>Admitidos Jinete Profesor 2013 - Real Maestranza de Caballer\u00eda de Ronda<\/title>\n<meta name=\"robots\" content=\"index, follow, max-snippet:-1, max-image-preview:large, max-video-preview:-1\" \/>\n<link rel=\"canonical\" href=\"https:\/\/www.rmcr.org\/en\/2013\/09\/23\/admitidos-jinete-profesor-2013\/\" \/>\n<meta property=\"og:locale\" content=\"en_US\" \/>\n<meta property=\"og:type\" content=\"article\" \/>\n<meta property=\"og:title\" content=\"Admitidos Jinete Profesor 2013 - Real Maestranza de Caballer\u00eda de Ronda\" \/>\n<meta property=\"og:description\" content=\"Relaci\u00f3n de Jinetes y Amazozas que han resultado APTOS en las Pruebas de Acceso al Curso de Jinete Profesor 2013, que tuvieron lugar el pasado lunes 16 de septiembre en las instalaciones de la Escuela de Equitaci\u00f3n de la Real Maestranza de Caballer\u00eda&nbsp; de Ronda. 1.- Botero Piedrahita, Santiago 2.- Cabezas Dur\u00e1n, Julia 3.- Garc\u00eda [&hellip;]\" \/>\n<meta property=\"og:url\" content=\"https:\/\/www.rmcr.org\/en\/2013\/09\/23\/admitidos-jinete-profesor-2013\/\" \/>\n<meta property=\"og:site_name\" content=\"Real Maestranza de Caballer\u00eda de Ronda\" \/>\n<meta property=\"article:publisher\" content=\"https:\/\/www.facebook.com\/plazadetorosronda\" \/>\n<meta property=\"article:published_time\" content=\"2013-09-23T18:08:20+00:00\" \/>\n<meta property=\"article:modified_time\" content=\"2023-02-14T12:19:52+00:00\" \/>\n<meta property=\"og:image\" content=\"https:\/\/www.rmcr.org\/wp-content\/uploads\/2022\/05\/escuela-jinete-profesor.jpg\" \/>\n\t<meta property=\"og:image:width\" content=\"307\" \/>\n\t<meta property=\"og:image:height\" content=\"219\" \/>\n\t<meta property=\"og:image:type\" content=\"image\/jpeg\" \/>\n<meta name=\"author\" content=\"RMCR\" \/>\n<meta name=\"twitter:card\" content=\"summary_large_image\" \/>\n<meta name=\"twitter:creator\" content=\"@PlazatorosRMR\" \/>\n<meta name=\"twitter:site\" content=\"@PlazatorosRMR\" \/>\n<meta name=\"twitter:label1\" content=\"Written by\" \/>\n\t<meta name=\"twitter:data1\" content=\"RMCR\" \/>\n<script type=\"application\/ld+json\" class=\"yoast-schema-graph\">{\"@context\":\"https:\\\/\\\/schema.org\",\"@graph\":[{\"@type\":\"Article\",\"@id\":\"https:\\\/\\\/www.rmcr.org\\\/en\\\/2013\\\/09\\\/23\\\/admitidos-jinete-profesor-2013\\\/#article\",\"isPartOf\":{\"@id\":\"https:\\\/\\\/www.rmcr.org\\\/en\\\/2013\\\/09\\\/23\\\/admitidos-jinete-profesor-2013\\\/\"},\"author\":{\"name\":\"RMCR\",\"@id\":\"https:\\\/\\\/www.rmcr.org\\\/en\\\/#\\\/schema\\\/person\\\/7ddd0dafda7edd0e407157f93a56df4f\"},\"headline\":\"Admitidos Jinete Profesor 2013\",\"datePublished\":\"2013-09-23T18:08:20+00:00\",\"dateModified\":\"2023-02-14T12:19:52+00:00\",\"mainEntityOfPage\":{\"@id\":\"https:\\\/\\\/www.rmcr.org\\\/en\\\/2013\\\/09\\\/23\\\/admitidos-jinete-profesor-2013\\\/\"},\"wordCount\":82,\"publisher\":{\"@id\":\"https:\\\/\\\/www.rmcr.org\\\/en\\\/#organization\"},\"image\":{\"@id\":\"https:\\\/\\\/www.rmcr.org\\\/en\\\/2013\\\/09\\\/23\\\/admitidos-jinete-profesor-2013\\\/#primaryimage\"},\"thumbnailUrl\":\"https:\\\/\\\/www.rmcr.org\\\/wp-content\\\/uploads\\\/2022\\\/05\\\/escuela-jinete-profesor.jpg\",\"keywords\":[\"Caballo espa\u00f1ol\",\"Centro de Formaci\u00f3n\",\"Clases magistrales\",\"Expertos\",\"Finca Escuela de Equitaci\u00f3n\",\"P.R.E.\",\"Picadero nuevo\",\"Pista competici\u00f3n y calentamiento\",\"Pruebas de Acceso\",\"Pura Raza Espa\u00f1ola\"],\"articleSection\":[\"Escuela de Equitaci\u00f3n\",\"Instalaciones\"],\"inLanguage\":\"en-US\"},{\"@type\":\"WebPage\",\"@id\":\"https:\\\/\\\/www.rmcr.org\\\/en\\\/2013\\\/09\\\/23\\\/admitidos-jinete-profesor-2013\\\/\",\"url\":\"https:\\\/\\\/www.rmcr.org\\\/en\\\/2013\\\/09\\\/23\\\/admitidos-jinete-profesor-2013\\\/\",\"name\":\"Admitidos Jinete Profesor 2013 - Real Maestranza de Caballer\u00eda de Ronda\",\"isPartOf\":{\"@id\":\"https:\\\/\\\/www.rmcr.org\\\/en\\\/#website\"},\"primaryImageOfPage\":{\"@id\":\"https:\\\/\\\/www.rmcr.org\\\/en\\\/2013\\\/09\\\/23\\\/admitidos-jinete-profesor-2013\\\/#primaryimage\"},\"image\":{\"@id\":\"https:\\\/\\\/www.rmcr.org\\\/en\\\/2013\\\/09\\\/23\\\/admitidos-jinete-profesor-2013\\\/#primaryimage\"},\"thumbnailUrl\":\"https:\\\/\\\/www.rmcr.org\\\/wp-content\\\/uploads\\\/2022\\\/05\\\/escuela-jinete-profesor.jpg\",\"datePublished\":\"2013-09-23T18:08:20+00:00\",\"dateModified\":\"2023-02-14T12:19:52+00:00\",\"breadcrumb\":{\"@id\":\"https:\\\/\\\/www.rmcr.org\\\/en\\\/2013\\\/09\\\/23\\\/admitidos-jinete-profesor-2013\\\/#breadcrumb\"},\"inLanguage\":\"en-US\",\"potentialAction\":[{\"@type\":\"ReadAction\",\"target\":[\"https:\\\/\\\/www.rmcr.org\\\/en\\\/2013\\\/09\\\/23\\\/admitidos-jinete-profesor-2013\\\/\"]}]},{\"@type\":\"ImageObject\",\"inLanguage\":\"en-US\",\"@id\":\"https:\\\/\\\/www.rmcr.org\\\/en\\\/2013\\\/09\\\/23\\\/admitidos-jinete-profesor-2013\\\/#primaryimage\",\"url\":\"https:\\\/\\\/www.rmcr.org\\\/wp-content\\\/uploads\\\/2022\\\/05\\\/escuela-jinete-profesor.jpg\",\"contentUrl\":\"https:\\\/\\\/www.rmcr.org\\\/wp-content\\\/uploads\\\/2022\\\/05\\\/escuela-jinete-profesor.jpg\",\"width\":307,\"height\":219},{\"@type\":\"BreadcrumbList\",\"@id\":\"https:\\\/\\\/www.rmcr.org\\\/en\\\/2013\\\/09\\\/23\\\/admitidos-jinete-profesor-2013\\\/#breadcrumb\",\"itemListElement\":[{\"@type\":\"ListItem\",\"position\":1,\"name\":\"REAL MAESTRANZA DE CABALLER\u00cdA DE RONDA\",\"item\":\"https:\\\/\\\/www.rmcr.org\\\/en\\\/\"},{\"@type\":\"ListItem\",\"position\":2,\"name\":\"Admitidos Jinete Profesor 2013\"}]},{\"@type\":\"WebSite\",\"@id\":\"https:\\\/\\\/www.rmcr.org\\\/en\\\/#website\",\"url\":\"https:\\\/\\\/www.rmcr.org\\\/en\\\/\",\"name\":\"Real Maestranza de Caballer\u00eda de Ronda\",\"description\":\"Real Maestranza de Caballer\u00eda de Ronda\",\"publisher\":{\"@id\":\"https:\\\/\\\/www.rmcr.org\\\/en\\\/#organization\"},\"alternateName\":\"RMCR\",\"potentialAction\":[{\"@type\":\"SearchAction\",\"target\":{\"@type\":\"EntryPoint\",\"urlTemplate\":\"https:\\\/\\\/www.rmcr.org\\\/en\\\/?s={search_term_string}\"},\"query-input\":{\"@type\":\"PropertyValueSpecification\",\"valueRequired\":true,\"valueName\":\"search_term_string\"}}],\"inLanguage\":\"en-US\"},{\"@type\":\"Organization\",\"@id\":\"https:\\\/\\\/www.rmcr.org\\\/en\\\/#organization\",\"name\":\"Real Maestranza de Caballer\u00eda de Ronda\",\"alternateName\":\"RMR\",\"url\":\"https:\\\/\\\/www.rmcr.org\\\/en\\\/\",\"logo\":{\"@type\":\"ImageObject\",\"inLanguage\":\"en-US\",\"@id\":\"https:\\\/\\\/www.rmcr.org\\\/en\\\/#\\\/schema\\\/logo\\\/image\\\/\",\"url\":\"https:\\\/\\\/www.rmcr.org\\\/wp-content\\\/uploads\\\/2022\\\/07\\\/logo-rmr-blue.svg\",\"contentUrl\":\"https:\\\/\\\/www.rmcr.org\\\/wp-content\\\/uploads\\\/2022\\\/07\\\/logo-rmr-blue.svg\",\"width\":131,\"height\":129,\"caption\":\"Real Maestranza de Caballer\u00eda de Ronda\"},\"image\":{\"@id\":\"https:\\\/\\\/www.rmcr.org\\\/en\\\/#\\\/schema\\\/logo\\\/image\\\/\"},\"sameAs\":[\"https:\\\/\\\/www.facebook.com\\\/plazadetorosronda\",\"https:\\\/\\\/x.com\\\/PlazatorosRMR\",\"https:\\\/\\\/www.instagram.com\\\/realmaestranzaderonda\\\/\",\"https:\\\/\\\/www.youtube.com\\\/channel\\\/UCrbO5IUN-8v_QML739vM4zg\\\/videos\"]},{\"@type\":\"Person\",\"@id\":\"https:\\\/\\\/www.rmcr.org\\\/en\\\/#\\\/schema\\\/person\\\/7ddd0dafda7edd0e407157f93a56df4f\",\"name\":\"RMCR\",\"image\":{\"@type\":\"ImageObject\",\"inLanguage\":\"en-US\",\"@id\":\"https:\\\/\\\/secure.gravatar.com\\\/avatar\\\/adb75798b50800c24baa6a8706037b9469998c49eddeb95935f50f633cff80bb?s=96&d=mm&r=g\",\"url\":\"https:\\\/\\\/secure.gravatar.com\\\/avatar\\\/adb75798b50800c24baa6a8706037b9469998c49eddeb95935f50f633cff80bb?s=96&d=mm&r=g\",\"contentUrl\":\"https:\\\/\\\/secure.gravatar.com\\\/avatar\\\/adb75798b50800c24baa6a8706037b9469998c49eddeb95935f50f633cff80bb?s=96&d=mm&r=g\",\"caption\":\"RMCR\"},\"url\":\"https:\\\/\\\/www.rmcr.org\\\/en\\\/author\\\/bitniks77\\\/\"}]}<\/script>\n<!-- \/ Yoast SEO plugin. -->","yoast_head_json":{"title":"Admitidos Jinete Profesor 2013 - Real Maestranza de Caballer\u00eda de Ronda","robots":{"index":"index","follow":"follow","max-snippet":"max-snippet:-1","max-image-preview":"max-image-preview:large","max-video-preview":"max-video-preview:-1"},"canonical":"https:\/\/www.rmcr.org\/en\/2013\/09\/23\/admitidos-jinete-profesor-2013\/","og_locale":"en_US","og_type":"article","og_title":"Admitidos Jinete Profesor 2013 - Real Maestranza de Caballer\u00eda de Ronda","og_description":"Relaci\u00f3n de Jinetes y Amazozas que han resultado APTOS en las Pruebas de Acceso al Curso de Jinete Profesor 2013, que tuvieron lugar el pasado lunes 16 de septiembre en las instalaciones de la Escuela de Equitaci\u00f3n de la Real Maestranza de Caballer\u00eda&nbsp; de Ronda. 1.- Botero Piedrahita, Santiago 2.- Cabezas Dur\u00e1n, Julia 3.- Garc\u00eda [&hellip;]","og_url":"https:\/\/www.rmcr.org\/en\/2013\/09\/23\/admitidos-jinete-profesor-2013\/","og_site_name":"Real Maestranza de Caballer\u00eda de Ronda","article_publisher":"https:\/\/www.facebook.com\/plazadetorosronda","article_published_time":"2013-09-23T18:08:20+00:00","article_modified_time":"2023-02-14T12:19:52+00:00","og_image":[{"width":307,"height":219,"url":"https:\/\/www.rmcr.org\/wp-content\/uploads\/2022\/05\/escuela-jinete-profesor.jpg","type":"image\/jpeg"}],"author":"RMCR","twitter_card":"summary_large_image","twitter_creator":"@PlazatorosRMR","twitter_site":"@PlazatorosRMR","twitter_misc":{"Written by":"RMCR"},"schema":{"@context":"https:\/\/schema.org","@graph":[{"@type":"Article","@id":"https:\/\/www.rmcr.org\/en\/2013\/09\/23\/admitidos-jinete-profesor-2013\/#article","isPartOf":{"@id":"https:\/\/www.rmcr.org\/en\/2013\/09\/23\/admitidos-jinete-profesor-2013\/"},"author":{"name":"RMCR","@id":"https:\/\/www.rmcr.org\/en\/#\/schema\/person\/7ddd0dafda7edd0e407157f93a56df4f"},"headline":"Admitidos Jinete Profesor 2013","datePublished":"2013-09-23T18:08:20+00:00","dateModified":"2023-02-14T12:19:52+00:00","mainEntityOfPage":{"@id":"https:\/\/www.rmcr.org\/en\/2013\/09\/23\/admitidos-jinete-profesor-2013\/"},"wordCount":82,"publisher":{"@id":"https:\/\/www.rmcr.org\/en\/#organization"},"image":{"@id":"https:\/\/www.rmcr.org\/en\/2013\/09\/23\/admitidos-jinete-profesor-2013\/#primaryimage"},"thumbnailUrl":"https:\/\/www.rmcr.org\/wp-content\/uploads\/2022\/05\/escuela-jinete-profesor.jpg","keywords":["Caballo espa\u00f1ol","Centro de Formaci\u00f3n","Clases magistrales","Expertos","Finca Escuela de Equitaci\u00f3n","P.R.E.","Picadero nuevo","Pista competici\u00f3n y calentamiento","Pruebas de Acceso","Pura Raza Espa\u00f1ola"],"articleSection":["Escuela de Equitaci\u00f3n","Instalaciones"],"inLanguage":"en-US"},{"@type":"WebPage","@id":"https:\/\/www.rmcr.org\/en\/2013\/09\/23\/admitidos-jinete-profesor-2013\/","url":"https:\/\/www.rmcr.org\/en\/2013\/09\/23\/admitidos-jinete-profesor-2013\/","name":"Admitidos Jinete Profesor 2013 - Real Maestranza de Caballer\u00eda de Ronda","isPartOf":{"@id":"https:\/\/www.rmcr.org\/en\/#website"},"primaryImageOfPage":{"@id":"https:\/\/www.rmcr.org\/en\/2013\/09\/23\/admitidos-jinete-profesor-2013\/#primaryimage"},"image":{"@id":"https:\/\/www.rmcr.org\/en\/2013\/09\/23\/admitidos-jinete-profesor-2013\/#primaryimage"},"thumbnailUrl":"https:\/\/www.rmcr.org\/wp-content\/uploads\/2022\/05\/escuela-jinete-profesor.jpg","datePublished":"2013-09-23T18:08:20+00:00","dateModified":"2023-02-14T12:19:52+00:00","breadcrumb":{"@id":"https:\/\/www.rmcr.org\/en\/2013\/09\/23\/admitidos-jinete-profesor-2013\/#breadcrumb"},"inLanguage":"en-US","potentialAction":[{"@type":"ReadAction","target":["https:\/\/www.rmcr.org\/en\/2013\/09\/23\/admitidos-jinete-profesor-2013\/"]}]},{"@type":"ImageObject","inLanguage":"en-US","@id":"https:\/\/www.rmcr.org\/en\/2013\/09\/23\/admitidos-jinete-profesor-2013\/#primaryimage","url":"https:\/\/www.rmcr.org\/wp-content\/uploads\/2022\/05\/escuela-jinete-profesor.jpg","contentUrl":"https:\/\/www.rmcr.org\/wp-content\/uploads\/2022\/05\/escuela-jinete-profesor.jpg","width":307,"height":219},{"@type":"BreadcrumbList","@id":"https:\/\/www.rmcr.org\/en\/2013\/09\/23\/admitidos-jinete-profesor-2013\/#breadcrumb","itemListElement":[{"@type":"ListItem","position":1,"name":"REAL MAESTRANZA DE CABALLER\u00cdA DE RONDA","item":"https:\/\/www.rmcr.org\/en\/"},{"@type":"ListItem","position":2,"name":"Admitidos Jinete Profesor 2013"}]},{"@type":"WebSite","@id":"https:\/\/www.rmcr.org\/en\/#website","url":"https:\/\/www.rmcr.org\/en\/","name":"Real Maestranza de Caballer\u00eda de Ronda","description":"Real Maestranza de Caballer\u00eda de Ronda","publisher":{"@id":"https:\/\/www.rmcr.org\/en\/#organization"},"alternateName":"RMCR","potentialAction":[{"@type":"SearchAction","target":{"@type":"EntryPoint","urlTemplate":"https:\/\/www.rmcr.org\/en\/?s={search_term_string}"},"query-input":{"@type":"PropertyValueSpecification","valueRequired":true,"valueName":"search_term_string"}}],"inLanguage":"en-US"},{"@type":"Organization","@id":"https:\/\/www.rmcr.org\/en\/#organization","name":"Real Maestranza de Caballer\u00eda de Ronda","alternateName":"RMR","url":"https:\/\/www.rmcr.org\/en\/","logo":{"@type":"ImageObject","inLanguage":"en-US","@id":"https:\/\/www.rmcr.org\/en\/#\/schema\/logo\/image\/","url":"https:\/\/www.rmcr.org\/wp-content\/uploads\/2022\/07\/logo-rmr-blue.svg","contentUrl":"https:\/\/www.rmcr.org\/wp-content\/uploads\/2022\/07\/logo-rmr-blue.svg","width":131,"height":129,"caption":"Real Maestranza de Caballer\u00eda de Ronda"},"image":{"@id":"https:\/\/www.rmcr.org\/en\/#\/schema\/logo\/image\/"},"sameAs":["https:\/\/www.facebook.com\/plazadetorosronda","https:\/\/x.com\/PlazatorosRMR","https:\/\/www.instagram.com\/realmaestranzaderonda\/","https:\/\/www.youtube.com\/channel\/UCrbO5IUN-8v_QML739vM4zg\/videos"]},{"@type":"Person","@id":"https:\/\/www.rmcr.org\/en\/#\/schema\/person\/7ddd0dafda7edd0e407157f93a56df4f","name":"RMCR","image":{"@type":"ImageObject","inLanguage":"en-US","@id":"https:\/\/secure.gravatar.com\/avatar\/adb75798b50800c24baa6a8706037b9469998c49eddeb95935f50f633cff80bb?s=96&d=mm&r=g","url":"https:\/\/secure.gravatar.com\/avatar\/adb75798b50800c24baa6a8706037b9469998c49eddeb95935f50f633cff80bb?s=96&d=mm&r=g","contentUrl":"https:\/\/secure.gravatar.com\/avatar\/adb75798b50800c24baa6a8706037b9469998c49eddeb95935f50f633cff80bb?s=96&d=mm&r=g","caption":"RMCR"},"url":"https:\/\/www.rmcr.org\/en\/author\/bitniks77\/"}]}},"_links":{"self":[{"href":"https:\/\/www.rmcr.org\/en\/wp-json\/wp\/v2\/posts\/114","targetHints":{"allow":["GET"]}}],"collection":[{"href":"https:\/\/www.rmcr.org\/en\/wp-json\/wp\/v2\/posts"}],"about":[{"href":"https:\/\/www.rmcr.org\/en\/wp-json\/wp\/v2\/types\/post"}],"author":[{"embeddable":true,"href":"https:\/\/www.rmcr.org\/en\/wp-json\/wp\/v2\/users\/7"}],"replies":[{"embeddable":true,"href":"https:\/\/www.rmcr.org\/en\/wp-json\/wp\/v2\/comments?post=114"}],"version-history":[{"count":1,"href":"https:\/\/www.rmcr.org\/en\/wp-json\/wp\/v2\/posts\/114\/revisions"}],"predecessor-version":[{"id":15461,"href":"https:\/\/www.rmcr.org\/en\/wp-json\/wp\/v2\/posts\/114\/revisions\/15461"}],"wp:featuredmedia":[{"embeddable":true,"href":"https:\/\/www.rmcr.org\/en\/wp-json\/wp\/v2\/media\/10970"}],"wp:attachment":[{"href":"https:\/\/www.rmcr.org\/en\/wp-json\/wp\/v2\/media?parent=114"}],"wp:term":[{"taxonomy":"category","embeddable":true,"href":"https:\/\/www.rmcr.org\/en\/wp-json\/wp\/v2\/categories?post=114"},{"taxonomy":"post_tag","embeddable":true,"href":"https:\/\/www.rmcr.org\/en\/wp-json\/wp\/v2\/tags?post=114"}],"curies":[{"name":"wp","href":"https:\/\/api.w.org\/{rel}","templated":true}]}}