{"id":1124,"date":"2016-07-29T13:01:38","date_gmt":"2016-07-29T13:01:38","guid":{"rendered":"https:\/\/www.rmcr.org\/?p=1124"},"modified":"2025-04-03T11:31:17","modified_gmt":"2025-04-03T11:31:17","slug":"biblioteca-rmr-abecedario-taurino-julio-2016","status":"publish","type":"post","link":"https:\/\/www.rmcr.org\/en\/2016\/07\/29\/biblioteca-rmr-abecedario-taurino-julio-2016\/","title":{"rendered":"Biblioteca-RMR: N\u00ba 31. Abecedario taurino. Julio 2016."},"content":{"rendered":"<p style=\"text-align:center;\"><span ><strong>\u00b7 ART\u00cdCULO \u00b7<\/strong><\/span><br \/>\n<span ><strong>\u00b7 BIBLIOTECA DE LA REAL MAESTRANZA DE CABALLER\u00cdA DE RONDA \u00b7<\/strong><\/span><br \/>\n<span ><strong>\u00b7 JULIO 2016 \u00b7<\/strong><\/span><\/p>\n<p style=\"text-align:center;\"><span ><strong>\u00b7 FONDO TAUROMAQUIA \u00b7<\/strong><\/span><\/p>\n<p style=\"text-align:justify;\"><span >Dedicamos esta entrada a una curiosa colecci\u00f3n de letras capitulares presente en la obra de Fernando Garc\u00eda de Bedoya titulada <em>Historia del toreo y de las principales ganader\u00edas de Espa\u00f1a<\/em>, publicada en Madrid en la imprenta de Anselmo Santa Coloma y Compa\u00f1\u00eda en 1850.<\/span><\/p>\n<p style=\"text-align:justify;\"><span >Seg\u00fan afirma Ventura Bag\u00fc\u00e9s (Don Ventura) en su libro <em>Escritores taurinos espa\u00f1oles del siglo XIX<\/em>, Fernando Garc\u00eda de Bedoya (Madrid, 1802-Per\u00fa, 1860) fue el primer historiador que tuvo el toreo. Hasta Bedoya, los intentos realizados en el aspecto hist\u00f3rico revisten escaso valor; apuntes, hojas sueltas u op\u00fasculos que responden a un fin de car\u00e1cter general.<\/span><\/p>\n<p style=\"text-align:justify;\"><span >Garc\u00eda de Bedoya tan s\u00f3lo publico una obra m\u00e1s a la anteriormente se\u00f1alada, que llev\u00f3 por t\u00edtulo <em>Galer\u00eda taurom\u00e1quica o Colecci\u00f3n de biograf\u00edas de los lidiadores m\u00e1s notables, desde la rejeneraci\u00f3n del toreo hasta nuestros d\u00edas<\/em>, publicada en Madrid en 1848.<\/span><\/p>\n<p style=\"text-align:justify;\"><span >Aunque en las obras de Bedoya existe una buena parte de conjeturas, y las biograf\u00edas de los diestros contienen numerosos errores, tiene las mismas el m\u00e9rito de haber sido las primeras en su clase que fueron hechas con la preocupaci\u00f3n del respeto a las normas hist\u00f3ricas.<\/span><\/p>\n<p style=\"text-align:justify;\"><span >Seg\u00fan Jos\u00e9 Mart\u00ednez de Sousa en su <em>Diccionario de bibliolog\u00eda y ciencias afinas<\/em>, la <strong>letra capitular<\/strong> es aquella letra inicial de un cap\u00edtulo o p\u00e1rrafo, de tama\u00f1o mayor que las restantes y generalmente ilustrada con adornos o figuras, que pueden ser de muy diferentes tem\u00e1ticas. Tambi\u00e9n recibe el nombre de letra inicial adornada, letra decorada, letra inicial decorada o letra inicial ornada.<\/span><\/p>\n<p style=\"text-align:justify;\"><span >La interesante colecci\u00f3n de letras capitulares que presenta la obra de Garc\u00eda de Bedoya se caracteriza por representar diferentes escenas alusivas a la lidia del toro bravo, adem\u00e1s de otros aspectos que rodean a la celebraci\u00f3n de las corridas. El tratamiento que reciben las letras es heterog\u00e9neo: en la mayor\u00eda de las ocasiones se identifican f\u00e1cilmente, pero en otras pasan casi desapercibidas o son dif\u00edciles de identificar. De cualquier manera, forman un conjunto de notable ejecuci\u00f3n art\u00edstica.<\/span><\/p>\n<p style=\"text-align:justify;\"><span >La autor\u00eda de los dibujos podr\u00eda corresponder a Vicente Urrabieta y Ortiz (1813-1879), dibujante y lit\u00f3grafo, de&nbsp;qui\u00e9n Pedro Casado Cimiano, en su <em>Diccionario biogr\u00e1fico de ilustradores espa\u00f1oles del siglo XIX,<\/em> dice que se puede considerar, sin duda, como uno de los ilustradores m\u00e1s prol\u00edficos de todos los tiempos y de los pioneros de la litograf\u00eda en Espa\u00f1a.<\/span><\/p>\n<p style=\"text-align:justify;\"><a href=\"https:\/\/www.rmcr.org\/2016\/07\/intro.jpg\"><img fetchpriority=\"high\" decoding=\"async\" class=\"aligncenter size-full wp-image-1125\" src=\"https:\/\/www.rmcr.org\/wp-content\/uploads\/2016\/07\/intro.jpg\" alt=\"intro\" width=\"449\" height=\"500\" srcset=\"https:\/\/www.rmcr.org\/wp-content\/uploads\/2016\/07\/intro.jpg 449w, https:\/\/www.rmcr.org\/wp-content\/uploads\/2016\/07\/intro-269x300.jpg 269w\" sizes=\"(max-width: 449px) 100vw, 449px\" \/><\/a><\/p>\n<p style=\"text-align:center;\"><span >Introducci\u00f3n<\/span><\/p>\n<p style=\"text-align:center;\"><a href=\"https:\/\/www.rmcr.org\/2016\/07\/letraa.jpg\"><img decoding=\"async\" class=\"aligncenter size-full wp-image-1126\" src=\"https:\/\/www.rmcr.org\/wp-content\/uploads\/2016\/07\/letraa.jpg\" alt=\"letraA\" width=\"470\" height=\"289\" srcset=\"https:\/\/www.rmcr.org\/wp-content\/uploads\/2016\/07\/letraa.jpg 500w, https:\/\/www.rmcr.org\/wp-content\/uploads\/2016\/07\/letraa-300x184.jpg 300w\" sizes=\"(max-width: 470px) 100vw, 470px\" \/><\/a><\/p>\n<p style=\"text-align:center;\"><span >Letra A<\/span><\/p>\n<p style=\"text-align:center;\"><a href=\"https:\/\/www.rmcr.org\/2016\/07\/letrac.jpg\"><img decoding=\"async\" class=\"aligncenter size-full wp-image-1127\" src=\"https:\/\/www.rmcr.org\/wp-content\/uploads\/2016\/07\/letrac.jpg\" alt=\"letraC\" width=\"378\" height=\"500\"><\/a><\/p>\n<p style=\"text-align:center;\"><span >Letra C<\/span><\/p>\n<p style=\"text-align:center;\"><a href=\"https:\/\/www.rmcr.org\/2016\/07\/letrag.jpg\"><img loading=\"lazy\" decoding=\"async\" class=\"aligncenter size-full wp-image-1128\" src=\"https:\/\/www.rmcr.org\/wp-content\/uploads\/2016\/07\/letrag.jpg\" alt=\"letraG\" width=\"234\" height=\"500\" srcset=\"https:\/\/www.rmcr.org\/wp-content\/uploads\/2016\/07\/letrag.jpg 234w, https:\/\/www.rmcr.org\/wp-content\/uploads\/2016\/07\/letrag-140x300.jpg 140w\" sizes=\"(max-width: 234px) 100vw, 234px\" \/><\/a><\/p>\n<p style=\"text-align:center;\"><span >Letra G<\/span><\/p>\n<p style=\"text-align:center;\"><a href=\"https:\/\/www.rmcr.org\/2016\/07\/letrah.jpg\"><img loading=\"lazy\" decoding=\"async\" class=\"aligncenter size-full wp-image-1129\" src=\"https:\/\/www.rmcr.org\/wp-content\/uploads\/2016\/07\/letrah.jpg\" alt=\"letraH\" width=\"470\" height=\"244\" srcset=\"https:\/\/www.rmcr.org\/wp-content\/uploads\/2016\/07\/letrah.jpg 500w, https:\/\/www.rmcr.org\/wp-content\/uploads\/2016\/07\/letrah-300x156.jpg 300w\" sizes=\"(max-width: 470px) 100vw, 470px\" \/><\/a><\/p>\n<p style=\"text-align:center;\"><span >Letra H<\/span><\/p>\n<p style=\"text-align:center;\"><a href=\"https:\/\/www.rmcr.org\/2016\/07\/letraj.jpg\"><img loading=\"lazy\" decoding=\"async\" class=\"aligncenter size-full wp-image-1130\" src=\"https:\/\/www.rmcr.org\/wp-content\/uploads\/2016\/07\/letraj.jpg\" alt=\"letraJ\" width=\"397\" height=\"500\" srcset=\"https:\/\/www.rmcr.org\/wp-content\/uploads\/2016\/07\/letraj.jpg 397w, https:\/\/www.rmcr.org\/wp-content\/uploads\/2016\/07\/letraj-238x300.jpg 238w\" sizes=\"(max-width: 397px) 100vw, 397px\" \/><\/a><\/p>\n<p style=\"text-align:center;\"><span >Letra J<\/span><\/p>\n<p style=\"text-align:center;\"><a href=\"https:\/\/www.rmcr.org\/2016\/07\/letral.jpg\"><img loading=\"lazy\" decoding=\"async\" class=\"aligncenter size-full wp-image-1131\" src=\"https:\/\/www.rmcr.org\/wp-content\/uploads\/2016\/07\/letral.jpg\" alt=\"letraL\" width=\"470\" height=\"233\"><\/a><\/p>\n<p style=\"text-align:center;\"><span >Letra L<\/span><\/p>\n<p style=\"text-align:center;\"><a href=\"https:\/\/www.rmcr.org\/2016\/07\/letram.jpg\"><img loading=\"lazy\" decoding=\"async\" class=\"aligncenter size-full wp-image-1132\" src=\"https:\/\/www.rmcr.org\/wp-content\/uploads\/2016\/07\/letram.jpg\" alt=\"letraM\" width=\"364\" height=\"500\"><\/a><\/p>\n<p style=\"text-align:center;\"><span >Letra M<\/span><\/p>\n<p style=\"text-align:center;\"><a href=\"https:\/\/www.rmcr.org\/2016\/07\/letran.jpg\"><img loading=\"lazy\" decoding=\"async\" class=\"aligncenter size-full wp-image-1133\" src=\"https:\/\/www.rmcr.org\/wp-content\/uploads\/2016\/07\/letran.jpg\" alt=\"letraN\" width=\"467\" height=\"500\" srcset=\"https:\/\/www.rmcr.org\/wp-content\/uploads\/2016\/07\/letran.jpg 467w, https:\/\/www.rmcr.org\/wp-content\/uploads\/2016\/07\/letran-280x300.jpg 280w\" sizes=\"(max-width: 467px) 100vw, 467px\" \/><\/a><\/p>\n<p style=\"text-align:center;\"><span >Letra N<\/span><\/p>\n<p style=\"text-align:center;\"><a href=\"https:\/\/www.rmcr.org\/2016\/07\/letrap.jpg\"><img loading=\"lazy\" decoding=\"async\" class=\"aligncenter size-full wp-image-1134\" src=\"https:\/\/www.rmcr.org\/wp-content\/uploads\/2016\/07\/letrap.jpg\" alt=\"letraP\" width=\"470\" height=\"411\" srcset=\"https:\/\/www.rmcr.org\/wp-content\/uploads\/2016\/07\/letrap.jpg 500w, https:\/\/www.rmcr.org\/wp-content\/uploads\/2016\/07\/letrap-300x262.jpg 300w\" sizes=\"(max-width: 470px) 100vw, 470px\" \/><\/a><\/p>\n<p style=\"text-align:center;\"><span >Letra P<\/span><\/p>\n<p style=\"text-align:center;\"><a href=\"https:\/\/www.rmcr.org\/2016\/07\/letraq.jpg\"><img loading=\"lazy\" decoding=\"async\" class=\"aligncenter size-full wp-image-1135\" src=\"https:\/\/www.rmcr.org\/wp-content\/uploads\/2016\/07\/letraq.jpg\" alt=\"letraQ\" width=\"335\" height=\"500\"><\/a><\/p>\n<p style=\"text-align:center;\"><span >Letra Q<\/span><\/p>\n<p style=\"text-align:center;\"><a href=\"https:\/\/www.rmcr.org\/2016\/07\/letrar.jpg\"><img loading=\"lazy\" decoding=\"async\" class=\"aligncenter size-full wp-image-1136\" src=\"https:\/\/www.rmcr.org\/wp-content\/uploads\/2016\/07\/letrar.jpg\" alt=\"letraR\" width=\"389\" height=\"500\"><\/a><\/p>\n<p style=\"text-align:center;\"><span >Letra R<\/span><\/p>\n<p style=\"text-align:center;\"><a href=\"https:\/\/www.rmcr.org\/2016\/07\/letras.jpg\"><img loading=\"lazy\" decoding=\"async\" class=\"aligncenter size-full wp-image-1137\" src=\"https:\/\/www.rmcr.org\/wp-content\/uploads\/2016\/07\/letras.jpg\" alt=\"letraS\" width=\"423\" height=\"500\"><\/a><\/p>\n<p style=\"text-align:center;\"><span >Letra S<\/span><\/p>\n<p style=\"text-align:center;\"><a href=\"https:\/\/www.rmcr.org\/2016\/07\/letrat.jpg\"><img loading=\"lazy\" decoding=\"async\" class=\"aligncenter size-full wp-image-1138\" src=\"https:\/\/www.rmcr.org\/wp-content\/uploads\/2016\/07\/letrat.jpg\" alt=\"letraT\" width=\"306\" height=\"500\"><\/a><\/p>\n<p style=\"text-align:center;\"><span >Letra T<\/span><\/p>\n<p style=\"text-align:center;\"><a href=\"https:\/\/www.rmcr.org\/2016\/07\/letray.jpg\"><img loading=\"lazy\" decoding=\"async\" class=\"aligncenter size-full wp-image-1139\" src=\"https:\/\/www.rmcr.org\/wp-content\/uploads\/2016\/07\/letray.jpg\" alt=\"letraY\" width=\"466\" height=\"500\" srcset=\"https:\/\/www.rmcr.org\/wp-content\/uploads\/2016\/07\/letray.jpg 466w, https:\/\/www.rmcr.org\/wp-content\/uploads\/2016\/07\/letray-280x300.jpg 280w\" sizes=\"(max-width: 466px) 100vw, 466px\" \/><\/a><\/p>\n<p style=\"text-align:center;\"><span >Letra Y<\/span><\/p>\n<p style=\"text-align:justify;\"><span ><strong>Ficha bibliogr\u00e1fica<\/strong><\/span><\/p>\n<p style=\"text-align:justify;\"><em><span >Garc\u00eda de Bedoya, Fernando (1802-1860)<\/span><\/em><br \/>\n<span >Historia del toreo y de las principales ganaderias de Espa\u00f1a \/ obra ilustrada, popular y curiosa original de F.G. de Bedoya. &#8212; Madrid : Imp. de Anselmo Sta. Coloma y Compa\u00f1\u00eda, Editor, 1850<\/span><br \/>\n<span >380 p., [25] h. de l\u00e1m. : il. ; 27 cm<\/span><br \/>\n<em><span >Toreros-Espa\u00f1a-Siglo XIX-Biograf\u00edas<\/span><\/em><br \/>\n<em><span >Corridas de toros-Historia-Siglo XIX<\/span><\/em><br \/>\n<em><span >Ganaderos-Espa\u00f1a-Siglo XIX-Biograf\u00edas<\/span><\/em><br \/>\n<span >Fondo Propio \/ Tauromaquia &#8212; Enc. plena pasta espa\u00f1ola, hierros dorados en lomo &#8212; CB1003139<\/span><\/p>\n","protected":false},"excerpt":{"rendered":"<p>\u00b7 ART\u00cdCULO \u00b7 \u00b7 BIBLIOTECA DE LA REAL MAESTRANZA DE CABALLER\u00cdA DE RONDA \u00b7 \u00b7 JULIO 2016 \u00b7 \u00b7 FONDO TAUROMAQUIA \u00b7 Dedicamos esta entrada a una curiosa colecci\u00f3n de letras capitulares presente en la obra de Fernando Garc\u00eda de Bedoya titulada Historia del toreo y de las principales ganader\u00edas de Espa\u00f1a, publicada en Madrid [&hellip;]<\/p>\n","protected":false},"author":2,"featured_media":11611,"comment_status":"open","ping_status":"open","sticky":false,"template":"","format":"standard","meta":{"footnotes":""},"categories":[140,791],"tags":[105,252,176,209,144,189],"class_list":["post-1124","post","type-post","status-publish","format-standard","has-post-thumbnail","hentry","category-biblioteca","category-boletin-bibliografico-biblioteca-rmr","tag-biblioteca-general","tag-biblioteca-rmr","tag-boletin-mensual-bibliografico","tag-fernando-garcia-de-bedoya","tag-grabados","tag-tauromaquia"],"yoast_head":"<!-- This site is optimized with the Yoast SEO plugin v27.5 - https:\/\/yoast.com\/product\/yoast-seo-wordpress\/ -->\n<title>Biblioteca-RMR: N\u00ba 31. Abecedario taurino. Julio 2016. - Real Maestranza de Caballer\u00eda de Ronda<\/title>\n<meta name=\"robots\" content=\"index, follow, max-snippet:-1, max-image-preview:large, max-video-preview:-1\" \/>\n<link rel=\"canonical\" href=\"https:\/\/www.rmcr.org\/en\/2016\/07\/29\/biblioteca-rmr-abecedario-taurino-julio-2016\/\" \/>\n<meta property=\"og:locale\" content=\"en_US\" \/>\n<meta property=\"og:type\" content=\"article\" \/>\n<meta property=\"og:title\" content=\"Biblioteca-RMR: N\u00ba 31. Abecedario taurino. Julio 2016. - Real Maestranza de Caballer\u00eda de Ronda\" \/>\n<meta property=\"og:description\" content=\"\u00b7 ART\u00cdCULO \u00b7 \u00b7 BIBLIOTECA DE LA REAL MAESTRANZA DE CABALLER\u00cdA DE RONDA \u00b7 \u00b7 JULIO 2016 \u00b7 \u00b7 FONDO TAUROMAQUIA \u00b7 Dedicamos esta entrada a una curiosa colecci\u00f3n de letras capitulares presente en la obra de Fernando Garc\u00eda de Bedoya titulada Historia del toreo y de las principales ganader\u00edas de Espa\u00f1a, publicada en Madrid [&hellip;]\" \/>\n<meta property=\"og:url\" content=\"https:\/\/www.rmcr.org\/en\/2016\/07\/29\/biblioteca-rmr-abecedario-taurino-julio-2016\/\" \/>\n<meta property=\"og:site_name\" content=\"Real Maestranza de Caballer\u00eda de Ronda\" \/>\n<meta property=\"article:publisher\" content=\"https:\/\/www.facebook.com\/plazadetorosronda\" \/>\n<meta property=\"article:published_time\" content=\"2016-07-29T13:01:38+00:00\" \/>\n<meta property=\"article:modified_time\" content=\"2025-04-03T11:31:17+00:00\" \/>\n<meta property=\"og:image\" content=\"https:\/\/www.rmcr.org\/wp-content\/uploads\/2022\/10\/bed.jpg\" \/>\n\t<meta property=\"og:image:width\" content=\"482\" \/>\n\t<meta property=\"og:image:height\" content=\"144\" \/>\n\t<meta property=\"og:image:type\" content=\"image\/jpeg\" \/>\n<meta name=\"author\" content=\"BIBLIOTECA\" \/>\n<meta name=\"twitter:card\" content=\"summary_large_image\" \/>\n<meta name=\"twitter:creator\" content=\"@PlazatorosRMR\" \/>\n<meta name=\"twitter:site\" content=\"@PlazatorosRMR\" \/>\n<meta name=\"twitter:label1\" content=\"Written by\" \/>\n\t<meta name=\"twitter:data1\" content=\"BIBLIOTECA\" \/>\n\t<meta name=\"twitter:label2\" content=\"Est. reading time\" \/>\n\t<meta name=\"twitter:data2\" content=\"3 minutes\" \/>\n<script type=\"application\/ld+json\" class=\"yoast-schema-graph\">{\"@context\":\"https:\\\/\\\/schema.org\",\"@graph\":[{\"@type\":\"Article\",\"@id\":\"https:\\\/\\\/www.rmcr.org\\\/en\\\/2016\\\/07\\\/29\\\/biblioteca-rmr-abecedario-taurino-julio-2016\\\/#article\",\"isPartOf\":{\"@id\":\"https:\\\/\\\/www.rmcr.org\\\/en\\\/2016\\\/07\\\/29\\\/biblioteca-rmr-abecedario-taurino-julio-2016\\\/\"},\"author\":{\"name\":\"BIBLIOTECA\",\"@id\":\"https:\\\/\\\/www.rmcr.org\\\/en\\\/#\\\/schema\\\/person\\\/80849edee7ef556893505128619ea1d0\"},\"headline\":\"Biblioteca-RMR: N\u00ba 31. Abecedario taurino. Julio 2016.\",\"datePublished\":\"2016-07-29T13:01:38+00:00\",\"dateModified\":\"2025-04-03T11:31:17+00:00\",\"mainEntityOfPage\":{\"@id\":\"https:\\\/\\\/www.rmcr.org\\\/en\\\/2016\\\/07\\\/29\\\/biblioteca-rmr-abecedario-taurino-julio-2016\\\/\"},\"wordCount\":563,\"commentCount\":0,\"publisher\":{\"@id\":\"https:\\\/\\\/www.rmcr.org\\\/en\\\/#organization\"},\"image\":{\"@id\":\"https:\\\/\\\/www.rmcr.org\\\/en\\\/2016\\\/07\\\/29\\\/biblioteca-rmr-abecedario-taurino-julio-2016\\\/#primaryimage\"},\"thumbnailUrl\":\"https:\\\/\\\/www.rmcr.org\\\/wp-content\\\/uploads\\\/2022\\\/10\\\/bed.jpg\",\"keywords\":[\"Biblioteca\",\"Biblioteca-RMR\",\"Bolet\u00edn mensual bibliogr\u00e1fico\",\"Fernando Garc\u00eda de Bedoya\",\"Grabados\",\"Tauromaquia\"],\"articleSection\":[\"Biblioteca\",\"Bolet\u00edn bibliogr\u00e1fico Biblioteca-RMR\"],\"inLanguage\":\"en-US\",\"potentialAction\":[{\"@type\":\"CommentAction\",\"name\":\"Comment\",\"target\":[\"https:\\\/\\\/www.rmcr.org\\\/en\\\/2016\\\/07\\\/29\\\/biblioteca-rmr-abecedario-taurino-julio-2016\\\/#respond\"]}]},{\"@type\":\"WebPage\",\"@id\":\"https:\\\/\\\/www.rmcr.org\\\/en\\\/2016\\\/07\\\/29\\\/biblioteca-rmr-abecedario-taurino-julio-2016\\\/\",\"url\":\"https:\\\/\\\/www.rmcr.org\\\/en\\\/2016\\\/07\\\/29\\\/biblioteca-rmr-abecedario-taurino-julio-2016\\\/\",\"name\":\"Biblioteca-RMR: N\u00ba 31. Abecedario taurino. Julio 2016. - Real Maestranza de Caballer\u00eda de Ronda\",\"isPartOf\":{\"@id\":\"https:\\\/\\\/www.rmcr.org\\\/en\\\/#website\"},\"primaryImageOfPage\":{\"@id\":\"https:\\\/\\\/www.rmcr.org\\\/en\\\/2016\\\/07\\\/29\\\/biblioteca-rmr-abecedario-taurino-julio-2016\\\/#primaryimage\"},\"image\":{\"@id\":\"https:\\\/\\\/www.rmcr.org\\\/en\\\/2016\\\/07\\\/29\\\/biblioteca-rmr-abecedario-taurino-julio-2016\\\/#primaryimage\"},\"thumbnailUrl\":\"https:\\\/\\\/www.rmcr.org\\\/wp-content\\\/uploads\\\/2022\\\/10\\\/bed.jpg\",\"datePublished\":\"2016-07-29T13:01:38+00:00\",\"dateModified\":\"2025-04-03T11:31:17+00:00\",\"breadcrumb\":{\"@id\":\"https:\\\/\\\/www.rmcr.org\\\/en\\\/2016\\\/07\\\/29\\\/biblioteca-rmr-abecedario-taurino-julio-2016\\\/#breadcrumb\"},\"inLanguage\":\"en-US\",\"potentialAction\":[{\"@type\":\"ReadAction\",\"target\":[\"https:\\\/\\\/www.rmcr.org\\\/en\\\/2016\\\/07\\\/29\\\/biblioteca-rmr-abecedario-taurino-julio-2016\\\/\"]}]},{\"@type\":\"ImageObject\",\"inLanguage\":\"en-US\",\"@id\":\"https:\\\/\\\/www.rmcr.org\\\/en\\\/2016\\\/07\\\/29\\\/biblioteca-rmr-abecedario-taurino-julio-2016\\\/#primaryimage\",\"url\":\"https:\\\/\\\/www.rmcr.org\\\/wp-content\\\/uploads\\\/2022\\\/10\\\/bed.jpg\",\"contentUrl\":\"https:\\\/\\\/www.rmcr.org\\\/wp-content\\\/uploads\\\/2022\\\/10\\\/bed.jpg\",\"width\":482,\"height\":144},{\"@type\":\"BreadcrumbList\",\"@id\":\"https:\\\/\\\/www.rmcr.org\\\/en\\\/2016\\\/07\\\/29\\\/biblioteca-rmr-abecedario-taurino-julio-2016\\\/#breadcrumb\",\"itemListElement\":[{\"@type\":\"ListItem\",\"position\":1,\"name\":\"REAL MAESTRANZA DE CABALLER\u00cdA DE RONDA\",\"item\":\"https:\\\/\\\/www.rmcr.org\\\/en\\\/\"},{\"@type\":\"ListItem\",\"position\":2,\"name\":\"Biblioteca-RMR: N\u00ba 31. Abecedario taurino. Julio 2016.\"}]},{\"@type\":\"WebSite\",\"@id\":\"https:\\\/\\\/www.rmcr.org\\\/en\\\/#website\",\"url\":\"https:\\\/\\\/www.rmcr.org\\\/en\\\/\",\"name\":\"Real Maestranza de Caballer\u00eda de Ronda\",\"description\":\"Real Maestranza de Caballer\u00eda de Ronda\",\"publisher\":{\"@id\":\"https:\\\/\\\/www.rmcr.org\\\/en\\\/#organization\"},\"alternateName\":\"RMCR\",\"potentialAction\":[{\"@type\":\"SearchAction\",\"target\":{\"@type\":\"EntryPoint\",\"urlTemplate\":\"https:\\\/\\\/www.rmcr.org\\\/en\\\/?s={search_term_string}\"},\"query-input\":{\"@type\":\"PropertyValueSpecification\",\"valueRequired\":true,\"valueName\":\"search_term_string\"}}],\"inLanguage\":\"en-US\"},{\"@type\":\"Organization\",\"@id\":\"https:\\\/\\\/www.rmcr.org\\\/en\\\/#organization\",\"name\":\"Real Maestranza de Caballer\u00eda de Ronda\",\"alternateName\":\"RMR\",\"url\":\"https:\\\/\\\/www.rmcr.org\\\/en\\\/\",\"logo\":{\"@type\":\"ImageObject\",\"inLanguage\":\"en-US\",\"@id\":\"https:\\\/\\\/www.rmcr.org\\\/en\\\/#\\\/schema\\\/logo\\\/image\\\/\",\"url\":\"https:\\\/\\\/www.rmcr.org\\\/wp-content\\\/uploads\\\/2022\\\/07\\\/logo-rmr-blue.svg\",\"contentUrl\":\"https:\\\/\\\/www.rmcr.org\\\/wp-content\\\/uploads\\\/2022\\\/07\\\/logo-rmr-blue.svg\",\"width\":131,\"height\":129,\"caption\":\"Real Maestranza de Caballer\u00eda de Ronda\"},\"image\":{\"@id\":\"https:\\\/\\\/www.rmcr.org\\\/en\\\/#\\\/schema\\\/logo\\\/image\\\/\"},\"sameAs\":[\"https:\\\/\\\/www.facebook.com\\\/plazadetorosronda\",\"https:\\\/\\\/x.com\\\/PlazatorosRMR\",\"https:\\\/\\\/www.instagram.com\\\/realmaestranzaderonda\\\/\",\"https:\\\/\\\/www.youtube.com\\\/channel\\\/UCrbO5IUN-8v_QML739vM4zg\\\/videos\"]},{\"@type\":\"Person\",\"@id\":\"https:\\\/\\\/www.rmcr.org\\\/en\\\/#\\\/schema\\\/person\\\/80849edee7ef556893505128619ea1d0\",\"name\":\"BIBLIOTECA\",\"image\":{\"@type\":\"ImageObject\",\"inLanguage\":\"en-US\",\"@id\":\"https:\\\/\\\/www.rmcr.org\\\/wp-content\\\/uploads\\\/2022\\\/11\\\/avatar-rmcr-96x96.png\",\"url\":\"https:\\\/\\\/www.rmcr.org\\\/wp-content\\\/uploads\\\/2022\\\/11\\\/avatar-rmcr-96x96.png\",\"contentUrl\":\"https:\\\/\\\/www.rmcr.org\\\/wp-content\\\/uploads\\\/2022\\\/11\\\/avatar-rmcr-96x96.png\",\"caption\":\"BIBLIOTECA\"},\"url\":\"https:\\\/\\\/www.rmcr.org\\\/en\\\/author\\\/juan-antonio-moreno\\\/\"}]}<\/script>\n<!-- \/ Yoast SEO plugin. -->","yoast_head_json":{"title":"Biblioteca-RMR: N\u00ba 31. Abecedario taurino. Julio 2016. - Real Maestranza de Caballer\u00eda de Ronda","robots":{"index":"index","follow":"follow","max-snippet":"max-snippet:-1","max-image-preview":"max-image-preview:large","max-video-preview":"max-video-preview:-1"},"canonical":"https:\/\/www.rmcr.org\/en\/2016\/07\/29\/biblioteca-rmr-abecedario-taurino-julio-2016\/","og_locale":"en_US","og_type":"article","og_title":"Biblioteca-RMR: N\u00ba 31. Abecedario taurino. Julio 2016. - Real Maestranza de Caballer\u00eda de Ronda","og_description":"\u00b7 ART\u00cdCULO \u00b7 \u00b7 BIBLIOTECA DE LA REAL MAESTRANZA DE CABALLER\u00cdA DE RONDA \u00b7 \u00b7 JULIO 2016 \u00b7 \u00b7 FONDO TAUROMAQUIA \u00b7 Dedicamos esta entrada a una curiosa colecci\u00f3n de letras capitulares presente en la obra de Fernando Garc\u00eda de Bedoya titulada Historia del toreo y de las principales ganader\u00edas de Espa\u00f1a, publicada en Madrid [&hellip;]","og_url":"https:\/\/www.rmcr.org\/en\/2016\/07\/29\/biblioteca-rmr-abecedario-taurino-julio-2016\/","og_site_name":"Real Maestranza de Caballer\u00eda de Ronda","article_publisher":"https:\/\/www.facebook.com\/plazadetorosronda","article_published_time":"2016-07-29T13:01:38+00:00","article_modified_time":"2025-04-03T11:31:17+00:00","og_image":[{"width":482,"height":144,"url":"https:\/\/www.rmcr.org\/wp-content\/uploads\/2022\/10\/bed.jpg","type":"image\/jpeg"}],"author":"BIBLIOTECA","twitter_card":"summary_large_image","twitter_creator":"@PlazatorosRMR","twitter_site":"@PlazatorosRMR","twitter_misc":{"Written by":"BIBLIOTECA","Est. reading time":"3 minutes"},"schema":{"@context":"https:\/\/schema.org","@graph":[{"@type":"Article","@id":"https:\/\/www.rmcr.org\/en\/2016\/07\/29\/biblioteca-rmr-abecedario-taurino-julio-2016\/#article","isPartOf":{"@id":"https:\/\/www.rmcr.org\/en\/2016\/07\/29\/biblioteca-rmr-abecedario-taurino-julio-2016\/"},"author":{"name":"BIBLIOTECA","@id":"https:\/\/www.rmcr.org\/en\/#\/schema\/person\/80849edee7ef556893505128619ea1d0"},"headline":"Biblioteca-RMR: N\u00ba 31. Abecedario taurino. Julio 2016.","datePublished":"2016-07-29T13:01:38+00:00","dateModified":"2025-04-03T11:31:17+00:00","mainEntityOfPage":{"@id":"https:\/\/www.rmcr.org\/en\/2016\/07\/29\/biblioteca-rmr-abecedario-taurino-julio-2016\/"},"wordCount":563,"commentCount":0,"publisher":{"@id":"https:\/\/www.rmcr.org\/en\/#organization"},"image":{"@id":"https:\/\/www.rmcr.org\/en\/2016\/07\/29\/biblioteca-rmr-abecedario-taurino-julio-2016\/#primaryimage"},"thumbnailUrl":"https:\/\/www.rmcr.org\/wp-content\/uploads\/2022\/10\/bed.jpg","keywords":["Biblioteca","Biblioteca-RMR","Bolet\u00edn mensual bibliogr\u00e1fico","Fernando Garc\u00eda de Bedoya","Grabados","Tauromaquia"],"articleSection":["Biblioteca","Bolet\u00edn bibliogr\u00e1fico Biblioteca-RMR"],"inLanguage":"en-US","potentialAction":[{"@type":"CommentAction","name":"Comment","target":["https:\/\/www.rmcr.org\/en\/2016\/07\/29\/biblioteca-rmr-abecedario-taurino-julio-2016\/#respond"]}]},{"@type":"WebPage","@id":"https:\/\/www.rmcr.org\/en\/2016\/07\/29\/biblioteca-rmr-abecedario-taurino-julio-2016\/","url":"https:\/\/www.rmcr.org\/en\/2016\/07\/29\/biblioteca-rmr-abecedario-taurino-julio-2016\/","name":"Biblioteca-RMR: N\u00ba 31. Abecedario taurino. Julio 2016. - Real Maestranza de Caballer\u00eda de Ronda","isPartOf":{"@id":"https:\/\/www.rmcr.org\/en\/#website"},"primaryImageOfPage":{"@id":"https:\/\/www.rmcr.org\/en\/2016\/07\/29\/biblioteca-rmr-abecedario-taurino-julio-2016\/#primaryimage"},"image":{"@id":"https:\/\/www.rmcr.org\/en\/2016\/07\/29\/biblioteca-rmr-abecedario-taurino-julio-2016\/#primaryimage"},"thumbnailUrl":"https:\/\/www.rmcr.org\/wp-content\/uploads\/2022\/10\/bed.jpg","datePublished":"2016-07-29T13:01:38+00:00","dateModified":"2025-04-03T11:31:17+00:00","breadcrumb":{"@id":"https:\/\/www.rmcr.org\/en\/2016\/07\/29\/biblioteca-rmr-abecedario-taurino-julio-2016\/#breadcrumb"},"inLanguage":"en-US","potentialAction":[{"@type":"ReadAction","target":["https:\/\/www.rmcr.org\/en\/2016\/07\/29\/biblioteca-rmr-abecedario-taurino-julio-2016\/"]}]},{"@type":"ImageObject","inLanguage":"en-US","@id":"https:\/\/www.rmcr.org\/en\/2016\/07\/29\/biblioteca-rmr-abecedario-taurino-julio-2016\/#primaryimage","url":"https:\/\/www.rmcr.org\/wp-content\/uploads\/2022\/10\/bed.jpg","contentUrl":"https:\/\/www.rmcr.org\/wp-content\/uploads\/2022\/10\/bed.jpg","width":482,"height":144},{"@type":"BreadcrumbList","@id":"https:\/\/www.rmcr.org\/en\/2016\/07\/29\/biblioteca-rmr-abecedario-taurino-julio-2016\/#breadcrumb","itemListElement":[{"@type":"ListItem","position":1,"name":"REAL MAESTRANZA DE CABALLER\u00cdA DE RONDA","item":"https:\/\/www.rmcr.org\/en\/"},{"@type":"ListItem","position":2,"name":"Biblioteca-RMR: N\u00ba 31. Abecedario taurino. Julio 2016."}]},{"@type":"WebSite","@id":"https:\/\/www.rmcr.org\/en\/#website","url":"https:\/\/www.rmcr.org\/en\/","name":"Real Maestranza de Caballer\u00eda de Ronda","description":"Real Maestranza de Caballer\u00eda de Ronda","publisher":{"@id":"https:\/\/www.rmcr.org\/en\/#organization"},"alternateName":"RMCR","potentialAction":[{"@type":"SearchAction","target":{"@type":"EntryPoint","urlTemplate":"https:\/\/www.rmcr.org\/en\/?s={search_term_string}"},"query-input":{"@type":"PropertyValueSpecification","valueRequired":true,"valueName":"search_term_string"}}],"inLanguage":"en-US"},{"@type":"Organization","@id":"https:\/\/www.rmcr.org\/en\/#organization","name":"Real Maestranza de Caballer\u00eda de Ronda","alternateName":"RMR","url":"https:\/\/www.rmcr.org\/en\/","logo":{"@type":"ImageObject","inLanguage":"en-US","@id":"https:\/\/www.rmcr.org\/en\/#\/schema\/logo\/image\/","url":"https:\/\/www.rmcr.org\/wp-content\/uploads\/2022\/07\/logo-rmr-blue.svg","contentUrl":"https:\/\/www.rmcr.org\/wp-content\/uploads\/2022\/07\/logo-rmr-blue.svg","width":131,"height":129,"caption":"Real Maestranza de Caballer\u00eda de Ronda"},"image":{"@id":"https:\/\/www.rmcr.org\/en\/#\/schema\/logo\/image\/"},"sameAs":["https:\/\/www.facebook.com\/plazadetorosronda","https:\/\/x.com\/PlazatorosRMR","https:\/\/www.instagram.com\/realmaestranzaderonda\/","https:\/\/www.youtube.com\/channel\/UCrbO5IUN-8v_QML739vM4zg\/videos"]},{"@type":"Person","@id":"https:\/\/www.rmcr.org\/en\/#\/schema\/person\/80849edee7ef556893505128619ea1d0","name":"BIBLIOTECA","image":{"@type":"ImageObject","inLanguage":"en-US","@id":"https:\/\/www.rmcr.org\/wp-content\/uploads\/2022\/11\/avatar-rmcr-96x96.png","url":"https:\/\/www.rmcr.org\/wp-content\/uploads\/2022\/11\/avatar-rmcr-96x96.png","contentUrl":"https:\/\/www.rmcr.org\/wp-content\/uploads\/2022\/11\/avatar-rmcr-96x96.png","caption":"BIBLIOTECA"},"url":"https:\/\/www.rmcr.org\/en\/author\/juan-antonio-moreno\/"}]}},"_links":{"self":[{"href":"https:\/\/www.rmcr.org\/en\/wp-json\/wp\/v2\/posts\/1124","targetHints":{"allow":["GET"]}}],"collection":[{"href":"https:\/\/www.rmcr.org\/en\/wp-json\/wp\/v2\/posts"}],"about":[{"href":"https:\/\/www.rmcr.org\/en\/wp-json\/wp\/v2\/types\/post"}],"author":[{"embeddable":true,"href":"https:\/\/www.rmcr.org\/en\/wp-json\/wp\/v2\/users\/2"}],"replies":[{"embeddable":true,"href":"https:\/\/www.rmcr.org\/en\/wp-json\/wp\/v2\/comments?post=1124"}],"version-history":[{"count":2,"href":"https:\/\/www.rmcr.org\/en\/wp-json\/wp\/v2\/posts\/1124\/revisions"}],"predecessor-version":[{"id":22221,"href":"https:\/\/www.rmcr.org\/en\/wp-json\/wp\/v2\/posts\/1124\/revisions\/22221"}],"wp:featuredmedia":[{"embeddable":true,"href":"https:\/\/www.rmcr.org\/en\/wp-json\/wp\/v2\/media\/11611"}],"wp:attachment":[{"href":"https:\/\/www.rmcr.org\/en\/wp-json\/wp\/v2\/media?parent=1124"}],"wp:term":[{"taxonomy":"category","embeddable":true,"href":"https:\/\/www.rmcr.org\/en\/wp-json\/wp\/v2\/categories?post=1124"},{"taxonomy":"post_tag","embeddable":true,"href":"https:\/\/www.rmcr.org\/en\/wp-json\/wp\/v2\/tags?post=1124"}],"curies":[{"name":"wp","href":"https:\/\/api.w.org\/{rel}","templated":true}]}}