{"id":109,"date":"2013-09-04T12:36:23","date_gmt":"2013-09-04T12:36:23","guid":{"rendered":"https:\/\/www.rmcr.org\/?p=109"},"modified":"2023-02-14T12:20:47","modified_gmt":"2023-02-14T12:20:47","slug":"lista-provisional-de-admitidos-pruebas-de-acceso-jinete-profesor-2013","status":"publish","type":"post","link":"https:\/\/www.rmcr.org\/en\/2013\/09\/04\/lista-provisional-de-admitidos-pruebas-de-acceso-jinete-profesor-2013\/","title":{"rendered":"Lista Provisional de Admitidos Pruebas de Acceso Jinete Profesor 2013"},"content":{"rendered":"<p align=\"center\"><a href=\"https:\/\/www.rmcr.org\/wp-content\/uploads\/2013\/09\/maestranza-041.jpg\"><img fetchpriority=\"high\" decoding=\"async\" class=\"alignnone size-large wp-image-110\" alt=\"maestranza 041\" src=\"https:\/\/www.rmcr.org\/wp-content\/uploads\/2013\/09\/maestranza-041.jpg?w=470\" width=\"470\" height=\"307\"><\/a><\/p>\n<p align=\"center\"><b>Pruebas de Acceso para el Curso 2013-2014<\/b><\/p>\n<table border=\"0\" cellspacing=\"0\" cellpadding=\"0\">\n<tbody>\n<tr>\n<td valign=\"top\" width=\"79\">LUGAR:<\/td>\n<td valign=\"top\" width=\"497\">Instalaciones de la Real Maestranza de Caballer\u00eda de Ronda, c\/ Virgen de la Paz, 15<\/td>\n<\/tr>\n<tr>\n<td valign=\"top\" width=\"79\">D\u00cdA:<\/td>\n<td valign=\"top\" width=\"497\">16 de septiembre de 2013<\/td>\n<\/tr>\n<tr>\n<td valign=\"top\" width=\"79\">HORA:<\/td>\n<td valign=\"top\" width=\"497\">9:00 h.<\/td>\n<\/tr>\n<tr>\n<td valign=\"top\" width=\"79\">Vestimenta:<\/td>\n<td valign=\"top\" width=\"497\">Pantal\u00f3n, botas, guantes, casco de montar a caballo, polo blanco<\/td>\n<\/tr>\n<\/tbody>\n<\/table>\n<p><b>Relaci\u00f3n provisional&nbsp; de Admitidos a las Pruebas de Acceso<\/b><\/p>\n<table width=\"415\" border=\"0\" cellspacing=\"0\" cellpadding=\"0\">\n<tbody>\n<tr>\n<td colspan=\"2\" valign=\"top\" width=\"283\"><b>NOMBRE Y APELLIDOS<\/b><\/td>\n<td valign=\"top\" width=\"132\"><b>DNI<\/b><\/td>\n<\/tr>\n<tr>\n<td valign=\"top\" width=\"31\">\n<p align=\"center\">1<\/p>\n<\/td>\n<td valign=\"top\" width=\"252\">Botero Piedrahita, Santiago<\/td>\n<td valign=\"top\" width=\"132\"><b>CC1037614386<\/b><\/td>\n<\/tr>\n<tr>\n<td valign=\"top\" width=\"31\">\n<p align=\"center\">2<\/p>\n<\/td>\n<td valign=\"top\" width=\"252\">Cabezas Dur\u00e1n, Julia<\/td>\n<td valign=\"top\" width=\"132\"><b>44788696Z<\/b><\/td>\n<\/tr>\n<tr>\n<td valign=\"top\" width=\"31\">\n<p align=\"center\">3<\/p>\n<\/td>\n<td valign=\"top\" width=\"252\">Carmona Delgado, Antonio J.<\/td>\n<td valign=\"top\" width=\"132\"><b>50623029Y<\/b><\/td>\n<\/tr>\n<tr>\n<td valign=\"top\" width=\"31\">\n<p align=\"center\">4<\/p>\n<\/td>\n<td valign=\"top\" width=\"252\">Castillo Arroyo, Gonzalo<\/td>\n<td valign=\"top\" width=\"132\"><b>05719654Z<\/b><\/td>\n<\/tr>\n<tr>\n<td valign=\"top\" width=\"31\">\n<p align=\"center\">5<\/p>\n<\/td>\n<td valign=\"top\" width=\"252\">Cateura Jord\u00e1n, Marina<\/td>\n<td valign=\"top\" width=\"132\"><b>41565350A<\/b><\/td>\n<\/tr>\n<tr>\n<td valign=\"top\" width=\"31\">\n<p align=\"center\">6<\/p>\n<\/td>\n<td valign=\"top\" width=\"252\">Fern\u00e1ndez Escobedo, Lourdes *<\/td>\n<td valign=\"top\" width=\"132\"><b>04861831E<\/b><\/td>\n<\/tr>\n<tr>\n<td valign=\"top\" width=\"31\">\n<p align=\"center\">7<\/p>\n<\/td>\n<td valign=\"top\" width=\"252\">Garc\u00eda Chorda, Sergio *<\/td>\n<td valign=\"top\" width=\"132\"><b>20498426K<\/b><\/td>\n<\/tr>\n<tr>\n<td valign=\"top\" width=\"31\">\n<p align=\"center\">8<\/p>\n<\/td>\n<td valign=\"top\" width=\"252\">Isern Naval, Gerard<\/td>\n<td valign=\"top\" width=\"132\"><b>53295898E<\/b><\/td>\n<\/tr>\n<tr>\n<td valign=\"top\" width=\"31\">\n<p align=\"center\">9<\/p>\n<\/td>\n<td valign=\"top\" width=\"252\">Jim\u00e9nez del Pino, Jos\u00e9 *<\/td>\n<td valign=\"top\" width=\"132\"><b>45946419D<\/b><\/td>\n<\/tr>\n<tr>\n<td valign=\"top\" width=\"31\">\n<p align=\"center\">10<\/p>\n<\/td>\n<td valign=\"top\" width=\"252\">Le\u00f3n Gallego, Tom\u00e1s *<\/td>\n<td valign=\"top\" width=\"132\"><b>71355852P<\/b><\/td>\n<\/tr>\n<tr>\n<td valign=\"top\" width=\"31\">\n<p align=\"center\">11<\/p>\n<\/td>\n<td valign=\"top\" width=\"252\">Medina Guti\u00e9rrez, David<\/td>\n<td valign=\"top\" width=\"132\"><b>05697409X<\/b><\/td>\n<\/tr>\n<tr>\n<td valign=\"top\" width=\"31\">\n<p align=\"center\">12<\/p>\n<\/td>\n<td valign=\"top\" width=\"252\">Moreno P\u00e9rez, Alejandra<\/td>\n<td valign=\"top\" width=\"132\"><b>70815100D<\/b><\/td>\n<\/tr>\n<tr>\n<td valign=\"top\" width=\"31\">\n<p align=\"center\">13<\/p>\n<\/td>\n<td valign=\"top\" width=\"252\">Polo Alonso, Luc\u00eda<\/td>\n<td valign=\"top\" width=\"132\"><b>72185891T<\/b><\/td>\n<\/tr>\n<tr>\n<td valign=\"top\" width=\"31\">\n<p align=\"center\">14<\/p>\n<\/td>\n<td valign=\"top\" width=\"252\">Rodr\u00edguez Subirats, Anna<\/td>\n<td valign=\"top\" width=\"132\"><b>49632450Z<\/b><\/td>\n<\/tr>\n<tr>\n<td valign=\"top\" width=\"31\">\n<p align=\"center\">15<\/p>\n<\/td>\n<td valign=\"top\" width=\"252\">Sevilla Guill\u00e9n, Adrian *<\/td>\n<td valign=\"top\" width=\"132\"><b>54138496S<\/b><\/td>\n<\/tr>\n<tr>\n<td valign=\"top\" width=\"31\">\n<p align=\"center\">16<\/p>\n<\/td>\n<td valign=\"top\" width=\"252\">Sierra Calatayud, Alejandra<\/td>\n<td valign=\"top\" width=\"132\"><b>53771925H<\/b><\/td>\n<\/tr>\n<\/tbody>\n<\/table>\n<p>Los jinetes o amazonas incluidos en la presente relaci\u00f3n con un *&nbsp; deber\u00e1n ponerse en contacto con la secretaria de la Escuela de Equitaci\u00f3n a trav\u00e9s del e-mail: <a href=\"mailto:escuela@realmaestranza.org\">escuela@realmaestranza.org<\/a> antes del d\u00eda 13 de septiembre.<\/p>\n","protected":false},"excerpt":{"rendered":"<p>Pruebas de Acceso para el Curso 2013-2014 LUGAR: Instalaciones de la Real Maestranza de Caballer\u00eda de Ronda, c\/ Virgen de la Paz, 15 D\u00cdA: 16 de septiembre de 2013 HORA: 9:00 h. Vestimenta: Pantal\u00f3n, botas, guantes, casco de montar a caballo, polo blanco Relaci\u00f3n provisional&nbsp; de Admitidos a las Pruebas de Acceso NOMBRE Y APELLIDOS [&hellip;]<\/p>\n","protected":false},"author":7,"featured_media":7532,"comment_status":"closed","ping_status":"open","sticky":false,"template":"","format":"standard","meta":{"footnotes":""},"categories":[46,42],"tags":[47],"class_list":["post-109","post","type-post","status-publish","format-standard","has-post-thumbnail","hentry","category-cursos-de-formacion","category-jinete-profesor","tag-pruebas-de-acceso"],"yoast_head":"<!-- This site is optimized with the Yoast SEO plugin v27.4 - https:\/\/yoast.com\/product\/yoast-seo-wordpress\/ -->\n<title>Lista Provisional de Admitidos Pruebas de Acceso Jinete Profesor 2013 - Real Maestranza de Caballer\u00eda de Ronda<\/title>\n<meta name=\"robots\" content=\"index, follow, max-snippet:-1, max-image-preview:large, max-video-preview:-1\" \/>\n<link rel=\"canonical\" href=\"https:\/\/www.rmcr.org\/en\/2013\/09\/04\/lista-provisional-de-admitidos-pruebas-de-acceso-jinete-profesor-2013\/\" \/>\n<meta property=\"og:locale\" content=\"en_US\" \/>\n<meta property=\"og:type\" content=\"article\" \/>\n<meta property=\"og:title\" content=\"Lista Provisional de Admitidos Pruebas de Acceso Jinete Profesor 2013 - Real Maestranza de Caballer\u00eda de Ronda\" \/>\n<meta property=\"og:description\" content=\"Pruebas de Acceso para el Curso 2013-2014 LUGAR: Instalaciones de la Real Maestranza de Caballer\u00eda de Ronda, c\/ Virgen de la Paz, 15 D\u00cdA: 16 de septiembre de 2013 HORA: 9:00 h. Vestimenta: Pantal\u00f3n, botas, guantes, casco de montar a caballo, polo blanco Relaci\u00f3n provisional&nbsp; de Admitidos a las Pruebas de Acceso NOMBRE Y APELLIDOS [&hellip;]\" \/>\n<meta property=\"og:url\" content=\"https:\/\/www.rmcr.org\/en\/2013\/09\/04\/lista-provisional-de-admitidos-pruebas-de-acceso-jinete-profesor-2013\/\" \/>\n<meta property=\"og:site_name\" content=\"Real Maestranza de Caballer\u00eda de Ronda\" \/>\n<meta property=\"article:publisher\" content=\"https:\/\/www.facebook.com\/plazadetorosronda\" \/>\n<meta property=\"article:published_time\" content=\"2013-09-04T12:36:23+00:00\" \/>\n<meta property=\"article:modified_time\" content=\"2023-02-14T12:20:47+00:00\" \/>\n<meta property=\"og:image\" content=\"https:\/\/www.rmcr.org\/wp-content\/uploads\/2013\/09\/maestranza-041.jpg\" \/>\n\t<meta property=\"og:image:width\" content=\"763\" \/>\n\t<meta property=\"og:image:height\" content=\"500\" \/>\n\t<meta property=\"og:image:type\" content=\"image\/jpeg\" \/>\n<meta name=\"author\" content=\"RMCR\" \/>\n<meta name=\"twitter:card\" content=\"summary_large_image\" \/>\n<meta name=\"twitter:creator\" content=\"@PlazatorosRMR\" \/>\n<meta name=\"twitter:site\" content=\"@PlazatorosRMR\" \/>\n<meta name=\"twitter:label1\" content=\"Written by\" \/>\n\t<meta name=\"twitter:data1\" content=\"RMCR\" \/>\n\t<meta name=\"twitter:label2\" content=\"Est. reading time\" \/>\n\t<meta name=\"twitter:data2\" content=\"1 minute\" \/>\n<script type=\"application\/ld+json\" class=\"yoast-schema-graph\">{\"@context\":\"https:\\\/\\\/schema.org\",\"@graph\":[{\"@type\":\"Article\",\"@id\":\"https:\\\/\\\/www.rmcr.org\\\/en\\\/2013\\\/09\\\/04\\\/lista-provisional-de-admitidos-pruebas-de-acceso-jinete-profesor-2013\\\/#article\",\"isPartOf\":{\"@id\":\"https:\\\/\\\/www.rmcr.org\\\/en\\\/2013\\\/09\\\/04\\\/lista-provisional-de-admitidos-pruebas-de-acceso-jinete-profesor-2013\\\/\"},\"author\":{\"name\":\"RMCR\",\"@id\":\"https:\\\/\\\/www.rmcr.org\\\/en\\\/#\\\/schema\\\/person\\\/7ddd0dafda7edd0e407157f93a56df4f\"},\"headline\":\"Lista Provisional de Admitidos Pruebas de Acceso Jinete Profesor 2013\",\"datePublished\":\"2013-09-04T12:36:23+00:00\",\"dateModified\":\"2023-02-14T12:20:47+00:00\",\"mainEntityOfPage\":{\"@id\":\"https:\\\/\\\/www.rmcr.org\\\/en\\\/2013\\\/09\\\/04\\\/lista-provisional-de-admitidos-pruebas-de-acceso-jinete-profesor-2013\\\/\"},\"wordCount\":185,\"publisher\":{\"@id\":\"https:\\\/\\\/www.rmcr.org\\\/en\\\/#organization\"},\"image\":{\"@id\":\"https:\\\/\\\/www.rmcr.org\\\/en\\\/2013\\\/09\\\/04\\\/lista-provisional-de-admitidos-pruebas-de-acceso-jinete-profesor-2013\\\/#primaryimage\"},\"thumbnailUrl\":\"https:\\\/\\\/www.rmcr.org\\\/wp-content\\\/uploads\\\/2013\\\/09\\\/maestranza-041.jpg\",\"keywords\":[\"Pruebas de Acceso\"],\"articleSection\":[\"Cursos de Formaci\u00f3n\",\"Jinete Profesor\"],\"inLanguage\":\"en-US\"},{\"@type\":\"WebPage\",\"@id\":\"https:\\\/\\\/www.rmcr.org\\\/en\\\/2013\\\/09\\\/04\\\/lista-provisional-de-admitidos-pruebas-de-acceso-jinete-profesor-2013\\\/\",\"url\":\"https:\\\/\\\/www.rmcr.org\\\/en\\\/2013\\\/09\\\/04\\\/lista-provisional-de-admitidos-pruebas-de-acceso-jinete-profesor-2013\\\/\",\"name\":\"Lista Provisional de Admitidos Pruebas de Acceso Jinete Profesor 2013 - Real Maestranza de Caballer\u00eda de Ronda\",\"isPartOf\":{\"@id\":\"https:\\\/\\\/www.rmcr.org\\\/en\\\/#website\"},\"primaryImageOfPage\":{\"@id\":\"https:\\\/\\\/www.rmcr.org\\\/en\\\/2013\\\/09\\\/04\\\/lista-provisional-de-admitidos-pruebas-de-acceso-jinete-profesor-2013\\\/#primaryimage\"},\"image\":{\"@id\":\"https:\\\/\\\/www.rmcr.org\\\/en\\\/2013\\\/09\\\/04\\\/lista-provisional-de-admitidos-pruebas-de-acceso-jinete-profesor-2013\\\/#primaryimage\"},\"thumbnailUrl\":\"https:\\\/\\\/www.rmcr.org\\\/wp-content\\\/uploads\\\/2013\\\/09\\\/maestranza-041.jpg\",\"datePublished\":\"2013-09-04T12:36:23+00:00\",\"dateModified\":\"2023-02-14T12:20:47+00:00\",\"breadcrumb\":{\"@id\":\"https:\\\/\\\/www.rmcr.org\\\/en\\\/2013\\\/09\\\/04\\\/lista-provisional-de-admitidos-pruebas-de-acceso-jinete-profesor-2013\\\/#breadcrumb\"},\"inLanguage\":\"en-US\",\"potentialAction\":[{\"@type\":\"ReadAction\",\"target\":[\"https:\\\/\\\/www.rmcr.org\\\/en\\\/2013\\\/09\\\/04\\\/lista-provisional-de-admitidos-pruebas-de-acceso-jinete-profesor-2013\\\/\"]}]},{\"@type\":\"ImageObject\",\"inLanguage\":\"en-US\",\"@id\":\"https:\\\/\\\/www.rmcr.org\\\/en\\\/2013\\\/09\\\/04\\\/lista-provisional-de-admitidos-pruebas-de-acceso-jinete-profesor-2013\\\/#primaryimage\",\"url\":\"https:\\\/\\\/www.rmcr.org\\\/wp-content\\\/uploads\\\/2013\\\/09\\\/maestranza-041.jpg\",\"contentUrl\":\"https:\\\/\\\/www.rmcr.org\\\/wp-content\\\/uploads\\\/2013\\\/09\\\/maestranza-041.jpg\",\"width\":763,\"height\":500},{\"@type\":\"BreadcrumbList\",\"@id\":\"https:\\\/\\\/www.rmcr.org\\\/en\\\/2013\\\/09\\\/04\\\/lista-provisional-de-admitidos-pruebas-de-acceso-jinete-profesor-2013\\\/#breadcrumb\",\"itemListElement\":[{\"@type\":\"ListItem\",\"position\":1,\"name\":\"REAL MAESTRANZA DE CABALLER\u00cdA DE RONDA\",\"item\":\"https:\\\/\\\/www.rmcr.org\\\/en\\\/\"},{\"@type\":\"ListItem\",\"position\":2,\"name\":\"Lista Provisional de Admitidos Pruebas de Acceso Jinete Profesor 2013\"}]},{\"@type\":\"WebSite\",\"@id\":\"https:\\\/\\\/www.rmcr.org\\\/en\\\/#website\",\"url\":\"https:\\\/\\\/www.rmcr.org\\\/en\\\/\",\"name\":\"Real Maestranza de Caballer\u00eda de Ronda\",\"description\":\"Real Maestranza de Caballer\u00eda de Ronda\",\"publisher\":{\"@id\":\"https:\\\/\\\/www.rmcr.org\\\/en\\\/#organization\"},\"alternateName\":\"RMCR\",\"potentialAction\":[{\"@type\":\"SearchAction\",\"target\":{\"@type\":\"EntryPoint\",\"urlTemplate\":\"https:\\\/\\\/www.rmcr.org\\\/en\\\/?s={search_term_string}\"},\"query-input\":{\"@type\":\"PropertyValueSpecification\",\"valueRequired\":true,\"valueName\":\"search_term_string\"}}],\"inLanguage\":\"en-US\"},{\"@type\":\"Organization\",\"@id\":\"https:\\\/\\\/www.rmcr.org\\\/en\\\/#organization\",\"name\":\"Real Maestranza de Caballer\u00eda de Ronda\",\"alternateName\":\"RMR\",\"url\":\"https:\\\/\\\/www.rmcr.org\\\/en\\\/\",\"logo\":{\"@type\":\"ImageObject\",\"inLanguage\":\"en-US\",\"@id\":\"https:\\\/\\\/www.rmcr.org\\\/en\\\/#\\\/schema\\\/logo\\\/image\\\/\",\"url\":\"https:\\\/\\\/www.rmcr.org\\\/wp-content\\\/uploads\\\/2022\\\/07\\\/logo-rmr-blue.svg\",\"contentUrl\":\"https:\\\/\\\/www.rmcr.org\\\/wp-content\\\/uploads\\\/2022\\\/07\\\/logo-rmr-blue.svg\",\"width\":131,\"height\":129,\"caption\":\"Real Maestranza de Caballer\u00eda de Ronda\"},\"image\":{\"@id\":\"https:\\\/\\\/www.rmcr.org\\\/en\\\/#\\\/schema\\\/logo\\\/image\\\/\"},\"sameAs\":[\"https:\\\/\\\/www.facebook.com\\\/plazadetorosronda\",\"https:\\\/\\\/x.com\\\/PlazatorosRMR\",\"https:\\\/\\\/www.instagram.com\\\/realmaestranzaderonda\\\/\",\"https:\\\/\\\/www.youtube.com\\\/channel\\\/UCrbO5IUN-8v_QML739vM4zg\\\/videos\"]},{\"@type\":\"Person\",\"@id\":\"https:\\\/\\\/www.rmcr.org\\\/en\\\/#\\\/schema\\\/person\\\/7ddd0dafda7edd0e407157f93a56df4f\",\"name\":\"RMCR\",\"image\":{\"@type\":\"ImageObject\",\"inLanguage\":\"en-US\",\"@id\":\"https:\\\/\\\/secure.gravatar.com\\\/avatar\\\/adb75798b50800c24baa6a8706037b9469998c49eddeb95935f50f633cff80bb?s=96&d=mm&r=g\",\"url\":\"https:\\\/\\\/secure.gravatar.com\\\/avatar\\\/adb75798b50800c24baa6a8706037b9469998c49eddeb95935f50f633cff80bb?s=96&d=mm&r=g\",\"contentUrl\":\"https:\\\/\\\/secure.gravatar.com\\\/avatar\\\/adb75798b50800c24baa6a8706037b9469998c49eddeb95935f50f633cff80bb?s=96&d=mm&r=g\",\"caption\":\"RMCR\"},\"url\":\"https:\\\/\\\/www.rmcr.org\\\/en\\\/author\\\/bitniks77\\\/\"}]}<\/script>\n<!-- \/ Yoast SEO plugin. -->","yoast_head_json":{"title":"Lista Provisional de Admitidos Pruebas de Acceso Jinete Profesor 2013 - Real Maestranza de Caballer\u00eda de Ronda","robots":{"index":"index","follow":"follow","max-snippet":"max-snippet:-1","max-image-preview":"max-image-preview:large","max-video-preview":"max-video-preview:-1"},"canonical":"https:\/\/www.rmcr.org\/en\/2013\/09\/04\/lista-provisional-de-admitidos-pruebas-de-acceso-jinete-profesor-2013\/","og_locale":"en_US","og_type":"article","og_title":"Lista Provisional de Admitidos Pruebas de Acceso Jinete Profesor 2013 - Real Maestranza de Caballer\u00eda de Ronda","og_description":"Pruebas de Acceso para el Curso 2013-2014 LUGAR: Instalaciones de la Real Maestranza de Caballer\u00eda de Ronda, c\/ Virgen de la Paz, 15 D\u00cdA: 16 de septiembre de 2013 HORA: 9:00 h. Vestimenta: Pantal\u00f3n, botas, guantes, casco de montar a caballo, polo blanco Relaci\u00f3n provisional&nbsp; de Admitidos a las Pruebas de Acceso NOMBRE Y APELLIDOS [&hellip;]","og_url":"https:\/\/www.rmcr.org\/en\/2013\/09\/04\/lista-provisional-de-admitidos-pruebas-de-acceso-jinete-profesor-2013\/","og_site_name":"Real Maestranza de Caballer\u00eda de Ronda","article_publisher":"https:\/\/www.facebook.com\/plazadetorosronda","article_published_time":"2013-09-04T12:36:23+00:00","article_modified_time":"2023-02-14T12:20:47+00:00","og_image":[{"width":763,"height":500,"url":"https:\/\/www.rmcr.org\/wp-content\/uploads\/2013\/09\/maestranza-041.jpg","type":"image\/jpeg"}],"author":"RMCR","twitter_card":"summary_large_image","twitter_creator":"@PlazatorosRMR","twitter_site":"@PlazatorosRMR","twitter_misc":{"Written by":"RMCR","Est. reading time":"1 minute"},"schema":{"@context":"https:\/\/schema.org","@graph":[{"@type":"Article","@id":"https:\/\/www.rmcr.org\/en\/2013\/09\/04\/lista-provisional-de-admitidos-pruebas-de-acceso-jinete-profesor-2013\/#article","isPartOf":{"@id":"https:\/\/www.rmcr.org\/en\/2013\/09\/04\/lista-provisional-de-admitidos-pruebas-de-acceso-jinete-profesor-2013\/"},"author":{"name":"RMCR","@id":"https:\/\/www.rmcr.org\/en\/#\/schema\/person\/7ddd0dafda7edd0e407157f93a56df4f"},"headline":"Lista Provisional de Admitidos Pruebas de Acceso Jinete Profesor 2013","datePublished":"2013-09-04T12:36:23+00:00","dateModified":"2023-02-14T12:20:47+00:00","mainEntityOfPage":{"@id":"https:\/\/www.rmcr.org\/en\/2013\/09\/04\/lista-provisional-de-admitidos-pruebas-de-acceso-jinete-profesor-2013\/"},"wordCount":185,"publisher":{"@id":"https:\/\/www.rmcr.org\/en\/#organization"},"image":{"@id":"https:\/\/www.rmcr.org\/en\/2013\/09\/04\/lista-provisional-de-admitidos-pruebas-de-acceso-jinete-profesor-2013\/#primaryimage"},"thumbnailUrl":"https:\/\/www.rmcr.org\/wp-content\/uploads\/2013\/09\/maestranza-041.jpg","keywords":["Pruebas de Acceso"],"articleSection":["Cursos de Formaci\u00f3n","Jinete Profesor"],"inLanguage":"en-US"},{"@type":"WebPage","@id":"https:\/\/www.rmcr.org\/en\/2013\/09\/04\/lista-provisional-de-admitidos-pruebas-de-acceso-jinete-profesor-2013\/","url":"https:\/\/www.rmcr.org\/en\/2013\/09\/04\/lista-provisional-de-admitidos-pruebas-de-acceso-jinete-profesor-2013\/","name":"Lista Provisional de Admitidos Pruebas de Acceso Jinete Profesor 2013 - Real Maestranza de Caballer\u00eda de Ronda","isPartOf":{"@id":"https:\/\/www.rmcr.org\/en\/#website"},"primaryImageOfPage":{"@id":"https:\/\/www.rmcr.org\/en\/2013\/09\/04\/lista-provisional-de-admitidos-pruebas-de-acceso-jinete-profesor-2013\/#primaryimage"},"image":{"@id":"https:\/\/www.rmcr.org\/en\/2013\/09\/04\/lista-provisional-de-admitidos-pruebas-de-acceso-jinete-profesor-2013\/#primaryimage"},"thumbnailUrl":"https:\/\/www.rmcr.org\/wp-content\/uploads\/2013\/09\/maestranza-041.jpg","datePublished":"2013-09-04T12:36:23+00:00","dateModified":"2023-02-14T12:20:47+00:00","breadcrumb":{"@id":"https:\/\/www.rmcr.org\/en\/2013\/09\/04\/lista-provisional-de-admitidos-pruebas-de-acceso-jinete-profesor-2013\/#breadcrumb"},"inLanguage":"en-US","potentialAction":[{"@type":"ReadAction","target":["https:\/\/www.rmcr.org\/en\/2013\/09\/04\/lista-provisional-de-admitidos-pruebas-de-acceso-jinete-profesor-2013\/"]}]},{"@type":"ImageObject","inLanguage":"en-US","@id":"https:\/\/www.rmcr.org\/en\/2013\/09\/04\/lista-provisional-de-admitidos-pruebas-de-acceso-jinete-profesor-2013\/#primaryimage","url":"https:\/\/www.rmcr.org\/wp-content\/uploads\/2013\/09\/maestranza-041.jpg","contentUrl":"https:\/\/www.rmcr.org\/wp-content\/uploads\/2013\/09\/maestranza-041.jpg","width":763,"height":500},{"@type":"BreadcrumbList","@id":"https:\/\/www.rmcr.org\/en\/2013\/09\/04\/lista-provisional-de-admitidos-pruebas-de-acceso-jinete-profesor-2013\/#breadcrumb","itemListElement":[{"@type":"ListItem","position":1,"name":"REAL MAESTRANZA DE CABALLER\u00cdA DE RONDA","item":"https:\/\/www.rmcr.org\/en\/"},{"@type":"ListItem","position":2,"name":"Lista Provisional de Admitidos Pruebas de Acceso Jinete Profesor 2013"}]},{"@type":"WebSite","@id":"https:\/\/www.rmcr.org\/en\/#website","url":"https:\/\/www.rmcr.org\/en\/","name":"Real Maestranza de Caballer\u00eda de Ronda","description":"Real Maestranza de Caballer\u00eda de Ronda","publisher":{"@id":"https:\/\/www.rmcr.org\/en\/#organization"},"alternateName":"RMCR","potentialAction":[{"@type":"SearchAction","target":{"@type":"EntryPoint","urlTemplate":"https:\/\/www.rmcr.org\/en\/?s={search_term_string}"},"query-input":{"@type":"PropertyValueSpecification","valueRequired":true,"valueName":"search_term_string"}}],"inLanguage":"en-US"},{"@type":"Organization","@id":"https:\/\/www.rmcr.org\/en\/#organization","name":"Real Maestranza de Caballer\u00eda de Ronda","alternateName":"RMR","url":"https:\/\/www.rmcr.org\/en\/","logo":{"@type":"ImageObject","inLanguage":"en-US","@id":"https:\/\/www.rmcr.org\/en\/#\/schema\/logo\/image\/","url":"https:\/\/www.rmcr.org\/wp-content\/uploads\/2022\/07\/logo-rmr-blue.svg","contentUrl":"https:\/\/www.rmcr.org\/wp-content\/uploads\/2022\/07\/logo-rmr-blue.svg","width":131,"height":129,"caption":"Real Maestranza de Caballer\u00eda de Ronda"},"image":{"@id":"https:\/\/www.rmcr.org\/en\/#\/schema\/logo\/image\/"},"sameAs":["https:\/\/www.facebook.com\/plazadetorosronda","https:\/\/x.com\/PlazatorosRMR","https:\/\/www.instagram.com\/realmaestranzaderonda\/","https:\/\/www.youtube.com\/channel\/UCrbO5IUN-8v_QML739vM4zg\/videos"]},{"@type":"Person","@id":"https:\/\/www.rmcr.org\/en\/#\/schema\/person\/7ddd0dafda7edd0e407157f93a56df4f","name":"RMCR","image":{"@type":"ImageObject","inLanguage":"en-US","@id":"https:\/\/secure.gravatar.com\/avatar\/adb75798b50800c24baa6a8706037b9469998c49eddeb95935f50f633cff80bb?s=96&d=mm&r=g","url":"https:\/\/secure.gravatar.com\/avatar\/adb75798b50800c24baa6a8706037b9469998c49eddeb95935f50f633cff80bb?s=96&d=mm&r=g","contentUrl":"https:\/\/secure.gravatar.com\/avatar\/adb75798b50800c24baa6a8706037b9469998c49eddeb95935f50f633cff80bb?s=96&d=mm&r=g","caption":"RMCR"},"url":"https:\/\/www.rmcr.org\/en\/author\/bitniks77\/"}]}},"_links":{"self":[{"href":"https:\/\/www.rmcr.org\/en\/wp-json\/wp\/v2\/posts\/109","targetHints":{"allow":["GET"]}}],"collection":[{"href":"https:\/\/www.rmcr.org\/en\/wp-json\/wp\/v2\/posts"}],"about":[{"href":"https:\/\/www.rmcr.org\/en\/wp-json\/wp\/v2\/types\/post"}],"author":[{"embeddable":true,"href":"https:\/\/www.rmcr.org\/en\/wp-json\/wp\/v2\/users\/7"}],"replies":[{"embeddable":true,"href":"https:\/\/www.rmcr.org\/en\/wp-json\/wp\/v2\/comments?post=109"}],"version-history":[{"count":1,"href":"https:\/\/www.rmcr.org\/en\/wp-json\/wp\/v2\/posts\/109\/revisions"}],"predecessor-version":[{"id":15462,"href":"https:\/\/www.rmcr.org\/en\/wp-json\/wp\/v2\/posts\/109\/revisions\/15462"}],"wp:featuredmedia":[{"embeddable":true,"href":"https:\/\/www.rmcr.org\/en\/wp-json\/wp\/v2\/media\/7532"}],"wp:attachment":[{"href":"https:\/\/www.rmcr.org\/en\/wp-json\/wp\/v2\/media?parent=109"}],"wp:term":[{"taxonomy":"category","embeddable":true,"href":"https:\/\/www.rmcr.org\/en\/wp-json\/wp\/v2\/categories?post=109"},{"taxonomy":"post_tag","embeddable":true,"href":"https:\/\/www.rmcr.org\/en\/wp-json\/wp\/v2\/tags?post=109"}],"curies":[{"name":"wp","href":"https:\/\/api.w.org\/{rel}","templated":true}]}}